{"id":45240,"date":"2011-03-28T21:21:51","date_gmt":"2011-03-28T20:21:51","guid":{"rendered":"http:\/\/www.visit-ulcinj.com\/blog\/?p=45240"},"modified":"2011-05-07T09:05:55","modified_gmt":"2011-05-07T08:05:55","slug":"perjashtimi-i-diaspores-shqiptare-nga-regjistrimi-i-popullsise-ne-mal-te-zi-akt-i-papranueshem","status":"publish","type":"post","link":"https:\/\/www.visit-ulcinj.com\/blog\/2011\/03\/28\/perjashtimi-i-diaspores-shqiptare-nga-regjistrimi-i-popullsise-ne-mal-te-zi-akt-i-papranueshem\/","title":{"rendered":"P\u00ebrjashtimi i diaspor\u00ebs shqiptare nga regjistrimi i popullsis\u00eb n\u00eb Mal t\u00eb Zi, akt i papranuesh\u00ebm"},"content":{"rendered":"<p><a href=\"http:\/\/www.visit-ulcinj.com\/blog\/wp-content\/uploads\/2011\/02\/Xheladin-Zeneli_.jpg\"><img loading=\"lazy\" class=\"alignleft\" title=\"Xheladin Zeneli\" src=\"http:\/\/www.visit-ulcinj.com\/blog\/wp-content\/uploads\/2011\/02\/Xheladin-Zeneli_.jpg\" alt=\"\" width=\"300\" height=\"400\" \/><\/a>Vendimi i fundit i Entit t\u00eb Statistik\u00ebs n\u00eb Mal t\u00eb Zi,lidhur me regjistrimin e popullsis\u00eb, i cili do t\u00eb mbahet me 1 deri me 15 prill t\u00eb k\u00ebtij viti, thot\u00eb q\u00eb \u201ct\u00eb gjith\u00eb ata q\u00eb jetojn\u00eb me gjat\u00eb se nj\u00eb vit jasht\u00eb Malit t\u00eb Zi,nuk do t\u2019ju sh\u00ebnohet komb\u00ebsia,feja dhe gjuha amtare\u2026\u201d. Pra,me k\u00ebte vendim, pjes\u00ebtar\u00ebve t\u00eb diaspor\u00ebs,n\u00eb rend t\u00eb par\u00eb\u00a0 iu mohohet e drejta e deklarimit t\u00eb p\u00ebrkat\u00ebsis\u00eb s\u00eb tyre komb\u00ebtare dhe gjuh\u00ebsore.<\/p>\n<p>Q\u00ebllimi kryesor i regjistrimit t\u00eb popullsis\u00eb, sidomos p\u00ebr ne shqiptar\u00ebt, \u00ebsht\u00eb q\u00eb t\u00eb dihet numri i v\u00ebrtet\u00eb i jon\u00eb,pa marrur parasysh se a jetojm\u00eb n\u00eb vend apo n\u00eb bot\u00ebn e jashtme.At\u00ebher\u00eb nuk ka kurrfar\u00eb efekti q\u00eb diaspora\u00a0 t\u00eb regjistrohet,n\u00ebse asaj nuk do t\u2019i\u00a0 njihet p\u00ebrkat\u00ebsia e tyre komb\u00ebtare?! N\u00ebse diaspora regjistrohet n\u00eb regjistrimet e k\u00ebtij viti, n\u00eb rrezultatet p\u00ebrfundimtare,do t\u00eb figurojn\u00eb si qytetar\u00eb t\u00eb Malit t\u00eb Zi q\u00eb jetojn\u00eb n\u00eb bot\u00ebn e jashtme dhe jo si shqiptar\u00eb.T\u00eb regjistrohemi si qytetar\u00eb t\u00eb Malit t\u00eb Zi (pra p\u00ebr interesat e Mal t\u00eb Z), \u00ebsht\u00eb absurditet q\u00eb nuk \u00ebsht\u00eb n\u00eb interes dhe n\u00eb favor t\u00eb shqiptar\u00ebve.Ne n&#8217;a intereson sa shqiptar\u00eb ka n\u00eb bot\u00ebn e jashtme dhe jo sa qytetar\u00eb t\u00eb Mal t\u00eb Zi !<\/p>\n<p>Vendimi n\u00eb fjal\u00eb d\u00ebmton\u00a0 me shum\u00eb shqiptaret se sa asnj\u00eb popull tjeter q\u00eb jeton ne Mal te Zi,sepse diaspora shqiptare numerikisht eshte diaspora me e madhe ne krahasim me diasporat e popujve t\u00eb tjer\u00eb q\u00eb jetojn\u00eb n\u00eb ket\u00eb shtet multinacional.Sipas regjistrimiit t\u00eb fundit t\u00eb vitit 2003, n\u00eb bot\u00ebn e jashtme nga Mali i Zi jan\u00eb gjithsejt 52.511 qytetar\u00eb, prej t\u00eb cil\u00ebve 31.45% (1\/3) jan\u00eb t\u00eb komb\u00ebsis\u00eb shqiptare.<br \/>\nPra, duke marrur parasysh faktin q\u00eb nj\u00eb num\u00ebr shum\u00eb i konsideruesh\u00ebm i shqiptar\u00ebve n\u00eb Mal t\u00eb Zi,sot jetojn\u00eb n\u00eb diaspor\u00eb, at\u00ebher\u00eb edhe rezulltatet e k\u00ebtij regjistrimi,pa diaspor\u00ebn shqiptare, do t\u00eb jen\u00eb gjysmake, jo t\u00eb plota dhe si t\u00eb tilla do t\u00eb duhej t\u00eb ishin t\u00eb papranueshme, nga shqiptar\u00ebt.<br \/>\nM\u00eb habit fakti q\u00eb asnj\u00eb nga partit\u00eb e nacionale shqiptare, deri m\u00eb sot nuk reaguan lidhur me vendimin e fundit t\u00eb Entit Statistikor n\u00eb Mal t\u00eb Zi, p\u00ebr moslejimin e deklarimit t\u00eb diaspor\u00ebs shqiptare n\u00eb baza t\u00eb p\u00ebrkat\u00ebsis\u00eb s\u00eb tyre komb\u00ebtare!? I vetmi subjekt politik q\u00eb reagoj, megjith\u00ebse me vones\u00eb,ishte K\u00ebshilli Nacional i Shqiptar\u00ebve n\u00eb Mal t\u00eb Zi.<br \/>\nSipas mendimit tim, shqiptar\u00ebt n\u00eb Mal t\u00eb Zi, do t\u00eb duhej t&#8217;a kusht\u00ebzonin regjistrimin e pjes\u00ebtar\u00ebve t\u00eb popullsis\u00eb s\u00eb vet, n\u00eb vend, me regjistrimin e plot\u00eb t\u00eb diaspor\u00ebs shqiptare,duke p\u00ebrfshir\u00eb edhe p\u00ebrkat\u00ebsin\u00eb e tyre komb\u00ebtare.<\/p>\n<p>Qeveria e Malit te Zi e shfryt\u00ebzon dhe e p\u00ebrdor\u00eb diaspor\u00ebn shqiptare sipas nevojave dhe interesave te veta politike. Me rastin e referendumit p\u00ebr Pavar\u00ebsin\u00eb e Malit te Zi, qeveria e ketij shteti i b\u00ebri thirrje daspor\u00ebs shqiptare, p\u00ebr t\u00eb shkuar ne vendlindje dhe p\u00ebr t\u00eb votuar p\u00ebr pavar\u00ebsin\u00eb e k\u00ebtij shteti, me \u00e7\u2019rast atyre q\u00eb udhetuan, iu ofruan edhe mbulimi i shpenzimeve te udh\u00ebtimit. Kurse sot,po e njejta qeveri ,po t\u00eb s\u00eb nj\u00ebjt\u00ebs diaspor\u00eb q\u00eb i ndihmoj asaj (pra Malit t\u00eb Zi) q\u00eb t\u00eb fitojn\u00eb pavar\u00ebsin\u00eb, po i mohon p\u00ebrkat\u00ebsin\u00eb e tyre\u00a0 komb\u00ebtare dhe gjuh\u00ebsore. Ky eshte nje padrerjtesi e papar\u00eb, dhe shqiptar\u00ebt do t\u00eb duhej t\u2019a protestonin ashp\u00ebr nj\u00eb vendim t\u00eb till\u00eb.<\/p>\n<p>Vendim diskriminues i lart\u00ebp\u00ebrmendur i qeveris\u00eb s\u00eb Malit t\u00eb Zi i cili p\u00ebrjashton regjistrimin e diaspor\u00ebs n\u00eb baza komb\u00ebtare, duhet t\u00eb motivoj\u00eb edhe m\u00eb tep\u00ebr diaspor\u00ebn shqiptare nga trevat e veta entike n\u00eb Mal t\u00eb Zi q\u00eb t\u00eb vet\u00eb- organizoj\u00eb dhe realizoj\u00eb regjistrimin e pjes\u00ebtar\u00ebve t\u00eb vet.<\/p>\n<p>Gjithashtu ,duhet p\u00ebrkrahur iniciativa e K\u00ebshillit Nacional t\u00eb Shqiptar\u00ebve n\u00eb Mal i cili b\u00ebri t\u00eb ditur opinionin koh\u00ebt e fundit\u00a0 se K\u00ebshilli Nacional i Shqiptar\u00ebve do t\u00eb angazhohet p\u00ebr realizimin e nj\u00eb projekti t\u00eb regjistrimit t\u00eb popullat\u00ebs shqiptare n\u00eb MZ, e sidomos regjistrimin e Diaspor\u00ebs shqiptare.<\/p>\n<p>&nbsp;<\/p>\n<p><strong>Xheladin Zeneli<\/strong><\/p>\n<p><strong>28 mars 2011<\/strong><\/p>\n<p><strong>New York<\/strong><\/p>\n","protected":false},"excerpt":{"rendered":"<p>Vendimi i fundit i Entit t\u00eb Statistik\u00ebs n\u00eb Mal t\u00eb Zi,lidhur me regjistrimin e popullsis\u00eb, i cili do t\u00eb mbahet me 1 deri me 15 prill t\u00eb k\u00ebtij viti, thot\u00eb q\u00eb \u201ct\u00eb gjith\u00eb ata q\u00eb jetojn\u00eb me gjat\u00eb se nj\u00eb vit jasht\u00eb Malit t\u00eb Zi,nuk do t\u2019ju sh\u00ebnohet komb\u00ebsia,feja dhe gjuha amtare\u2026\u201d. Pra,me k\u00ebte vendim, [&hellip;]<\/p>\n","protected":false},"author":1,"featured_media":0,"comment_status":"open","ping_status":"closed","sticky":false,"template":"","format":"standard","meta":{"spay_email":"","jetpack_publicize_message":"","jetpack_is_tweetstorm":false,"jetpack_publicize_feature_enabled":true},"categories":[14249],"tags":[95,16882],"jetpack_publicize_connections":[],"yoast_head":"<!-- This site is optimized with the Yoast SEO plugin v19.1 - https:\/\/yoast.com\/wordpress\/plugins\/seo\/ -->\n<title>P\u00ebrjashtimi i diaspor\u00ebs shqiptare nga regjistrimi i popullsis\u00eb n\u00eb Mal t\u00eb Zi, akt i papranuesh\u00ebm - Lajme nga Ulqini<\/title>\n<meta name=\"description\" content=\"Vendimi i fundit i Entit t\u00eb Statistik\u00ebs n\u00eb Mal t\u00eb Zi,lidhur me regjistrimin e popullsis\u00eb, i cili do t\u00eb mbahet me 1 deri me 15 prill t\u00eb k\u00ebtij viti, thot\u00eb\" \/>\n<meta name=\"robots\" content=\"index, follow, max-snippet:-1, max-image-preview:large, max-video-preview:-1\" \/>\n<link rel=\"canonical\" href=\"https:\/\/www.visit-ulcinj.com\/blog\/2011\/03\/28\/perjashtimi-i-diaspores-shqiptare-nga-regjistrimi-i-popullsise-ne-mal-te-zi-akt-i-papranueshem\/\" \/>\n<meta property=\"og:locale\" content=\"en_US\" \/>\n<meta property=\"og:type\" content=\"article\" \/>\n<meta property=\"og:title\" content=\"P\u00ebrjashtimi i diaspor\u00ebs shqiptare nga regjistrimi i popullsis\u00eb n\u00eb Mal t\u00eb Zi, akt i papranuesh\u00ebm - Lajme nga Ulqini\" \/>\n<meta property=\"og:description\" content=\"Vendimi i fundit i Entit t\u00eb Statistik\u00ebs n\u00eb Mal t\u00eb Zi,lidhur me regjistrimin e popullsis\u00eb, i cili do t\u00eb mbahet me 1 deri me 15 prill t\u00eb k\u00ebtij viti, thot\u00eb\" \/>\n<meta property=\"og:url\" content=\"https:\/\/www.visit-ulcinj.com\/blog\/2011\/03\/28\/perjashtimi-i-diaspores-shqiptare-nga-regjistrimi-i-popullsise-ne-mal-te-zi-akt-i-papranueshem\/\" \/>\n<meta property=\"og:site_name\" content=\"Lajme nga Ulqini\" \/>\n<meta property=\"article:published_time\" content=\"2011-03-28T20:21:51+00:00\" \/>\n<meta property=\"article:modified_time\" content=\"2011-05-07T08:05:55+00:00\" \/>\n<meta property=\"og:image\" content=\"http:\/\/www.visit-ulcinj.com\/blog\/wp-content\/uploads\/2011\/02\/Xheladin-Zeneli_.jpg\" \/>\n<meta name=\"twitter:label1\" content=\"Written by\" \/>\n\t<meta name=\"twitter:data1\" content=\"ulqini\" \/>\n\t<meta name=\"twitter:label2\" content=\"Est. reading time\" \/>\n\t<meta name=\"twitter:data2\" content=\"4 minutes\" \/>\n<script type=\"application\/ld+json\" class=\"yoast-schema-graph\">{\"@context\":\"https:\/\/schema.org\",\"@graph\":[{\"@type\":\"WebSite\",\"@id\":\"https:\/\/www.visit-ulcinj.com\/blog\/#website\",\"url\":\"https:\/\/www.visit-ulcinj.com\/blog\/\",\"name\":\"Lajme nga Ulqini\",\"description\":\"Lajme,Vijesti,Ulqini,Ulqin,Crna Gora,Mali i Zi\",\"potentialAction\":[{\"@type\":\"SearchAction\",\"target\":{\"@type\":\"EntryPoint\",\"urlTemplate\":\"https:\/\/www.visit-ulcinj.com\/blog\/?s={search_term_string}\"},\"query-input\":\"required name=search_term_string\"}],\"inLanguage\":\"en-US\"},{\"@type\":\"ImageObject\",\"inLanguage\":\"en-US\",\"@id\":\"https:\/\/www.visit-ulcinj.com\/blog\/2011\/03\/28\/perjashtimi-i-diaspores-shqiptare-nga-regjistrimi-i-popullsise-ne-mal-te-zi-akt-i-papranueshem\/#primaryimage\",\"url\":\"https:\/\/www.visit-ulcinj.com\/blog\/wp-content\/uploads\/2011\/02\/Xheladin-Zeneli_.jpg\",\"contentUrl\":\"https:\/\/www.visit-ulcinj.com\/blog\/wp-content\/uploads\/2011\/02\/Xheladin-Zeneli_.jpg\",\"width\":\"780\",\"height\":\"1040\"},{\"@type\":\"WebPage\",\"@id\":\"https:\/\/www.visit-ulcinj.com\/blog\/2011\/03\/28\/perjashtimi-i-diaspores-shqiptare-nga-regjistrimi-i-popullsise-ne-mal-te-zi-akt-i-papranueshem\/#webpage\",\"url\":\"https:\/\/www.visit-ulcinj.com\/blog\/2011\/03\/28\/perjashtimi-i-diaspores-shqiptare-nga-regjistrimi-i-popullsise-ne-mal-te-zi-akt-i-papranueshem\/\",\"name\":\"P\u00ebrjashtimi i diaspor\u00ebs shqiptare nga regjistrimi i popullsis\u00eb n\u00eb Mal t\u00eb Zi, akt i papranuesh\u00ebm - Lajme nga Ulqini\",\"isPartOf\":{\"@id\":\"https:\/\/www.visit-ulcinj.com\/blog\/#website\"},\"primaryImageOfPage\":{\"@id\":\"https:\/\/www.visit-ulcinj.com\/blog\/2011\/03\/28\/perjashtimi-i-diaspores-shqiptare-nga-regjistrimi-i-popullsise-ne-mal-te-zi-akt-i-papranueshem\/#primaryimage\"},\"datePublished\":\"2011-03-28T20:21:51+00:00\",\"dateModified\":\"2011-05-07T08:05:55+00:00\",\"author\":{\"@id\":\"https:\/\/www.visit-ulcinj.com\/blog\/#\/schema\/person\/dcab619c614d3038751c63bc2aadc06d\"},\"description\":\"Vendimi i fundit i Entit t\u00eb Statistik\u00ebs n\u00eb Mal t\u00eb Zi,lidhur me regjistrimin e popullsis\u00eb, i cili do t\u00eb mbahet me 1 deri me 15 prill t\u00eb k\u00ebtij viti, thot\u00eb\",\"breadcrumb\":{\"@id\":\"https:\/\/www.visit-ulcinj.com\/blog\/2011\/03\/28\/perjashtimi-i-diaspores-shqiptare-nga-regjistrimi-i-popullsise-ne-mal-te-zi-akt-i-papranueshem\/#breadcrumb\"},\"inLanguage\":\"en-US\",\"potentialAction\":[{\"@type\":\"ReadAction\",\"target\":[\"https:\/\/www.visit-ulcinj.com\/blog\/2011\/03\/28\/perjashtimi-i-diaspores-shqiptare-nga-regjistrimi-i-popullsise-ne-mal-te-zi-akt-i-papranueshem\/\"]}]},{\"@type\":\"BreadcrumbList\",\"@id\":\"https:\/\/www.visit-ulcinj.com\/blog\/2011\/03\/28\/perjashtimi-i-diaspores-shqiptare-nga-regjistrimi-i-popullsise-ne-mal-te-zi-akt-i-papranueshem\/#breadcrumb\",\"itemListElement\":[{\"@type\":\"ListItem\",\"position\":1,\"name\":\"P\u00ebrjashtimi i diaspor\u00ebs shqiptare nga regjistrimi i popullsis\u00eb n\u00eb Mal t\u00eb Zi, akt i papranuesh\u00ebm\"}]},{\"@type\":\"Person\",\"@id\":\"https:\/\/www.visit-ulcinj.com\/blog\/#\/schema\/person\/dcab619c614d3038751c63bc2aadc06d\",\"name\":\"ulqini\",\"sameAs\":[\"http:\/\/www.visit-ulcinj.com\"],\"url\":\"https:\/\/www.visit-ulcinj.com\/blog\/author\/admin\/\"}]}<\/script>\n<!-- \/ Yoast SEO plugin. -->","yoast_head_json":{"title":"P\u00ebrjashtimi i diaspor\u00ebs shqiptare nga regjistrimi i popullsis\u00eb n\u00eb Mal t\u00eb Zi, akt i papranuesh\u00ebm - Lajme nga Ulqini","description":"Vendimi i fundit i Entit t\u00eb Statistik\u00ebs n\u00eb Mal t\u00eb Zi,lidhur me regjistrimin e popullsis\u00eb, i cili do t\u00eb mbahet me 1 deri me 15 prill t\u00eb k\u00ebtij viti, thot\u00eb","robots":{"index":"index","follow":"follow","max-snippet":"max-snippet:-1","max-image-preview":"max-image-preview:large","max-video-preview":"max-video-preview:-1"},"canonical":"https:\/\/www.visit-ulcinj.com\/blog\/2011\/03\/28\/perjashtimi-i-diaspores-shqiptare-nga-regjistrimi-i-popullsise-ne-mal-te-zi-akt-i-papranueshem\/","og_locale":"en_US","og_type":"article","og_title":"P\u00ebrjashtimi i diaspor\u00ebs shqiptare nga regjistrimi i popullsis\u00eb n\u00eb Mal t\u00eb Zi, akt i papranuesh\u00ebm - Lajme nga Ulqini","og_description":"Vendimi i fundit i Entit t\u00eb Statistik\u00ebs n\u00eb Mal t\u00eb Zi,lidhur me regjistrimin e popullsis\u00eb, i cili do t\u00eb mbahet me 1 deri me 15 prill t\u00eb k\u00ebtij viti, thot\u00eb","og_url":"https:\/\/www.visit-ulcinj.com\/blog\/2011\/03\/28\/perjashtimi-i-diaspores-shqiptare-nga-regjistrimi-i-popullsise-ne-mal-te-zi-akt-i-papranueshem\/","og_site_name":"Lajme nga Ulqini","article_published_time":"2011-03-28T20:21:51+00:00","article_modified_time":"2011-05-07T08:05:55+00:00","og_image":[{"url":"http:\/\/www.visit-ulcinj.com\/blog\/wp-content\/uploads\/2011\/02\/Xheladin-Zeneli_.jpg"}],"twitter_misc":{"Written by":"ulqini","Est. reading time":"4 minutes"},"schema":{"@context":"https:\/\/schema.org","@graph":[{"@type":"WebSite","@id":"https:\/\/www.visit-ulcinj.com\/blog\/#website","url":"https:\/\/www.visit-ulcinj.com\/blog\/","name":"Lajme nga Ulqini","description":"Lajme,Vijesti,Ulqini,Ulqin,Crna Gora,Mali i Zi","potentialAction":[{"@type":"SearchAction","target":{"@type":"EntryPoint","urlTemplate":"https:\/\/www.visit-ulcinj.com\/blog\/?s={search_term_string}"},"query-input":"required name=search_term_string"}],"inLanguage":"en-US"},{"@type":"ImageObject","inLanguage":"en-US","@id":"https:\/\/www.visit-ulcinj.com\/blog\/2011\/03\/28\/perjashtimi-i-diaspores-shqiptare-nga-regjistrimi-i-popullsise-ne-mal-te-zi-akt-i-papranueshem\/#primaryimage","url":"https:\/\/www.visit-ulcinj.com\/blog\/wp-content\/uploads\/2011\/02\/Xheladin-Zeneli_.jpg","contentUrl":"https:\/\/www.visit-ulcinj.com\/blog\/wp-content\/uploads\/2011\/02\/Xheladin-Zeneli_.jpg","width":"780","height":"1040"},{"@type":"WebPage","@id":"https:\/\/www.visit-ulcinj.com\/blog\/2011\/03\/28\/perjashtimi-i-diaspores-shqiptare-nga-regjistrimi-i-popullsise-ne-mal-te-zi-akt-i-papranueshem\/#webpage","url":"https:\/\/www.visit-ulcinj.com\/blog\/2011\/03\/28\/perjashtimi-i-diaspores-shqiptare-nga-regjistrimi-i-popullsise-ne-mal-te-zi-akt-i-papranueshem\/","name":"P\u00ebrjashtimi i diaspor\u00ebs shqiptare nga regjistrimi i popullsis\u00eb n\u00eb Mal t\u00eb Zi, akt i papranuesh\u00ebm - Lajme nga Ulqini","isPartOf":{"@id":"https:\/\/www.visit-ulcinj.com\/blog\/#website"},"primaryImageOfPage":{"@id":"https:\/\/www.visit-ulcinj.com\/blog\/2011\/03\/28\/perjashtimi-i-diaspores-shqiptare-nga-regjistrimi-i-popullsise-ne-mal-te-zi-akt-i-papranueshem\/#primaryimage"},"datePublished":"2011-03-28T20:21:51+00:00","dateModified":"2011-05-07T08:05:55+00:00","author":{"@id":"https:\/\/www.visit-ulcinj.com\/blog\/#\/schema\/person\/dcab619c614d3038751c63bc2aadc06d"},"description":"Vendimi i fundit i Entit t\u00eb Statistik\u00ebs n\u00eb Mal t\u00eb Zi,lidhur me regjistrimin e popullsis\u00eb, i cili do t\u00eb mbahet me 1 deri me 15 prill t\u00eb k\u00ebtij viti, thot\u00eb","breadcrumb":{"@id":"https:\/\/www.visit-ulcinj.com\/blog\/2011\/03\/28\/perjashtimi-i-diaspores-shqiptare-nga-regjistrimi-i-popullsise-ne-mal-te-zi-akt-i-papranueshem\/#breadcrumb"},"inLanguage":"en-US","potentialAction":[{"@type":"ReadAction","target":["https:\/\/www.visit-ulcinj.com\/blog\/2011\/03\/28\/perjashtimi-i-diaspores-shqiptare-nga-regjistrimi-i-popullsise-ne-mal-te-zi-akt-i-papranueshem\/"]}]},{"@type":"BreadcrumbList","@id":"https:\/\/www.visit-ulcinj.com\/blog\/2011\/03\/28\/perjashtimi-i-diaspores-shqiptare-nga-regjistrimi-i-popullsise-ne-mal-te-zi-akt-i-papranueshem\/#breadcrumb","itemListElement":[{"@type":"ListItem","position":1,"name":"P\u00ebrjashtimi i diaspor\u00ebs shqiptare nga regjistrimi i popullsis\u00eb n\u00eb Mal t\u00eb Zi, akt i papranuesh\u00ebm"}]},{"@type":"Person","@id":"https:\/\/www.visit-ulcinj.com\/blog\/#\/schema\/person\/dcab619c614d3038751c63bc2aadc06d","name":"ulqini","sameAs":["http:\/\/www.visit-ulcinj.com"],"url":"https:\/\/www.visit-ulcinj.com\/blog\/author\/admin\/"}]}},"jetpack_featured_media_url":"","jetpack_sharing_enabled":true,"jetpack_shortlink":"https:\/\/wp.me\/pe6lTn-bLG","_links":{"self":[{"href":"https:\/\/www.visit-ulcinj.com\/blog\/wp-json\/wp\/v2\/posts\/45240"}],"collection":[{"href":"https:\/\/www.visit-ulcinj.com\/blog\/wp-json\/wp\/v2\/posts"}],"about":[{"href":"https:\/\/www.visit-ulcinj.com\/blog\/wp-json\/wp\/v2\/types\/post"}],"author":[{"embeddable":true,"href":"https:\/\/www.visit-ulcinj.com\/blog\/wp-json\/wp\/v2\/users\/1"}],"replies":[{"embeddable":true,"href":"https:\/\/www.visit-ulcinj.com\/blog\/wp-json\/wp\/v2\/comments?post=45240"}],"version-history":[{"count":0,"href":"https:\/\/www.visit-ulcinj.com\/blog\/wp-json\/wp\/v2\/posts\/45240\/revisions"}],"wp:attachment":[{"href":"https:\/\/www.visit-ulcinj.com\/blog\/wp-json\/wp\/v2\/media?parent=45240"}],"wp:term":[{"taxonomy":"category","embeddable":true,"href":"https:\/\/www.visit-ulcinj.com\/blog\/wp-json\/wp\/v2\/categories?post=45240"},{"taxonomy":"post_tag","embeddable":true,"href":"https:\/\/www.visit-ulcinj.com\/blog\/wp-json\/wp\/v2\/tags?post=45240"}],"curies":[{"name":"wp","href":"https:\/\/api.w.org\/{rel}","templated":true}]}}