{"id":45261,"date":"2011-03-29T12:29:55","date_gmt":"2011-03-29T11:29:55","guid":{"rendered":"http:\/\/www.visit-ulcinj.com\/blog\/?p=45261"},"modified":"2011-03-29T12:30:16","modified_gmt":"2011-03-29T11:30:16","slug":"tuna-kenga-ime-e-re-nga-ato-qe-te-bejne-te-presesh-damaret","status":"publish","type":"post","link":"https:\/\/www.visit-ulcinj.com\/blog\/2011\/03\/29\/tuna-kenga-ime-e-re-nga-ato-qe-te-bejne-te-presesh-damaret\/","title":{"rendered":"Tuna: K\u00ebnga ime e re, nga ato q\u00eb t\u00eb b\u00ebjn\u00eb t\u00eb pres\u00ebsh damar\u00ebt"},"content":{"rendered":"<p><a href=\"http:\/\/www.visit-ulcinj.com\/blog\/wp-content\/uploads\/2011\/03\/Altuna-sejdiu_.jpg\"><img loading=\"lazy\" class=\"alignleft size-full wp-image-45262\" title=\"Altuna sejdiu_\" src=\"http:\/\/www.visit-ulcinj.com\/blog\/wp-content\/uploads\/2011\/03\/Altuna-sejdiu_.jpg\" alt=\"\" width=\"508\" height=\"380\" \/><\/a>\u00c7ift n\u00eb jet\u00eb, por\u00a0 solo n\u00eb muzik\u00eb. K\u00ebng\u00ebtarja nga Maqedonia, Tuna Sejdiu, ka vendosur t\u2019u thot\u00eb stop bashk\u00ebpunimeve me artist\u00eb t\u00eb tjer\u00eb tani e tutje. N\u00eb albumin q\u00eb po p\u00ebrgatitet t\u00eb publikoj\u00eb, ka dhe nj\u00eb k\u00ebng\u00eb fataliste q\u00eb e ka nxjerr\u00eb nga sirtari pas shum\u00eb vitesh. Nd\u00ebrkoh\u00eb q\u00eb po jeton nj\u00eb martes\u00eb n\u00eb fillimet e saj me Rilindin, Tuna vendos t\u00eb k\u00ebndoj\u00eb balad\u00ebn m\u00eb t\u00eb dhimshme t\u00eb karrier\u00ebs s\u00eb saj, q\u00eb i dedikohet nj\u00eb femre t\u00eb braktisur n\u00eb dashuri. Tregon n\u00eb k\u00ebt\u00eb intervist\u00eb p\u00ebr historin\u00eb e k\u00ebng\u00ebs Dren Abazi, lider i grupit \u201cZig Zag Orchestra\u201d, \u00ebsht\u00eb n\u00eb konkurrim te festivali \u201cTop Fest\u201d me Anjeza Shahinin, me k\u00ebng\u00ebn \u201cUn\u00eb e ti\u201d, e cila, si\u00e7 flitet, \u00ebsht\u00eb nj\u00eb nga favoritet e k\u00ebtij edicioni, edhe pse ka pak koh\u00eb q\u00eb \u00ebsht\u00eb hedhur n\u00eb transmetim. N\u00eb nj\u00eb intervist\u00eb dh\u00ebn\u00eb p\u00ebr \u201cPanorama plus\u201d, k\u00ebng\u00ebtari flet p\u00ebr bashk\u00ebpunimin me Anjez\u00ebn dhe shum\u00eb gj\u00ebra t\u00eb tjera.<\/p>\n<p><strong>Tuna, duket se je t\u00ebrhequr pak k\u00ebto koh\u00eb nga skena, po p\u00ebrgatit ndonj\u00eb dalje t\u00eb mir\u00ebmenduar?<\/strong><\/p>\n<p>Po, jam duke punuar p\u00ebr disa k\u00ebng\u00eb t\u00eb reja p\u00ebr albumin tim, nd\u00ebrkoh\u00eb q\u00eb po zgjedh mes k\u00ebng\u00ebve se cil\u00ebn do ta realizoj klip. Tashm\u00eb jam b\u00ebr\u00eb e rrept\u00eb ndaj vetes dhe \u00e7do dit\u00eb ndryshoj di\u00e7ka n\u00eb k\u00ebng\u00ebt e mia. Dua t\u00eb arrij perfeksionin n\u00eb k\u00ebng\u00ebt e mia\u2026<\/p>\n<p><strong>Dy vitet e fundit ke pasur vet\u00ebm bashk\u00ebpunime n\u00eb muzik\u00eb, do t\u00eb vazhdosh ende t\u00eb b\u00ebsh k\u00ebng\u00eb me koleg\u00ebt?<\/strong><\/p>\n<p>Jo m\u00eb, tani e tutje kam vendosur t\u00eb mos vazhdoj me bashk\u00ebpunimet. Mendoj q\u00eb k\u00ebto dy vite i konsumova pak, ishin t\u00eb sukseshme gati t\u00eb gjitha bashk\u00ebpunimet me k\u00ebng\u00ebtar\u00ebt e tjer\u00eb, por tani do t\u00eb dal \u2018solo\u2019 n\u00eb karrier\u00ebn time.<br \/>\n<a href=\"http:\/\/www.visit-ulcinj.com\/blog\/wp-content\/uploads\/2011\/03\/Altuna-sejdiu_.1_.jpg\"><img loading=\"lazy\" class=\"alignleft size-full wp-image-45263\" title=\"Altuna sejdiu_.1_\" src=\"http:\/\/www.visit-ulcinj.com\/blog\/wp-content\/uploads\/2011\/03\/Altuna-sejdiu_.1_.jpg\" alt=\"\" width=\"508\" height=\"360\" \/><\/a><br \/>\n<strong>The q\u00eb po punon disa k\u00ebng\u00eb t\u00eb reja, cila do t\u00eb jet\u00eb k\u00ebnga jote surpriz\u00eb ?<\/strong><\/p>\n<p>Po e them eksluzivisht q\u00eb po punoj p\u00ebr k\u00ebng\u00ebn \u201cDyshemeja\u201d, \u00ebsht\u00eb nj\u00eb balad\u00eb e kompozuar vite m\u00eb par\u00eb nga Robert Bilbilov, me tekst t\u00eb fuqish\u00ebm t\u00eb s\u00eb preferuar\u00ebs sime Aida Baraku.. Kemi b\u00ebr\u00eb ca ndryshime n\u00eb orkestrimin e k\u00ebng\u00ebs, nd\u00ebrsa vija melodike mbetet po e nj\u00ebjt\u00eb.<\/p>\n<p><strong>Mendon se do gjejn\u00eb veten shum\u00eb vajza n\u00eb k\u00ebt\u00eb k\u00ebng\u00eb, ty t\u00eb ndodh ta gjesh veten n\u00eb tekste t\u00eb tilla?<\/strong><\/p>\n<p>Nuk e v\u00eb n\u00eb dyshim q\u00eb do ta gjej\u00eb veten secila vajz\u00eb te kjo k\u00ebng\u00eb n\u00eb momente t\u00eb caktuara t\u00eb jet\u00ebs s\u00eb saj. Madje, dhe un\u00eb e gjej veten n\u00eb disa tekste t\u00eb k\u00ebng\u00ebve t\u00eb mia, pasi i k\u00ebndoj, aq sa shpesh dyshoj se Aida Baraku m\u00eb ka parashikuar t\u00eb ardhmen me tekstet e saj. N\u00eb rastin e k\u00ebng\u00ebs \u201cDyshemeja\u201d nuk do t\u00eb doja t\u00eb gjeja veten, mir\u00ebpo jet\u00ebs nuk i dihet. Ne femrat jemi t\u00eb brishta nga natyra, gjith\u00e7ka \u00ebsht\u00eb e mundur\u2026<\/p>\n<p><strong>Kaq k\u00ebng\u00eb dramatike \u00ebsht\u00eb ? Pse vendos ta publikosh tani k\u00ebt\u00eb k\u00ebng\u00eb t\u00eb krijuar shum\u00eb vite m\u00eb par\u00eb?<\/strong><\/p>\n<p>\u00cbsht\u00eb nga ato k\u00ebng\u00ebt patetike, q\u00eb t\u00eb b\u00ebjn\u00eb t\u00eb pres\u00ebsh damar\u00ebt. Vendosa tani, pasi k\u00ebt\u00eb k\u00ebng\u00eb e ruaj thjesht p\u00ebr dit\u00eb m\u00eb t\u00eb mira . K\u00ebnga flet p\u00ebr nj\u00eb vajz\u00eb t\u00eb l\u00ebn\u00eb nga i dashuri, e cila mbetet n\u00eb dyshemen\u00eb e sht\u00ebpis\u00eb, e rrethuar me sendet e tij dhe i k\u00ebndon. Gjithsesi, s\u2019do t\u00eb thot\u00eb q\u00eb vet\u00ebm femrat jan\u00eb ato q\u00eb mund t\u00eb p\u00ebrjetojn\u00eb nj\u00eb gj\u00eb t\u00eb till\u00eb, kjo u ndodh edhe meshkujve. E di q\u00eb ndoshta kjo k\u00ebng\u00eb do t\u00eb pranohet me shpejt nga femrat por jam e sigurt, q\u00eb po aq p\u00ebr qind e meshkujve do ta d\u00ebgjojn\u00eb, kur t\u00eb mbeten braktisur nga t\u00eb dashurat e tyre.<\/p>\n<p><strong>N\u00eb Tiran\u00eb po organizohet festivali \u201cTop Fest 8\u201d, ke plan t\u00eb konkurrosh edhe ti?<\/strong><\/p>\n<p>Un\u00eb mora ftes\u00ebn nga \u201cTop Channel\u201d q\u00eb t\u00eb konkurroj k\u00ebt\u00eb vit por mbetem n\u00eb t\u00eb nj\u00ebjt\u00ebn q\u00ebndrim q\u00eb t\u00eb mos marr pjes\u00eb k\u00ebt\u00eb vit.<\/p>\n<p><strong><a href=\"http:\/\/www.visit-ulcinj.com\/blog\/wp-content\/uploads\/2011\/03\/Altuna-sejdiu_.1..jpg\"><img loading=\"lazy\" class=\"alignleft size-full wp-image-45264\" title=\"Altuna sejdiu_.1.\" src=\"http:\/\/www.visit-ulcinj.com\/blog\/wp-content\/uploads\/2011\/03\/Altuna-sejdiu_.1..jpg\" alt=\"\" width=\"320\" height=\"420\" \/><\/a>Ka ndonj\u00eb arsye q\u00eb nuk e pranove ftes\u00ebn, apo nj\u00eb zgjedhje personale jotja?<\/strong><\/p>\n<p>N\u00eb fakt, un\u00eb kisha gati dhe k\u00ebng\u00ebn potenciale p\u00ebr t\u00eb konkurruar si\u00e7 doja, por p\u00ebr t\u2019u treguar e sinqert\u00eb nuk m\u00eb intrigojn\u00eb m\u00eb gara t\u00eb tilla, ndoshta p\u00ebr faktin se i kam filluar shum\u00eb her\u00ebt garat n\u00eb muzik\u00eb, aq sa tashm\u00eb kam 20 \u00e7mime dhe trofe\u00a0 t\u00eb fituara n\u00eb vite. Tani m\u00eb interesojn\u00eb vet\u00ebm fitoret e v\u00ebrteta, pasi edhe \u00e7mimet e kritik\u00ebs e kam fituar at\u00eb \u00e7far\u00eb mund t\u00eb d\u00ebshiroj\u00eb nj\u00eb k\u00ebng\u00ebtar. M\u00eb par\u00eb s\u2019ia dija vler\u00ebn k\u00ebtij \u00e7mimi, por tashm\u00eb ndihem krenare p\u00ebr nj\u00eb \u00e7mim t\u00eb kritik\u00ebs me k\u00ebng\u00ebn \u201cTestamenti\u201d te \u201cK\u00ebnga Magjike\u201d, apo \u201cBest song\u201d p\u00ebr k\u00ebng\u00ebn \u201cBileta\u201d, n\u00eb \u201cTop Fest\u201d etj.<\/p>\n<p><strong>Pra ke hequr dor\u00eb p\u00ebrfundimisht nga k\u00ebto gara?<\/strong><\/p>\n<p>Tani p\u00ebr tani po. Por nuk jam kategorike, sepse ne artist\u00ebt jemi t\u00eb paparishikuesh\u00ebm. Mjafton t\u00eb kemi nj\u00eb k\u00ebng\u00eb t\u00eb mire n\u00eb dor\u00eb dhe mund t\u2019i themi po nj\u00eb oferte.<br \/>\n<strong><br \/>\nJe n\u00eb biznesin e muzik\u00ebs, si e ndien veten pas kaq vitesh?<\/strong><\/p>\n<p>Sinqerisht, ky biznes t\u00eb d\u00ebmton pak, ndaj un\u00eb mundohem t\u00eb ruaj thelbin e asaj q\u00eb jam. Mikeshat e mia t\u00eb reja, k\u00ebng\u00ebtare, i k\u00ebshilloj p\u00ebr t\u00eb nj\u00ebjt\u00ebn gj\u00eb, edhe pse mua at\u00ebher\u00eb s\u2019kishte kush t\u00eb m\u00eb jepte k\u00ebshilla p\u00ebr t\u2019ia dal\u00eb n\u00eb rrug\u00ebn e muzik\u00ebs. E r\u00ebnd\u00ebsishme p\u00ebr ne k\u00ebng\u00ebtar\u00ebt \u00ebsht\u00eb t\u00eb ruajm\u00eb njeriun brenda vetes, sepse ky biznes t\u00eb shnd\u00ebrron n\u00eb nj\u00eb p\u00ebrbind\u00ebsh.<\/p>\n<p><strong>Tashm\u00eb ti ke statusin \u201ce martuar\u201d, si po shkon dhe a \u00ebsht\u00eb m\u00eb e thjesht\u00eb apo m\u00eb e v\u00ebshtir\u00eb p\u00ebr nj\u00eb k\u00ebng\u00ebtare?<\/strong><\/p>\n<p>Tani jetoj n\u00eb Prishtin\u00eb, sidoqoft\u00eb jam gjithmon\u00eb mes Prishtin\u00ebs dhe Shkupit. Sapo jemi kthyer me Rilindin nga Shkupi dhe v\u00ebrtet e ndienim q\u00eb na mungon shum\u00eb ai qytet, pasi dhe Rilindi ka jetuar p\u00ebr pak atje. P\u00ebr mua \u00ebsht\u00eb e v\u00ebshtir\u00eb, pasi m\u00eb mungon jasht\u00eb mase ai qytet, megjithat\u00eb kemi vendosur q\u00eb keto vite t\u2019u p\u00ebrkushtohemi t\u00eb dy karrier\u00ebs, duke jetuar n\u00eb Prishtin\u00eb. N\u00ebse do flisja p\u00ebr martes\u00ebn, pik\u00ebrisht kjo zhvendosje nga Shkupi m\u00eb ka \u2018rregulluar regjimin tim t\u00eb jet\u00ebs, gj\u00eb q\u00eb e kam p\u00ebrjetuar edhe me kriza nostalgjie.<\/p>\n<p>&nbsp;<\/p>\n<p><strong>KLOTILDA HARKA<br \/>\n<!--YouTube Error: bad URL entered--><\/strong><\/p>\n","protected":false},"excerpt":{"rendered":"<p>\u00c7ift n\u00eb jet\u00eb, por\u00a0 solo n\u00eb muzik\u00eb. K\u00ebng\u00ebtarja nga Maqedonia, Tuna Sejdiu, ka vendosur t\u2019u thot\u00eb stop bashk\u00ebpunimeve me artist\u00eb t\u00eb tjer\u00eb tani e tutje. N\u00eb albumin q\u00eb po p\u00ebrgatitet t\u00eb publikoj\u00eb, ka dhe nj\u00eb k\u00ebng\u00eb fataliste q\u00eb e ka nxjerr\u00eb nga sirtari pas shum\u00eb vitesh. Nd\u00ebrkoh\u00eb q\u00eb po jeton nj\u00eb martes\u00eb n\u00eb fillimet e [&hellip;]<\/p>\n","protected":false},"author":1,"featured_media":0,"comment_status":"open","ping_status":"closed","sticky":false,"template":"","format":"standard","meta":{"spay_email":"","jetpack_publicize_message":"","jetpack_is_tweetstorm":false,"jetpack_publicize_feature_enabled":true},"categories":[1],"tags":[4972],"jetpack_publicize_connections":[],"yoast_head":"<!-- This site is optimized with the Yoast SEO plugin v19.1 - https:\/\/yoast.com\/wordpress\/plugins\/seo\/ -->\n<title>Tuna: K\u00ebnga ime e re, nga ato q\u00eb t\u00eb b\u00ebjn\u00eb t\u00eb pres\u00ebsh damar\u00ebt - Lajme nga Ulqini<\/title>\n<meta name=\"description\" content=\"\u00c7ift n\u00eb jet\u00eb, por\u00a0 solo n\u00eb muzik\u00eb. K\u00ebng\u00ebtarja nga Maqedonia, Tuna Sejdiu, ka vendosur t\u2019u thot\u00eb stop bashk\u00ebpunimeve me artist\u00eb t\u00eb tjer\u00eb tani e tutje. N\u00eb\" \/>\n<meta name=\"robots\" content=\"index, follow, max-snippet:-1, max-image-preview:large, max-video-preview:-1\" \/>\n<link rel=\"canonical\" href=\"https:\/\/www.visit-ulcinj.com\/blog\/2011\/03\/29\/tuna-kenga-ime-e-re-nga-ato-qe-te-bejne-te-presesh-damaret\/\" \/>\n<meta property=\"og:locale\" content=\"en_US\" \/>\n<meta property=\"og:type\" content=\"article\" \/>\n<meta property=\"og:title\" content=\"Tuna: K\u00ebnga ime e re, nga ato q\u00eb t\u00eb b\u00ebjn\u00eb t\u00eb pres\u00ebsh damar\u00ebt - Lajme nga Ulqini\" \/>\n<meta property=\"og:description\" content=\"\u00c7ift n\u00eb jet\u00eb, por\u00a0 solo n\u00eb muzik\u00eb. K\u00ebng\u00ebtarja nga Maqedonia, Tuna Sejdiu, ka vendosur t\u2019u thot\u00eb stop bashk\u00ebpunimeve me artist\u00eb t\u00eb tjer\u00eb tani e tutje. N\u00eb\" \/>\n<meta property=\"og:url\" content=\"https:\/\/www.visit-ulcinj.com\/blog\/2011\/03\/29\/tuna-kenga-ime-e-re-nga-ato-qe-te-bejne-te-presesh-damaret\/\" \/>\n<meta property=\"og:site_name\" content=\"Lajme nga Ulqini\" \/>\n<meta property=\"article:published_time\" content=\"2011-03-29T11:29:55+00:00\" \/>\n<meta property=\"article:modified_time\" content=\"2011-03-29T11:30:16+00:00\" \/>\n<meta property=\"og:image\" content=\"http:\/\/www.visit-ulcinj.com\/blog\/wp-content\/uploads\/2011\/03\/Altuna-sejdiu_.jpg\" \/>\n<meta name=\"twitter:label1\" content=\"Written by\" \/>\n\t<meta name=\"twitter:data1\" content=\"ulqini\" \/>\n\t<meta name=\"twitter:label2\" content=\"Est. reading time\" \/>\n\t<meta name=\"twitter:data2\" content=\"6 minutes\" \/>\n<script type=\"application\/ld+json\" class=\"yoast-schema-graph\">{\"@context\":\"https:\/\/schema.org\",\"@graph\":[{\"@type\":\"WebSite\",\"@id\":\"https:\/\/www.visit-ulcinj.com\/blog\/#website\",\"url\":\"https:\/\/www.visit-ulcinj.com\/blog\/\",\"name\":\"Lajme nga Ulqini\",\"description\":\"Lajme,Vijesti,Ulqini,Ulqin,Crna Gora,Mali i Zi\",\"potentialAction\":[{\"@type\":\"SearchAction\",\"target\":{\"@type\":\"EntryPoint\",\"urlTemplate\":\"https:\/\/www.visit-ulcinj.com\/blog\/?s={search_term_string}\"},\"query-input\":\"required name=search_term_string\"}],\"inLanguage\":\"en-US\"},{\"@type\":\"ImageObject\",\"inLanguage\":\"en-US\",\"@id\":\"https:\/\/www.visit-ulcinj.com\/blog\/2011\/03\/29\/tuna-kenga-ime-e-re-nga-ato-qe-te-bejne-te-presesh-damaret\/#primaryimage\",\"url\":\"http:\/\/www.visit-ulcinj.com\/blog\/wp-content\/uploads\/2011\/03\/Altuna-sejdiu_.jpg\",\"contentUrl\":\"http:\/\/www.visit-ulcinj.com\/blog\/wp-content\/uploads\/2011\/03\/Altuna-sejdiu_.jpg\"},{\"@type\":\"WebPage\",\"@id\":\"https:\/\/www.visit-ulcinj.com\/blog\/2011\/03\/29\/tuna-kenga-ime-e-re-nga-ato-qe-te-bejne-te-presesh-damaret\/#webpage\",\"url\":\"https:\/\/www.visit-ulcinj.com\/blog\/2011\/03\/29\/tuna-kenga-ime-e-re-nga-ato-qe-te-bejne-te-presesh-damaret\/\",\"name\":\"Tuna: K\u00ebnga ime e re, nga ato q\u00eb t\u00eb b\u00ebjn\u00eb t\u00eb pres\u00ebsh damar\u00ebt - Lajme nga Ulqini\",\"isPartOf\":{\"@id\":\"https:\/\/www.visit-ulcinj.com\/blog\/#website\"},\"primaryImageOfPage\":{\"@id\":\"https:\/\/www.visit-ulcinj.com\/blog\/2011\/03\/29\/tuna-kenga-ime-e-re-nga-ato-qe-te-bejne-te-presesh-damaret\/#primaryimage\"},\"datePublished\":\"2011-03-29T11:29:55+00:00\",\"dateModified\":\"2011-03-29T11:30:16+00:00\",\"author\":{\"@id\":\"https:\/\/www.visit-ulcinj.com\/blog\/#\/schema\/person\/dcab619c614d3038751c63bc2aadc06d\"},\"description\":\"\u00c7ift n\u00eb jet\u00eb, por\u00a0 solo n\u00eb muzik\u00eb. K\u00ebng\u00ebtarja nga Maqedonia, Tuna Sejdiu, ka vendosur t\u2019u thot\u00eb stop bashk\u00ebpunimeve me artist\u00eb t\u00eb tjer\u00eb tani e tutje. N\u00eb\",\"breadcrumb\":{\"@id\":\"https:\/\/www.visit-ulcinj.com\/blog\/2011\/03\/29\/tuna-kenga-ime-e-re-nga-ato-qe-te-bejne-te-presesh-damaret\/#breadcrumb\"},\"inLanguage\":\"en-US\",\"potentialAction\":[{\"@type\":\"ReadAction\",\"target\":[\"https:\/\/www.visit-ulcinj.com\/blog\/2011\/03\/29\/tuna-kenga-ime-e-re-nga-ato-qe-te-bejne-te-presesh-damaret\/\"]}]},{\"@type\":\"BreadcrumbList\",\"@id\":\"https:\/\/www.visit-ulcinj.com\/blog\/2011\/03\/29\/tuna-kenga-ime-e-re-nga-ato-qe-te-bejne-te-presesh-damaret\/#breadcrumb\",\"itemListElement\":[{\"@type\":\"ListItem\",\"position\":1,\"name\":\"Tuna: K\u00ebnga ime e re, nga ato q\u00eb t\u00eb b\u00ebjn\u00eb t\u00eb pres\u00ebsh damar\u00ebt\"}]},{\"@type\":\"Person\",\"@id\":\"https:\/\/www.visit-ulcinj.com\/blog\/#\/schema\/person\/dcab619c614d3038751c63bc2aadc06d\",\"name\":\"ulqini\",\"sameAs\":[\"http:\/\/www.visit-ulcinj.com\"],\"url\":\"https:\/\/www.visit-ulcinj.com\/blog\/author\/admin\/\"}]}<\/script>\n<!-- \/ Yoast SEO plugin. -->","yoast_head_json":{"title":"Tuna: K\u00ebnga ime e re, nga ato q\u00eb t\u00eb b\u00ebjn\u00eb t\u00eb pres\u00ebsh damar\u00ebt - Lajme nga Ulqini","description":"\u00c7ift n\u00eb jet\u00eb, por\u00a0 solo n\u00eb muzik\u00eb. K\u00ebng\u00ebtarja nga Maqedonia, Tuna Sejdiu, ka vendosur t\u2019u thot\u00eb stop bashk\u00ebpunimeve me artist\u00eb t\u00eb tjer\u00eb tani e tutje. N\u00eb","robots":{"index":"index","follow":"follow","max-snippet":"max-snippet:-1","max-image-preview":"max-image-preview:large","max-video-preview":"max-video-preview:-1"},"canonical":"https:\/\/www.visit-ulcinj.com\/blog\/2011\/03\/29\/tuna-kenga-ime-e-re-nga-ato-qe-te-bejne-te-presesh-damaret\/","og_locale":"en_US","og_type":"article","og_title":"Tuna: K\u00ebnga ime e re, nga ato q\u00eb t\u00eb b\u00ebjn\u00eb t\u00eb pres\u00ebsh damar\u00ebt - Lajme nga Ulqini","og_description":"\u00c7ift n\u00eb jet\u00eb, por\u00a0 solo n\u00eb muzik\u00eb. K\u00ebng\u00ebtarja nga Maqedonia, Tuna Sejdiu, ka vendosur t\u2019u thot\u00eb stop bashk\u00ebpunimeve me artist\u00eb t\u00eb tjer\u00eb tani e tutje. N\u00eb","og_url":"https:\/\/www.visit-ulcinj.com\/blog\/2011\/03\/29\/tuna-kenga-ime-e-re-nga-ato-qe-te-bejne-te-presesh-damaret\/","og_site_name":"Lajme nga Ulqini","article_published_time":"2011-03-29T11:29:55+00:00","article_modified_time":"2011-03-29T11:30:16+00:00","og_image":[{"url":"http:\/\/www.visit-ulcinj.com\/blog\/wp-content\/uploads\/2011\/03\/Altuna-sejdiu_.jpg"}],"twitter_misc":{"Written by":"ulqini","Est. reading time":"6 minutes"},"schema":{"@context":"https:\/\/schema.org","@graph":[{"@type":"WebSite","@id":"https:\/\/www.visit-ulcinj.com\/blog\/#website","url":"https:\/\/www.visit-ulcinj.com\/blog\/","name":"Lajme nga Ulqini","description":"Lajme,Vijesti,Ulqini,Ulqin,Crna Gora,Mali i Zi","potentialAction":[{"@type":"SearchAction","target":{"@type":"EntryPoint","urlTemplate":"https:\/\/www.visit-ulcinj.com\/blog\/?s={search_term_string}"},"query-input":"required name=search_term_string"}],"inLanguage":"en-US"},{"@type":"ImageObject","inLanguage":"en-US","@id":"https:\/\/www.visit-ulcinj.com\/blog\/2011\/03\/29\/tuna-kenga-ime-e-re-nga-ato-qe-te-bejne-te-presesh-damaret\/#primaryimage","url":"http:\/\/www.visit-ulcinj.com\/blog\/wp-content\/uploads\/2011\/03\/Altuna-sejdiu_.jpg","contentUrl":"http:\/\/www.visit-ulcinj.com\/blog\/wp-content\/uploads\/2011\/03\/Altuna-sejdiu_.jpg"},{"@type":"WebPage","@id":"https:\/\/www.visit-ulcinj.com\/blog\/2011\/03\/29\/tuna-kenga-ime-e-re-nga-ato-qe-te-bejne-te-presesh-damaret\/#webpage","url":"https:\/\/www.visit-ulcinj.com\/blog\/2011\/03\/29\/tuna-kenga-ime-e-re-nga-ato-qe-te-bejne-te-presesh-damaret\/","name":"Tuna: K\u00ebnga ime e re, nga ato q\u00eb t\u00eb b\u00ebjn\u00eb t\u00eb pres\u00ebsh damar\u00ebt - Lajme nga Ulqini","isPartOf":{"@id":"https:\/\/www.visit-ulcinj.com\/blog\/#website"},"primaryImageOfPage":{"@id":"https:\/\/www.visit-ulcinj.com\/blog\/2011\/03\/29\/tuna-kenga-ime-e-re-nga-ato-qe-te-bejne-te-presesh-damaret\/#primaryimage"},"datePublished":"2011-03-29T11:29:55+00:00","dateModified":"2011-03-29T11:30:16+00:00","author":{"@id":"https:\/\/www.visit-ulcinj.com\/blog\/#\/schema\/person\/dcab619c614d3038751c63bc2aadc06d"},"description":"\u00c7ift n\u00eb jet\u00eb, por\u00a0 solo n\u00eb muzik\u00eb. K\u00ebng\u00ebtarja nga Maqedonia, Tuna Sejdiu, ka vendosur t\u2019u thot\u00eb stop bashk\u00ebpunimeve me artist\u00eb t\u00eb tjer\u00eb tani e tutje. N\u00eb","breadcrumb":{"@id":"https:\/\/www.visit-ulcinj.com\/blog\/2011\/03\/29\/tuna-kenga-ime-e-re-nga-ato-qe-te-bejne-te-presesh-damaret\/#breadcrumb"},"inLanguage":"en-US","potentialAction":[{"@type":"ReadAction","target":["https:\/\/www.visit-ulcinj.com\/blog\/2011\/03\/29\/tuna-kenga-ime-e-re-nga-ato-qe-te-bejne-te-presesh-damaret\/"]}]},{"@type":"BreadcrumbList","@id":"https:\/\/www.visit-ulcinj.com\/blog\/2011\/03\/29\/tuna-kenga-ime-e-re-nga-ato-qe-te-bejne-te-presesh-damaret\/#breadcrumb","itemListElement":[{"@type":"ListItem","position":1,"name":"Tuna: K\u00ebnga ime e re, nga ato q\u00eb t\u00eb b\u00ebjn\u00eb t\u00eb pres\u00ebsh damar\u00ebt"}]},{"@type":"Person","@id":"https:\/\/www.visit-ulcinj.com\/blog\/#\/schema\/person\/dcab619c614d3038751c63bc2aadc06d","name":"ulqini","sameAs":["http:\/\/www.visit-ulcinj.com"],"url":"https:\/\/www.visit-ulcinj.com\/blog\/author\/admin\/"}]}},"jetpack_featured_media_url":"","jetpack_sharing_enabled":true,"jetpack_shortlink":"https:\/\/wp.me\/pe6lTn-bM1","_links":{"self":[{"href":"https:\/\/www.visit-ulcinj.com\/blog\/wp-json\/wp\/v2\/posts\/45261"}],"collection":[{"href":"https:\/\/www.visit-ulcinj.com\/blog\/wp-json\/wp\/v2\/posts"}],"about":[{"href":"https:\/\/www.visit-ulcinj.com\/blog\/wp-json\/wp\/v2\/types\/post"}],"author":[{"embeddable":true,"href":"https:\/\/www.visit-ulcinj.com\/blog\/wp-json\/wp\/v2\/users\/1"}],"replies":[{"embeddable":true,"href":"https:\/\/www.visit-ulcinj.com\/blog\/wp-json\/wp\/v2\/comments?post=45261"}],"version-history":[{"count":0,"href":"https:\/\/www.visit-ulcinj.com\/blog\/wp-json\/wp\/v2\/posts\/45261\/revisions"}],"wp:attachment":[{"href":"https:\/\/www.visit-ulcinj.com\/blog\/wp-json\/wp\/v2\/media?parent=45261"}],"wp:term":[{"taxonomy":"category","embeddable":true,"href":"https:\/\/www.visit-ulcinj.com\/blog\/wp-json\/wp\/v2\/categories?post=45261"},{"taxonomy":"post_tag","embeddable":true,"href":"https:\/\/www.visit-ulcinj.com\/blog\/wp-json\/wp\/v2\/tags?post=45261"}],"curies":[{"name":"wp","href":"https:\/\/api.w.org\/{rel}","templated":true}]}}