{"id":45267,"date":"2011-03-29T12:39:40","date_gmt":"2011-03-29T11:39:40","guid":{"rendered":"http:\/\/www.visit-ulcinj.com\/blog\/?p=45267"},"modified":"2011-03-29T12:41:14","modified_gmt":"2011-03-29T11:41:14","slug":"kastro-zizo-jam-i-zhgenjyer-nga-femrat-shqiptare","status":"publish","type":"post","link":"https:\/\/www.visit-ulcinj.com\/blog\/2011\/03\/29\/kastro-zizo-jam-i-zhgenjyer-nga-femrat-shqiptare\/","title":{"rendered":"Kastro Zizo: Jam i zhg\u00ebnjyer nga femrat shqiptare"},"content":{"rendered":"<p><a href=\"http:\/\/www.visit-ulcinj.com\/blog\/wp-content\/uploads\/2011\/03\/Kastro-Zizo.jpg\"><img loading=\"lazy\" class=\"alignleft size-full wp-image-45268\" title=\"Kastro Zizo\" src=\"http:\/\/www.visit-ulcinj.com\/blog\/wp-content\/uploads\/2011\/03\/Kastro-Zizo.jpg\" alt=\"\" width=\"346\" height=\"306\" \/><\/a>Autoironis\u00eb s\u00eb hidhur t\u00eb \u201cSuperstarit\u201d t\u00eb quajtur Kastro Zizo, nuk i shp\u00ebtojn\u00eb dot as artist\u00ebt e tjer\u00eb, q\u00eb vet\u00ebndihen t\u00eb till\u00eb n\u00eb tregun muzikor shqiptar. Klevis Bega k\u00ebt\u00eb her\u00eb ka vendosur t\u00eb performoj\u00eb n\u00eb \u201cTop Fest 8\u201d me nj\u00eb k\u00ebng\u00eb t\u00eb titulluar \u201cSuperstar\u201d, krijimi i tij i par\u00eb n\u00eb ritmet hip hop. Pas nj\u00eb kohe t\u00eb gjat\u00eb n\u00eb Prishtin\u00eb, kantautori 26-vje\u00e7ar vendos t\u2019i rikthehet jet\u00ebs s\u00eb Tiran\u00ebs me plane t\u00eb reja. Hap studion muzikore, nis nj\u00eb program televiziv dhe parandien historin\u00eb e re t\u00eb dashuris\u00eb. N\u00eb k\u00ebt\u00eb intervist\u00eb, ku n\u00eb lidhje me femrat tregohet maskilist, pohon se edhe pse \u00ebsht\u00eb ndier i zhg\u00ebnjyer nga vajzat shqiptare, kjo e v\u00ebrtet\u00eb nuk e ndalon dot t\u2019i doj\u00eb shum\u00eb ato:<\/p>\n<p><strong>Klevis, konkurrove n\u00eb \u201cTop Fest 8\u201d me nj\u00eb k\u00ebng\u00eb me titull \u201cSuperstar\u201d. Kujt i kushtohet kjo k\u00ebng\u00eb, kush \u00ebsht\u00eb superstari, apo ata superstar\u00ebt n\u00eb vargjet e saj?<\/strong><\/p>\n<p>Kjo k\u00ebng\u00eb \u00ebsht\u00eb nj\u00eb lloj autoironie q\u00eb un\u00eb i b\u00ebj vetes sime n\u00eb radh\u00eb t\u00eb par\u00eb dhe t\u00eb gjith\u00eb pseudosuperstar\u00ebve q\u00eb jan\u00eb n\u00eb qarkullim.<br \/>\n<a href=\"http:\/\/www.visit-ulcinj.com\/blog\/wp-content\/uploads\/2011\/03\/Kastro-Zizo.1.jpg\"><img loading=\"lazy\" class=\"alignleft size-full wp-image-45269\" title=\"Kastro Zizo.1\" src=\"http:\/\/www.visit-ulcinj.com\/blog\/wp-content\/uploads\/2011\/03\/Kastro-Zizo.1.jpg\" alt=\"\" width=\"508\" height=\"347\" \/><\/a><br \/>\n<strong>Ka shum\u00eb superstar\u00eb t\u00eb k\u00ebtij lloji n\u00eb qarkullim, mund t\u00eb p\u00ebrmend\u00ebsh emra konkret\u00eb?<\/strong><\/p>\n<p>T\u00eb gjith\u00eb jan\u00eb superstar\u00eb\u2026(qesh). Pik\u00ebrisht k\u00ebt\u00eb kam dashur t\u00eb them, q\u00eb n\u00eb Shqip\u00ebri askush nuk mund t\u00eb quhet superstar\u2026<\/p>\n<p><strong>I ke d\u00ebgjuar k\u00ebng\u00ebt e tjera konkurrente n\u00eb \u201cTop Fest 8\u201d? Cilin \u00e7mim pretendon?<\/strong><\/p>\n<p>Dua q\u00eb k\u00ebnga ime t\u00eb p\u00eblqehet nga t\u00eb gjith\u00eb dhe sigurisht q\u00eb e pretendoj nj\u00eb \u00e7mim. Do t\u00eb doja hip-hop-in\u201d, meq\u00eb \u00ebsht\u00eb hera e par\u00eb q\u00eb b\u00ebj nj\u00eb k\u00ebng\u00eb t\u00eb mir\u00ebfillt\u00eb \u201chip-hop\u201d.<\/p>\n<p><strong>Tashm\u00eb je rikthyer p\u00ebrfundimisht n\u00eb Tiran\u00eb, pas nj\u00eb periudhe pune n\u00eb Prishtin\u00eb. Cilat jan\u00eb planet e k\u00ebtij rikthimi?<\/strong><\/p>\n<p>Po, kam pak dit\u00eb q\u00eb jam rikthyer p\u00ebrfundimisht, le t\u00eb themi p\u00ebr k\u00ebto koh\u00eb. S\u00eb bashku me OG kam hapur studion m\u00eb t\u00eb re audio, \u201cEMPIRE RECORDS\u201d, p\u00ebr t\u00eb rifilluar pun\u00ebn me k\u00ebng\u00ebtar\u00ebt, si n\u00eb koh\u00ebt e vjetra dhe p\u00ebr t\u2019i dh\u00ebn\u00eb e muzik\u00ebs shqiptare m\u00eb shum\u00eb vlera se antivlera.<br \/>\n<a href=\"http:\/\/www.visit-ulcinj.com\/blog\/wp-content\/uploads\/2011\/03\/Kastro-Zizo.2.jpg\"><img loading=\"lazy\" class=\"alignleft size-full wp-image-45270\" title=\"Kastro Zizo.2\" src=\"http:\/\/www.visit-ulcinj.com\/blog\/wp-content\/uploads\/2011\/03\/Kastro-Zizo.2.jpg\" alt=\"\" width=\"508\" height=\"347\" \/><\/a><br \/>\n<strong>Bashk\u00ebpunon shum\u00eb me k\u00ebng\u00ebtare femra. Ke planifikuar duete t\u00eb reja?<\/strong><\/p>\n<p>Kam disa propozime p\u00ebr momentin dhe jam n\u00eb momente pune p\u00ebr ndonj\u00eb prej tyre.<\/p>\n<p><strong>Meq\u00eb jemi te bashk\u00ebpunimet, \u00ebsht\u00eb e v\u00ebrtet\u00eb q\u00eb po punoni p\u00ebr t\u00eb realizuar nj\u00eb k\u00ebng\u00eb ku do t\u00eb b\u00ebhen bashk\u00eb Kastro, Noziy dhe Getoari? N\u00ebse po, mund t\u00eb na jap\u00ebsh ndonj\u00eb detaj?<\/strong><\/p>\n<p>K\u00ebto jan\u00eb fjal\u00eb q\u00eb qarkullojn\u00eb n\u00eb Tiran\u00eb, por nuk mund t\u2019ju them dot asgj\u00eb, sepse asgj\u00eb nuk \u00ebsht\u00eb e sigurt. Madje un\u00eb u habita kur m\u00eb erdhi n\u00eb vesh ky thashethem!<\/p>\n<p><strong>Ktheheni nga nj\u00eb eksperienc\u00eb e ve\u00e7ant\u00eb pune ne televizionet e Prishtin\u00ebs. Do t\u00eb provoni t\u00eb punoni edhe n\u00eb televizionet k\u00ebtu?<\/strong><\/p>\n<p>Po, patjet\u00ebr. Madje mund t\u00eb them se un\u00eb nd\u00ebrkoh\u00eb po p\u00ebrgatitem t\u00eb nis dhe nj\u00eb emision timin, q\u00eb do t\u00eb transmetohet n\u00eb nj\u00eb platform\u00eb dixhitale. Duke pasur parasysh Kastron q\u00eb njihni, mund t\u2019ju them se\u00a0 b\u00ebhet fjal\u00eb p\u00ebr nj\u00eb program shum\u00eb arg\u00ebtues.<\/p>\n<p>&nbsp;<\/p>\n<!--YouTube Error: bad URL entered-->\n","protected":false},"excerpt":{"rendered":"<p>Autoironis\u00eb s\u00eb hidhur t\u00eb \u201cSuperstarit\u201d t\u00eb quajtur Kastro Zizo, nuk i shp\u00ebtojn\u00eb dot as artist\u00ebt e tjer\u00eb, q\u00eb vet\u00ebndihen t\u00eb till\u00eb n\u00eb tregun muzikor shqiptar. Klevis Bega k\u00ebt\u00eb her\u00eb ka vendosur t\u00eb performoj\u00eb n\u00eb \u201cTop Fest 8\u201d me nj\u00eb k\u00ebng\u00eb t\u00eb titulluar \u201cSuperstar\u201d, krijimi i tij i par\u00eb n\u00eb ritmet hip hop. Pas nj\u00eb kohe [&hellip;]<\/p>\n","protected":false},"author":1,"featured_media":0,"comment_status":"open","ping_status":"closed","sticky":false,"template":"","format":"standard","meta":{"spay_email":"","jetpack_publicize_message":"","jetpack_is_tweetstorm":false,"jetpack_publicize_feature_enabled":true},"categories":[1],"tags":[17889],"jetpack_publicize_connections":[],"yoast_head":"<!-- This site is optimized with the Yoast SEO plugin v19.1 - https:\/\/yoast.com\/wordpress\/plugins\/seo\/ -->\n<title>Kastro Zizo: Jam i zhg\u00ebnjyer nga femrat shqiptare - Lajme nga Ulqini<\/title>\n<meta name=\"description\" content=\"Autoironis\u00eb s\u00eb hidhur t\u00eb \u201cSuperstarit\u201d t\u00eb quajtur Kastro Zizo, nuk i shp\u00ebtojn\u00eb dot as artist\u00ebt e tjer\u00eb, q\u00eb vet\u00ebndihen t\u00eb till\u00eb n\u00eb tregun muzikor shqiptar.\" \/>\n<meta name=\"robots\" content=\"index, follow, max-snippet:-1, max-image-preview:large, max-video-preview:-1\" \/>\n<link rel=\"canonical\" href=\"https:\/\/www.visit-ulcinj.com\/blog\/2011\/03\/29\/kastro-zizo-jam-i-zhgenjyer-nga-femrat-shqiptare\/\" \/>\n<meta property=\"og:locale\" content=\"en_US\" \/>\n<meta property=\"og:type\" content=\"article\" \/>\n<meta property=\"og:title\" content=\"Kastro Zizo: Jam i zhg\u00ebnjyer nga femrat shqiptare - Lajme nga Ulqini\" \/>\n<meta property=\"og:description\" content=\"Autoironis\u00eb s\u00eb hidhur t\u00eb \u201cSuperstarit\u201d t\u00eb quajtur Kastro Zizo, nuk i shp\u00ebtojn\u00eb dot as artist\u00ebt e tjer\u00eb, q\u00eb vet\u00ebndihen t\u00eb till\u00eb n\u00eb tregun muzikor shqiptar.\" \/>\n<meta property=\"og:url\" content=\"https:\/\/www.visit-ulcinj.com\/blog\/2011\/03\/29\/kastro-zizo-jam-i-zhgenjyer-nga-femrat-shqiptare\/\" \/>\n<meta property=\"og:site_name\" content=\"Lajme nga Ulqini\" \/>\n<meta property=\"article:published_time\" content=\"2011-03-29T11:39:40+00:00\" \/>\n<meta property=\"article:modified_time\" content=\"2011-03-29T11:41:14+00:00\" \/>\n<meta property=\"og:image\" content=\"http:\/\/www.visit-ulcinj.com\/blog\/wp-content\/uploads\/2011\/03\/Kastro-Zizo.jpg\" \/>\n<meta name=\"twitter:label1\" content=\"Written by\" \/>\n\t<meta name=\"twitter:data1\" content=\"ulqini\" \/>\n\t<meta name=\"twitter:label2\" content=\"Est. reading time\" \/>\n\t<meta name=\"twitter:data2\" content=\"3 minutes\" \/>\n<script type=\"application\/ld+json\" class=\"yoast-schema-graph\">{\"@context\":\"https:\/\/schema.org\",\"@graph\":[{\"@type\":\"WebSite\",\"@id\":\"https:\/\/www.visit-ulcinj.com\/blog\/#website\",\"url\":\"https:\/\/www.visit-ulcinj.com\/blog\/\",\"name\":\"Lajme nga Ulqini\",\"description\":\"Lajme,Vijesti,Ulqini,Ulqin,Crna Gora,Mali i Zi\",\"potentialAction\":[{\"@type\":\"SearchAction\",\"target\":{\"@type\":\"EntryPoint\",\"urlTemplate\":\"https:\/\/www.visit-ulcinj.com\/blog\/?s={search_term_string}\"},\"query-input\":\"required name=search_term_string\"}],\"inLanguage\":\"en-US\"},{\"@type\":\"ImageObject\",\"inLanguage\":\"en-US\",\"@id\":\"https:\/\/www.visit-ulcinj.com\/blog\/2011\/03\/29\/kastro-zizo-jam-i-zhgenjyer-nga-femrat-shqiptare\/#primaryimage\",\"url\":\"http:\/\/www.visit-ulcinj.com\/blog\/wp-content\/uploads\/2011\/03\/Kastro-Zizo.jpg\",\"contentUrl\":\"http:\/\/www.visit-ulcinj.com\/blog\/wp-content\/uploads\/2011\/03\/Kastro-Zizo.jpg\"},{\"@type\":\"WebPage\",\"@id\":\"https:\/\/www.visit-ulcinj.com\/blog\/2011\/03\/29\/kastro-zizo-jam-i-zhgenjyer-nga-femrat-shqiptare\/#webpage\",\"url\":\"https:\/\/www.visit-ulcinj.com\/blog\/2011\/03\/29\/kastro-zizo-jam-i-zhgenjyer-nga-femrat-shqiptare\/\",\"name\":\"Kastro Zizo: Jam i zhg\u00ebnjyer nga femrat shqiptare - Lajme nga Ulqini\",\"isPartOf\":{\"@id\":\"https:\/\/www.visit-ulcinj.com\/blog\/#website\"},\"primaryImageOfPage\":{\"@id\":\"https:\/\/www.visit-ulcinj.com\/blog\/2011\/03\/29\/kastro-zizo-jam-i-zhgenjyer-nga-femrat-shqiptare\/#primaryimage\"},\"datePublished\":\"2011-03-29T11:39:40+00:00\",\"dateModified\":\"2011-03-29T11:41:14+00:00\",\"author\":{\"@id\":\"https:\/\/www.visit-ulcinj.com\/blog\/#\/schema\/person\/dcab619c614d3038751c63bc2aadc06d\"},\"description\":\"Autoironis\u00eb s\u00eb hidhur t\u00eb \u201cSuperstarit\u201d t\u00eb quajtur Kastro Zizo, nuk i shp\u00ebtojn\u00eb dot as artist\u00ebt e tjer\u00eb, q\u00eb vet\u00ebndihen t\u00eb till\u00eb n\u00eb tregun muzikor shqiptar.\",\"breadcrumb\":{\"@id\":\"https:\/\/www.visit-ulcinj.com\/blog\/2011\/03\/29\/kastro-zizo-jam-i-zhgenjyer-nga-femrat-shqiptare\/#breadcrumb\"},\"inLanguage\":\"en-US\",\"potentialAction\":[{\"@type\":\"ReadAction\",\"target\":[\"https:\/\/www.visit-ulcinj.com\/blog\/2011\/03\/29\/kastro-zizo-jam-i-zhgenjyer-nga-femrat-shqiptare\/\"]}]},{\"@type\":\"BreadcrumbList\",\"@id\":\"https:\/\/www.visit-ulcinj.com\/blog\/2011\/03\/29\/kastro-zizo-jam-i-zhgenjyer-nga-femrat-shqiptare\/#breadcrumb\",\"itemListElement\":[{\"@type\":\"ListItem\",\"position\":1,\"name\":\"Kastro Zizo: Jam i zhg\u00ebnjyer nga femrat shqiptare\"}]},{\"@type\":\"Person\",\"@id\":\"https:\/\/www.visit-ulcinj.com\/blog\/#\/schema\/person\/dcab619c614d3038751c63bc2aadc06d\",\"name\":\"ulqini\",\"sameAs\":[\"http:\/\/www.visit-ulcinj.com\"],\"url\":\"https:\/\/www.visit-ulcinj.com\/blog\/author\/admin\/\"}]}<\/script>\n<!-- \/ Yoast SEO plugin. -->","yoast_head_json":{"title":"Kastro Zizo: Jam i zhg\u00ebnjyer nga femrat shqiptare - Lajme nga Ulqini","description":"Autoironis\u00eb s\u00eb hidhur t\u00eb \u201cSuperstarit\u201d t\u00eb quajtur Kastro Zizo, nuk i shp\u00ebtojn\u00eb dot as artist\u00ebt e tjer\u00eb, q\u00eb vet\u00ebndihen t\u00eb till\u00eb n\u00eb tregun muzikor shqiptar.","robots":{"index":"index","follow":"follow","max-snippet":"max-snippet:-1","max-image-preview":"max-image-preview:large","max-video-preview":"max-video-preview:-1"},"canonical":"https:\/\/www.visit-ulcinj.com\/blog\/2011\/03\/29\/kastro-zizo-jam-i-zhgenjyer-nga-femrat-shqiptare\/","og_locale":"en_US","og_type":"article","og_title":"Kastro Zizo: Jam i zhg\u00ebnjyer nga femrat shqiptare - Lajme nga Ulqini","og_description":"Autoironis\u00eb s\u00eb hidhur t\u00eb \u201cSuperstarit\u201d t\u00eb quajtur Kastro Zizo, nuk i shp\u00ebtojn\u00eb dot as artist\u00ebt e tjer\u00eb, q\u00eb vet\u00ebndihen t\u00eb till\u00eb n\u00eb tregun muzikor shqiptar.","og_url":"https:\/\/www.visit-ulcinj.com\/blog\/2011\/03\/29\/kastro-zizo-jam-i-zhgenjyer-nga-femrat-shqiptare\/","og_site_name":"Lajme nga Ulqini","article_published_time":"2011-03-29T11:39:40+00:00","article_modified_time":"2011-03-29T11:41:14+00:00","og_image":[{"url":"http:\/\/www.visit-ulcinj.com\/blog\/wp-content\/uploads\/2011\/03\/Kastro-Zizo.jpg"}],"twitter_misc":{"Written by":"ulqini","Est. reading time":"3 minutes"},"schema":{"@context":"https:\/\/schema.org","@graph":[{"@type":"WebSite","@id":"https:\/\/www.visit-ulcinj.com\/blog\/#website","url":"https:\/\/www.visit-ulcinj.com\/blog\/","name":"Lajme nga Ulqini","description":"Lajme,Vijesti,Ulqini,Ulqin,Crna Gora,Mali i Zi","potentialAction":[{"@type":"SearchAction","target":{"@type":"EntryPoint","urlTemplate":"https:\/\/www.visit-ulcinj.com\/blog\/?s={search_term_string}"},"query-input":"required name=search_term_string"}],"inLanguage":"en-US"},{"@type":"ImageObject","inLanguage":"en-US","@id":"https:\/\/www.visit-ulcinj.com\/blog\/2011\/03\/29\/kastro-zizo-jam-i-zhgenjyer-nga-femrat-shqiptare\/#primaryimage","url":"http:\/\/www.visit-ulcinj.com\/blog\/wp-content\/uploads\/2011\/03\/Kastro-Zizo.jpg","contentUrl":"http:\/\/www.visit-ulcinj.com\/blog\/wp-content\/uploads\/2011\/03\/Kastro-Zizo.jpg"},{"@type":"WebPage","@id":"https:\/\/www.visit-ulcinj.com\/blog\/2011\/03\/29\/kastro-zizo-jam-i-zhgenjyer-nga-femrat-shqiptare\/#webpage","url":"https:\/\/www.visit-ulcinj.com\/blog\/2011\/03\/29\/kastro-zizo-jam-i-zhgenjyer-nga-femrat-shqiptare\/","name":"Kastro Zizo: Jam i zhg\u00ebnjyer nga femrat shqiptare - Lajme nga Ulqini","isPartOf":{"@id":"https:\/\/www.visit-ulcinj.com\/blog\/#website"},"primaryImageOfPage":{"@id":"https:\/\/www.visit-ulcinj.com\/blog\/2011\/03\/29\/kastro-zizo-jam-i-zhgenjyer-nga-femrat-shqiptare\/#primaryimage"},"datePublished":"2011-03-29T11:39:40+00:00","dateModified":"2011-03-29T11:41:14+00:00","author":{"@id":"https:\/\/www.visit-ulcinj.com\/blog\/#\/schema\/person\/dcab619c614d3038751c63bc2aadc06d"},"description":"Autoironis\u00eb s\u00eb hidhur t\u00eb \u201cSuperstarit\u201d t\u00eb quajtur Kastro Zizo, nuk i shp\u00ebtojn\u00eb dot as artist\u00ebt e tjer\u00eb, q\u00eb vet\u00ebndihen t\u00eb till\u00eb n\u00eb tregun muzikor shqiptar.","breadcrumb":{"@id":"https:\/\/www.visit-ulcinj.com\/blog\/2011\/03\/29\/kastro-zizo-jam-i-zhgenjyer-nga-femrat-shqiptare\/#breadcrumb"},"inLanguage":"en-US","potentialAction":[{"@type":"ReadAction","target":["https:\/\/www.visit-ulcinj.com\/blog\/2011\/03\/29\/kastro-zizo-jam-i-zhgenjyer-nga-femrat-shqiptare\/"]}]},{"@type":"BreadcrumbList","@id":"https:\/\/www.visit-ulcinj.com\/blog\/2011\/03\/29\/kastro-zizo-jam-i-zhgenjyer-nga-femrat-shqiptare\/#breadcrumb","itemListElement":[{"@type":"ListItem","position":1,"name":"Kastro Zizo: Jam i zhg\u00ebnjyer nga femrat shqiptare"}]},{"@type":"Person","@id":"https:\/\/www.visit-ulcinj.com\/blog\/#\/schema\/person\/dcab619c614d3038751c63bc2aadc06d","name":"ulqini","sameAs":["http:\/\/www.visit-ulcinj.com"],"url":"https:\/\/www.visit-ulcinj.com\/blog\/author\/admin\/"}]}},"jetpack_featured_media_url":"","jetpack_sharing_enabled":true,"jetpack_shortlink":"https:\/\/wp.me\/pe6lTn-bM7","_links":{"self":[{"href":"https:\/\/www.visit-ulcinj.com\/blog\/wp-json\/wp\/v2\/posts\/45267"}],"collection":[{"href":"https:\/\/www.visit-ulcinj.com\/blog\/wp-json\/wp\/v2\/posts"}],"about":[{"href":"https:\/\/www.visit-ulcinj.com\/blog\/wp-json\/wp\/v2\/types\/post"}],"author":[{"embeddable":true,"href":"https:\/\/www.visit-ulcinj.com\/blog\/wp-json\/wp\/v2\/users\/1"}],"replies":[{"embeddable":true,"href":"https:\/\/www.visit-ulcinj.com\/blog\/wp-json\/wp\/v2\/comments?post=45267"}],"version-history":[{"count":0,"href":"https:\/\/www.visit-ulcinj.com\/blog\/wp-json\/wp\/v2\/posts\/45267\/revisions"}],"wp:attachment":[{"href":"https:\/\/www.visit-ulcinj.com\/blog\/wp-json\/wp\/v2\/media?parent=45267"}],"wp:term":[{"taxonomy":"category","embeddable":true,"href":"https:\/\/www.visit-ulcinj.com\/blog\/wp-json\/wp\/v2\/categories?post=45267"},{"taxonomy":"post_tag","embeddable":true,"href":"https:\/\/www.visit-ulcinj.com\/blog\/wp-json\/wp\/v2\/tags?post=45267"}],"curies":[{"name":"wp","href":"https:\/\/api.w.org\/{rel}","templated":true}]}}