{"id":45292,"date":"2011-03-29T14:53:25","date_gmt":"2011-03-29T13:53:25","guid":{"rendered":"http:\/\/www.visit-ulcinj.com\/blog\/?p=45292"},"modified":"2011-03-29T15:13:49","modified_gmt":"2011-03-29T14:13:49","slug":"zabranjen-pristup-dokumentaciji-o-valdanosu","status":"publish","type":"post","link":"https:\/\/www.visit-ulcinj.com\/blog\/2011\/03\/29\/zabranjen-pristup-dokumentaciji-o-valdanosu\/","title":{"rendered":"Zabranjen pristup dokumentaciji o Valdanosu"},"content":{"rendered":"<p><strong><a href=\"http:\/\/www.visit-ulcinj.com\/blog\/wp-content\/uploads\/2011\/03\/Valdanos-Bay-Beach-Ulcinj-Montenegro.1.jpg\"><img loading=\"lazy\" class=\"alignleft size-full wp-image-45303\" title=\"Valdanos Bay Beach Ulcinj Montenegro.1\" src=\"http:\/\/www.visit-ulcinj.com\/blog\/wp-content\/uploads\/2011\/03\/Valdanos-Bay-Beach-Ulcinj-Montenegro.1.jpg\" alt=\"\" width=\"508\" height=\"380\" srcset=\"https:\/\/www.visit-ulcinj.com\/blog\/wp-content\/uploads\/2011\/03\/Valdanos-Bay-Beach-Ulcinj-Montenegro.1.jpg 800w, https:\/\/www.visit-ulcinj.com\/blog\/wp-content\/uploads\/2011\/03\/Valdanos-Bay-Beach-Ulcinj-Montenegro.1-300x225.jpg 300w\" sizes=\"(max-width: 508px) 100vw, 508px\" \/><\/a>Crveno svjetlo za Mans<br \/>\n<\/strong>Pristup zabranjen dokumentaciji kojom je Kjubus luks navodno dokazao da je tri godine poslovao pozitivno, da je imao godi\u0161nji promet ve\u0107i od 100 miliona eura.<br \/>\nVlada Crne Gore i Savjet za privatizaciju i kapitalne projekte nastavlaju da kriju klju\u010dne informacije u vezi sa tenderom za izdavanje u dugoro\u010dni zakup uvale Valdanos, \u0161to pokazuje i najnovija odluka Savjeta da zabrani pristup klju\u010dnim informacijama o ovom tenderu, saop\u0161teno je iz Mre\u017ee za afirmaciju nevladinog sektora (MANS).<strong> <\/strong><\/p>\n<p>&#8220;Nakon vi\u0161e od mjesec dana i podnijete tu\u017ebe pred Upravnim sudom, Savjet za privatizaciju je dostavio odgovor na na\u0161 zahtijev za pristup informacijama o tenderskoj dokumentaciji za Valdanos.<\/p>\n<p>&nbsp;<\/p>\n<h3><a title=\"valdanos\" href=\"http:\/\/www.vijesti.me\/vijesti\/zabranjen-pristup-dokumentaciji-valdanosu-clanak-13025\" target=\"_blank\"><strong>Pro\u010ditaj vijest do kraja &gt;&gt; Vijesti<\/strong><\/a><\/h3>\n<!--YouTube Error: bad URL entered-->\n","protected":false},"excerpt":{"rendered":"<p>Crveno svjetlo za Mans Pristup zabranjen dokumentaciji kojom je Kjubus luks navodno dokazao da je tri godine poslovao pozitivno, da je imao godi\u0161nji promet ve\u0107i od 100 miliona eura. Vlada Crne Gore i Savjet za privatizaciju i kapitalne projekte nastavlaju da kriju klju\u010dne informacije u vezi sa tenderom za izdavanje u dugoro\u010dni zakup uvale Valdanos, [&hellip;]<\/p>\n","protected":false},"author":1,"featured_media":0,"comment_status":"open","ping_status":"closed","sticky":false,"template":"","format":"standard","meta":{"spay_email":"","jetpack_publicize_message":"","jetpack_is_tweetstorm":false,"jetpack_publicize_feature_enabled":true},"categories":[8337],"tags":[17296,19,136,434],"jetpack_publicize_connections":[],"yoast_head":"<!-- This site is optimized with the Yoast SEO plugin v19.1 - https:\/\/yoast.com\/wordpress\/plugins\/seo\/ -->\n<title>Zabranjen pristup dokumentaciji o Valdanosu - Lajme nga Ulqini<\/title>\n<meta name=\"description\" content=\"Crveno svjetlo za Mans Pristup zabranjen dokumentaciji kojom je Kjubus luks navodno dokazao da je tri godine poslovao pozitivno, da je imao godi\u0161nji\" \/>\n<meta name=\"robots\" content=\"index, follow, max-snippet:-1, max-image-preview:large, max-video-preview:-1\" \/>\n<link rel=\"canonical\" href=\"https:\/\/www.visit-ulcinj.com\/blog\/2011\/03\/29\/zabranjen-pristup-dokumentaciji-o-valdanosu\/\" \/>\n<meta property=\"og:locale\" content=\"en_US\" \/>\n<meta property=\"og:type\" content=\"article\" \/>\n<meta property=\"og:title\" content=\"Zabranjen pristup dokumentaciji o Valdanosu - Lajme nga Ulqini\" \/>\n<meta property=\"og:description\" content=\"Crveno svjetlo za Mans Pristup zabranjen dokumentaciji kojom je Kjubus luks navodno dokazao da je tri godine poslovao pozitivno, da je imao godi\u0161nji\" \/>\n<meta property=\"og:url\" content=\"https:\/\/www.visit-ulcinj.com\/blog\/2011\/03\/29\/zabranjen-pristup-dokumentaciji-o-valdanosu\/\" \/>\n<meta property=\"og:site_name\" content=\"Lajme nga Ulqini\" \/>\n<meta property=\"article:published_time\" content=\"2011-03-29T13:53:25+00:00\" \/>\n<meta property=\"article:modified_time\" content=\"2011-03-29T14:13:49+00:00\" \/>\n<meta property=\"og:image\" content=\"http:\/\/www.visit-ulcinj.com\/blog\/wp-content\/uploads\/2011\/03\/Valdanos-Bay-Beach-Ulcinj-Montenegro.1.jpg\" \/>\n<meta name=\"twitter:label1\" content=\"Written by\" \/>\n\t<meta name=\"twitter:data1\" content=\"ulqini\" \/>\n\t<meta name=\"twitter:label2\" content=\"Est. reading time\" \/>\n\t<meta name=\"twitter:data2\" content=\"1 minute\" \/>\n<script type=\"application\/ld+json\" class=\"yoast-schema-graph\">{\"@context\":\"https:\/\/schema.org\",\"@graph\":[{\"@type\":\"WebSite\",\"@id\":\"https:\/\/www.visit-ulcinj.com\/blog\/#website\",\"url\":\"https:\/\/www.visit-ulcinj.com\/blog\/\",\"name\":\"Lajme nga Ulqini\",\"description\":\"Lajme,Vijesti,Ulqini,Ulqin,Crna Gora,Mali i Zi\",\"potentialAction\":[{\"@type\":\"SearchAction\",\"target\":{\"@type\":\"EntryPoint\",\"urlTemplate\":\"https:\/\/www.visit-ulcinj.com\/blog\/?s={search_term_string}\"},\"query-input\":\"required name=search_term_string\"}],\"inLanguage\":\"en-US\"},{\"@type\":\"ImageObject\",\"inLanguage\":\"en-US\",\"@id\":\"https:\/\/www.visit-ulcinj.com\/blog\/2011\/03\/29\/zabranjen-pristup-dokumentaciji-o-valdanosu\/#primaryimage\",\"url\":\"https:\/\/www.visit-ulcinj.com\/blog\/wp-content\/uploads\/2011\/03\/Valdanos-Bay-Beach-Ulcinj-Montenegro.1.jpg\",\"contentUrl\":\"https:\/\/www.visit-ulcinj.com\/blog\/wp-content\/uploads\/2011\/03\/Valdanos-Bay-Beach-Ulcinj-Montenegro.1.jpg\",\"width\":\"800\",\"height\":\"600\"},{\"@type\":\"WebPage\",\"@id\":\"https:\/\/www.visit-ulcinj.com\/blog\/2011\/03\/29\/zabranjen-pristup-dokumentaciji-o-valdanosu\/#webpage\",\"url\":\"https:\/\/www.visit-ulcinj.com\/blog\/2011\/03\/29\/zabranjen-pristup-dokumentaciji-o-valdanosu\/\",\"name\":\"Zabranjen pristup dokumentaciji o Valdanosu - Lajme nga Ulqini\",\"isPartOf\":{\"@id\":\"https:\/\/www.visit-ulcinj.com\/blog\/#website\"},\"primaryImageOfPage\":{\"@id\":\"https:\/\/www.visit-ulcinj.com\/blog\/2011\/03\/29\/zabranjen-pristup-dokumentaciji-o-valdanosu\/#primaryimage\"},\"datePublished\":\"2011-03-29T13:53:25+00:00\",\"dateModified\":\"2011-03-29T14:13:49+00:00\",\"author\":{\"@id\":\"https:\/\/www.visit-ulcinj.com\/blog\/#\/schema\/person\/dcab619c614d3038751c63bc2aadc06d\"},\"description\":\"Crveno svjetlo za Mans Pristup zabranjen dokumentaciji kojom je Kjubus luks navodno dokazao da je tri godine poslovao pozitivno, da je imao godi\u0161nji\",\"breadcrumb\":{\"@id\":\"https:\/\/www.visit-ulcinj.com\/blog\/2011\/03\/29\/zabranjen-pristup-dokumentaciji-o-valdanosu\/#breadcrumb\"},\"inLanguage\":\"en-US\",\"potentialAction\":[{\"@type\":\"ReadAction\",\"target\":[\"https:\/\/www.visit-ulcinj.com\/blog\/2011\/03\/29\/zabranjen-pristup-dokumentaciji-o-valdanosu\/\"]}]},{\"@type\":\"BreadcrumbList\",\"@id\":\"https:\/\/www.visit-ulcinj.com\/blog\/2011\/03\/29\/zabranjen-pristup-dokumentaciji-o-valdanosu\/#breadcrumb\",\"itemListElement\":[{\"@type\":\"ListItem\",\"position\":1,\"name\":\"Zabranjen pristup dokumentaciji o Valdanosu\"}]},{\"@type\":\"Person\",\"@id\":\"https:\/\/www.visit-ulcinj.com\/blog\/#\/schema\/person\/dcab619c614d3038751c63bc2aadc06d\",\"name\":\"ulqini\",\"sameAs\":[\"http:\/\/www.visit-ulcinj.com\"],\"url\":\"https:\/\/www.visit-ulcinj.com\/blog\/author\/admin\/\"}]}<\/script>\n<!-- \/ Yoast SEO plugin. -->","yoast_head_json":{"title":"Zabranjen pristup dokumentaciji o Valdanosu - Lajme nga Ulqini","description":"Crveno svjetlo za Mans Pristup zabranjen dokumentaciji kojom je Kjubus luks navodno dokazao da je tri godine poslovao pozitivno, da je imao godi\u0161nji","robots":{"index":"index","follow":"follow","max-snippet":"max-snippet:-1","max-image-preview":"max-image-preview:large","max-video-preview":"max-video-preview:-1"},"canonical":"https:\/\/www.visit-ulcinj.com\/blog\/2011\/03\/29\/zabranjen-pristup-dokumentaciji-o-valdanosu\/","og_locale":"en_US","og_type":"article","og_title":"Zabranjen pristup dokumentaciji o Valdanosu - Lajme nga Ulqini","og_description":"Crveno svjetlo za Mans Pristup zabranjen dokumentaciji kojom je Kjubus luks navodno dokazao da je tri godine poslovao pozitivno, da je imao godi\u0161nji","og_url":"https:\/\/www.visit-ulcinj.com\/blog\/2011\/03\/29\/zabranjen-pristup-dokumentaciji-o-valdanosu\/","og_site_name":"Lajme nga Ulqini","article_published_time":"2011-03-29T13:53:25+00:00","article_modified_time":"2011-03-29T14:13:49+00:00","og_image":[{"url":"http:\/\/www.visit-ulcinj.com\/blog\/wp-content\/uploads\/2011\/03\/Valdanos-Bay-Beach-Ulcinj-Montenegro.1.jpg"}],"twitter_misc":{"Written by":"ulqini","Est. reading time":"1 minute"},"schema":{"@context":"https:\/\/schema.org","@graph":[{"@type":"WebSite","@id":"https:\/\/www.visit-ulcinj.com\/blog\/#website","url":"https:\/\/www.visit-ulcinj.com\/blog\/","name":"Lajme nga Ulqini","description":"Lajme,Vijesti,Ulqini,Ulqin,Crna Gora,Mali i Zi","potentialAction":[{"@type":"SearchAction","target":{"@type":"EntryPoint","urlTemplate":"https:\/\/www.visit-ulcinj.com\/blog\/?s={search_term_string}"},"query-input":"required name=search_term_string"}],"inLanguage":"en-US"},{"@type":"ImageObject","inLanguage":"en-US","@id":"https:\/\/www.visit-ulcinj.com\/blog\/2011\/03\/29\/zabranjen-pristup-dokumentaciji-o-valdanosu\/#primaryimage","url":"https:\/\/www.visit-ulcinj.com\/blog\/wp-content\/uploads\/2011\/03\/Valdanos-Bay-Beach-Ulcinj-Montenegro.1.jpg","contentUrl":"https:\/\/www.visit-ulcinj.com\/blog\/wp-content\/uploads\/2011\/03\/Valdanos-Bay-Beach-Ulcinj-Montenegro.1.jpg","width":"800","height":"600"},{"@type":"WebPage","@id":"https:\/\/www.visit-ulcinj.com\/blog\/2011\/03\/29\/zabranjen-pristup-dokumentaciji-o-valdanosu\/#webpage","url":"https:\/\/www.visit-ulcinj.com\/blog\/2011\/03\/29\/zabranjen-pristup-dokumentaciji-o-valdanosu\/","name":"Zabranjen pristup dokumentaciji o Valdanosu - Lajme nga Ulqini","isPartOf":{"@id":"https:\/\/www.visit-ulcinj.com\/blog\/#website"},"primaryImageOfPage":{"@id":"https:\/\/www.visit-ulcinj.com\/blog\/2011\/03\/29\/zabranjen-pristup-dokumentaciji-o-valdanosu\/#primaryimage"},"datePublished":"2011-03-29T13:53:25+00:00","dateModified":"2011-03-29T14:13:49+00:00","author":{"@id":"https:\/\/www.visit-ulcinj.com\/blog\/#\/schema\/person\/dcab619c614d3038751c63bc2aadc06d"},"description":"Crveno svjetlo za Mans Pristup zabranjen dokumentaciji kojom je Kjubus luks navodno dokazao da je tri godine poslovao pozitivno, da je imao godi\u0161nji","breadcrumb":{"@id":"https:\/\/www.visit-ulcinj.com\/blog\/2011\/03\/29\/zabranjen-pristup-dokumentaciji-o-valdanosu\/#breadcrumb"},"inLanguage":"en-US","potentialAction":[{"@type":"ReadAction","target":["https:\/\/www.visit-ulcinj.com\/blog\/2011\/03\/29\/zabranjen-pristup-dokumentaciji-o-valdanosu\/"]}]},{"@type":"BreadcrumbList","@id":"https:\/\/www.visit-ulcinj.com\/blog\/2011\/03\/29\/zabranjen-pristup-dokumentaciji-o-valdanosu\/#breadcrumb","itemListElement":[{"@type":"ListItem","position":1,"name":"Zabranjen pristup dokumentaciji o Valdanosu"}]},{"@type":"Person","@id":"https:\/\/www.visit-ulcinj.com\/blog\/#\/schema\/person\/dcab619c614d3038751c63bc2aadc06d","name":"ulqini","sameAs":["http:\/\/www.visit-ulcinj.com"],"url":"https:\/\/www.visit-ulcinj.com\/blog\/author\/admin\/"}]}},"jetpack_featured_media_url":"","jetpack_sharing_enabled":true,"jetpack_shortlink":"https:\/\/wp.me\/pe6lTn-bMw","_links":{"self":[{"href":"https:\/\/www.visit-ulcinj.com\/blog\/wp-json\/wp\/v2\/posts\/45292"}],"collection":[{"href":"https:\/\/www.visit-ulcinj.com\/blog\/wp-json\/wp\/v2\/posts"}],"about":[{"href":"https:\/\/www.visit-ulcinj.com\/blog\/wp-json\/wp\/v2\/types\/post"}],"author":[{"embeddable":true,"href":"https:\/\/www.visit-ulcinj.com\/blog\/wp-json\/wp\/v2\/users\/1"}],"replies":[{"embeddable":true,"href":"https:\/\/www.visit-ulcinj.com\/blog\/wp-json\/wp\/v2\/comments?post=45292"}],"version-history":[{"count":0,"href":"https:\/\/www.visit-ulcinj.com\/blog\/wp-json\/wp\/v2\/posts\/45292\/revisions"}],"wp:attachment":[{"href":"https:\/\/www.visit-ulcinj.com\/blog\/wp-json\/wp\/v2\/media?parent=45292"}],"wp:term":[{"taxonomy":"category","embeddable":true,"href":"https:\/\/www.visit-ulcinj.com\/blog\/wp-json\/wp\/v2\/categories?post=45292"},{"taxonomy":"post_tag","embeddable":true,"href":"https:\/\/www.visit-ulcinj.com\/blog\/wp-json\/wp\/v2\/tags?post=45292"}],"curies":[{"name":"wp","href":"https:\/\/api.w.org\/{rel}","templated":true}]}}