{"id":45297,"date":"2011-03-29T15:02:48","date_gmt":"2011-03-29T14:02:48","guid":{"rendered":"http:\/\/www.visit-ulcinj.com\/blog\/?p=45297"},"modified":"2011-03-29T15:07:37","modified_gmt":"2011-03-29T14:07:37","slug":"opstina-ulcinj-brine-o-vjerskim-zajednicama","status":"publish","type":"post","link":"https:\/\/www.visit-ulcinj.com\/blog\/2011\/03\/29\/opstina-ulcinj-brine-o-vjerskim-zajednicama\/","title":{"rendered":"Op\u0161tina Ulcinj brine o vjerskim zajednicama"},"content":{"rendered":"<p><a href=\"http:\/\/www.visit-ulcinj.com\/blog\/wp-content\/uploads\/2011\/03\/Opstina-Ulcinj-brine-o-vjerskim-zajednicama.jpg\"><img loading=\"lazy\" class=\"alignleft size-full wp-image-45298\" title=\"Opstina Ulcinj brine o vjerskim zajednicama\" src=\"http:\/\/www.visit-ulcinj.com\/blog\/wp-content\/uploads\/2011\/03\/Opstina-Ulcinj-brine-o-vjerskim-zajednicama.jpg\" alt=\"\" width=\"508\" height=\"380\" \/><\/a>ULCINJ &#8211; Predsjednik op\u0161tine Ulcinj Gzim Hajdinaga i predsjednik parlamenta Ljui\u0111 \u0160krelja primili su ju\u010de \u010delnike vjerskih zajednica &#8211; glavnog imama Rifat ef. Jusufija, katoli\u010dkog sve\u0161tenika don Toma Ko\u010dovi\u0107a i protojereja ulcinjske parohije pravoslavne crkve Radojicu Bo\u017eovi\u0107a. Glavni imam Jusufi zahvalio je \u010delnicima lokalne vlasti na dosada\u0161njem anga\u017eovanju na unapre\u0111enju polo\u017eaja islamske zajednice, pogotovo kad je u pitanju vra\u0107anje imovine. Protojerej Radojica Bo\u017eovi\u0107 je asfaltiranje puta prema Crkvi Sv. Vasilija, u du\u017eini od 800 metara, ozna\u010dio kao potvrdu uspje\u0161ne saradnje i brigu op\u0161tine o vjerskim zajednicama. Ko\u010dovi\u0107 je naglasio da ove susrete sa \u010delnicima lokalne vlasti do\u017eivljava kao veoma iskrene i da, koliko je on upoznat, niko u regionu ne prire\u0111uje ni\u0161ta sli\u010dno. Dogovoreno je da se u bliskoj budu\u0107nosti organizuje zajedni\u010dki sastanak na kome bi sve vjerske zajednice govorile o svojim problemima i sugerisale rje\u0161enja. Hajdinaga i \u0160krelja su potvrdili spremnost lokalnih vlasti da i ubudu\u0107e podr\u017eavaju vjerske zajednice.<br \/>\n<a href=\"http:\/\/www.pobjeda.co.me\/citanje.php?datum=2011-03-29&amp;id=204900\" target=\"_blank\"><strong>A. \u017d.<br \/>\nPobjeda<\/strong><\/a><\/p>\n<p><strong><a href=\"http:\/\/www.visit-ulcinj.com\/blog\/wp-content\/uploads\/2011\/03\/Dan-Opstine-Ulcinj-2011.jpg\"><img loading=\"lazy\" class=\"alignleft size-full wp-image-45137\" title=\"Dan Opstine Ulcinj 2011\" src=\"http:\/\/www.visit-ulcinj.com\/blog\/wp-content\/uploads\/2011\/03\/Dan-Opstine-Ulcinj-2011.jpg\" alt=\"\" width=\"508\" height=\"300\" \/><\/a>Program, Dan Op\u0161tine Ulcinj 2011<\/strong><\/p>\n<p><strong><span style=\"text-decoration: underline;\">26.03.2011 (subota)<\/span><\/strong><\/p>\n<p>11.00    Sve\u010dani po\u010detak manifestacije \u2019\u2019 Maslina \u2013 blago Ulcinja\u2019\u2019 (Hollegro)<\/p>\n<p>&nbsp;<\/p>\n<p><strong><span style=\"text-decoration: underline;\">28.03.2011 (ponedjeljak)<\/span><\/strong><\/p>\n<p>11.00 Prijem predstavnika vjerskih zajednica<\/p>\n<p>19.00 Koncert muzi\u010dke \u0161kole (Mu\u017ei\u010dka \u0161kola, Ulcinj)<\/p>\n<p>&nbsp;<\/p>\n<p><span style=\"text-decoration: underline;\">29.03.2011 (utorak)<\/span><\/p>\n<p>11.00 Dodjela priznanja najboljim u\u010denicima (Galerija centra za kulturu)<\/p>\n<p>18.00 Finale turnira u Ping-Pongu (sala kod kru\u017enog toka)<\/p>\n<p><span style=\"text-decoration: underline;\"> <\/span><\/p>\n<p><strong><span style=\"text-decoration: underline;\">30.03.2011 (srijeda)<\/span><\/strong><\/p>\n<p>11.00 Manifestacija \u2019\u20191000 cvjeta za Anamalit\u2019\u2019(Vladimir)<\/p>\n<p>19.00 Promocija knjiga \u2019\u2019Rje\u010dnik pomorskih termina\u2019\u2019 autora Hajro Ulqinaku i \u2019\u2019Pomorsko-trgova\u010dka flota Ulcinja kroz vijekove\u2019\u2019 autora dr.prof. Maksud Had\u017eibrahimi (gradska bibloteka)<\/p>\n<p>&nbsp;<\/p>\n<p><strong><span style=\"text-decoration: underline;\">31.03.2011 (\u010detvrtak)<\/span><\/strong><\/p>\n<p>19.00 Izlo\u017eba radova Agrona Ujka\u0161ija (galerija centra za kulturu)<\/p>\n<p>&nbsp;<\/p>\n<p><strong><span style=\"text-decoration: underline;\">01.03.2011 (petak)<\/span><\/strong><\/p>\n<p>10.00 Po\u010detak 3. nau\u010dne konferencije \u2019\u2019Perspektiva ekonomskog razvoja \u2013 \u0161anse i izazovi\u2019\u2019(sala S.O. Ulcinj)<\/p>\n<p>17.00 Posjeta gradili\u0161tu mosta na Port Mileni<\/p>\n<p>&nbsp;<\/p>\n<p><strong><span style=\"text-decoration: underline;\">02.03.2011 (subota)<\/span><\/strong><\/p>\n<p>11.00 Sve\u010dana sjednica Skup\u0161tine Op\u0161tine Ulcinj (Centar za kulturu)<\/p>\n<p>20.00 Zajedni\u010dki koncert zabavlja\u010da iz Ulcinja i Dra\u010da (Centar za kulturu)<\/p>\n<p>&nbsp;<\/p>\n<p><strong><span style=\"text-decoration: underline;\">03.03.2011 (nedjelja)<\/span><\/strong><\/p>\n<p>14.00 Sve\u010dano otvaranje turnira u karateu \u2019\u2019Samurai Karate Cup 2011 (sala Bratstvo Jedinstvo)<\/p>\n<p>&nbsp;<\/p>\n<p><strong>Municipality of Ulcinj \/ Ulqin<br \/>\nArsllan Hajdinaga<\/strong><\/p>\n<p><strong><!--YouTube Error: bad URL entered--><\/strong><\/p>\n","protected":false},"excerpt":{"rendered":"<p>ULCINJ &#8211; Predsjednik op\u0161tine Ulcinj Gzim Hajdinaga i predsjednik parlamenta Ljui\u0111 \u0160krelja primili su ju\u010de \u010delnike vjerskih zajednica &#8211; glavnog imama Rifat ef. Jusufija, katoli\u010dkog sve\u0161tenika don Toma Ko\u010dovi\u0107a i protojereja ulcinjske parohije pravoslavne crkve Radojicu Bo\u017eovi\u0107a. Glavni imam Jusufi zahvalio je \u010delnicima lokalne vlasti na dosada\u0161njem anga\u017eovanju na unapre\u0111enju polo\u017eaja islamske zajednice, pogotovo kad [&hellip;]<\/p>\n","protected":false},"author":1,"featured_media":0,"comment_status":"open","ping_status":"closed","sticky":false,"template":"","format":"standard","meta":{"spay_email":"","jetpack_publicize_message":"","jetpack_is_tweetstorm":false,"jetpack_publicize_feature_enabled":true},"categories":[8337],"tags":[264,8625,17891],"jetpack_publicize_connections":[],"yoast_head":"<!-- This site is optimized with the Yoast SEO plugin v19.1 - https:\/\/yoast.com\/wordpress\/plugins\/seo\/ -->\n<title>Op\u0161tina Ulcinj brine o vjerskim zajednicama - Lajme nga Ulqini<\/title>\n<meta name=\"description\" content=\"ULCINJ - Predsjednik op\u0161tine Ulcinj Gzim Hajdinaga i predsjednik parlamenta Ljui\u0111 \u0160krelja primili su ju\u010de \u010delnike vjerskih zajednica - glavnog imama Rifat\" \/>\n<meta name=\"robots\" content=\"index, follow, max-snippet:-1, max-image-preview:large, max-video-preview:-1\" \/>\n<link rel=\"canonical\" href=\"https:\/\/www.visit-ulcinj.com\/blog\/2011\/03\/29\/opstina-ulcinj-brine-o-vjerskim-zajednicama\/\" \/>\n<meta property=\"og:locale\" content=\"en_US\" \/>\n<meta property=\"og:type\" content=\"article\" \/>\n<meta property=\"og:title\" content=\"Op\u0161tina Ulcinj brine o vjerskim zajednicama - Lajme nga Ulqini\" \/>\n<meta property=\"og:description\" content=\"ULCINJ - Predsjednik op\u0161tine Ulcinj Gzim Hajdinaga i predsjednik parlamenta Ljui\u0111 \u0160krelja primili su ju\u010de \u010delnike vjerskih zajednica - glavnog imama Rifat\" \/>\n<meta property=\"og:url\" content=\"https:\/\/www.visit-ulcinj.com\/blog\/2011\/03\/29\/opstina-ulcinj-brine-o-vjerskim-zajednicama\/\" \/>\n<meta property=\"og:site_name\" content=\"Lajme nga Ulqini\" \/>\n<meta property=\"article:published_time\" content=\"2011-03-29T14:02:48+00:00\" \/>\n<meta property=\"article:modified_time\" content=\"2011-03-29T14:07:37+00:00\" \/>\n<meta property=\"og:image\" content=\"http:\/\/www.visit-ulcinj.com\/blog\/wp-content\/uploads\/2011\/03\/Opstina-Ulcinj-brine-o-vjerskim-zajednicama.jpg\" \/>\n<meta name=\"twitter:label1\" content=\"Written by\" \/>\n\t<meta name=\"twitter:data1\" content=\"ulqini\" \/>\n\t<meta name=\"twitter:label2\" content=\"Est. reading time\" \/>\n\t<meta name=\"twitter:data2\" content=\"2 minutes\" \/>\n<script type=\"application\/ld+json\" class=\"yoast-schema-graph\">{\"@context\":\"https:\/\/schema.org\",\"@graph\":[{\"@type\":\"WebSite\",\"@id\":\"https:\/\/www.visit-ulcinj.com\/blog\/#website\",\"url\":\"https:\/\/www.visit-ulcinj.com\/blog\/\",\"name\":\"Lajme nga Ulqini\",\"description\":\"Lajme,Vijesti,Ulqini,Ulqin,Crna Gora,Mali i Zi\",\"potentialAction\":[{\"@type\":\"SearchAction\",\"target\":{\"@type\":\"EntryPoint\",\"urlTemplate\":\"https:\/\/www.visit-ulcinj.com\/blog\/?s={search_term_string}\"},\"query-input\":\"required name=search_term_string\"}],\"inLanguage\":\"en-US\"},{\"@type\":\"ImageObject\",\"inLanguage\":\"en-US\",\"@id\":\"https:\/\/www.visit-ulcinj.com\/blog\/2011\/03\/29\/opstina-ulcinj-brine-o-vjerskim-zajednicama\/#primaryimage\",\"url\":\"https:\/\/www.visit-ulcinj.com\/blog\/wp-content\/uploads\/2011\/03\/Opstina-Ulcinj-brine-o-vjerskim-zajednicama.jpg\",\"contentUrl\":\"https:\/\/www.visit-ulcinj.com\/blog\/wp-content\/uploads\/2011\/03\/Opstina-Ulcinj-brine-o-vjerskim-zajednicama.jpg\",\"width\":\"720\",\"height\":\"431\"},{\"@type\":\"WebPage\",\"@id\":\"https:\/\/www.visit-ulcinj.com\/blog\/2011\/03\/29\/opstina-ulcinj-brine-o-vjerskim-zajednicama\/#webpage\",\"url\":\"https:\/\/www.visit-ulcinj.com\/blog\/2011\/03\/29\/opstina-ulcinj-brine-o-vjerskim-zajednicama\/\",\"name\":\"Op\u0161tina Ulcinj brine o vjerskim zajednicama - Lajme nga Ulqini\",\"isPartOf\":{\"@id\":\"https:\/\/www.visit-ulcinj.com\/blog\/#website\"},\"primaryImageOfPage\":{\"@id\":\"https:\/\/www.visit-ulcinj.com\/blog\/2011\/03\/29\/opstina-ulcinj-brine-o-vjerskim-zajednicama\/#primaryimage\"},\"datePublished\":\"2011-03-29T14:02:48+00:00\",\"dateModified\":\"2011-03-29T14:07:37+00:00\",\"author\":{\"@id\":\"https:\/\/www.visit-ulcinj.com\/blog\/#\/schema\/person\/dcab619c614d3038751c63bc2aadc06d\"},\"description\":\"ULCINJ - Predsjednik op\u0161tine Ulcinj Gzim Hajdinaga i predsjednik parlamenta Ljui\u0111 \u0160krelja primili su ju\u010de \u010delnike vjerskih zajednica - glavnog imama Rifat\",\"breadcrumb\":{\"@id\":\"https:\/\/www.visit-ulcinj.com\/blog\/2011\/03\/29\/opstina-ulcinj-brine-o-vjerskim-zajednicama\/#breadcrumb\"},\"inLanguage\":\"en-US\",\"potentialAction\":[{\"@type\":\"ReadAction\",\"target\":[\"https:\/\/www.visit-ulcinj.com\/blog\/2011\/03\/29\/opstina-ulcinj-brine-o-vjerskim-zajednicama\/\"]}]},{\"@type\":\"BreadcrumbList\",\"@id\":\"https:\/\/www.visit-ulcinj.com\/blog\/2011\/03\/29\/opstina-ulcinj-brine-o-vjerskim-zajednicama\/#breadcrumb\",\"itemListElement\":[{\"@type\":\"ListItem\",\"position\":1,\"name\":\"Op\u0161tina Ulcinj brine o vjerskim zajednicama\"}]},{\"@type\":\"Person\",\"@id\":\"https:\/\/www.visit-ulcinj.com\/blog\/#\/schema\/person\/dcab619c614d3038751c63bc2aadc06d\",\"name\":\"ulqini\",\"sameAs\":[\"http:\/\/www.visit-ulcinj.com\"],\"url\":\"https:\/\/www.visit-ulcinj.com\/blog\/author\/admin\/\"}]}<\/script>\n<!-- \/ Yoast SEO plugin. -->","yoast_head_json":{"title":"Op\u0161tina Ulcinj brine o vjerskim zajednicama - Lajme nga Ulqini","description":"ULCINJ - Predsjednik op\u0161tine Ulcinj Gzim Hajdinaga i predsjednik parlamenta Ljui\u0111 \u0160krelja primili su ju\u010de \u010delnike vjerskih zajednica - glavnog imama Rifat","robots":{"index":"index","follow":"follow","max-snippet":"max-snippet:-1","max-image-preview":"max-image-preview:large","max-video-preview":"max-video-preview:-1"},"canonical":"https:\/\/www.visit-ulcinj.com\/blog\/2011\/03\/29\/opstina-ulcinj-brine-o-vjerskim-zajednicama\/","og_locale":"en_US","og_type":"article","og_title":"Op\u0161tina Ulcinj brine o vjerskim zajednicama - Lajme nga Ulqini","og_description":"ULCINJ - Predsjednik op\u0161tine Ulcinj Gzim Hajdinaga i predsjednik parlamenta Ljui\u0111 \u0160krelja primili su ju\u010de \u010delnike vjerskih zajednica - glavnog imama Rifat","og_url":"https:\/\/www.visit-ulcinj.com\/blog\/2011\/03\/29\/opstina-ulcinj-brine-o-vjerskim-zajednicama\/","og_site_name":"Lajme nga Ulqini","article_published_time":"2011-03-29T14:02:48+00:00","article_modified_time":"2011-03-29T14:07:37+00:00","og_image":[{"url":"http:\/\/www.visit-ulcinj.com\/blog\/wp-content\/uploads\/2011\/03\/Opstina-Ulcinj-brine-o-vjerskim-zajednicama.jpg"}],"twitter_misc":{"Written by":"ulqini","Est. reading time":"2 minutes"},"schema":{"@context":"https:\/\/schema.org","@graph":[{"@type":"WebSite","@id":"https:\/\/www.visit-ulcinj.com\/blog\/#website","url":"https:\/\/www.visit-ulcinj.com\/blog\/","name":"Lajme nga Ulqini","description":"Lajme,Vijesti,Ulqini,Ulqin,Crna Gora,Mali i Zi","potentialAction":[{"@type":"SearchAction","target":{"@type":"EntryPoint","urlTemplate":"https:\/\/www.visit-ulcinj.com\/blog\/?s={search_term_string}"},"query-input":"required name=search_term_string"}],"inLanguage":"en-US"},{"@type":"ImageObject","inLanguage":"en-US","@id":"https:\/\/www.visit-ulcinj.com\/blog\/2011\/03\/29\/opstina-ulcinj-brine-o-vjerskim-zajednicama\/#primaryimage","url":"https:\/\/www.visit-ulcinj.com\/blog\/wp-content\/uploads\/2011\/03\/Opstina-Ulcinj-brine-o-vjerskim-zajednicama.jpg","contentUrl":"https:\/\/www.visit-ulcinj.com\/blog\/wp-content\/uploads\/2011\/03\/Opstina-Ulcinj-brine-o-vjerskim-zajednicama.jpg","width":"720","height":"431"},{"@type":"WebPage","@id":"https:\/\/www.visit-ulcinj.com\/blog\/2011\/03\/29\/opstina-ulcinj-brine-o-vjerskim-zajednicama\/#webpage","url":"https:\/\/www.visit-ulcinj.com\/blog\/2011\/03\/29\/opstina-ulcinj-brine-o-vjerskim-zajednicama\/","name":"Op\u0161tina Ulcinj brine o vjerskim zajednicama - Lajme nga Ulqini","isPartOf":{"@id":"https:\/\/www.visit-ulcinj.com\/blog\/#website"},"primaryImageOfPage":{"@id":"https:\/\/www.visit-ulcinj.com\/blog\/2011\/03\/29\/opstina-ulcinj-brine-o-vjerskim-zajednicama\/#primaryimage"},"datePublished":"2011-03-29T14:02:48+00:00","dateModified":"2011-03-29T14:07:37+00:00","author":{"@id":"https:\/\/www.visit-ulcinj.com\/blog\/#\/schema\/person\/dcab619c614d3038751c63bc2aadc06d"},"description":"ULCINJ - Predsjednik op\u0161tine Ulcinj Gzim Hajdinaga i predsjednik parlamenta Ljui\u0111 \u0160krelja primili su ju\u010de \u010delnike vjerskih zajednica - glavnog imama Rifat","breadcrumb":{"@id":"https:\/\/www.visit-ulcinj.com\/blog\/2011\/03\/29\/opstina-ulcinj-brine-o-vjerskim-zajednicama\/#breadcrumb"},"inLanguage":"en-US","potentialAction":[{"@type":"ReadAction","target":["https:\/\/www.visit-ulcinj.com\/blog\/2011\/03\/29\/opstina-ulcinj-brine-o-vjerskim-zajednicama\/"]}]},{"@type":"BreadcrumbList","@id":"https:\/\/www.visit-ulcinj.com\/blog\/2011\/03\/29\/opstina-ulcinj-brine-o-vjerskim-zajednicama\/#breadcrumb","itemListElement":[{"@type":"ListItem","position":1,"name":"Op\u0161tina Ulcinj brine o vjerskim zajednicama"}]},{"@type":"Person","@id":"https:\/\/www.visit-ulcinj.com\/blog\/#\/schema\/person\/dcab619c614d3038751c63bc2aadc06d","name":"ulqini","sameAs":["http:\/\/www.visit-ulcinj.com"],"url":"https:\/\/www.visit-ulcinj.com\/blog\/author\/admin\/"}]}},"jetpack_featured_media_url":"","jetpack_sharing_enabled":true,"jetpack_shortlink":"https:\/\/wp.me\/pe6lTn-bMB","_links":{"self":[{"href":"https:\/\/www.visit-ulcinj.com\/blog\/wp-json\/wp\/v2\/posts\/45297"}],"collection":[{"href":"https:\/\/www.visit-ulcinj.com\/blog\/wp-json\/wp\/v2\/posts"}],"about":[{"href":"https:\/\/www.visit-ulcinj.com\/blog\/wp-json\/wp\/v2\/types\/post"}],"author":[{"embeddable":true,"href":"https:\/\/www.visit-ulcinj.com\/blog\/wp-json\/wp\/v2\/users\/1"}],"replies":[{"embeddable":true,"href":"https:\/\/www.visit-ulcinj.com\/blog\/wp-json\/wp\/v2\/comments?post=45297"}],"version-history":[{"count":0,"href":"https:\/\/www.visit-ulcinj.com\/blog\/wp-json\/wp\/v2\/posts\/45297\/revisions"}],"wp:attachment":[{"href":"https:\/\/www.visit-ulcinj.com\/blog\/wp-json\/wp\/v2\/media?parent=45297"}],"wp:term":[{"taxonomy":"category","embeddable":true,"href":"https:\/\/www.visit-ulcinj.com\/blog\/wp-json\/wp\/v2\/categories?post=45297"},{"taxonomy":"post_tag","embeddable":true,"href":"https:\/\/www.visit-ulcinj.com\/blog\/wp-json\/wp\/v2\/tags?post=45297"}],"curies":[{"name":"wp","href":"https:\/\/api.w.org\/{rel}","templated":true}]}}