{"id":45307,"date":"2011-03-29T21:24:46","date_gmt":"2011-03-29T20:24:46","guid":{"rendered":"http:\/\/www.visit-ulcinj.com\/blog\/?p=45307"},"modified":"2011-03-29T21:25:20","modified_gmt":"2011-03-29T20:25:20","slug":"shqiptaret-te-diskriminuar-ne-procesin-e-regjistrimit-ne-mal-te-zi","status":"publish","type":"post","link":"https:\/\/www.visit-ulcinj.com\/blog\/2011\/03\/29\/shqiptaret-te-diskriminuar-ne-procesin-e-regjistrimit-ne-mal-te-zi\/","title":{"rendered":"Shqiptar\u00ebt t\u00eb diskriminuar n\u00eb procesin e regjistrimit n\u00eb Mal t\u00eb Zi"},"content":{"rendered":"<p><a href=\"http:\/\/www.visit-ulcinj.com\/blog\/wp-content\/uploads\/2011\/03\/REGJISTRIMI-I-POPULLSISE-NE-MAL-TE-ZI.jpg\"><img loading=\"lazy\" class=\"alignleft size-full wp-image-45308\" title=\"REGJISTRIMI I POPULLSISE NE MAL TE ZI\" src=\"http:\/\/www.visit-ulcinj.com\/blog\/wp-content\/uploads\/2011\/03\/REGJISTRIMI-I-POPULLSISE-NE-MAL-TE-ZI.jpg\" alt=\"\" width=\"350\" height=\"262\" \/><\/a>Ulqin, 29 mars &#8211; \u00cbsht\u00eb e papranueshme dhe n\u00eb kund\u00ebrshtim me Kushtetut\u00ebn dhe aktet nd\u00ebrkomb\u00ebtare q\u00eb pyet\u00ebsori dhe materialet e tjera p\u00ebr regjistrimin e popullsis\u00eb n\u00eb Malin e Zi , p\u00ebr pjes\u00ebtar\u00ebt e popullit shqiptar, t\u00eb mos jen\u00eb n\u00eb gjuh\u00ebn shqipe, sikurse ka qen\u00eb n\u00eb regjistrimet e m\u00ebparshme. P\u00ebr ne shqiptar\u00ebt nj\u00eb veprim i till\u00eb diskriminues e antikushtetutes \u00ebsht\u00eb i papranuesh\u00ebm,- shprehet K\u00ebshilli Nacional i Shqiptar\u00ebve.<\/p>\n<p>Kryetari i KNSH, Tahir Tahiri deklaroi dit\u00ebn e mart\u00eb p\u00ebr KosovaLive se \u201ck\u00ebrkojm\u00eb nga Monstat-i q\u00eb t\u00eb eliminoj\u00eb sa m\u00eb par\u00eb nj\u00eb akt t\u00eb till\u00eb, n\u00eb t\u00eb kund\u00ebrt\u00ebn ne nuk mund t\u00eb jemi p\u00ebrgjegj\u00ebs p\u00ebr pasojat eventuale.\u201d<\/p>\n<p>Tahiri thot\u00eb se problem t\u00eb ve\u00e7ant\u00eb paraqet mosp\u00ebrfshirja, p\u00ebrkat\u00ebsisht moslejimi i regjistrimit t\u00eb diaspor\u00ebs son\u00eb me elementet e identitetit, si: p\u00ebrkat\u00ebsia nacionale, gjuha amtare dhe p\u00ebrkat\u00ebsia konfesionale.<\/p>\n<p>Me nj\u00eb veprim t\u00eb till\u00eb ne do t\u00eb kemi diaspor\u00eb t\u00eb regjistruar, por pa identitet q\u00eb \u00ebsht\u00eb absurd i llojit t\u00eb vet. Prandaj k\u00ebrkojm\u00eb q\u00eb Institucioni i MONSTAT-it, t\u00eb menjanoj\u00eb penges\u00ebn restriktive politike diskriminuese edhe t\u00eb b\u00ebhet e mundshme regjistrimi i plot\u00eb i gjith\u00eb qytetar\u00ebve, pra edhe i bashk\u00ebkomb\u00ebsve tan\u00eb q\u00eb p\u00ebrkoh\u00ebsisht gjend\u00ebn n\u00eb bot\u00ebn e jashtme.<\/p>\n<p>Kryetari i KNSH n\u00ebnvizon se shqet\u00ebson fakti s\u00eb numri i regjistrueseve t\u00eb popullsis\u00eb nuk \u00ebsht\u00eb n\u00eb harmoni me struktur\u00ebn nacionale t\u00eb popullsis\u00eb n\u00eb komunat ku shqiptar\u00ebt jan\u00eb popullsi autoktone. Po ashtu shqet\u00ebsues \u00ebsht\u00eb fakti q\u00eb zgjedhja e regjistruesve e instruktor\u00ebve u b\u00eb me kriteret politike pushtetare. K\u00ebshtu p.sh. n\u00eb Komisionin e Regjistrimit t\u00eb Komun\u00ebs s\u00eb Tivarit, nga 7 an\u00ebtar\u00eb nuk ka asnj\u00eb an\u00ebtar shqiptar, megjith\u00ebse shqiptar\u00ebt p\u00ebrb\u00ebjn\u00eb 12,5 % t\u00eb popullat\u00ebs!?<\/p>\n<p>Veprimtari dhe kryetari i organizat\u00ebs PAX nga Ulqini, Xhemal Mustafa- Perovic, q\u00eb s\u00eb bashku me KNSH n\u00eb Ulqin kan\u00eb organizuar tryez\u00eb t\u00eb rrumbullak\u00ebt mbi regjistrimin e popullsis\u00eb, thot\u00eb se \u201cN\u00eb Malin e Zi \u00ebsht\u00eb duke u zhvilluar nj\u00eb fushat\u00eb selektive nga subjekte t\u00eb ndryshme, ku jan\u00eb ky\u00e7ur edhe institucionet shtet\u00ebrore, sidomos prin p\u00ebr nj\u00ebanshm\u00ebri Televizioni publik i Malit t\u00eb Zi.\u201d<\/p>\n<p>Xhemali thot\u00eb se ka dy djem n\u00eb bot\u00ebn e jashtme edhe ata sipas k\u00ebtyre kritetereve q\u00eb imponon MONSTAT-i nuk mund t\u00eb jen\u00eb m\u00eb shqiptar\u00eb, por qytetar\u00eb t\u00eb Malit t\u00eb Zi. N\u00eb lidhje me k\u00ebto \u00e7\u00ebshtje, njoftojm\u00eb opinionin, s\u00eb do t\u00eb b\u00ebjm\u00eb ankimime n\u00eb adresat relevante vendore dhe nd\u00ebrkomb\u00ebtare.<\/p>\n<p>&nbsp;<\/p>\n<p><strong>KOHA NET<\/strong><\/p>\n","protected":false},"excerpt":{"rendered":"<p>Ulqin, 29 mars &#8211; \u00cbsht\u00eb e papranueshme dhe n\u00eb kund\u00ebrshtim me Kushtetut\u00ebn dhe aktet nd\u00ebrkomb\u00ebtare q\u00eb pyet\u00ebsori dhe materialet e tjera p\u00ebr regjistrimin e popullsis\u00eb n\u00eb Malin e Zi , p\u00ebr pjes\u00ebtar\u00ebt e popullit shqiptar, t\u00eb mos jen\u00eb n\u00eb gjuh\u00ebn shqipe, sikurse ka qen\u00eb n\u00eb regjistrimet e m\u00ebparshme. P\u00ebr ne shqiptar\u00ebt nj\u00eb veprim i till\u00eb [&hellip;]<\/p>\n","protected":false},"author":1,"featured_media":0,"comment_status":"open","ping_status":"closed","sticky":false,"template":"","format":"standard","meta":{"spay_email":"","jetpack_publicize_message":"","jetpack_is_tweetstorm":false,"jetpack_publicize_feature_enabled":true},"categories":[14],"tags":[95,16882,200],"jetpack_publicize_connections":[],"yoast_head":"<!-- This site is optimized with the Yoast SEO plugin v19.1 - https:\/\/yoast.com\/wordpress\/plugins\/seo\/ -->\n<title>Shqiptar\u00ebt t\u00eb diskriminuar n\u00eb procesin e regjistrimit n\u00eb Mal t\u00eb Zi - Lajme nga Ulqini<\/title>\n<meta name=\"description\" content=\"Ulqin, 29 mars - \u00cbsht\u00eb e papranueshme dhe n\u00eb kund\u00ebrshtim me Kushtetut\u00ebn dhe aktet nd\u00ebrkomb\u00ebtare q\u00eb pyet\u00ebsori dhe materialet e tjera p\u00ebr regjistrimin e\" \/>\n<meta name=\"robots\" content=\"index, follow, max-snippet:-1, max-image-preview:large, max-video-preview:-1\" \/>\n<link rel=\"canonical\" href=\"https:\/\/www.visit-ulcinj.com\/blog\/2011\/03\/29\/shqiptaret-te-diskriminuar-ne-procesin-e-regjistrimit-ne-mal-te-zi\/\" \/>\n<meta property=\"og:locale\" content=\"en_US\" \/>\n<meta property=\"og:type\" content=\"article\" \/>\n<meta property=\"og:title\" content=\"Shqiptar\u00ebt t\u00eb diskriminuar n\u00eb procesin e regjistrimit n\u00eb Mal t\u00eb Zi - Lajme nga Ulqini\" \/>\n<meta property=\"og:description\" content=\"Ulqin, 29 mars - \u00cbsht\u00eb e papranueshme dhe n\u00eb kund\u00ebrshtim me Kushtetut\u00ebn dhe aktet nd\u00ebrkomb\u00ebtare q\u00eb pyet\u00ebsori dhe materialet e tjera p\u00ebr regjistrimin e\" \/>\n<meta property=\"og:url\" content=\"https:\/\/www.visit-ulcinj.com\/blog\/2011\/03\/29\/shqiptaret-te-diskriminuar-ne-procesin-e-regjistrimit-ne-mal-te-zi\/\" \/>\n<meta property=\"og:site_name\" content=\"Lajme nga Ulqini\" \/>\n<meta property=\"article:published_time\" content=\"2011-03-29T20:24:46+00:00\" \/>\n<meta property=\"article:modified_time\" content=\"2011-03-29T20:25:20+00:00\" \/>\n<meta property=\"og:image\" content=\"http:\/\/www.visit-ulcinj.com\/blog\/wp-content\/uploads\/2011\/03\/REGJISTRIMI-I-POPULLSISE-NE-MAL-TE-ZI.jpg\" \/>\n<meta name=\"twitter:label1\" content=\"Written by\" \/>\n\t<meta name=\"twitter:data1\" content=\"ulqini\" \/>\n\t<meta name=\"twitter:label2\" content=\"Est. reading time\" \/>\n\t<meta name=\"twitter:data2\" content=\"2 minutes\" \/>\n<script type=\"application\/ld+json\" class=\"yoast-schema-graph\">{\"@context\":\"https:\/\/schema.org\",\"@graph\":[{\"@type\":\"WebSite\",\"@id\":\"https:\/\/www.visit-ulcinj.com\/blog\/#website\",\"url\":\"https:\/\/www.visit-ulcinj.com\/blog\/\",\"name\":\"Lajme nga Ulqini\",\"description\":\"Lajme,Vijesti,Ulqini,Ulqin,Crna Gora,Mali i Zi\",\"potentialAction\":[{\"@type\":\"SearchAction\",\"target\":{\"@type\":\"EntryPoint\",\"urlTemplate\":\"https:\/\/www.visit-ulcinj.com\/blog\/?s={search_term_string}\"},\"query-input\":\"required name=search_term_string\"}],\"inLanguage\":\"en-US\"},{\"@type\":\"ImageObject\",\"inLanguage\":\"en-US\",\"@id\":\"https:\/\/www.visit-ulcinj.com\/blog\/2011\/03\/29\/shqiptaret-te-diskriminuar-ne-procesin-e-regjistrimit-ne-mal-te-zi\/#primaryimage\",\"url\":\"http:\/\/www.visit-ulcinj.com\/blog\/wp-content\/uploads\/2011\/03\/REGJISTRIMI-I-POPULLSISE-NE-MAL-TE-ZI.jpg\",\"contentUrl\":\"http:\/\/www.visit-ulcinj.com\/blog\/wp-content\/uploads\/2011\/03\/REGJISTRIMI-I-POPULLSISE-NE-MAL-TE-ZI.jpg\"},{\"@type\":\"WebPage\",\"@id\":\"https:\/\/www.visit-ulcinj.com\/blog\/2011\/03\/29\/shqiptaret-te-diskriminuar-ne-procesin-e-regjistrimit-ne-mal-te-zi\/#webpage\",\"url\":\"https:\/\/www.visit-ulcinj.com\/blog\/2011\/03\/29\/shqiptaret-te-diskriminuar-ne-procesin-e-regjistrimit-ne-mal-te-zi\/\",\"name\":\"Shqiptar\u00ebt t\u00eb diskriminuar n\u00eb procesin e regjistrimit n\u00eb Mal t\u00eb Zi - Lajme nga Ulqini\",\"isPartOf\":{\"@id\":\"https:\/\/www.visit-ulcinj.com\/blog\/#website\"},\"primaryImageOfPage\":{\"@id\":\"https:\/\/www.visit-ulcinj.com\/blog\/2011\/03\/29\/shqiptaret-te-diskriminuar-ne-procesin-e-regjistrimit-ne-mal-te-zi\/#primaryimage\"},\"datePublished\":\"2011-03-29T20:24:46+00:00\",\"dateModified\":\"2011-03-29T20:25:20+00:00\",\"author\":{\"@id\":\"https:\/\/www.visit-ulcinj.com\/blog\/#\/schema\/person\/dcab619c614d3038751c63bc2aadc06d\"},\"description\":\"Ulqin, 29 mars - \u00cbsht\u00eb e papranueshme dhe n\u00eb kund\u00ebrshtim me Kushtetut\u00ebn dhe aktet nd\u00ebrkomb\u00ebtare q\u00eb pyet\u00ebsori dhe materialet e tjera p\u00ebr regjistrimin e\",\"breadcrumb\":{\"@id\":\"https:\/\/www.visit-ulcinj.com\/blog\/2011\/03\/29\/shqiptaret-te-diskriminuar-ne-procesin-e-regjistrimit-ne-mal-te-zi\/#breadcrumb\"},\"inLanguage\":\"en-US\",\"potentialAction\":[{\"@type\":\"ReadAction\",\"target\":[\"https:\/\/www.visit-ulcinj.com\/blog\/2011\/03\/29\/shqiptaret-te-diskriminuar-ne-procesin-e-regjistrimit-ne-mal-te-zi\/\"]}]},{\"@type\":\"BreadcrumbList\",\"@id\":\"https:\/\/www.visit-ulcinj.com\/blog\/2011\/03\/29\/shqiptaret-te-diskriminuar-ne-procesin-e-regjistrimit-ne-mal-te-zi\/#breadcrumb\",\"itemListElement\":[{\"@type\":\"ListItem\",\"position\":1,\"name\":\"Shqiptar\u00ebt t\u00eb diskriminuar n\u00eb procesin e regjistrimit n\u00eb Mal t\u00eb Zi\"}]},{\"@type\":\"Person\",\"@id\":\"https:\/\/www.visit-ulcinj.com\/blog\/#\/schema\/person\/dcab619c614d3038751c63bc2aadc06d\",\"name\":\"ulqini\",\"sameAs\":[\"http:\/\/www.visit-ulcinj.com\"],\"url\":\"https:\/\/www.visit-ulcinj.com\/blog\/author\/admin\/\"}]}<\/script>\n<!-- \/ Yoast SEO plugin. -->","yoast_head_json":{"title":"Shqiptar\u00ebt t\u00eb diskriminuar n\u00eb procesin e regjistrimit n\u00eb Mal t\u00eb Zi - Lajme nga Ulqini","description":"Ulqin, 29 mars - \u00cbsht\u00eb e papranueshme dhe n\u00eb kund\u00ebrshtim me Kushtetut\u00ebn dhe aktet nd\u00ebrkomb\u00ebtare q\u00eb pyet\u00ebsori dhe materialet e tjera p\u00ebr regjistrimin e","robots":{"index":"index","follow":"follow","max-snippet":"max-snippet:-1","max-image-preview":"max-image-preview:large","max-video-preview":"max-video-preview:-1"},"canonical":"https:\/\/www.visit-ulcinj.com\/blog\/2011\/03\/29\/shqiptaret-te-diskriminuar-ne-procesin-e-regjistrimit-ne-mal-te-zi\/","og_locale":"en_US","og_type":"article","og_title":"Shqiptar\u00ebt t\u00eb diskriminuar n\u00eb procesin e regjistrimit n\u00eb Mal t\u00eb Zi - Lajme nga Ulqini","og_description":"Ulqin, 29 mars - \u00cbsht\u00eb e papranueshme dhe n\u00eb kund\u00ebrshtim me Kushtetut\u00ebn dhe aktet nd\u00ebrkomb\u00ebtare q\u00eb pyet\u00ebsori dhe materialet e tjera p\u00ebr regjistrimin e","og_url":"https:\/\/www.visit-ulcinj.com\/blog\/2011\/03\/29\/shqiptaret-te-diskriminuar-ne-procesin-e-regjistrimit-ne-mal-te-zi\/","og_site_name":"Lajme nga Ulqini","article_published_time":"2011-03-29T20:24:46+00:00","article_modified_time":"2011-03-29T20:25:20+00:00","og_image":[{"url":"http:\/\/www.visit-ulcinj.com\/blog\/wp-content\/uploads\/2011\/03\/REGJISTRIMI-I-POPULLSISE-NE-MAL-TE-ZI.jpg"}],"twitter_misc":{"Written by":"ulqini","Est. reading time":"2 minutes"},"schema":{"@context":"https:\/\/schema.org","@graph":[{"@type":"WebSite","@id":"https:\/\/www.visit-ulcinj.com\/blog\/#website","url":"https:\/\/www.visit-ulcinj.com\/blog\/","name":"Lajme nga Ulqini","description":"Lajme,Vijesti,Ulqini,Ulqin,Crna Gora,Mali i Zi","potentialAction":[{"@type":"SearchAction","target":{"@type":"EntryPoint","urlTemplate":"https:\/\/www.visit-ulcinj.com\/blog\/?s={search_term_string}"},"query-input":"required name=search_term_string"}],"inLanguage":"en-US"},{"@type":"ImageObject","inLanguage":"en-US","@id":"https:\/\/www.visit-ulcinj.com\/blog\/2011\/03\/29\/shqiptaret-te-diskriminuar-ne-procesin-e-regjistrimit-ne-mal-te-zi\/#primaryimage","url":"http:\/\/www.visit-ulcinj.com\/blog\/wp-content\/uploads\/2011\/03\/REGJISTRIMI-I-POPULLSISE-NE-MAL-TE-ZI.jpg","contentUrl":"http:\/\/www.visit-ulcinj.com\/blog\/wp-content\/uploads\/2011\/03\/REGJISTRIMI-I-POPULLSISE-NE-MAL-TE-ZI.jpg"},{"@type":"WebPage","@id":"https:\/\/www.visit-ulcinj.com\/blog\/2011\/03\/29\/shqiptaret-te-diskriminuar-ne-procesin-e-regjistrimit-ne-mal-te-zi\/#webpage","url":"https:\/\/www.visit-ulcinj.com\/blog\/2011\/03\/29\/shqiptaret-te-diskriminuar-ne-procesin-e-regjistrimit-ne-mal-te-zi\/","name":"Shqiptar\u00ebt t\u00eb diskriminuar n\u00eb procesin e regjistrimit n\u00eb Mal t\u00eb Zi - Lajme nga Ulqini","isPartOf":{"@id":"https:\/\/www.visit-ulcinj.com\/blog\/#website"},"primaryImageOfPage":{"@id":"https:\/\/www.visit-ulcinj.com\/blog\/2011\/03\/29\/shqiptaret-te-diskriminuar-ne-procesin-e-regjistrimit-ne-mal-te-zi\/#primaryimage"},"datePublished":"2011-03-29T20:24:46+00:00","dateModified":"2011-03-29T20:25:20+00:00","author":{"@id":"https:\/\/www.visit-ulcinj.com\/blog\/#\/schema\/person\/dcab619c614d3038751c63bc2aadc06d"},"description":"Ulqin, 29 mars - \u00cbsht\u00eb e papranueshme dhe n\u00eb kund\u00ebrshtim me Kushtetut\u00ebn dhe aktet nd\u00ebrkomb\u00ebtare q\u00eb pyet\u00ebsori dhe materialet e tjera p\u00ebr regjistrimin e","breadcrumb":{"@id":"https:\/\/www.visit-ulcinj.com\/blog\/2011\/03\/29\/shqiptaret-te-diskriminuar-ne-procesin-e-regjistrimit-ne-mal-te-zi\/#breadcrumb"},"inLanguage":"en-US","potentialAction":[{"@type":"ReadAction","target":["https:\/\/www.visit-ulcinj.com\/blog\/2011\/03\/29\/shqiptaret-te-diskriminuar-ne-procesin-e-regjistrimit-ne-mal-te-zi\/"]}]},{"@type":"BreadcrumbList","@id":"https:\/\/www.visit-ulcinj.com\/blog\/2011\/03\/29\/shqiptaret-te-diskriminuar-ne-procesin-e-regjistrimit-ne-mal-te-zi\/#breadcrumb","itemListElement":[{"@type":"ListItem","position":1,"name":"Shqiptar\u00ebt t\u00eb diskriminuar n\u00eb procesin e regjistrimit n\u00eb Mal t\u00eb Zi"}]},{"@type":"Person","@id":"https:\/\/www.visit-ulcinj.com\/blog\/#\/schema\/person\/dcab619c614d3038751c63bc2aadc06d","name":"ulqini","sameAs":["http:\/\/www.visit-ulcinj.com"],"url":"https:\/\/www.visit-ulcinj.com\/blog\/author\/admin\/"}]}},"jetpack_featured_media_url":"","jetpack_sharing_enabled":true,"jetpack_shortlink":"https:\/\/wp.me\/pe6lTn-bML","_links":{"self":[{"href":"https:\/\/www.visit-ulcinj.com\/blog\/wp-json\/wp\/v2\/posts\/45307"}],"collection":[{"href":"https:\/\/www.visit-ulcinj.com\/blog\/wp-json\/wp\/v2\/posts"}],"about":[{"href":"https:\/\/www.visit-ulcinj.com\/blog\/wp-json\/wp\/v2\/types\/post"}],"author":[{"embeddable":true,"href":"https:\/\/www.visit-ulcinj.com\/blog\/wp-json\/wp\/v2\/users\/1"}],"replies":[{"embeddable":true,"href":"https:\/\/www.visit-ulcinj.com\/blog\/wp-json\/wp\/v2\/comments?post=45307"}],"version-history":[{"count":0,"href":"https:\/\/www.visit-ulcinj.com\/blog\/wp-json\/wp\/v2\/posts\/45307\/revisions"}],"wp:attachment":[{"href":"https:\/\/www.visit-ulcinj.com\/blog\/wp-json\/wp\/v2\/media?parent=45307"}],"wp:term":[{"taxonomy":"category","embeddable":true,"href":"https:\/\/www.visit-ulcinj.com\/blog\/wp-json\/wp\/v2\/categories?post=45307"},{"taxonomy":"post_tag","embeddable":true,"href":"https:\/\/www.visit-ulcinj.com\/blog\/wp-json\/wp\/v2\/tags?post=45307"}],"curies":[{"name":"wp","href":"https:\/\/api.w.org\/{rel}","templated":true}]}}