{"id":45313,"date":"2011-03-29T21:51:17","date_gmt":"2011-03-29T20:51:17","guid":{"rendered":"http:\/\/www.visit-ulcinj.com\/blog\/?p=45313"},"modified":"2011-03-29T21:51:36","modified_gmt":"2011-03-29T20:51:36","slug":"mungojne-te-dhenat-lidhur-me-tenderin-e-valdnosit","status":"publish","type":"post","link":"https:\/\/www.visit-ulcinj.com\/blog\/2011\/03\/29\/mungojne-te-dhenat-lidhur-me-tenderin-e-valdnosit\/","title":{"rendered":"Mungojn\u00eb t\u00eb dh\u00ebnat lidhur me tenderin  e Valdnosit"},"content":{"rendered":"<p><a href=\"http:\/\/www.visit-ulcinj.com\/blog\/wp-content\/uploads\/2011\/03\/Valdanos-Bay-Beach-Ulcinj-Montenegro.11.jpg\"><img loading=\"lazy\" class=\"alignleft size-full wp-image-45314\" title=\"Valdanos Bay Beach Ulcinj Montenegro.1\" src=\"http:\/\/www.visit-ulcinj.com\/blog\/wp-content\/uploads\/2011\/03\/Valdanos-Bay-Beach-Ulcinj-Montenegro.11.jpg\" alt=\"\" width=\"508\" height=\"380\" srcset=\"https:\/\/www.visit-ulcinj.com\/blog\/wp-content\/uploads\/2011\/03\/Valdanos-Bay-Beach-Ulcinj-Montenegro.11.jpg 800w, https:\/\/www.visit-ulcinj.com\/blog\/wp-content\/uploads\/2011\/03\/Valdanos-Bay-Beach-Ulcinj-Montenegro.11-300x225.jpg 300w\" sizes=\"(max-width: 508px) 100vw, 508px\" \/><\/a>Qeveria dhe K\u00ebshilli p\u00ebr privatizim vazhdojn\u00eb si t\u00eb m\u00ebshefin informatat ky\u00e7e lidhur me tenderin p\u00ebr dh\u00ebnjen afatgjat me qera t\u00eb Valdanosit, \u00e7ka tregon edhe pengimi i pranimit n\u00eb qasjen e informatave ky\u00e7e p\u00ebr tender , kan\u00eb t\u00ebrhequr verjtjen nga rrjeti p\u00ebr afirmimin e sektorit joqeveritar.<\/p>\n<p>Pra \u00ebsht\u00eb p\u00ebnguar qasja n\u00eb dokumentacion me t\u00eb cilin kompania Kjubus Lluks i tregon t\u00eb dh\u00ebnat q\u00eb tri vite ka udh\u00ebheq pun\u00ebt me sukses dhe se ka pasur promet vjetor prej 100 milion euro, si dhe p\u00ebr letr\u00ebn p\u00ebr qellimet q\u00eb jan\u00eb n\u00ebnshkruar me nje operator turistik me renome , ka kumtuar drejtori i programit p\u00ebr urbazim n\u00eb MANS Dejan Millovac. N\u00ebnkryetari i qeveris\u00eb Vuica Llazoviq, thuhet n\u00eb kumtes\u00eb ka sjedhur k\u00ebt\u00eb procedur q\u00eb t\u00eb p\u00ebngoj\u00eb p\u00ebr qasjen e informatave me arsyetim q\u00eb dokumentacioni t\u00eb cilin e ka k\u00ebrkuar MANS \u00ebsht\u00eb pron\u00eb intelektuale dhe se p\u00ebrfaq\u00ebsuesit e Kjubus Lluks me 4 mars kan\u00eb k\u00ebrkuar tu kthehet dokumentacioni.<\/p>\n<p>K\u00ebshtu q\u00eb Lazoviq ka parapar q\u00eb MANS-i dokumentacionin do tia dor\u00ebzoj\u00eb personit t\u00eb tret\u00eb do ta shpallin n\u00eb shtyp apo t\u00eb ngjajshme , \u00e7ka sipas mendimit t\u00eb tij mund t\u00eb sjellin seriozisht n\u00eb pyetje \u00e7\u00ebshtjen e t\u00eb drejt\u00ebs dhe interesin partnerit t\u00eb jasht\u00ebm t\u00eb interesuar p\u00ebr k\u00ebt\u00eb , ka deklaruar Millovac.<\/p>\n<p><strong>RTCG<br \/>\n<!--YouTube Error: bad URL entered--><\/strong><\/p>\n","protected":false},"excerpt":{"rendered":"<p>Qeveria dhe K\u00ebshilli p\u00ebr privatizim vazhdojn\u00eb si t\u00eb m\u00ebshefin informatat ky\u00e7e lidhur me tenderin p\u00ebr dh\u00ebnjen afatgjat me qera t\u00eb Valdanosit, \u00e7ka tregon edhe pengimi i pranimit n\u00eb qasjen e informatave ky\u00e7e p\u00ebr tender , kan\u00eb t\u00ebrhequr verjtjen nga rrjeti p\u00ebr afirmimin e sektorit joqeveritar. Pra \u00ebsht\u00eb p\u00ebnguar qasja n\u00eb dokumentacion me t\u00eb cilin kompania [&hellip;]<\/p>\n","protected":false},"author":1,"featured_media":0,"comment_status":"open","ping_status":"closed","sticky":false,"template":"","format":"standard","meta":{"spay_email":"","jetpack_publicize_message":"","jetpack_is_tweetstorm":false,"jetpack_publicize_feature_enabled":true},"categories":[12],"tags":[200,18,136],"jetpack_publicize_connections":[],"yoast_head":"<!-- This site is optimized with the Yoast SEO plugin v19.1 - https:\/\/yoast.com\/wordpress\/plugins\/seo\/ -->\n<title>Mungojn\u00eb t\u00eb dh\u00ebnat lidhur me tenderin e Valdnosit - Lajme nga Ulqini<\/title>\n<meta name=\"description\" content=\"Qeveria dhe K\u00ebshilli p\u00ebr privatizim vazhdojn\u00eb si t\u00eb m\u00ebshefin informatat ky\u00e7e lidhur me tenderin p\u00ebr dh\u00ebnjen afatgjat me qera t\u00eb Valdanosit, \u00e7ka tregon\" \/>\n<meta name=\"robots\" content=\"index, follow, max-snippet:-1, max-image-preview:large, max-video-preview:-1\" \/>\n<link rel=\"canonical\" href=\"https:\/\/www.visit-ulcinj.com\/blog\/2011\/03\/29\/mungojne-te-dhenat-lidhur-me-tenderin-e-valdnosit\/\" \/>\n<meta property=\"og:locale\" content=\"en_US\" \/>\n<meta property=\"og:type\" content=\"article\" \/>\n<meta property=\"og:title\" content=\"Mungojn\u00eb t\u00eb dh\u00ebnat lidhur me tenderin e Valdnosit - Lajme nga Ulqini\" \/>\n<meta property=\"og:description\" content=\"Qeveria dhe K\u00ebshilli p\u00ebr privatizim vazhdojn\u00eb si t\u00eb m\u00ebshefin informatat ky\u00e7e lidhur me tenderin p\u00ebr dh\u00ebnjen afatgjat me qera t\u00eb Valdanosit, \u00e7ka tregon\" \/>\n<meta property=\"og:url\" content=\"https:\/\/www.visit-ulcinj.com\/blog\/2011\/03\/29\/mungojne-te-dhenat-lidhur-me-tenderin-e-valdnosit\/\" \/>\n<meta property=\"og:site_name\" content=\"Lajme nga Ulqini\" \/>\n<meta property=\"article:published_time\" content=\"2011-03-29T20:51:17+00:00\" \/>\n<meta property=\"article:modified_time\" content=\"2011-03-29T20:51:36+00:00\" \/>\n<meta property=\"og:image\" content=\"http:\/\/www.visit-ulcinj.com\/blog\/wp-content\/uploads\/2011\/03\/Valdanos-Bay-Beach-Ulcinj-Montenegro.11.jpg\" \/>\n<meta name=\"twitter:label1\" content=\"Written by\" \/>\n\t<meta name=\"twitter:data1\" content=\"ulqini\" \/>\n\t<meta name=\"twitter:label2\" content=\"Est. reading time\" \/>\n\t<meta name=\"twitter:data2\" content=\"1 minute\" \/>\n<script type=\"application\/ld+json\" class=\"yoast-schema-graph\">{\"@context\":\"https:\/\/schema.org\",\"@graph\":[{\"@type\":\"WebSite\",\"@id\":\"https:\/\/www.visit-ulcinj.com\/blog\/#website\",\"url\":\"https:\/\/www.visit-ulcinj.com\/blog\/\",\"name\":\"Lajme nga Ulqini\",\"description\":\"Lajme,Vijesti,Ulqini,Ulqin,Crna Gora,Mali i Zi\",\"potentialAction\":[{\"@type\":\"SearchAction\",\"target\":{\"@type\":\"EntryPoint\",\"urlTemplate\":\"https:\/\/www.visit-ulcinj.com\/blog\/?s={search_term_string}\"},\"query-input\":\"required name=search_term_string\"}],\"inLanguage\":\"en-US\"},{\"@type\":\"ImageObject\",\"inLanguage\":\"en-US\",\"@id\":\"https:\/\/www.visit-ulcinj.com\/blog\/2011\/03\/29\/mungojne-te-dhenat-lidhur-me-tenderin-e-valdnosit\/#primaryimage\",\"url\":\"https:\/\/www.visit-ulcinj.com\/blog\/wp-content\/uploads\/2011\/03\/Valdanos-Bay-Beach-Ulcinj-Montenegro.11.jpg\",\"contentUrl\":\"https:\/\/www.visit-ulcinj.com\/blog\/wp-content\/uploads\/2011\/03\/Valdanos-Bay-Beach-Ulcinj-Montenegro.11.jpg\",\"width\":\"800\",\"height\":\"600\"},{\"@type\":\"WebPage\",\"@id\":\"https:\/\/www.visit-ulcinj.com\/blog\/2011\/03\/29\/mungojne-te-dhenat-lidhur-me-tenderin-e-valdnosit\/#webpage\",\"url\":\"https:\/\/www.visit-ulcinj.com\/blog\/2011\/03\/29\/mungojne-te-dhenat-lidhur-me-tenderin-e-valdnosit\/\",\"name\":\"Mungojn\u00eb t\u00eb dh\u00ebnat lidhur me tenderin e Valdnosit - Lajme nga Ulqini\",\"isPartOf\":{\"@id\":\"https:\/\/www.visit-ulcinj.com\/blog\/#website\"},\"primaryImageOfPage\":{\"@id\":\"https:\/\/www.visit-ulcinj.com\/blog\/2011\/03\/29\/mungojne-te-dhenat-lidhur-me-tenderin-e-valdnosit\/#primaryimage\"},\"datePublished\":\"2011-03-29T20:51:17+00:00\",\"dateModified\":\"2011-03-29T20:51:36+00:00\",\"author\":{\"@id\":\"https:\/\/www.visit-ulcinj.com\/blog\/#\/schema\/person\/dcab619c614d3038751c63bc2aadc06d\"},\"description\":\"Qeveria dhe K\u00ebshilli p\u00ebr privatizim vazhdojn\u00eb si t\u00eb m\u00ebshefin informatat ky\u00e7e lidhur me tenderin p\u00ebr dh\u00ebnjen afatgjat me qera t\u00eb Valdanosit, \u00e7ka tregon\",\"breadcrumb\":{\"@id\":\"https:\/\/www.visit-ulcinj.com\/blog\/2011\/03\/29\/mungojne-te-dhenat-lidhur-me-tenderin-e-valdnosit\/#breadcrumb\"},\"inLanguage\":\"en-US\",\"potentialAction\":[{\"@type\":\"ReadAction\",\"target\":[\"https:\/\/www.visit-ulcinj.com\/blog\/2011\/03\/29\/mungojne-te-dhenat-lidhur-me-tenderin-e-valdnosit\/\"]}]},{\"@type\":\"BreadcrumbList\",\"@id\":\"https:\/\/www.visit-ulcinj.com\/blog\/2011\/03\/29\/mungojne-te-dhenat-lidhur-me-tenderin-e-valdnosit\/#breadcrumb\",\"itemListElement\":[{\"@type\":\"ListItem\",\"position\":1,\"name\":\"Mungojn\u00eb t\u00eb dh\u00ebnat lidhur me tenderin e Valdnosit\"}]},{\"@type\":\"Person\",\"@id\":\"https:\/\/www.visit-ulcinj.com\/blog\/#\/schema\/person\/dcab619c614d3038751c63bc2aadc06d\",\"name\":\"ulqini\",\"sameAs\":[\"http:\/\/www.visit-ulcinj.com\"],\"url\":\"https:\/\/www.visit-ulcinj.com\/blog\/author\/admin\/\"}]}<\/script>\n<!-- \/ Yoast SEO plugin. -->","yoast_head_json":{"title":"Mungojn\u00eb t\u00eb dh\u00ebnat lidhur me tenderin e Valdnosit - Lajme nga Ulqini","description":"Qeveria dhe K\u00ebshilli p\u00ebr privatizim vazhdojn\u00eb si t\u00eb m\u00ebshefin informatat ky\u00e7e lidhur me tenderin p\u00ebr dh\u00ebnjen afatgjat me qera t\u00eb Valdanosit, \u00e7ka tregon","robots":{"index":"index","follow":"follow","max-snippet":"max-snippet:-1","max-image-preview":"max-image-preview:large","max-video-preview":"max-video-preview:-1"},"canonical":"https:\/\/www.visit-ulcinj.com\/blog\/2011\/03\/29\/mungojne-te-dhenat-lidhur-me-tenderin-e-valdnosit\/","og_locale":"en_US","og_type":"article","og_title":"Mungojn\u00eb t\u00eb dh\u00ebnat lidhur me tenderin e Valdnosit - Lajme nga Ulqini","og_description":"Qeveria dhe K\u00ebshilli p\u00ebr privatizim vazhdojn\u00eb si t\u00eb m\u00ebshefin informatat ky\u00e7e lidhur me tenderin p\u00ebr dh\u00ebnjen afatgjat me qera t\u00eb Valdanosit, \u00e7ka tregon","og_url":"https:\/\/www.visit-ulcinj.com\/blog\/2011\/03\/29\/mungojne-te-dhenat-lidhur-me-tenderin-e-valdnosit\/","og_site_name":"Lajme nga Ulqini","article_published_time":"2011-03-29T20:51:17+00:00","article_modified_time":"2011-03-29T20:51:36+00:00","og_image":[{"url":"http:\/\/www.visit-ulcinj.com\/blog\/wp-content\/uploads\/2011\/03\/Valdanos-Bay-Beach-Ulcinj-Montenegro.11.jpg"}],"twitter_misc":{"Written by":"ulqini","Est. reading time":"1 minute"},"schema":{"@context":"https:\/\/schema.org","@graph":[{"@type":"WebSite","@id":"https:\/\/www.visit-ulcinj.com\/blog\/#website","url":"https:\/\/www.visit-ulcinj.com\/blog\/","name":"Lajme nga Ulqini","description":"Lajme,Vijesti,Ulqini,Ulqin,Crna Gora,Mali i Zi","potentialAction":[{"@type":"SearchAction","target":{"@type":"EntryPoint","urlTemplate":"https:\/\/www.visit-ulcinj.com\/blog\/?s={search_term_string}"},"query-input":"required name=search_term_string"}],"inLanguage":"en-US"},{"@type":"ImageObject","inLanguage":"en-US","@id":"https:\/\/www.visit-ulcinj.com\/blog\/2011\/03\/29\/mungojne-te-dhenat-lidhur-me-tenderin-e-valdnosit\/#primaryimage","url":"https:\/\/www.visit-ulcinj.com\/blog\/wp-content\/uploads\/2011\/03\/Valdanos-Bay-Beach-Ulcinj-Montenegro.11.jpg","contentUrl":"https:\/\/www.visit-ulcinj.com\/blog\/wp-content\/uploads\/2011\/03\/Valdanos-Bay-Beach-Ulcinj-Montenegro.11.jpg","width":"800","height":"600"},{"@type":"WebPage","@id":"https:\/\/www.visit-ulcinj.com\/blog\/2011\/03\/29\/mungojne-te-dhenat-lidhur-me-tenderin-e-valdnosit\/#webpage","url":"https:\/\/www.visit-ulcinj.com\/blog\/2011\/03\/29\/mungojne-te-dhenat-lidhur-me-tenderin-e-valdnosit\/","name":"Mungojn\u00eb t\u00eb dh\u00ebnat lidhur me tenderin e Valdnosit - Lajme nga Ulqini","isPartOf":{"@id":"https:\/\/www.visit-ulcinj.com\/blog\/#website"},"primaryImageOfPage":{"@id":"https:\/\/www.visit-ulcinj.com\/blog\/2011\/03\/29\/mungojne-te-dhenat-lidhur-me-tenderin-e-valdnosit\/#primaryimage"},"datePublished":"2011-03-29T20:51:17+00:00","dateModified":"2011-03-29T20:51:36+00:00","author":{"@id":"https:\/\/www.visit-ulcinj.com\/blog\/#\/schema\/person\/dcab619c614d3038751c63bc2aadc06d"},"description":"Qeveria dhe K\u00ebshilli p\u00ebr privatizim vazhdojn\u00eb si t\u00eb m\u00ebshefin informatat ky\u00e7e lidhur me tenderin p\u00ebr dh\u00ebnjen afatgjat me qera t\u00eb Valdanosit, \u00e7ka tregon","breadcrumb":{"@id":"https:\/\/www.visit-ulcinj.com\/blog\/2011\/03\/29\/mungojne-te-dhenat-lidhur-me-tenderin-e-valdnosit\/#breadcrumb"},"inLanguage":"en-US","potentialAction":[{"@type":"ReadAction","target":["https:\/\/www.visit-ulcinj.com\/blog\/2011\/03\/29\/mungojne-te-dhenat-lidhur-me-tenderin-e-valdnosit\/"]}]},{"@type":"BreadcrumbList","@id":"https:\/\/www.visit-ulcinj.com\/blog\/2011\/03\/29\/mungojne-te-dhenat-lidhur-me-tenderin-e-valdnosit\/#breadcrumb","itemListElement":[{"@type":"ListItem","position":1,"name":"Mungojn\u00eb t\u00eb dh\u00ebnat lidhur me tenderin e Valdnosit"}]},{"@type":"Person","@id":"https:\/\/www.visit-ulcinj.com\/blog\/#\/schema\/person\/dcab619c614d3038751c63bc2aadc06d","name":"ulqini","sameAs":["http:\/\/www.visit-ulcinj.com"],"url":"https:\/\/www.visit-ulcinj.com\/blog\/author\/admin\/"}]}},"jetpack_featured_media_url":"","jetpack_sharing_enabled":true,"jetpack_shortlink":"https:\/\/wp.me\/pe6lTn-bMR","_links":{"self":[{"href":"https:\/\/www.visit-ulcinj.com\/blog\/wp-json\/wp\/v2\/posts\/45313"}],"collection":[{"href":"https:\/\/www.visit-ulcinj.com\/blog\/wp-json\/wp\/v2\/posts"}],"about":[{"href":"https:\/\/www.visit-ulcinj.com\/blog\/wp-json\/wp\/v2\/types\/post"}],"author":[{"embeddable":true,"href":"https:\/\/www.visit-ulcinj.com\/blog\/wp-json\/wp\/v2\/users\/1"}],"replies":[{"embeddable":true,"href":"https:\/\/www.visit-ulcinj.com\/blog\/wp-json\/wp\/v2\/comments?post=45313"}],"version-history":[{"count":0,"href":"https:\/\/www.visit-ulcinj.com\/blog\/wp-json\/wp\/v2\/posts\/45313\/revisions"}],"wp:attachment":[{"href":"https:\/\/www.visit-ulcinj.com\/blog\/wp-json\/wp\/v2\/media?parent=45313"}],"wp:term":[{"taxonomy":"category","embeddable":true,"href":"https:\/\/www.visit-ulcinj.com\/blog\/wp-json\/wp\/v2\/categories?post=45313"},{"taxonomy":"post_tag","embeddable":true,"href":"https:\/\/www.visit-ulcinj.com\/blog\/wp-json\/wp\/v2\/tags?post=45313"}],"curies":[{"name":"wp","href":"https:\/\/api.w.org\/{rel}","templated":true}]}}