{"id":45320,"date":"2011-03-30T10:16:09","date_gmt":"2011-03-30T09:16:09","guid":{"rendered":"http:\/\/www.visit-ulcinj.com\/blog\/?p=45320"},"modified":"2011-04-03T13:38:23","modified_gmt":"2011-04-03T12:38:23","slug":"adnan-gjinaj-ulqinaku-ku-fama-e-te-cilit-shkoi-pertej-kufijve","status":"publish","type":"post","link":"https:\/\/www.visit-ulcinj.com\/blog\/2011\/03\/30\/adnan-gjinaj-ulqinaku-ku-fama-e-te-cilit-shkoi-pertej-kufijve\/","title":{"rendered":"Adnan Gjinaj: Ulqinaku ku fama e t\u00eb cilit shkoi p\u00ebrtej kufijve"},"content":{"rendered":"<p><a href=\"http:\/\/www.visit-ulcinj.com\/blog\/wp-content\/uploads\/2011\/03\/Adnan-Gjinaj_Revista-Mat.jpg\"><img loading=\"lazy\" class=\"alignleft size-full wp-image-45321\" title=\"Adnan Gjinaj_Revista Mat\" src=\"http:\/\/www.visit-ulcinj.com\/blog\/wp-content\/uploads\/2011\/03\/Adnan-Gjinaj_Revista-Mat.jpg\" alt=\"\" width=\"508\" height=\"659\" \/><\/a>Adnan Gjinaj fitoj\u00eb nj\u00eb em\u00ebr edhe n\u00eb Shqip\u00ebri. M\u00eb pas Adnan Gjinaj ka dal\u00eb q\u00eb n\u00ebp\u00ebrmjet k\u00ebtij emri dhe si ulqinak\u00eb shqip\u00ebtar t\u00eb p\u00ebrcjellin vlerat e kombit ton\u00eb n\u00eb mbar\u00eb bot\u00ebn.P\u00ebr s\u00eb pari talenti i tij\u00eb u pa n\u00eb revistat fran\u00e7eze t\u00eb modave sikurse Lanvin, Kenzo, Jil Sander, Burberry, Prada, ZZegna, Neil Barrett, Gaspard Yurkevich, Yves Saint Laurent, Cerruti, Kenzo, Peter Petrov, Lanvin, Dunhill,Qasimi, ZZegna, Marc Jacobs,Topman ,J.W Anderson.<br \/>\nM\u00eb pas Lajme nga Ulqini morri lirin t\u00eb shkruaj mbi Adnan Gjinaj,ku m\u00eb pas revista \u00a0Bota e Yjeve\u00a0 nga\u00a0 gazeta Bota Sot u p\u00ebrcjell me nj\u00eb tirazh\u00eb shum t\u00eb sukses\u00ebshem nga ana e lexuesit.<br \/>\nSot\u00a0 pra jena duke e gjetur n\u00eb tregun e Shqiperis\u00eb n\u00eb Revis\u00ebn Mat ku kjo revist\u00eb i ndjek VIP \u2013at hap mbas hapi.Ku do ndalet suksesi i Anan Gjinajt nuk dihet .<br \/>\n<a href=\"http:\/\/www.visit-ulcinj.com\/blog\/wp-content\/uploads\/2011\/03\/Adnan-Gjinaj_Foto-Model-Ulqinak.4.jpg\"><img loading=\"lazy\" class=\"alignleft size-full wp-image-45322\" title=\"Adnan Gjinaj_Foto Model Ulqinak.4\" src=\"http:\/\/www.visit-ulcinj.com\/blog\/wp-content\/uploads\/2011\/03\/Adnan-Gjinaj_Foto-Model-Ulqinak.4.jpg\" alt=\"\" width=\"508\" height=\"360\" \/><\/a><\/p>\n<p><strong>Di\u00e7ka p\u00ebr Adnan Gjinaj<\/strong><\/p>\n<p>I lindur ne 1991 me prejardhje prej qytetit t\u00eb Ulqinit,djaloshi tani me banim ne Franc\u00eb bashk\u00eb me familjen e aferm t\u00eb tij\u00eb,ku edhe meret me modelizem n\u00eb Paris.<br \/>\nEnderra e Adnan \u00a0Gjinajt qysh si femije ishte fotografia dhe gjithcka qe lidhej me boten e modes.<\/p>\n<p><strong>Fillimet e karrieres:<br \/>\n<\/strong><br \/>\nSi \u00e7\u2019do fillim i veshtire, edhe Adnani ka pasur shume probleme reth karrieres, duke mare parasyshe moshen e tij qe eshte akoma i rri ne, kete profesion ai deri diku me forcat e veta i\u2019a ka arritur qe te bej nje emer ne fushen e modes ne Paris t\u00eb Frances dhe Milano t\u00eb Italis.<br \/>\nAdnan Gjinaj ka lidhur kontrate disa vje\u00e7are me agjensionin e modes ne Paris ku per vite sa zgjat kontrata ata do te ekspozojne fotot e tij ne webfaqen e tyre, eshte i vetmi shqipetar ne kete agjension. Kohen e lir e kalon duke bere foto, merret me aktivitet sportiv pasi qe te qenit model \u00e7do here e kerkon qe trupi te jete i fresket dhe ne forme, duke mos anashkaluar edhe palester nganjehere. Ka pozuar para emrave te ndryshem te fotografise si: Lanvin, Kenzo, Jil Sander, Burberry, Prada, ZZegna, Neil Barrett, Gaspard Yurkevich, Yves Saint Laurent, Cerruti, Kenzo, Peter Petrov, Lanvin, Dunhill,Qasimi, ZZegna, Marc Jacobs,Topman ,J.W Anderson.<\/p>\n<p>Adna Gjinaj n\u00eb t\u00eb gjitha koh\u00ebrat \u00a0si shqiptar\u00eb \u00a0nga Ulqini do sherbej\u00eb si ambasador\u00eb t\u00eb kultur\u00ebs,modes dhe vlerave shqiptaro- ulqinake n\u00eb bot\u00eb. Adnan Gjinaj\u00a0 n\u00eb k\u00ebt\u00eb koh\u00eb, asht\u00eb\u00a0 shqiptari nga Ulqini ku fama e t\u00eb cilit shkoi p\u00ebrtej kufijve t\u00eb vendit t\u00eb tij\u00eb.<\/p>\n<p>&nbsp;<\/p>\n<p><a title=\"ADNAN GJINAJ\" href=\"http:\/\/www.facebook.com\/album.php?aid=185145&amp;id=717159257#!\/photos.php?id=717159257\" target=\"_blank\"><strong>Adnan Djinovic Gjinaj Facebook<\/strong><\/a><\/p>\n<p><strong>Lajme nga Ulqini<\/strong><br \/>\n\n\t\t<style type=\"text\/css\">\n\t\t\t#gallery-1 {\n\t\t\t\tmargin: auto;\n\t\t\t}\n\t\t\t#gallery-1 .gallery-item {\n\t\t\t\tfloat: left;\n\t\t\t\tmargin-top: 10px;\n\t\t\t\ttext-align: center;\n\t\t\t\twidth: 33%;\n\t\t\t}\n\t\t\t#gallery-1 img {\n\t\t\t\tborder: 2px solid #cfcfcf;\n\t\t\t}\n\t\t\t#gallery-1 .gallery-caption {\n\t\t\t\tmargin-left: 0;\n\t\t\t}\n\t\t\t\/* see gallery_shortcode() in wp-includes\/media.php *\/\n\t\t<\/style>\n\t\t<div id='gallery-1' class='gallery galleryid-45320 gallery-columns-3 gallery-size-thumbnail'><dl class='gallery-item'>\n\t\t\t<dt class='gallery-icon landscape'>\n\t\t\t\t<a href='https:\/\/www.visit-ulcinj.com\/blog\/wp-content\/uploads\/2011\/03\/Vendlindja-e-Adna-Gjinajt_Ulqini.jpg'><img width=\"150\" height=\"150\" src=\"https:\/\/www.visit-ulcinj.com\/blog\/wp-content\/uploads\/2011\/03\/Vendlindja-e-Adna-Gjinajt_Ulqini-150x150.jpg\" class=\"attachment-thumbnail size-thumbnail\" alt=\"\" loading=\"lazy\" \/><\/a>\n\t\t\t<\/dt><\/dl>\n\t\t\t<br style='clear: both' \/>\n\t\t<\/div>\n<br \/>\n<!--YouTube Error: bad URL entered--><br \/>\n<span style=\"color: #ffffff;\">Amull, ana malit, Aru\u00e7ij,   Bardhij, Berjashij, Blaca, Bojk\u00eb, Bolejt, Brajshe, bratic\u00eb, Brisku nelt,   Brisku pasht, \u00c7obaj, Cukaj, Curajt nelt, Curij pasht, Darz\u00eb, Demirijt,   Dodaj, Dragaj, Dragoviq, Durakij, Fraskanjell, Gjecbritij, Gjenashej,   Gjenciq, Gjyrjani, Hajdarijt, Hardajt, Hutij, Kacaj, Kaleci, Kalimani,   Kanaqi, katerkoll\u00eb, Klezna, Kod\u00ebr, Kolonza, Kosiq, Kova\u00e7ej, Kraj\u00eb,   Kravari, Kryth\u00eb, Lekperij, Leskovac, Liarja, Lihari, Likaj, Lisna Bore,   Lubanijt, Madgueshi, Mali i Zi, Markashij, Maxhurej, Megjure\u00e7, Millajt,   Mill\u00eb, Montenegro, Mozhur\u00eb, ostros, peraj, Perashij, Pistull, Priftij,   Qurkaj, Ramushje, Rastish, Re\u00e7, Runji, Sal\u00e7, Shas, Sh\u00ebngjergj,  Shtodh\u00ebr,  Shtoji, Sjerci, Subashij, Sukobin\u00eb, Sutjell, Syrliq, Tafajt,  ulqin,  ulqini, Veliqi, Vu\u00e7kij, Zogaj<\/span><a href=\"http:\/\/www.vijesti.me\/vijesti\/prva-maslinijada-ulcinju-galerija-12727\" target=\"_blank\"><span style=\"color: #ffffff;\"><strong> <\/strong><\/span><\/a><span style=\"color: #ffffff;\">,ulcinj,ostros,montenegro,<\/span><\/p>\n","protected":false},"excerpt":{"rendered":"<p>Adnan Gjinaj fitoj\u00eb nj\u00eb em\u00ebr edhe n\u00eb Shqip\u00ebri. M\u00eb pas Adnan Gjinaj ka dal\u00eb q\u00eb n\u00ebp\u00ebrmjet k\u00ebtij emri dhe si ulqinak\u00eb shqip\u00ebtar t\u00eb p\u00ebrcjellin vlerat e kombit ton\u00eb n\u00eb mbar\u00eb bot\u00ebn.P\u00ebr s\u00eb pari talenti i tij\u00eb u pa n\u00eb revistat fran\u00e7eze t\u00eb modave sikurse Lanvin, Kenzo, Jil Sander, Burberry, Prada, ZZegna, Neil Barrett, Gaspard Yurkevich, [&hellip;]<\/p>\n","protected":false},"author":1,"featured_media":0,"comment_status":"open","ping_status":"closed","sticky":false,"template":"","format":"standard","meta":{"spay_email":"","jetpack_publicize_message":"","jetpack_is_tweetstorm":false,"jetpack_publicize_feature_enabled":true},"categories":[1],"tags":[17892,17894,16631,16617,81,16622,17893,16621,16626,16615,22010,16614,16624,79,17895,16618,16625,19,200],"jetpack_publicize_connections":[],"yoast_head":"<!-- This site is optimized with the Yoast SEO plugin v19.1 - https:\/\/yoast.com\/wordpress\/plugins\/seo\/ -->\n<title>Adnan Gjinaj: Ulqinaku ku fama e t\u00eb cilit shkoi p\u00ebrtej kufijve - Lajme nga Ulqini<\/title>\n<meta name=\"description\" content=\"Adnan Gjinaj fitoj\u00eb nj\u00eb em\u00ebr edhe n\u00eb Shqip\u00ebri. M\u00eb pas Adnan Gjinaj ka dal\u00eb q\u00eb n\u00ebp\u00ebrmjet k\u00ebtij emri dhe si ulqinak\u00eb shqip\u00ebtar t\u00eb p\u00ebrcjellin vlerat e kombit\" \/>\n<meta name=\"robots\" content=\"index, follow, max-snippet:-1, max-image-preview:large, max-video-preview:-1\" \/>\n<link rel=\"canonical\" href=\"https:\/\/www.visit-ulcinj.com\/blog\/2011\/03\/30\/adnan-gjinaj-ulqinaku-ku-fama-e-te-cilit-shkoi-pertej-kufijve\/\" \/>\n<meta property=\"og:locale\" content=\"en_US\" \/>\n<meta property=\"og:type\" content=\"article\" \/>\n<meta property=\"og:title\" content=\"Adnan Gjinaj: Ulqinaku ku fama e t\u00eb cilit shkoi p\u00ebrtej kufijve - Lajme nga Ulqini\" \/>\n<meta property=\"og:description\" content=\"Adnan Gjinaj fitoj\u00eb nj\u00eb em\u00ebr edhe n\u00eb Shqip\u00ebri. M\u00eb pas Adnan Gjinaj ka dal\u00eb q\u00eb n\u00ebp\u00ebrmjet k\u00ebtij emri dhe si ulqinak\u00eb shqip\u00ebtar t\u00eb p\u00ebrcjellin vlerat e kombit\" \/>\n<meta property=\"og:url\" content=\"https:\/\/www.visit-ulcinj.com\/blog\/2011\/03\/30\/adnan-gjinaj-ulqinaku-ku-fama-e-te-cilit-shkoi-pertej-kufijve\/\" \/>\n<meta property=\"og:site_name\" content=\"Lajme nga Ulqini\" \/>\n<meta property=\"article:published_time\" content=\"2011-03-30T09:16:09+00:00\" \/>\n<meta property=\"article:modified_time\" content=\"2011-04-03T12:38:23+00:00\" \/>\n<meta property=\"og:image\" content=\"https:\/\/www.visit-ulcinj.com\/blog\/wp-content\/uploads\/2011\/03\/Adnan-Gjinaj_Revista-Mat-150x150.jpg\" \/>\n<meta name=\"twitter:label1\" content=\"Written by\" \/>\n\t<meta name=\"twitter:data1\" content=\"ulqini\" \/>\n\t<meta name=\"twitter:label2\" content=\"Est. reading time\" \/>\n\t<meta name=\"twitter:data2\" content=\"3 minutes\" \/>\n<script type=\"application\/ld+json\" class=\"yoast-schema-graph\">{\"@context\":\"https:\/\/schema.org\",\"@graph\":[{\"@type\":\"WebSite\",\"@id\":\"https:\/\/www.visit-ulcinj.com\/blog\/#website\",\"url\":\"https:\/\/www.visit-ulcinj.com\/blog\/\",\"name\":\"Lajme nga Ulqini\",\"description\":\"Lajme,Vijesti,Ulqini,Ulqin,Crna Gora,Mali i Zi\",\"potentialAction\":[{\"@type\":\"SearchAction\",\"target\":{\"@type\":\"EntryPoint\",\"urlTemplate\":\"https:\/\/www.visit-ulcinj.com\/blog\/?s={search_term_string}\"},\"query-input\":\"required name=search_term_string\"}],\"inLanguage\":\"en-US\"},{\"@type\":\"ImageObject\",\"inLanguage\":\"en-US\",\"@id\":\"https:\/\/www.visit-ulcinj.com\/blog\/2011\/03\/30\/adnan-gjinaj-ulqinaku-ku-fama-e-te-cilit-shkoi-pertej-kufijve\/#primaryimage\",\"url\":\"http:\/\/www.visit-ulcinj.com\/blog\/wp-content\/uploads\/2011\/03\/Adnan-Gjinaj_Revista-Mat.jpg\",\"contentUrl\":\"http:\/\/www.visit-ulcinj.com\/blog\/wp-content\/uploads\/2011\/03\/Adnan-Gjinaj_Revista-Mat.jpg\"},{\"@type\":\"WebPage\",\"@id\":\"https:\/\/www.visit-ulcinj.com\/blog\/2011\/03\/30\/adnan-gjinaj-ulqinaku-ku-fama-e-te-cilit-shkoi-pertej-kufijve\/#webpage\",\"url\":\"https:\/\/www.visit-ulcinj.com\/blog\/2011\/03\/30\/adnan-gjinaj-ulqinaku-ku-fama-e-te-cilit-shkoi-pertej-kufijve\/\",\"name\":\"Adnan Gjinaj: Ulqinaku ku fama e t\u00eb cilit shkoi p\u00ebrtej kufijve - Lajme nga Ulqini\",\"isPartOf\":{\"@id\":\"https:\/\/www.visit-ulcinj.com\/blog\/#website\"},\"primaryImageOfPage\":{\"@id\":\"https:\/\/www.visit-ulcinj.com\/blog\/2011\/03\/30\/adnan-gjinaj-ulqinaku-ku-fama-e-te-cilit-shkoi-pertej-kufijve\/#primaryimage\"},\"datePublished\":\"2011-03-30T09:16:09+00:00\",\"dateModified\":\"2011-04-03T12:38:23+00:00\",\"author\":{\"@id\":\"https:\/\/www.visit-ulcinj.com\/blog\/#\/schema\/person\/dcab619c614d3038751c63bc2aadc06d\"},\"description\":\"Adnan Gjinaj fitoj\u00eb nj\u00eb em\u00ebr edhe n\u00eb Shqip\u00ebri. M\u00eb pas Adnan Gjinaj ka dal\u00eb q\u00eb n\u00ebp\u00ebrmjet k\u00ebtij emri dhe si ulqinak\u00eb shqip\u00ebtar t\u00eb p\u00ebrcjellin vlerat e kombit\",\"breadcrumb\":{\"@id\":\"https:\/\/www.visit-ulcinj.com\/blog\/2011\/03\/30\/adnan-gjinaj-ulqinaku-ku-fama-e-te-cilit-shkoi-pertej-kufijve\/#breadcrumb\"},\"inLanguage\":\"en-US\",\"potentialAction\":[{\"@type\":\"ReadAction\",\"target\":[\"https:\/\/www.visit-ulcinj.com\/blog\/2011\/03\/30\/adnan-gjinaj-ulqinaku-ku-fama-e-te-cilit-shkoi-pertej-kufijve\/\"]}]},{\"@type\":\"BreadcrumbList\",\"@id\":\"https:\/\/www.visit-ulcinj.com\/blog\/2011\/03\/30\/adnan-gjinaj-ulqinaku-ku-fama-e-te-cilit-shkoi-pertej-kufijve\/#breadcrumb\",\"itemListElement\":[{\"@type\":\"ListItem\",\"position\":1,\"name\":\"Adnan Gjinaj: Ulqinaku ku fama e t\u00eb cilit shkoi p\u00ebrtej kufijve\"}]},{\"@type\":\"Person\",\"@id\":\"https:\/\/www.visit-ulcinj.com\/blog\/#\/schema\/person\/dcab619c614d3038751c63bc2aadc06d\",\"name\":\"ulqini\",\"sameAs\":[\"http:\/\/www.visit-ulcinj.com\"],\"url\":\"https:\/\/www.visit-ulcinj.com\/blog\/author\/admin\/\"}]}<\/script>\n<!-- \/ Yoast SEO plugin. -->","yoast_head_json":{"title":"Adnan Gjinaj: Ulqinaku ku fama e t\u00eb cilit shkoi p\u00ebrtej kufijve - Lajme nga Ulqini","description":"Adnan Gjinaj fitoj\u00eb nj\u00eb em\u00ebr edhe n\u00eb Shqip\u00ebri. M\u00eb pas Adnan Gjinaj ka dal\u00eb q\u00eb n\u00ebp\u00ebrmjet k\u00ebtij emri dhe si ulqinak\u00eb shqip\u00ebtar t\u00eb p\u00ebrcjellin vlerat e kombit","robots":{"index":"index","follow":"follow","max-snippet":"max-snippet:-1","max-image-preview":"max-image-preview:large","max-video-preview":"max-video-preview:-1"},"canonical":"https:\/\/www.visit-ulcinj.com\/blog\/2011\/03\/30\/adnan-gjinaj-ulqinaku-ku-fama-e-te-cilit-shkoi-pertej-kufijve\/","og_locale":"en_US","og_type":"article","og_title":"Adnan Gjinaj: Ulqinaku ku fama e t\u00eb cilit shkoi p\u00ebrtej kufijve - Lajme nga Ulqini","og_description":"Adnan Gjinaj fitoj\u00eb nj\u00eb em\u00ebr edhe n\u00eb Shqip\u00ebri. M\u00eb pas Adnan Gjinaj ka dal\u00eb q\u00eb n\u00ebp\u00ebrmjet k\u00ebtij emri dhe si ulqinak\u00eb shqip\u00ebtar t\u00eb p\u00ebrcjellin vlerat e kombit","og_url":"https:\/\/www.visit-ulcinj.com\/blog\/2011\/03\/30\/adnan-gjinaj-ulqinaku-ku-fama-e-te-cilit-shkoi-pertej-kufijve\/","og_site_name":"Lajme nga Ulqini","article_published_time":"2011-03-30T09:16:09+00:00","article_modified_time":"2011-04-03T12:38:23+00:00","og_image":[{"url":"https:\/\/www.visit-ulcinj.com\/blog\/wp-content\/uploads\/2011\/03\/Adnan-Gjinaj_Revista-Mat-150x150.jpg"}],"twitter_misc":{"Written by":"ulqini","Est. reading time":"3 minutes"},"schema":{"@context":"https:\/\/schema.org","@graph":[{"@type":"WebSite","@id":"https:\/\/www.visit-ulcinj.com\/blog\/#website","url":"https:\/\/www.visit-ulcinj.com\/blog\/","name":"Lajme nga Ulqini","description":"Lajme,Vijesti,Ulqini,Ulqin,Crna Gora,Mali i Zi","potentialAction":[{"@type":"SearchAction","target":{"@type":"EntryPoint","urlTemplate":"https:\/\/www.visit-ulcinj.com\/blog\/?s={search_term_string}"},"query-input":"required name=search_term_string"}],"inLanguage":"en-US"},{"@type":"ImageObject","inLanguage":"en-US","@id":"https:\/\/www.visit-ulcinj.com\/blog\/2011\/03\/30\/adnan-gjinaj-ulqinaku-ku-fama-e-te-cilit-shkoi-pertej-kufijve\/#primaryimage","url":"http:\/\/www.visit-ulcinj.com\/blog\/wp-content\/uploads\/2011\/03\/Adnan-Gjinaj_Revista-Mat.jpg","contentUrl":"http:\/\/www.visit-ulcinj.com\/blog\/wp-content\/uploads\/2011\/03\/Adnan-Gjinaj_Revista-Mat.jpg"},{"@type":"WebPage","@id":"https:\/\/www.visit-ulcinj.com\/blog\/2011\/03\/30\/adnan-gjinaj-ulqinaku-ku-fama-e-te-cilit-shkoi-pertej-kufijve\/#webpage","url":"https:\/\/www.visit-ulcinj.com\/blog\/2011\/03\/30\/adnan-gjinaj-ulqinaku-ku-fama-e-te-cilit-shkoi-pertej-kufijve\/","name":"Adnan Gjinaj: Ulqinaku ku fama e t\u00eb cilit shkoi p\u00ebrtej kufijve - Lajme nga Ulqini","isPartOf":{"@id":"https:\/\/www.visit-ulcinj.com\/blog\/#website"},"primaryImageOfPage":{"@id":"https:\/\/www.visit-ulcinj.com\/blog\/2011\/03\/30\/adnan-gjinaj-ulqinaku-ku-fama-e-te-cilit-shkoi-pertej-kufijve\/#primaryimage"},"datePublished":"2011-03-30T09:16:09+00:00","dateModified":"2011-04-03T12:38:23+00:00","author":{"@id":"https:\/\/www.visit-ulcinj.com\/blog\/#\/schema\/person\/dcab619c614d3038751c63bc2aadc06d"},"description":"Adnan Gjinaj fitoj\u00eb nj\u00eb em\u00ebr edhe n\u00eb Shqip\u00ebri. M\u00eb pas Adnan Gjinaj ka dal\u00eb q\u00eb n\u00ebp\u00ebrmjet k\u00ebtij emri dhe si ulqinak\u00eb shqip\u00ebtar t\u00eb p\u00ebrcjellin vlerat e kombit","breadcrumb":{"@id":"https:\/\/www.visit-ulcinj.com\/blog\/2011\/03\/30\/adnan-gjinaj-ulqinaku-ku-fama-e-te-cilit-shkoi-pertej-kufijve\/#breadcrumb"},"inLanguage":"en-US","potentialAction":[{"@type":"ReadAction","target":["https:\/\/www.visit-ulcinj.com\/blog\/2011\/03\/30\/adnan-gjinaj-ulqinaku-ku-fama-e-te-cilit-shkoi-pertej-kufijve\/"]}]},{"@type":"BreadcrumbList","@id":"https:\/\/www.visit-ulcinj.com\/blog\/2011\/03\/30\/adnan-gjinaj-ulqinaku-ku-fama-e-te-cilit-shkoi-pertej-kufijve\/#breadcrumb","itemListElement":[{"@type":"ListItem","position":1,"name":"Adnan Gjinaj: Ulqinaku ku fama e t\u00eb cilit shkoi p\u00ebrtej kufijve"}]},{"@type":"Person","@id":"https:\/\/www.visit-ulcinj.com\/blog\/#\/schema\/person\/dcab619c614d3038751c63bc2aadc06d","name":"ulqini","sameAs":["http:\/\/www.visit-ulcinj.com"],"url":"https:\/\/www.visit-ulcinj.com\/blog\/author\/admin\/"}]}},"jetpack_featured_media_url":"","jetpack_sharing_enabled":true,"jetpack_shortlink":"https:\/\/wp.me\/pe6lTn-bMY","_links":{"self":[{"href":"https:\/\/www.visit-ulcinj.com\/blog\/wp-json\/wp\/v2\/posts\/45320"}],"collection":[{"href":"https:\/\/www.visit-ulcinj.com\/blog\/wp-json\/wp\/v2\/posts"}],"about":[{"href":"https:\/\/www.visit-ulcinj.com\/blog\/wp-json\/wp\/v2\/types\/post"}],"author":[{"embeddable":true,"href":"https:\/\/www.visit-ulcinj.com\/blog\/wp-json\/wp\/v2\/users\/1"}],"replies":[{"embeddable":true,"href":"https:\/\/www.visit-ulcinj.com\/blog\/wp-json\/wp\/v2\/comments?post=45320"}],"version-history":[{"count":0,"href":"https:\/\/www.visit-ulcinj.com\/blog\/wp-json\/wp\/v2\/posts\/45320\/revisions"}],"wp:attachment":[{"href":"https:\/\/www.visit-ulcinj.com\/blog\/wp-json\/wp\/v2\/media?parent=45320"}],"wp:term":[{"taxonomy":"category","embeddable":true,"href":"https:\/\/www.visit-ulcinj.com\/blog\/wp-json\/wp\/v2\/categories?post=45320"},{"taxonomy":"post_tag","embeddable":true,"href":"https:\/\/www.visit-ulcinj.com\/blog\/wp-json\/wp\/v2\/tags?post=45320"}],"curies":[{"name":"wp","href":"https:\/\/api.w.org\/{rel}","templated":true}]}}