{"id":45367,"date":"2011-03-31T09:25:03","date_gmt":"2011-03-31T08:25:03","guid":{"rendered":"http:\/\/www.visit-ulcinj.com\/blog\/?p=45367"},"modified":"2011-04-03T16:21:39","modified_gmt":"2011-04-03T15:21:39","slug":"programi-dita-e-ulqinit-2011-2","status":"publish","type":"post","link":"https:\/\/www.visit-ulcinj.com\/blog\/2011\/03\/31\/programi-dita-e-ulqinit-2011-2\/","title":{"rendered":"Programi, Dita e Ulqinit 2011"},"content":{"rendered":"<p><strong><a href=\"http:\/\/www.visit-ulcinj.com\/blog\/wp-content\/uploads\/2011\/03\/dita-e-komunes-se-ulqinit.1.jpg\"><img loading=\"lazy\" class=\"alignleft size-full wp-image-45245\" title=\"dita e komunes se ulqinit.1\" src=\"http:\/\/www.visit-ulcinj.com\/blog\/wp-content\/uploads\/2011\/03\/dita-e-komunes-se-ulqinit.1.jpg\" alt=\"\" width=\"508\" height=\"300\" \/><\/a><br \/>\n<\/strong><\/p>\n<p>Programi, Dita e Ulqinit 2011<\/p>\n<p><span style=\"text-decoration: underline;\"> <\/span><\/p>\n<p><strong><span style=\"text-decoration: underline;\">26.03.2011 (e shtune)<\/span><\/strong><\/p>\n<p>11.00    Hapja solemne e manifestimit \u2019\u2019Ulliri &#8211; Florin i Ulqinit\u2019\u2019 ( Hollegro)<\/p>\n<p>&nbsp;<\/p>\n<p><strong><span style=\"text-decoration: underline;\">28.03.2011 (e h\u00ebn\u00eb)<\/span><\/strong><\/p>\n<p>11.00 Pritja e p\u00ebrfaq\u00ebsuesve t\u00eb konfesioneve<\/p>\n<p>19.00 Koncerti i shkoll\u00ebs s\u00eb muzik\u00ebs (Shkolla e Muzik\u00ebs, Ulqin)<\/p>\n<p>&nbsp;<\/p>\n<p><strong><span style=\"text-decoration: underline;\">29.03.2011 (e marte)<\/span><\/strong><\/p>\n<p>11.00 Dor\u00ebzimi i mir\u00ebnjohjeve nx\u00ebn\u00ebsve m\u00eb t\u00eb mir\u00eb t\u00eb shkollave (odeoni i Pallatit t\u00eb Kultur\u00ebs)<\/p>\n<p>18.00 Finalja e turnet n\u00eb Ping-Pong (salla te rrethi)<\/p>\n<p>&nbsp;<\/p>\n<p><strong><span style=\"text-decoration: underline;\">30.03.2011 (e m\u00ebrkure)<\/span><\/strong><\/p>\n<p>11.00 Manifestimi \u2013 \u2019\u20191000 lule n\u00eb An\u00eb t\u00eb Malit\u2019\u2019(Kat\u00ebrkoll\u00eb)<\/p>\n<p>19.00 Promovimi i librit \u2019\u2019Glosar i terminologjis\u00eb detare t\u00eb Ulqinit\u2019\u2019 autor Hajro Ulqinaku dhe \u2019\u2019Flota shekullore detaro-tregtare eUlqini\u2019\u2019 autor Maksud Haxhibrahimi (Bibloteka e qytetit)<\/p>\n<p>&nbsp;<\/p>\n<p><strong><span style=\"text-decoration: underline;\">31.03.2011 (e enjte)<\/span><\/strong><\/p>\n<p>19.00 Hapja e ekpozit\u00ebs t\u00eb Agron Ujkashit (odeoni i Pallatit t\u00eb Kultur\u00ebs)<\/p>\n<p>&nbsp;<\/p>\n<p><strong><span style=\"text-decoration: underline;\">01.04.2011 (e premte)<\/span><\/strong><\/p>\n<p>10.00 Hapja e konferenc\u00ebs s\u00eb tret\u00eb shkencore \u2019\u2019Perspektiva e zhvillimit ekonomik \u2013 sfidat dhe mund\u00ebsit\u00eb\u2019\u2019 (salla e kuvendit komunal)<\/p>\n<p>17.00 Vizit\u00eb kantierit t\u00eb nd\u00ebrtimit t\u00eb ur\u00ebs mbi Porto Milen\u00eb<\/p>\n<p>&nbsp;<\/p>\n<p><strong><span style=\"text-decoration: underline;\">02.04.2011 (e shtune)<\/span><\/strong><\/p>\n<p>11.00 Seanca Solemne e Kuvendit Komunal (Qendra p\u00ebr Kultur\u00eb)<\/p>\n<p>20.00 Program artistik me k\u00ebng\u00ebtar\u00eb vendas dhe durr\u00ebsak (Qedra p\u00ebr Kultur\u00eb)<\/p>\n<p>&nbsp;<\/p>\n<p><strong><span style=\"text-decoration: underline;\">03.04.2011 (e diele) <\/span><\/strong><\/p>\n<p>14.00 Hapja e turneut n\u00eb karate \u2019\u2019Samurai Karate Cup 2011\u2019\u2019 (salla V\u00ebllaz\u00ebrim-Bashkim)<\/p>\n<p><strong><strong>Municipality of Ulcinj \/ Ulqin<br \/>\nArsllan Hajdinaga<\/strong><\/strong><\/p>\n<p><strong><strong><!--YouTube Error: bad URL entered--><br \/>\n<\/strong><\/strong><\/p>\n","protected":false},"excerpt":{"rendered":"<p>Programi, Dita e Ulqinit 2011 26.03.2011 (e shtune) 11.00 Hapja solemne e manifestimit \u2019\u2019Ulliri &#8211; Florin i Ulqinit\u2019\u2019 ( Hollegro) &nbsp; 28.03.2011 (e h\u00ebn\u00eb) 11.00 Pritja e p\u00ebrfaq\u00ebsuesve t\u00eb konfesioneve 19.00 Koncerti i shkoll\u00ebs s\u00eb muzik\u00ebs (Shkolla e Muzik\u00ebs, Ulqin) &nbsp; 29.03.2011 (e marte) 11.00 Dor\u00ebzimi i mir\u00ebnjohjeve nx\u00ebn\u00ebsve m\u00eb t\u00eb mir\u00eb t\u00eb shkollave (odeoni [&hellip;]<\/p>\n","protected":false},"author":1,"featured_media":0,"comment_status":"open","ping_status":"closed","sticky":false,"template":"","format":"standard","meta":{"spay_email":"","jetpack_publicize_message":"","jetpack_is_tweetstorm":false,"jetpack_publicize_feature_enabled":true},"categories":[1,6],"tags":[8707,8685],"jetpack_publicize_connections":[],"yoast_head":"<!-- This site is optimized with the Yoast SEO plugin v19.1 - https:\/\/yoast.com\/wordpress\/plugins\/seo\/ -->\n<title>Programi, Dita e Ulqinit 2011 - Lajme nga Ulqini<\/title>\n<meta name=\"description\" content=\"Programi, Dita e Ulqinit 2011 26.03.2011 (e shtune) 11.00 Hapja solemne e manifestimit \u2019\u2019Ulliri - Florin i Ulqinit\u2019\u2019 ( Hollegro) &nbsp; 28.03.2011 (e\" \/>\n<meta name=\"robots\" content=\"index, follow, max-snippet:-1, max-image-preview:large, max-video-preview:-1\" \/>\n<link rel=\"canonical\" href=\"https:\/\/www.visit-ulcinj.com\/blog\/2011\/03\/31\/programi-dita-e-ulqinit-2011-2\/\" \/>\n<meta property=\"og:locale\" content=\"en_US\" \/>\n<meta property=\"og:type\" content=\"article\" \/>\n<meta property=\"og:title\" content=\"Programi, Dita e Ulqinit 2011 - Lajme nga Ulqini\" \/>\n<meta property=\"og:description\" content=\"Programi, Dita e Ulqinit 2011 26.03.2011 (e shtune) 11.00 Hapja solemne e manifestimit \u2019\u2019Ulliri - Florin i Ulqinit\u2019\u2019 ( Hollegro) &nbsp; 28.03.2011 (e\" \/>\n<meta property=\"og:url\" content=\"https:\/\/www.visit-ulcinj.com\/blog\/2011\/03\/31\/programi-dita-e-ulqinit-2011-2\/\" \/>\n<meta property=\"og:site_name\" content=\"Lajme nga Ulqini\" \/>\n<meta property=\"article:published_time\" content=\"2011-03-31T08:25:03+00:00\" \/>\n<meta property=\"article:modified_time\" content=\"2011-04-03T15:21:39+00:00\" \/>\n<meta property=\"og:image\" content=\"http:\/\/www.visit-ulcinj.com\/blog\/wp-content\/uploads\/2011\/03\/dita-e-komunes-se-ulqinit.1.jpg\" \/>\n<meta name=\"twitter:label1\" content=\"Written by\" \/>\n\t<meta name=\"twitter:data1\" content=\"ulqini\" \/>\n\t<meta name=\"twitter:label2\" content=\"Est. reading time\" \/>\n\t<meta name=\"twitter:data2\" content=\"1 minute\" \/>\n<script type=\"application\/ld+json\" class=\"yoast-schema-graph\">{\"@context\":\"https:\/\/schema.org\",\"@graph\":[{\"@type\":\"WebSite\",\"@id\":\"https:\/\/www.visit-ulcinj.com\/blog\/#website\",\"url\":\"https:\/\/www.visit-ulcinj.com\/blog\/\",\"name\":\"Lajme nga Ulqini\",\"description\":\"Lajme,Vijesti,Ulqini,Ulqin,Crna Gora,Mali i Zi\",\"potentialAction\":[{\"@type\":\"SearchAction\",\"target\":{\"@type\":\"EntryPoint\",\"urlTemplate\":\"https:\/\/www.visit-ulcinj.com\/blog\/?s={search_term_string}\"},\"query-input\":\"required name=search_term_string\"}],\"inLanguage\":\"en-US\"},{\"@type\":\"ImageObject\",\"inLanguage\":\"en-US\",\"@id\":\"https:\/\/www.visit-ulcinj.com\/blog\/2011\/03\/31\/programi-dita-e-ulqinit-2011-2\/#primaryimage\",\"url\":\"https:\/\/www.visit-ulcinj.com\/blog\/wp-content\/uploads\/2011\/03\/dita-e-komunes-se-ulqinit.1.jpg\",\"contentUrl\":\"https:\/\/www.visit-ulcinj.com\/blog\/wp-content\/uploads\/2011\/03\/dita-e-komunes-se-ulqinit.1.jpg\",\"width\":\"620\",\"height\":\"300\"},{\"@type\":\"WebPage\",\"@id\":\"https:\/\/www.visit-ulcinj.com\/blog\/2011\/03\/31\/programi-dita-e-ulqinit-2011-2\/#webpage\",\"url\":\"https:\/\/www.visit-ulcinj.com\/blog\/2011\/03\/31\/programi-dita-e-ulqinit-2011-2\/\",\"name\":\"Programi, Dita e Ulqinit 2011 - Lajme nga Ulqini\",\"isPartOf\":{\"@id\":\"https:\/\/www.visit-ulcinj.com\/blog\/#website\"},\"primaryImageOfPage\":{\"@id\":\"https:\/\/www.visit-ulcinj.com\/blog\/2011\/03\/31\/programi-dita-e-ulqinit-2011-2\/#primaryimage\"},\"datePublished\":\"2011-03-31T08:25:03+00:00\",\"dateModified\":\"2011-04-03T15:21:39+00:00\",\"author\":{\"@id\":\"https:\/\/www.visit-ulcinj.com\/blog\/#\/schema\/person\/dcab619c614d3038751c63bc2aadc06d\"},\"description\":\"Programi, Dita e Ulqinit 2011 26.03.2011 (e shtune) 11.00 Hapja solemne e manifestimit \u2019\u2019Ulliri - Florin i Ulqinit\u2019\u2019 ( Hollegro) &nbsp; 28.03.2011 (e\",\"breadcrumb\":{\"@id\":\"https:\/\/www.visit-ulcinj.com\/blog\/2011\/03\/31\/programi-dita-e-ulqinit-2011-2\/#breadcrumb\"},\"inLanguage\":\"en-US\",\"potentialAction\":[{\"@type\":\"ReadAction\",\"target\":[\"https:\/\/www.visit-ulcinj.com\/blog\/2011\/03\/31\/programi-dita-e-ulqinit-2011-2\/\"]}]},{\"@type\":\"BreadcrumbList\",\"@id\":\"https:\/\/www.visit-ulcinj.com\/blog\/2011\/03\/31\/programi-dita-e-ulqinit-2011-2\/#breadcrumb\",\"itemListElement\":[{\"@type\":\"ListItem\",\"position\":1,\"name\":\"Programi, Dita e Ulqinit 2011\"}]},{\"@type\":\"Person\",\"@id\":\"https:\/\/www.visit-ulcinj.com\/blog\/#\/schema\/person\/dcab619c614d3038751c63bc2aadc06d\",\"name\":\"ulqini\",\"sameAs\":[\"http:\/\/www.visit-ulcinj.com\"],\"url\":\"https:\/\/www.visit-ulcinj.com\/blog\/author\/admin\/\"}]}<\/script>\n<!-- \/ Yoast SEO plugin. -->","yoast_head_json":{"title":"Programi, Dita e Ulqinit 2011 - Lajme nga Ulqini","description":"Programi, Dita e Ulqinit 2011 26.03.2011 (e shtune) 11.00 Hapja solemne e manifestimit \u2019\u2019Ulliri - Florin i Ulqinit\u2019\u2019 ( Hollegro) &nbsp; 28.03.2011 (e","robots":{"index":"index","follow":"follow","max-snippet":"max-snippet:-1","max-image-preview":"max-image-preview:large","max-video-preview":"max-video-preview:-1"},"canonical":"https:\/\/www.visit-ulcinj.com\/blog\/2011\/03\/31\/programi-dita-e-ulqinit-2011-2\/","og_locale":"en_US","og_type":"article","og_title":"Programi, Dita e Ulqinit 2011 - Lajme nga Ulqini","og_description":"Programi, Dita e Ulqinit 2011 26.03.2011 (e shtune) 11.00 Hapja solemne e manifestimit \u2019\u2019Ulliri - Florin i Ulqinit\u2019\u2019 ( Hollegro) &nbsp; 28.03.2011 (e","og_url":"https:\/\/www.visit-ulcinj.com\/blog\/2011\/03\/31\/programi-dita-e-ulqinit-2011-2\/","og_site_name":"Lajme nga Ulqini","article_published_time":"2011-03-31T08:25:03+00:00","article_modified_time":"2011-04-03T15:21:39+00:00","og_image":[{"url":"http:\/\/www.visit-ulcinj.com\/blog\/wp-content\/uploads\/2011\/03\/dita-e-komunes-se-ulqinit.1.jpg"}],"twitter_misc":{"Written by":"ulqini","Est. reading time":"1 minute"},"schema":{"@context":"https:\/\/schema.org","@graph":[{"@type":"WebSite","@id":"https:\/\/www.visit-ulcinj.com\/blog\/#website","url":"https:\/\/www.visit-ulcinj.com\/blog\/","name":"Lajme nga Ulqini","description":"Lajme,Vijesti,Ulqini,Ulqin,Crna Gora,Mali i Zi","potentialAction":[{"@type":"SearchAction","target":{"@type":"EntryPoint","urlTemplate":"https:\/\/www.visit-ulcinj.com\/blog\/?s={search_term_string}"},"query-input":"required name=search_term_string"}],"inLanguage":"en-US"},{"@type":"ImageObject","inLanguage":"en-US","@id":"https:\/\/www.visit-ulcinj.com\/blog\/2011\/03\/31\/programi-dita-e-ulqinit-2011-2\/#primaryimage","url":"https:\/\/www.visit-ulcinj.com\/blog\/wp-content\/uploads\/2011\/03\/dita-e-komunes-se-ulqinit.1.jpg","contentUrl":"https:\/\/www.visit-ulcinj.com\/blog\/wp-content\/uploads\/2011\/03\/dita-e-komunes-se-ulqinit.1.jpg","width":"620","height":"300"},{"@type":"WebPage","@id":"https:\/\/www.visit-ulcinj.com\/blog\/2011\/03\/31\/programi-dita-e-ulqinit-2011-2\/#webpage","url":"https:\/\/www.visit-ulcinj.com\/blog\/2011\/03\/31\/programi-dita-e-ulqinit-2011-2\/","name":"Programi, Dita e Ulqinit 2011 - Lajme nga Ulqini","isPartOf":{"@id":"https:\/\/www.visit-ulcinj.com\/blog\/#website"},"primaryImageOfPage":{"@id":"https:\/\/www.visit-ulcinj.com\/blog\/2011\/03\/31\/programi-dita-e-ulqinit-2011-2\/#primaryimage"},"datePublished":"2011-03-31T08:25:03+00:00","dateModified":"2011-04-03T15:21:39+00:00","author":{"@id":"https:\/\/www.visit-ulcinj.com\/blog\/#\/schema\/person\/dcab619c614d3038751c63bc2aadc06d"},"description":"Programi, Dita e Ulqinit 2011 26.03.2011 (e shtune) 11.00 Hapja solemne e manifestimit \u2019\u2019Ulliri - Florin i Ulqinit\u2019\u2019 ( Hollegro) &nbsp; 28.03.2011 (e","breadcrumb":{"@id":"https:\/\/www.visit-ulcinj.com\/blog\/2011\/03\/31\/programi-dita-e-ulqinit-2011-2\/#breadcrumb"},"inLanguage":"en-US","potentialAction":[{"@type":"ReadAction","target":["https:\/\/www.visit-ulcinj.com\/blog\/2011\/03\/31\/programi-dita-e-ulqinit-2011-2\/"]}]},{"@type":"BreadcrumbList","@id":"https:\/\/www.visit-ulcinj.com\/blog\/2011\/03\/31\/programi-dita-e-ulqinit-2011-2\/#breadcrumb","itemListElement":[{"@type":"ListItem","position":1,"name":"Programi, Dita e Ulqinit 2011"}]},{"@type":"Person","@id":"https:\/\/www.visit-ulcinj.com\/blog\/#\/schema\/person\/dcab619c614d3038751c63bc2aadc06d","name":"ulqini","sameAs":["http:\/\/www.visit-ulcinj.com"],"url":"https:\/\/www.visit-ulcinj.com\/blog\/author\/admin\/"}]}},"jetpack_featured_media_url":"","jetpack_sharing_enabled":true,"jetpack_shortlink":"https:\/\/wp.me\/pe6lTn-bNJ","_links":{"self":[{"href":"https:\/\/www.visit-ulcinj.com\/blog\/wp-json\/wp\/v2\/posts\/45367"}],"collection":[{"href":"https:\/\/www.visit-ulcinj.com\/blog\/wp-json\/wp\/v2\/posts"}],"about":[{"href":"https:\/\/www.visit-ulcinj.com\/blog\/wp-json\/wp\/v2\/types\/post"}],"author":[{"embeddable":true,"href":"https:\/\/www.visit-ulcinj.com\/blog\/wp-json\/wp\/v2\/users\/1"}],"replies":[{"embeddable":true,"href":"https:\/\/www.visit-ulcinj.com\/blog\/wp-json\/wp\/v2\/comments?post=45367"}],"version-history":[{"count":1,"href":"https:\/\/www.visit-ulcinj.com\/blog\/wp-json\/wp\/v2\/posts\/45367\/revisions"}],"predecessor-version":[{"id":58967,"href":"https:\/\/www.visit-ulcinj.com\/blog\/wp-json\/wp\/v2\/posts\/45367\/revisions\/58967"}],"wp:attachment":[{"href":"https:\/\/www.visit-ulcinj.com\/blog\/wp-json\/wp\/v2\/media?parent=45367"}],"wp:term":[{"taxonomy":"category","embeddable":true,"href":"https:\/\/www.visit-ulcinj.com\/blog\/wp-json\/wp\/v2\/categories?post=45367"},{"taxonomy":"post_tag","embeddable":true,"href":"https:\/\/www.visit-ulcinj.com\/blog\/wp-json\/wp\/v2\/tags?post=45367"}],"curies":[{"name":"wp","href":"https:\/\/api.w.org\/{rel}","templated":true}]}}