{"id":45410,"date":"2011-04-01T17:30:07","date_gmt":"2011-04-01T16:30:07","guid":{"rendered":"http:\/\/www.visit-ulcinj.com\/blog\/?p=45410"},"modified":"2011-04-03T15:11:11","modified_gmt":"2011-04-03T14:11:11","slug":"luigj-shkreli-thot-une-jam-shqipetar-ne-emisionin-prizma","status":"publish","type":"post","link":"https:\/\/www.visit-ulcinj.com\/blog\/2011\/04\/01\/luigj-shkreli-thot-une-jam-shqipetar-ne-emisionin-prizma\/","title":{"rendered":"Luigj Shkreli thot jam Shqip\u00ebtar dhe do doklarohem si i till\u00eb n\u00eb regjistrim"},"content":{"rendered":"<p><a href=\"http:\/\/www.visit-ulcinj.com\/blog\/wp-content\/uploads\/2011\/04\/Popis_TV-VIJESTI_PRIZMA-ONLINE.jpg\"><img loading=\"lazy\" class=\"alignleft size-full wp-image-45411\" title=\"Popis_TV-VIJESTI_PRIZMA-ONLINE\" src=\"http:\/\/www.visit-ulcinj.com\/blog\/wp-content\/uploads\/2011\/04\/Popis_TV-VIJESTI_PRIZMA-ONLINE.jpg\" alt=\"\" width=\"508\" height=\"373\" \/><\/a>Kryetari i kuvendit t\u00eb Ulqinit Luigj Shkreli ne morri pjes n\u00eb emisionin e Tv Vijestit &#8211; Emisionin Prizma.<\/p>\n<p>Qytetar\u00ebt sipas Ligjit mbi regjistrimin, kan\u00eb obligim t\u00eb p\u00ebrgjigjen n\u00eb pyetjet e regjistruesve q\u00eb dalin nga pyet\u00ebsori. Simbas Luigj Shkrelit \u00e7do kush mundet lirisht t\u00eb shpallet n\u00eb pyetjen mbi p\u00ebrkat\u00ebsin\u00eb nacionale, p\u00ebrkat\u00ebsisht etnike, fetare dhe gjuh\u00ebsore.<br \/>\nLuigj Shkreli n\u00eb emisionin Prizma thot jam Shqip\u00ebtar se do doklarohem si i till\u00eb n\u00eb regjistrim.<\/p>\n<p>Ju d\u00ebshirojm shikim t\u00eb k\u00ebnshem t\u00eb emisionit Prizma.<\/p>\n<p>[flv]http:\/\/a18.video2.blip.tv\/10510008167468\/Rtvvijesti-prizma300311787.flv[\/flv]<\/p>\n<p>&nbsp;<\/p>\n","protected":false},"excerpt":{"rendered":"<p>Kryetari i kuvendit t\u00eb Ulqinit Luigj Shkreli ne morri pjes n\u00eb emisionin e Tv Vijestit &#8211; Emisionin Prizma. Qytetar\u00ebt sipas Ligjit mbi regjistrimin, kan\u00eb obligim t\u00eb p\u00ebrgjigjen n\u00eb pyetjet e regjistruesve q\u00eb dalin nga pyet\u00ebsori. Simbas Luigj Shkrelit \u00e7do kush mundet lirisht t\u00eb shpallet n\u00eb pyetjen mbi p\u00ebrkat\u00ebsin\u00eb nacionale, p\u00ebrkat\u00ebsisht etnike, fetare dhe gjuh\u00ebsore. Luigj [&hellip;]<\/p>\n","protected":false},"author":1,"featured_media":0,"comment_status":"open","ping_status":"closed","sticky":false,"template":"","format":"standard","meta":{"spay_email":"","jetpack_publicize_message":"","jetpack_is_tweetstorm":false,"jetpack_publicize_feature_enabled":true},"categories":[6],"tags":[20,729,17964,19],"jetpack_publicize_connections":[],"yoast_head":"<!-- This site is optimized with the Yoast SEO plugin v19.1 - https:\/\/yoast.com\/wordpress\/plugins\/seo\/ -->\n<title>Luigj Shkreli thot jam Shqip\u00ebtar dhe do doklarohem si i till\u00eb n\u00eb regjistrim - Lajme nga Ulqini<\/title>\n<meta name=\"description\" content=\"Kryetari i kuvendit t\u00eb Ulqinit Luigj Shkreli ne morri pjes n\u00eb emisionin e Tv Vijestit - Emisionin Prizma. Qytetar\u00ebt sipas Ligjit mbi regjistrimin, kan\u00eb\" \/>\n<meta name=\"robots\" content=\"index, follow, max-snippet:-1, max-image-preview:large, max-video-preview:-1\" \/>\n<link rel=\"canonical\" href=\"https:\/\/www.visit-ulcinj.com\/blog\/2011\/04\/01\/luigj-shkreli-thot-une-jam-shqipetar-ne-emisionin-prizma\/\" \/>\n<meta property=\"og:locale\" content=\"en_US\" \/>\n<meta property=\"og:type\" content=\"article\" \/>\n<meta property=\"og:title\" content=\"Luigj Shkreli thot jam Shqip\u00ebtar dhe do doklarohem si i till\u00eb n\u00eb regjistrim - Lajme nga Ulqini\" \/>\n<meta property=\"og:description\" content=\"Kryetari i kuvendit t\u00eb Ulqinit Luigj Shkreli ne morri pjes n\u00eb emisionin e Tv Vijestit - Emisionin Prizma. Qytetar\u00ebt sipas Ligjit mbi regjistrimin, kan\u00eb\" \/>\n<meta property=\"og:url\" content=\"https:\/\/www.visit-ulcinj.com\/blog\/2011\/04\/01\/luigj-shkreli-thot-une-jam-shqipetar-ne-emisionin-prizma\/\" \/>\n<meta property=\"og:site_name\" content=\"Lajme nga Ulqini\" \/>\n<meta property=\"article:published_time\" content=\"2011-04-01T16:30:07+00:00\" \/>\n<meta property=\"article:modified_time\" content=\"2011-04-03T14:11:11+00:00\" \/>\n<meta property=\"og:image\" content=\"http:\/\/www.visit-ulcinj.com\/blog\/wp-content\/uploads\/2011\/04\/Popis_TV-VIJESTI_PRIZMA-ONLINE.jpg\" \/>\n<meta name=\"twitter:label1\" content=\"Written by\" \/>\n\t<meta name=\"twitter:data1\" content=\"ulqini\" \/>\n<script type=\"application\/ld+json\" class=\"yoast-schema-graph\">{\"@context\":\"https:\/\/schema.org\",\"@graph\":[{\"@type\":\"WebSite\",\"@id\":\"https:\/\/www.visit-ulcinj.com\/blog\/#website\",\"url\":\"https:\/\/www.visit-ulcinj.com\/blog\/\",\"name\":\"Lajme nga Ulqini\",\"description\":\"Lajme,Vijesti,Ulqini,Ulqin,Crna Gora,Mali i Zi\",\"potentialAction\":[{\"@type\":\"SearchAction\",\"target\":{\"@type\":\"EntryPoint\",\"urlTemplate\":\"https:\/\/www.visit-ulcinj.com\/blog\/?s={search_term_string}\"},\"query-input\":\"required name=search_term_string\"}],\"inLanguage\":\"en-US\"},{\"@type\":\"ImageObject\",\"inLanguage\":\"en-US\",\"@id\":\"https:\/\/www.visit-ulcinj.com\/blog\/2011\/04\/01\/luigj-shkreli-thot-une-jam-shqipetar-ne-emisionin-prizma\/#primaryimage\",\"url\":\"https:\/\/www.visit-ulcinj.com\/blog\/wp-content\/uploads\/2011\/04\/Popis_TV-VIJESTI_PRIZMA-ONLINE.jpg\",\"contentUrl\":\"https:\/\/www.visit-ulcinj.com\/blog\/wp-content\/uploads\/2011\/04\/Popis_TV-VIJESTI_PRIZMA-ONLINE.jpg\",\"width\":\"727\",\"height\":\"373\"},{\"@type\":\"WebPage\",\"@id\":\"https:\/\/www.visit-ulcinj.com\/blog\/2011\/04\/01\/luigj-shkreli-thot-une-jam-shqipetar-ne-emisionin-prizma\/#webpage\",\"url\":\"https:\/\/www.visit-ulcinj.com\/blog\/2011\/04\/01\/luigj-shkreli-thot-une-jam-shqipetar-ne-emisionin-prizma\/\",\"name\":\"Luigj Shkreli thot jam Shqip\u00ebtar dhe do doklarohem si i till\u00eb n\u00eb regjistrim - Lajme nga Ulqini\",\"isPartOf\":{\"@id\":\"https:\/\/www.visit-ulcinj.com\/blog\/#website\"},\"primaryImageOfPage\":{\"@id\":\"https:\/\/www.visit-ulcinj.com\/blog\/2011\/04\/01\/luigj-shkreli-thot-une-jam-shqipetar-ne-emisionin-prizma\/#primaryimage\"},\"datePublished\":\"2011-04-01T16:30:07+00:00\",\"dateModified\":\"2011-04-03T14:11:11+00:00\",\"author\":{\"@id\":\"https:\/\/www.visit-ulcinj.com\/blog\/#\/schema\/person\/dcab619c614d3038751c63bc2aadc06d\"},\"description\":\"Kryetari i kuvendit t\u00eb Ulqinit Luigj Shkreli ne morri pjes n\u00eb emisionin e Tv Vijestit - Emisionin Prizma. Qytetar\u00ebt sipas Ligjit mbi regjistrimin, kan\u00eb\",\"breadcrumb\":{\"@id\":\"https:\/\/www.visit-ulcinj.com\/blog\/2011\/04\/01\/luigj-shkreli-thot-une-jam-shqipetar-ne-emisionin-prizma\/#breadcrumb\"},\"inLanguage\":\"en-US\",\"potentialAction\":[{\"@type\":\"ReadAction\",\"target\":[\"https:\/\/www.visit-ulcinj.com\/blog\/2011\/04\/01\/luigj-shkreli-thot-une-jam-shqipetar-ne-emisionin-prizma\/\"]}]},{\"@type\":\"BreadcrumbList\",\"@id\":\"https:\/\/www.visit-ulcinj.com\/blog\/2011\/04\/01\/luigj-shkreli-thot-une-jam-shqipetar-ne-emisionin-prizma\/#breadcrumb\",\"itemListElement\":[{\"@type\":\"ListItem\",\"position\":1,\"name\":\"Luigj Shkreli thot jam Shqip\u00ebtar dhe do doklarohem si i till\u00eb n\u00eb regjistrim\"}]},{\"@type\":\"Person\",\"@id\":\"https:\/\/www.visit-ulcinj.com\/blog\/#\/schema\/person\/dcab619c614d3038751c63bc2aadc06d\",\"name\":\"ulqini\",\"sameAs\":[\"http:\/\/www.visit-ulcinj.com\"],\"url\":\"https:\/\/www.visit-ulcinj.com\/blog\/author\/admin\/\"}]}<\/script>\n<!-- \/ Yoast SEO plugin. -->","yoast_head_json":{"title":"Luigj Shkreli thot jam Shqip\u00ebtar dhe do doklarohem si i till\u00eb n\u00eb regjistrim - Lajme nga Ulqini","description":"Kryetari i kuvendit t\u00eb Ulqinit Luigj Shkreli ne morri pjes n\u00eb emisionin e Tv Vijestit - Emisionin Prizma. Qytetar\u00ebt sipas Ligjit mbi regjistrimin, kan\u00eb","robots":{"index":"index","follow":"follow","max-snippet":"max-snippet:-1","max-image-preview":"max-image-preview:large","max-video-preview":"max-video-preview:-1"},"canonical":"https:\/\/www.visit-ulcinj.com\/blog\/2011\/04\/01\/luigj-shkreli-thot-une-jam-shqipetar-ne-emisionin-prizma\/","og_locale":"en_US","og_type":"article","og_title":"Luigj Shkreli thot jam Shqip\u00ebtar dhe do doklarohem si i till\u00eb n\u00eb regjistrim - Lajme nga Ulqini","og_description":"Kryetari i kuvendit t\u00eb Ulqinit Luigj Shkreli ne morri pjes n\u00eb emisionin e Tv Vijestit - Emisionin Prizma. Qytetar\u00ebt sipas Ligjit mbi regjistrimin, kan\u00eb","og_url":"https:\/\/www.visit-ulcinj.com\/blog\/2011\/04\/01\/luigj-shkreli-thot-une-jam-shqipetar-ne-emisionin-prizma\/","og_site_name":"Lajme nga Ulqini","article_published_time":"2011-04-01T16:30:07+00:00","article_modified_time":"2011-04-03T14:11:11+00:00","og_image":[{"url":"http:\/\/www.visit-ulcinj.com\/blog\/wp-content\/uploads\/2011\/04\/Popis_TV-VIJESTI_PRIZMA-ONLINE.jpg"}],"twitter_misc":{"Written by":"ulqini"},"schema":{"@context":"https:\/\/schema.org","@graph":[{"@type":"WebSite","@id":"https:\/\/www.visit-ulcinj.com\/blog\/#website","url":"https:\/\/www.visit-ulcinj.com\/blog\/","name":"Lajme nga Ulqini","description":"Lajme,Vijesti,Ulqini,Ulqin,Crna Gora,Mali i Zi","potentialAction":[{"@type":"SearchAction","target":{"@type":"EntryPoint","urlTemplate":"https:\/\/www.visit-ulcinj.com\/blog\/?s={search_term_string}"},"query-input":"required name=search_term_string"}],"inLanguage":"en-US"},{"@type":"ImageObject","inLanguage":"en-US","@id":"https:\/\/www.visit-ulcinj.com\/blog\/2011\/04\/01\/luigj-shkreli-thot-une-jam-shqipetar-ne-emisionin-prizma\/#primaryimage","url":"https:\/\/www.visit-ulcinj.com\/blog\/wp-content\/uploads\/2011\/04\/Popis_TV-VIJESTI_PRIZMA-ONLINE.jpg","contentUrl":"https:\/\/www.visit-ulcinj.com\/blog\/wp-content\/uploads\/2011\/04\/Popis_TV-VIJESTI_PRIZMA-ONLINE.jpg","width":"727","height":"373"},{"@type":"WebPage","@id":"https:\/\/www.visit-ulcinj.com\/blog\/2011\/04\/01\/luigj-shkreli-thot-une-jam-shqipetar-ne-emisionin-prizma\/#webpage","url":"https:\/\/www.visit-ulcinj.com\/blog\/2011\/04\/01\/luigj-shkreli-thot-une-jam-shqipetar-ne-emisionin-prizma\/","name":"Luigj Shkreli thot jam Shqip\u00ebtar dhe do doklarohem si i till\u00eb n\u00eb regjistrim - Lajme nga Ulqini","isPartOf":{"@id":"https:\/\/www.visit-ulcinj.com\/blog\/#website"},"primaryImageOfPage":{"@id":"https:\/\/www.visit-ulcinj.com\/blog\/2011\/04\/01\/luigj-shkreli-thot-une-jam-shqipetar-ne-emisionin-prizma\/#primaryimage"},"datePublished":"2011-04-01T16:30:07+00:00","dateModified":"2011-04-03T14:11:11+00:00","author":{"@id":"https:\/\/www.visit-ulcinj.com\/blog\/#\/schema\/person\/dcab619c614d3038751c63bc2aadc06d"},"description":"Kryetari i kuvendit t\u00eb Ulqinit Luigj Shkreli ne morri pjes n\u00eb emisionin e Tv Vijestit - Emisionin Prizma. Qytetar\u00ebt sipas Ligjit mbi regjistrimin, kan\u00eb","breadcrumb":{"@id":"https:\/\/www.visit-ulcinj.com\/blog\/2011\/04\/01\/luigj-shkreli-thot-une-jam-shqipetar-ne-emisionin-prizma\/#breadcrumb"},"inLanguage":"en-US","potentialAction":[{"@type":"ReadAction","target":["https:\/\/www.visit-ulcinj.com\/blog\/2011\/04\/01\/luigj-shkreli-thot-une-jam-shqipetar-ne-emisionin-prizma\/"]}]},{"@type":"BreadcrumbList","@id":"https:\/\/www.visit-ulcinj.com\/blog\/2011\/04\/01\/luigj-shkreli-thot-une-jam-shqipetar-ne-emisionin-prizma\/#breadcrumb","itemListElement":[{"@type":"ListItem","position":1,"name":"Luigj Shkreli thot jam Shqip\u00ebtar dhe do doklarohem si i till\u00eb n\u00eb regjistrim"}]},{"@type":"Person","@id":"https:\/\/www.visit-ulcinj.com\/blog\/#\/schema\/person\/dcab619c614d3038751c63bc2aadc06d","name":"ulqini","sameAs":["http:\/\/www.visit-ulcinj.com"],"url":"https:\/\/www.visit-ulcinj.com\/blog\/author\/admin\/"}]}},"jetpack_featured_media_url":"","jetpack_sharing_enabled":true,"jetpack_shortlink":"https:\/\/wp.me\/pe6lTn-bOq","_links":{"self":[{"href":"https:\/\/www.visit-ulcinj.com\/blog\/wp-json\/wp\/v2\/posts\/45410"}],"collection":[{"href":"https:\/\/www.visit-ulcinj.com\/blog\/wp-json\/wp\/v2\/posts"}],"about":[{"href":"https:\/\/www.visit-ulcinj.com\/blog\/wp-json\/wp\/v2\/types\/post"}],"author":[{"embeddable":true,"href":"https:\/\/www.visit-ulcinj.com\/blog\/wp-json\/wp\/v2\/users\/1"}],"replies":[{"embeddable":true,"href":"https:\/\/www.visit-ulcinj.com\/blog\/wp-json\/wp\/v2\/comments?post=45410"}],"version-history":[{"count":0,"href":"https:\/\/www.visit-ulcinj.com\/blog\/wp-json\/wp\/v2\/posts\/45410\/revisions"}],"wp:attachment":[{"href":"https:\/\/www.visit-ulcinj.com\/blog\/wp-json\/wp\/v2\/media?parent=45410"}],"wp:term":[{"taxonomy":"category","embeddable":true,"href":"https:\/\/www.visit-ulcinj.com\/blog\/wp-json\/wp\/v2\/categories?post=45410"},{"taxonomy":"post_tag","embeddable":true,"href":"https:\/\/www.visit-ulcinj.com\/blog\/wp-json\/wp\/v2\/tags?post=45410"}],"curies":[{"name":"wp","href":"https:\/\/api.w.org\/{rel}","templated":true}]}}