{"id":45418,"date":"2011-04-02T08:00:17","date_gmt":"2011-04-02T07:00:17","guid":{"rendered":"http:\/\/www.visit-ulcinj.com\/blog\/?p=45418"},"modified":"2011-04-02T08:00:37","modified_gmt":"2011-04-02T07:00:37","slug":"dan-opstine-ulcinj","status":"publish","type":"post","link":"https:\/\/www.visit-ulcinj.com\/blog\/2011\/04\/02\/dan-opstine-ulcinj\/","title":{"rendered":"Dan op\u0161tine Ulcinj"},"content":{"rendered":"<p><a href=\"http:\/\/www.visit-ulcinj.com\/blog\/wp-content\/uploads\/2011\/04\/Dan-Opstine-Ulcinj-2011.jpg\"><img loading=\"lazy\" class=\"alignleft size-full wp-image-45419\" title=\"Dan Opstine Ulcinj 2011\" src=\"http:\/\/www.visit-ulcinj.com\/blog\/wp-content\/uploads\/2011\/04\/Dan-Opstine-Ulcinj-2011.jpg\" alt=\"\" width=\"508\" height=\"300\" \/><\/a>Crnogorski zvani\u010dnici uputili su \u010destitke svim gra\u0111anima Ulcinja i predstavnicima lokalne vlasti, povodom 2. aprila Dana te op\u0161tine.<\/p>\n<p>Predsjednik Crne Gore Filip Vujanovi\u0107 \u010destitao je rije\u010dima:<\/p>\n<p>\u00ab\u010cinim to s uvjerenjem da \u0107e gra\u0111ani Ulcinja, u duhu multietni\u010dkog sklada i uz zajedni\u010dke napore dr\u017eavnih institucija i lokalne uprave, pravilnim kori\u0161\u0107enjem neponovljivih ambijentalnih vrijednosti i razvojnih potencijala mnogostruko uticati na unapre\u0111enje cjelokupne turisti\u010dke privrede Crne Gore, na dobrobit svih njenih gra\u0111ana\u00ab.<\/p>\n<p>Predsjednik Skup\u0161tine Crne Gore Ranko Krivokapi\u0107 smatra da je svaki jubilej dobar povod da se sumiraju rezultati u\u010dinjenog, kako bi se napravio bolji plan za naredni period.<\/p>\n<p>&#8220;Neka i ovaj praznik bude povod da jo\u0161 odlu\u010dnije krenemo u ostvarivanje na\u0161e zajedni\u010dke te\u017enje, slaganja skladnog crnogorskog mozaika i stvaranja slike nove Crne Gore. Bi\u0107e to najbolja poruka Evropi da smo spremni za ulazak kroz ve\u0107 otvorena vrata&#8221;, naveo je Krivokapi\u0107.<\/p>\n<p>\u201eUvjeren sam da \u0107e najju\u017enija op\u0161tina, sa izuzetnim prirodnim i kulturnim potencijalima, ostvariti strate\u0161ke ciljeve u realizaciji razvojnih projekata, privla\u010denju stranih investitora, unapre\u0111enju lokalne infrastrukture i stvaranju uslova za kvalitetan \u017eivot i rad njenih gra\u0111ana. Na ovaj na\u010din, doprinije\u0107ete daljem napretku Crne Gore u procesu evroatlantskih integracija, a na tom putu posebnu ulogu imaju va\u0161i gra\u0111ani&#8221; isti\u010de se u \u010destitki premijera Igora Luk\u0161i\u0107a.<\/p>\n<p>U \u010destitki predsjednika Vlade se dalje navodi da \u0107e Vlada Crne Gore, i u budu\u0107em periodu, nastaviti da podr\u017eava dalji razvoj op\u0161tine Ulcinj.<\/p>\n<p>&nbsp;<\/p>\n<p><strong>RTCG<\/strong><\/p>\n<p><strong><!--YouTube Error: bad URL entered--><br \/>\n<\/strong><\/p>\n","protected":false},"excerpt":{"rendered":"<p>Crnogorski zvani\u010dnici uputili su \u010destitke svim gra\u0111anima Ulcinja i predstavnicima lokalne vlasti, povodom 2. aprila Dana te op\u0161tine. Predsjednik Crne Gore Filip Vujanovi\u0107 \u010destitao je rije\u010dima: \u00ab\u010cinim to s uvjerenjem da \u0107e gra\u0111ani Ulcinja, u duhu multietni\u010dkog sklada i uz zajedni\u010dke napore dr\u017eavnih institucija i lokalne uprave, pravilnim kori\u0161\u0107enjem neponovljivih ambijentalnih vrijednosti i razvojnih potencijala [&hellip;]<\/p>\n","protected":false},"author":1,"featured_media":0,"comment_status":"open","ping_status":"closed","sticky":false,"template":"","format":"standard","meta":{"spay_email":"","jetpack_publicize_message":"","jetpack_is_tweetstorm":false,"jetpack_publicize_feature_enabled":true},"categories":[8337],"tags":[8714],"jetpack_publicize_connections":[],"yoast_head":"<!-- This site is optimized with the Yoast SEO plugin v19.1 - https:\/\/yoast.com\/wordpress\/plugins\/seo\/ -->\n<title>Dan op\u0161tine Ulcinj - Lajme nga Ulqini<\/title>\n<meta name=\"description\" content=\"Crnogorski zvani\u010dnici uputili su \u010destitke svim gra\u0111anima Ulcinja i predstavnicima lokalne vlasti, povodom 2. aprila Dana te op\u0161tine. Predsjednik Crne Gore\" \/>\n<meta name=\"robots\" content=\"index, follow, max-snippet:-1, max-image-preview:large, max-video-preview:-1\" \/>\n<link rel=\"canonical\" href=\"https:\/\/www.visit-ulcinj.com\/blog\/2011\/04\/02\/dan-opstine-ulcinj\/\" \/>\n<meta property=\"og:locale\" content=\"en_US\" \/>\n<meta property=\"og:type\" content=\"article\" \/>\n<meta property=\"og:title\" content=\"Dan op\u0161tine Ulcinj - Lajme nga Ulqini\" \/>\n<meta property=\"og:description\" content=\"Crnogorski zvani\u010dnici uputili su \u010destitke svim gra\u0111anima Ulcinja i predstavnicima lokalne vlasti, povodom 2. aprila Dana te op\u0161tine. Predsjednik Crne Gore\" \/>\n<meta property=\"og:url\" content=\"https:\/\/www.visit-ulcinj.com\/blog\/2011\/04\/02\/dan-opstine-ulcinj\/\" \/>\n<meta property=\"og:site_name\" content=\"Lajme nga Ulqini\" \/>\n<meta property=\"article:published_time\" content=\"2011-04-02T07:00:17+00:00\" \/>\n<meta property=\"article:modified_time\" content=\"2011-04-02T07:00:37+00:00\" \/>\n<meta property=\"og:image\" content=\"http:\/\/www.visit-ulcinj.com\/blog\/wp-content\/uploads\/2011\/04\/Dan-Opstine-Ulcinj-2011.jpg\" \/>\n<meta name=\"twitter:label1\" content=\"Written by\" \/>\n\t<meta name=\"twitter:data1\" content=\"ulqini\" \/>\n\t<meta name=\"twitter:label2\" content=\"Est. reading time\" \/>\n\t<meta name=\"twitter:data2\" content=\"1 minute\" \/>\n<script type=\"application\/ld+json\" class=\"yoast-schema-graph\">{\"@context\":\"https:\/\/schema.org\",\"@graph\":[{\"@type\":\"WebSite\",\"@id\":\"https:\/\/www.visit-ulcinj.com\/blog\/#website\",\"url\":\"https:\/\/www.visit-ulcinj.com\/blog\/\",\"name\":\"Lajme nga Ulqini\",\"description\":\"Lajme,Vijesti,Ulqini,Ulqin,Crna Gora,Mali i Zi\",\"potentialAction\":[{\"@type\":\"SearchAction\",\"target\":{\"@type\":\"EntryPoint\",\"urlTemplate\":\"https:\/\/www.visit-ulcinj.com\/blog\/?s={search_term_string}\"},\"query-input\":\"required name=search_term_string\"}],\"inLanguage\":\"en-US\"},{\"@type\":\"ImageObject\",\"inLanguage\":\"en-US\",\"@id\":\"https:\/\/www.visit-ulcinj.com\/blog\/2011\/04\/02\/dan-opstine-ulcinj\/#primaryimage\",\"url\":\"https:\/\/www.visit-ulcinj.com\/blog\/wp-content\/uploads\/2011\/04\/Dan-Opstine-Ulcinj-2011.jpg\",\"contentUrl\":\"https:\/\/www.visit-ulcinj.com\/blog\/wp-content\/uploads\/2011\/04\/Dan-Opstine-Ulcinj-2011.jpg\",\"width\":\"620\",\"height\":\"300\"},{\"@type\":\"WebPage\",\"@id\":\"https:\/\/www.visit-ulcinj.com\/blog\/2011\/04\/02\/dan-opstine-ulcinj\/#webpage\",\"url\":\"https:\/\/www.visit-ulcinj.com\/blog\/2011\/04\/02\/dan-opstine-ulcinj\/\",\"name\":\"Dan op\u0161tine Ulcinj - Lajme nga Ulqini\",\"isPartOf\":{\"@id\":\"https:\/\/www.visit-ulcinj.com\/blog\/#website\"},\"primaryImageOfPage\":{\"@id\":\"https:\/\/www.visit-ulcinj.com\/blog\/2011\/04\/02\/dan-opstine-ulcinj\/#primaryimage\"},\"datePublished\":\"2011-04-02T07:00:17+00:00\",\"dateModified\":\"2011-04-02T07:00:37+00:00\",\"author\":{\"@id\":\"https:\/\/www.visit-ulcinj.com\/blog\/#\/schema\/person\/dcab619c614d3038751c63bc2aadc06d\"},\"description\":\"Crnogorski zvani\u010dnici uputili su \u010destitke svim gra\u0111anima Ulcinja i predstavnicima lokalne vlasti, povodom 2. aprila Dana te op\u0161tine. Predsjednik Crne Gore\",\"breadcrumb\":{\"@id\":\"https:\/\/www.visit-ulcinj.com\/blog\/2011\/04\/02\/dan-opstine-ulcinj\/#breadcrumb\"},\"inLanguage\":\"en-US\",\"potentialAction\":[{\"@type\":\"ReadAction\",\"target\":[\"https:\/\/www.visit-ulcinj.com\/blog\/2011\/04\/02\/dan-opstine-ulcinj\/\"]}]},{\"@type\":\"BreadcrumbList\",\"@id\":\"https:\/\/www.visit-ulcinj.com\/blog\/2011\/04\/02\/dan-opstine-ulcinj\/#breadcrumb\",\"itemListElement\":[{\"@type\":\"ListItem\",\"position\":1,\"name\":\"Dan op\u0161tine Ulcinj\"}]},{\"@type\":\"Person\",\"@id\":\"https:\/\/www.visit-ulcinj.com\/blog\/#\/schema\/person\/dcab619c614d3038751c63bc2aadc06d\",\"name\":\"ulqini\",\"sameAs\":[\"http:\/\/www.visit-ulcinj.com\"],\"url\":\"https:\/\/www.visit-ulcinj.com\/blog\/author\/admin\/\"}]}<\/script>\n<!-- \/ Yoast SEO plugin. -->","yoast_head_json":{"title":"Dan op\u0161tine Ulcinj - Lajme nga Ulqini","description":"Crnogorski zvani\u010dnici uputili su \u010destitke svim gra\u0111anima Ulcinja i predstavnicima lokalne vlasti, povodom 2. aprila Dana te op\u0161tine. Predsjednik Crne Gore","robots":{"index":"index","follow":"follow","max-snippet":"max-snippet:-1","max-image-preview":"max-image-preview:large","max-video-preview":"max-video-preview:-1"},"canonical":"https:\/\/www.visit-ulcinj.com\/blog\/2011\/04\/02\/dan-opstine-ulcinj\/","og_locale":"en_US","og_type":"article","og_title":"Dan op\u0161tine Ulcinj - Lajme nga Ulqini","og_description":"Crnogorski zvani\u010dnici uputili su \u010destitke svim gra\u0111anima Ulcinja i predstavnicima lokalne vlasti, povodom 2. aprila Dana te op\u0161tine. Predsjednik Crne Gore","og_url":"https:\/\/www.visit-ulcinj.com\/blog\/2011\/04\/02\/dan-opstine-ulcinj\/","og_site_name":"Lajme nga Ulqini","article_published_time":"2011-04-02T07:00:17+00:00","article_modified_time":"2011-04-02T07:00:37+00:00","og_image":[{"url":"http:\/\/www.visit-ulcinj.com\/blog\/wp-content\/uploads\/2011\/04\/Dan-Opstine-Ulcinj-2011.jpg"}],"twitter_misc":{"Written by":"ulqini","Est. reading time":"1 minute"},"schema":{"@context":"https:\/\/schema.org","@graph":[{"@type":"WebSite","@id":"https:\/\/www.visit-ulcinj.com\/blog\/#website","url":"https:\/\/www.visit-ulcinj.com\/blog\/","name":"Lajme nga Ulqini","description":"Lajme,Vijesti,Ulqini,Ulqin,Crna Gora,Mali i Zi","potentialAction":[{"@type":"SearchAction","target":{"@type":"EntryPoint","urlTemplate":"https:\/\/www.visit-ulcinj.com\/blog\/?s={search_term_string}"},"query-input":"required name=search_term_string"}],"inLanguage":"en-US"},{"@type":"ImageObject","inLanguage":"en-US","@id":"https:\/\/www.visit-ulcinj.com\/blog\/2011\/04\/02\/dan-opstine-ulcinj\/#primaryimage","url":"https:\/\/www.visit-ulcinj.com\/blog\/wp-content\/uploads\/2011\/04\/Dan-Opstine-Ulcinj-2011.jpg","contentUrl":"https:\/\/www.visit-ulcinj.com\/blog\/wp-content\/uploads\/2011\/04\/Dan-Opstine-Ulcinj-2011.jpg","width":"620","height":"300"},{"@type":"WebPage","@id":"https:\/\/www.visit-ulcinj.com\/blog\/2011\/04\/02\/dan-opstine-ulcinj\/#webpage","url":"https:\/\/www.visit-ulcinj.com\/blog\/2011\/04\/02\/dan-opstine-ulcinj\/","name":"Dan op\u0161tine Ulcinj - Lajme nga Ulqini","isPartOf":{"@id":"https:\/\/www.visit-ulcinj.com\/blog\/#website"},"primaryImageOfPage":{"@id":"https:\/\/www.visit-ulcinj.com\/blog\/2011\/04\/02\/dan-opstine-ulcinj\/#primaryimage"},"datePublished":"2011-04-02T07:00:17+00:00","dateModified":"2011-04-02T07:00:37+00:00","author":{"@id":"https:\/\/www.visit-ulcinj.com\/blog\/#\/schema\/person\/dcab619c614d3038751c63bc2aadc06d"},"description":"Crnogorski zvani\u010dnici uputili su \u010destitke svim gra\u0111anima Ulcinja i predstavnicima lokalne vlasti, povodom 2. aprila Dana te op\u0161tine. Predsjednik Crne Gore","breadcrumb":{"@id":"https:\/\/www.visit-ulcinj.com\/blog\/2011\/04\/02\/dan-opstine-ulcinj\/#breadcrumb"},"inLanguage":"en-US","potentialAction":[{"@type":"ReadAction","target":["https:\/\/www.visit-ulcinj.com\/blog\/2011\/04\/02\/dan-opstine-ulcinj\/"]}]},{"@type":"BreadcrumbList","@id":"https:\/\/www.visit-ulcinj.com\/blog\/2011\/04\/02\/dan-opstine-ulcinj\/#breadcrumb","itemListElement":[{"@type":"ListItem","position":1,"name":"Dan op\u0161tine Ulcinj"}]},{"@type":"Person","@id":"https:\/\/www.visit-ulcinj.com\/blog\/#\/schema\/person\/dcab619c614d3038751c63bc2aadc06d","name":"ulqini","sameAs":["http:\/\/www.visit-ulcinj.com"],"url":"https:\/\/www.visit-ulcinj.com\/blog\/author\/admin\/"}]}},"jetpack_featured_media_url":"","jetpack_sharing_enabled":true,"jetpack_shortlink":"https:\/\/wp.me\/pe6lTn-bOy","_links":{"self":[{"href":"https:\/\/www.visit-ulcinj.com\/blog\/wp-json\/wp\/v2\/posts\/45418"}],"collection":[{"href":"https:\/\/www.visit-ulcinj.com\/blog\/wp-json\/wp\/v2\/posts"}],"about":[{"href":"https:\/\/www.visit-ulcinj.com\/blog\/wp-json\/wp\/v2\/types\/post"}],"author":[{"embeddable":true,"href":"https:\/\/www.visit-ulcinj.com\/blog\/wp-json\/wp\/v2\/users\/1"}],"replies":[{"embeddable":true,"href":"https:\/\/www.visit-ulcinj.com\/blog\/wp-json\/wp\/v2\/comments?post=45418"}],"version-history":[{"count":0,"href":"https:\/\/www.visit-ulcinj.com\/blog\/wp-json\/wp\/v2\/posts\/45418\/revisions"}],"wp:attachment":[{"href":"https:\/\/www.visit-ulcinj.com\/blog\/wp-json\/wp\/v2\/media?parent=45418"}],"wp:term":[{"taxonomy":"category","embeddable":true,"href":"https:\/\/www.visit-ulcinj.com\/blog\/wp-json\/wp\/v2\/categories?post=45418"},{"taxonomy":"post_tag","embeddable":true,"href":"https:\/\/www.visit-ulcinj.com\/blog\/wp-json\/wp\/v2\/tags?post=45418"}],"curies":[{"name":"wp","href":"https:\/\/api.w.org\/{rel}","templated":true}]}}