{"id":45423,"date":"2011-04-03T10:13:50","date_gmt":"2011-04-03T09:13:50","guid":{"rendered":"http:\/\/www.visit-ulcinj.com\/blog\/?p=45423"},"modified":"2011-04-03T10:14:23","modified_gmt":"2011-04-03T09:14:23","slug":"polemika-izmedu-morskog-dobra-i-ulcinjske-rivijere","status":"publish","type":"post","link":"https:\/\/www.visit-ulcinj.com\/blog\/2011\/04\/03\/polemika-izmedu-morskog-dobra-i-ulcinjske-rivijere\/","title":{"rendered":"Polemika izme\u0111u Morskog dobra i Ulcinjske rivijere"},"content":{"rendered":"<p><strong><a href=\"http:\/\/www.visit-ulcinj.com\/blog\/wp-content\/uploads\/2011\/04\/Ulcinjska-Rivijera_Morsko-Dobro_Ulcinj.jpg\"><img loading=\"lazy\" class=\"alignleft size-full wp-image-45424\" title=\"Ulcinjska Rivijera_Morsko Dobro_Ulcinj\" src=\"http:\/\/www.visit-ulcinj.com\/blog\/wp-content\/uploads\/2011\/04\/Ulcinjska-Rivijera_Morsko-Dobro_Ulcinj.jpg\" alt=\"\" width=\"508\" height=\"380\" \/><\/a>Polemika izme\u0111u Morskog dobra i Ulcinjske rivijere o dijelu kupali\u0161ta ispred dva hotela<\/strong><br \/>\n<strong> Zapelo oko 145 metara pla\u017ee<\/strong><\/p>\n<p>Ulcinjska rivijera: Neko je radio iza na\u0161ih le\u0111a. Ovo je vjerovatno bilo dugo planirano. Morsko dobro: Odlukom Upravnog odbora izuzet dio pla\u017ee i na tenderu objavljeno da se taj dio izdaje kao posebno javno kupali\u0161te<\/p>\n<p>ULCINJ &#8211; Hotelsko turisti\u010dko preduze\u0107e Ulcinjska rivijera saop\u0161tilo je ju\u010de da sumnjaju da im je Javno preduze\u0107e za upravljanje morskim dobrom, uz podvalu, oduzelo 145 metara pla\u017ee. Minimalna cijena za ovogodi\u0161nji zakup kupali\u0161ta ispred hotela \u201eOlympic\u201c i \u201eBellevue\u201c u javnom pozivu Morskog dobra iznosi 12.400 eura. Cijena je sli\u010dna pro\u0161logodi\u0161njoj, izgled nacrta pla\u017ee je isti, me\u0111utim umjesto uobi\u010dajenih 330 metara koliko HTP Ulcinjska rivijera koristi decenijama, u parceli je upisano 235, a parcela je ,,gurnuta\u201c dijelom od 40 metara u susjednu pla\u017eu hotela ,,Lido\u201c. Zakinuti dio pla\u017ee dat je u zakup tre\u0107em licu, a ovim pomijeranjem Ulcinjska rivijera ostaje bez 145 metara kvalitetno ure\u0111enog kupali\u0161ta. Odlukom Upravnog odbora Morskog dobra na ovogodi\u0161njem javnom tenderu za zakup hotelskih kupali\u0161ta, pla\u017ee su izbodovane i isparcelisane na neuobi\u010dajen na\u010din.<\/p>\n<p>U telefonskom razgovoru sa ovla\u0161\u0107enim predstavnikom Morskog dobra Ljubomirkom Vidovi\u0107, saop\u0161teno nam je da je Morsko dobro odlukom Upravnog odbora izuzelo 145 metara pla\u017ee ispred hotela \u201eOlympic\u201c i \u201eBellevue\u201c i proglasilo ga javnom povr\u0161inom, te da je nakon toga na op\u0161tem tenderu objavilo da se ovaj dio izdaje u zakup kao posebno javno kupali\u0161te. Ulcinjska rivijera kao stalni korisnik pla\u017ee o ovoj odluci Upravnog odbora nije bila obavije\u0161tena.<\/p>\n<p>&#8211; Smatramo da su bili u obavezi da nas obavijeste o ovoj odluci, jer mi smo korisnici ove pla\u017ee vi\u0161e decenija. Niko nas nije obavijestio ni usmenim, ni pismenim putem da je u ovogodi\u0161njem zakupu predvi\u0111eno da na\u0161a pla\u017ea bude umanjena. Mi u menad\u017ementu Ulcinjske rivijere smatramo da se radi o klasi\u010dnoj podvali. Neko je radio iza na\u0161ih le\u0111a. Ovo je vjerovatno bilo dugo planirano i o\u010digledno je da je dobro odra\u0111eno u dosluhu sa nekim iz Morskog dobra, jer mi smo ostali bez 145 metara ure\u0111ene pla\u017ee \u2013 rekao je Pobjedi direktor pravne slu\u017ebe Ulcinjske rivijere Rajko Filipovi\u0107.<\/p>\n<p>Izvr\u0161ni direktor HTP \u201eUlcinjska rivijera\u201c Radomir Mikan Zec je ocijenio da je oduzimanje dijela pla\u017ee od dr\u017eavnog preduze\u0107a ne\u0161to ne\u010duveno i da \u0107e o ovom problemu biti obavije\u0161teni premijer Igor Luk\u0161i\u0107, potpredsjednik Vlade Vujica Lazovi\u0107, predsjednik Skup\u0161tine Ranko Krivokapi\u0107, ministar turizma Predrag Sekuli\u0107 i ministar ekonomije Milorad Katni\u0107.<br \/>\n<strong><a href=\"http:\/\/www.pobjeda.co.me\/citanje.php?datum=2011-04-02&amp;id=205284\" target=\"_blank\">A. \u017divanovi\u0107<br \/>\nPobjeda<\/a><br \/>\n<!--YouTube Error: bad URL entered--><\/strong><\/p>\n","protected":false},"excerpt":{"rendered":"<p>Polemika izme\u0111u Morskog dobra i Ulcinjske rivijere o dijelu kupali\u0161ta ispred dva hotela Zapelo oko 145 metara pla\u017ee Ulcinjska rivijera: Neko je radio iza na\u0161ih le\u0111a. Ovo je vjerovatno bilo dugo planirano. Morsko dobro: Odlukom Upravnog odbora izuzet dio pla\u017ee i na tenderu objavljeno da se taj dio izdaje kao posebno javno kupali\u0161te ULCINJ &#8211; [&hellip;]<\/p>\n","protected":false},"author":1,"featured_media":0,"comment_status":"open","ping_status":"closed","sticky":false,"template":"","format":"standard","meta":{"spay_email":"","jetpack_publicize_message":"","jetpack_is_tweetstorm":false,"jetpack_publicize_feature_enabled":true},"categories":[8337],"tags":[5737,2725,19],"jetpack_publicize_connections":[],"yoast_head":"<!-- This site is optimized with the Yoast SEO plugin v19.1 - https:\/\/yoast.com\/wordpress\/plugins\/seo\/ -->\n<title>Polemika izme\u0111u Morskog dobra i Ulcinjske rivijere - Lajme nga Ulqini<\/title>\n<meta name=\"description\" content=\"Polemika izme\u0111u Morskog dobra i Ulcinjske rivijere o dijelu kupali\u0161ta ispred dva hotela Zapelo oko 145 metara pla\u017ee Ulcinjska rivijera: Neko je radio iza\" \/>\n<meta name=\"robots\" content=\"index, follow, max-snippet:-1, max-image-preview:large, max-video-preview:-1\" \/>\n<link rel=\"canonical\" href=\"https:\/\/www.visit-ulcinj.com\/blog\/2011\/04\/03\/polemika-izmedu-morskog-dobra-i-ulcinjske-rivijere\/\" \/>\n<meta property=\"og:locale\" content=\"en_US\" \/>\n<meta property=\"og:type\" content=\"article\" \/>\n<meta property=\"og:title\" content=\"Polemika izme\u0111u Morskog dobra i Ulcinjske rivijere - Lajme nga Ulqini\" \/>\n<meta property=\"og:description\" content=\"Polemika izme\u0111u Morskog dobra i Ulcinjske rivijere o dijelu kupali\u0161ta ispred dva hotela Zapelo oko 145 metara pla\u017ee Ulcinjska rivijera: Neko je radio iza\" \/>\n<meta property=\"og:url\" content=\"https:\/\/www.visit-ulcinj.com\/blog\/2011\/04\/03\/polemika-izmedu-morskog-dobra-i-ulcinjske-rivijere\/\" \/>\n<meta property=\"og:site_name\" content=\"Lajme nga Ulqini\" \/>\n<meta property=\"article:published_time\" content=\"2011-04-03T09:13:50+00:00\" \/>\n<meta property=\"article:modified_time\" content=\"2011-04-03T09:14:23+00:00\" \/>\n<meta property=\"og:image\" content=\"http:\/\/www.visit-ulcinj.com\/blog\/wp-content\/uploads\/2011\/04\/Ulcinjska-Rivijera_Morsko-Dobro_Ulcinj.jpg\" \/>\n<meta name=\"twitter:label1\" content=\"Written by\" \/>\n\t<meta name=\"twitter:data1\" content=\"ulqini\" \/>\n\t<meta name=\"twitter:label2\" content=\"Est. reading time\" \/>\n\t<meta name=\"twitter:data2\" content=\"2 minutes\" \/>\n<script type=\"application\/ld+json\" class=\"yoast-schema-graph\">{\"@context\":\"https:\/\/schema.org\",\"@graph\":[{\"@type\":\"WebSite\",\"@id\":\"https:\/\/www.visit-ulcinj.com\/blog\/#website\",\"url\":\"https:\/\/www.visit-ulcinj.com\/blog\/\",\"name\":\"Lajme nga Ulqini\",\"description\":\"Lajme,Vijesti,Ulqini,Ulqin,Crna Gora,Mali i Zi\",\"potentialAction\":[{\"@type\":\"SearchAction\",\"target\":{\"@type\":\"EntryPoint\",\"urlTemplate\":\"https:\/\/www.visit-ulcinj.com\/blog\/?s={search_term_string}\"},\"query-input\":\"required name=search_term_string\"}],\"inLanguage\":\"en-US\"},{\"@type\":\"ImageObject\",\"inLanguage\":\"en-US\",\"@id\":\"https:\/\/www.visit-ulcinj.com\/blog\/2011\/04\/03\/polemika-izmedu-morskog-dobra-i-ulcinjske-rivijere\/#primaryimage\",\"url\":\"https:\/\/www.visit-ulcinj.com\/blog\/wp-content\/uploads\/2011\/04\/Ulcinjska-Rivijera_Morsko-Dobro_Ulcinj.jpg\",\"contentUrl\":\"https:\/\/www.visit-ulcinj.com\/blog\/wp-content\/uploads\/2011\/04\/Ulcinjska-Rivijera_Morsko-Dobro_Ulcinj.jpg\",\"width\":\"640\",\"height\":\"603\"},{\"@type\":\"WebPage\",\"@id\":\"https:\/\/www.visit-ulcinj.com\/blog\/2011\/04\/03\/polemika-izmedu-morskog-dobra-i-ulcinjske-rivijere\/#webpage\",\"url\":\"https:\/\/www.visit-ulcinj.com\/blog\/2011\/04\/03\/polemika-izmedu-morskog-dobra-i-ulcinjske-rivijere\/\",\"name\":\"Polemika izme\u0111u Morskog dobra i Ulcinjske rivijere - Lajme nga Ulqini\",\"isPartOf\":{\"@id\":\"https:\/\/www.visit-ulcinj.com\/blog\/#website\"},\"primaryImageOfPage\":{\"@id\":\"https:\/\/www.visit-ulcinj.com\/blog\/2011\/04\/03\/polemika-izmedu-morskog-dobra-i-ulcinjske-rivijere\/#primaryimage\"},\"datePublished\":\"2011-04-03T09:13:50+00:00\",\"dateModified\":\"2011-04-03T09:14:23+00:00\",\"author\":{\"@id\":\"https:\/\/www.visit-ulcinj.com\/blog\/#\/schema\/person\/dcab619c614d3038751c63bc2aadc06d\"},\"description\":\"Polemika izme\u0111u Morskog dobra i Ulcinjske rivijere o dijelu kupali\u0161ta ispred dva hotela Zapelo oko 145 metara pla\u017ee Ulcinjska rivijera: Neko je radio iza\",\"breadcrumb\":{\"@id\":\"https:\/\/www.visit-ulcinj.com\/blog\/2011\/04\/03\/polemika-izmedu-morskog-dobra-i-ulcinjske-rivijere\/#breadcrumb\"},\"inLanguage\":\"en-US\",\"potentialAction\":[{\"@type\":\"ReadAction\",\"target\":[\"https:\/\/www.visit-ulcinj.com\/blog\/2011\/04\/03\/polemika-izmedu-morskog-dobra-i-ulcinjske-rivijere\/\"]}]},{\"@type\":\"BreadcrumbList\",\"@id\":\"https:\/\/www.visit-ulcinj.com\/blog\/2011\/04\/03\/polemika-izmedu-morskog-dobra-i-ulcinjske-rivijere\/#breadcrumb\",\"itemListElement\":[{\"@type\":\"ListItem\",\"position\":1,\"name\":\"Polemika izme\u0111u Morskog dobra i Ulcinjske rivijere\"}]},{\"@type\":\"Person\",\"@id\":\"https:\/\/www.visit-ulcinj.com\/blog\/#\/schema\/person\/dcab619c614d3038751c63bc2aadc06d\",\"name\":\"ulqini\",\"sameAs\":[\"http:\/\/www.visit-ulcinj.com\"],\"url\":\"https:\/\/www.visit-ulcinj.com\/blog\/author\/admin\/\"}]}<\/script>\n<!-- \/ Yoast SEO plugin. -->","yoast_head_json":{"title":"Polemika izme\u0111u Morskog dobra i Ulcinjske rivijere - Lajme nga Ulqini","description":"Polemika izme\u0111u Morskog dobra i Ulcinjske rivijere o dijelu kupali\u0161ta ispred dva hotela Zapelo oko 145 metara pla\u017ee Ulcinjska rivijera: Neko je radio iza","robots":{"index":"index","follow":"follow","max-snippet":"max-snippet:-1","max-image-preview":"max-image-preview:large","max-video-preview":"max-video-preview:-1"},"canonical":"https:\/\/www.visit-ulcinj.com\/blog\/2011\/04\/03\/polemika-izmedu-morskog-dobra-i-ulcinjske-rivijere\/","og_locale":"en_US","og_type":"article","og_title":"Polemika izme\u0111u Morskog dobra i Ulcinjske rivijere - Lajme nga Ulqini","og_description":"Polemika izme\u0111u Morskog dobra i Ulcinjske rivijere o dijelu kupali\u0161ta ispred dva hotela Zapelo oko 145 metara pla\u017ee Ulcinjska rivijera: Neko je radio iza","og_url":"https:\/\/www.visit-ulcinj.com\/blog\/2011\/04\/03\/polemika-izmedu-morskog-dobra-i-ulcinjske-rivijere\/","og_site_name":"Lajme nga Ulqini","article_published_time":"2011-04-03T09:13:50+00:00","article_modified_time":"2011-04-03T09:14:23+00:00","og_image":[{"url":"http:\/\/www.visit-ulcinj.com\/blog\/wp-content\/uploads\/2011\/04\/Ulcinjska-Rivijera_Morsko-Dobro_Ulcinj.jpg"}],"twitter_misc":{"Written by":"ulqini","Est. reading time":"2 minutes"},"schema":{"@context":"https:\/\/schema.org","@graph":[{"@type":"WebSite","@id":"https:\/\/www.visit-ulcinj.com\/blog\/#website","url":"https:\/\/www.visit-ulcinj.com\/blog\/","name":"Lajme nga Ulqini","description":"Lajme,Vijesti,Ulqini,Ulqin,Crna Gora,Mali i Zi","potentialAction":[{"@type":"SearchAction","target":{"@type":"EntryPoint","urlTemplate":"https:\/\/www.visit-ulcinj.com\/blog\/?s={search_term_string}"},"query-input":"required name=search_term_string"}],"inLanguage":"en-US"},{"@type":"ImageObject","inLanguage":"en-US","@id":"https:\/\/www.visit-ulcinj.com\/blog\/2011\/04\/03\/polemika-izmedu-morskog-dobra-i-ulcinjske-rivijere\/#primaryimage","url":"https:\/\/www.visit-ulcinj.com\/blog\/wp-content\/uploads\/2011\/04\/Ulcinjska-Rivijera_Morsko-Dobro_Ulcinj.jpg","contentUrl":"https:\/\/www.visit-ulcinj.com\/blog\/wp-content\/uploads\/2011\/04\/Ulcinjska-Rivijera_Morsko-Dobro_Ulcinj.jpg","width":"640","height":"603"},{"@type":"WebPage","@id":"https:\/\/www.visit-ulcinj.com\/blog\/2011\/04\/03\/polemika-izmedu-morskog-dobra-i-ulcinjske-rivijere\/#webpage","url":"https:\/\/www.visit-ulcinj.com\/blog\/2011\/04\/03\/polemika-izmedu-morskog-dobra-i-ulcinjske-rivijere\/","name":"Polemika izme\u0111u Morskog dobra i Ulcinjske rivijere - Lajme nga Ulqini","isPartOf":{"@id":"https:\/\/www.visit-ulcinj.com\/blog\/#website"},"primaryImageOfPage":{"@id":"https:\/\/www.visit-ulcinj.com\/blog\/2011\/04\/03\/polemika-izmedu-morskog-dobra-i-ulcinjske-rivijere\/#primaryimage"},"datePublished":"2011-04-03T09:13:50+00:00","dateModified":"2011-04-03T09:14:23+00:00","author":{"@id":"https:\/\/www.visit-ulcinj.com\/blog\/#\/schema\/person\/dcab619c614d3038751c63bc2aadc06d"},"description":"Polemika izme\u0111u Morskog dobra i Ulcinjske rivijere o dijelu kupali\u0161ta ispred dva hotela Zapelo oko 145 metara pla\u017ee Ulcinjska rivijera: Neko je radio iza","breadcrumb":{"@id":"https:\/\/www.visit-ulcinj.com\/blog\/2011\/04\/03\/polemika-izmedu-morskog-dobra-i-ulcinjske-rivijere\/#breadcrumb"},"inLanguage":"en-US","potentialAction":[{"@type":"ReadAction","target":["https:\/\/www.visit-ulcinj.com\/blog\/2011\/04\/03\/polemika-izmedu-morskog-dobra-i-ulcinjske-rivijere\/"]}]},{"@type":"BreadcrumbList","@id":"https:\/\/www.visit-ulcinj.com\/blog\/2011\/04\/03\/polemika-izmedu-morskog-dobra-i-ulcinjske-rivijere\/#breadcrumb","itemListElement":[{"@type":"ListItem","position":1,"name":"Polemika izme\u0111u Morskog dobra i Ulcinjske rivijere"}]},{"@type":"Person","@id":"https:\/\/www.visit-ulcinj.com\/blog\/#\/schema\/person\/dcab619c614d3038751c63bc2aadc06d","name":"ulqini","sameAs":["http:\/\/www.visit-ulcinj.com"],"url":"https:\/\/www.visit-ulcinj.com\/blog\/author\/admin\/"}]}},"jetpack_featured_media_url":"","jetpack_sharing_enabled":true,"jetpack_shortlink":"https:\/\/wp.me\/pe6lTn-bOD","_links":{"self":[{"href":"https:\/\/www.visit-ulcinj.com\/blog\/wp-json\/wp\/v2\/posts\/45423"}],"collection":[{"href":"https:\/\/www.visit-ulcinj.com\/blog\/wp-json\/wp\/v2\/posts"}],"about":[{"href":"https:\/\/www.visit-ulcinj.com\/blog\/wp-json\/wp\/v2\/types\/post"}],"author":[{"embeddable":true,"href":"https:\/\/www.visit-ulcinj.com\/blog\/wp-json\/wp\/v2\/users\/1"}],"replies":[{"embeddable":true,"href":"https:\/\/www.visit-ulcinj.com\/blog\/wp-json\/wp\/v2\/comments?post=45423"}],"version-history":[{"count":0,"href":"https:\/\/www.visit-ulcinj.com\/blog\/wp-json\/wp\/v2\/posts\/45423\/revisions"}],"wp:attachment":[{"href":"https:\/\/www.visit-ulcinj.com\/blog\/wp-json\/wp\/v2\/media?parent=45423"}],"wp:term":[{"taxonomy":"category","embeddable":true,"href":"https:\/\/www.visit-ulcinj.com\/blog\/wp-json\/wp\/v2\/categories?post=45423"},{"taxonomy":"post_tag","embeddable":true,"href":"https:\/\/www.visit-ulcinj.com\/blog\/wp-json\/wp\/v2\/tags?post=45423"}],"curies":[{"name":"wp","href":"https:\/\/api.w.org\/{rel}","templated":true}]}}