{"id":45443,"date":"2011-04-03T16:26:15","date_gmt":"2011-04-03T15:26:15","guid":{"rendered":"http:\/\/www.visit-ulcinj.com\/blog\/?p=45443"},"modified":"2011-04-04T14:49:53","modified_gmt":"2011-04-04T13:49:53","slug":"interviste-me-kryetarin-e-ulqinit-gezim-hajdinagen-me-rastin-e-dites-se-ulqinit","status":"publish","type":"post","link":"https:\/\/www.visit-ulcinj.com\/blog\/2011\/04\/03\/interviste-me-kryetarin-e-ulqinit-gezim-hajdinagen-me-rastin-e-dites-se-ulqinit\/","title":{"rendered":"Intervist\u00eb me Kryetarin e Ulqinit G\u00ebzim Hajdinag\u00ebn me rastin e dit\u00ebs s\u00eb Ulqinit"},"content":{"rendered":"<p><strong><a href=\"http:\/\/www.visit-ulcinj.com\/blog\/wp-content\/uploads\/2011\/03\/Gezim-Hajdinaga_ulqin.jpg\"><img loading=\"lazy\" class=\"alignleft\" title=\"Kryetari i ulqinit g\u00ebzim hajdinaga\" src=\"http:\/\/www.visit-ulcinj.com\/blog\/wp-content\/uploads\/2011\/03\/Gezim-Hajdinaga_ulqin.jpg\" alt=\"\" width=\"490\" height=\"320\" \/><\/a>Intervist\u00eb me Kryetarin e Ulqinit G\u00ebzim Hajdinag\u00ebn me rastin e dit\u00ebs s\u00eb Ulqinit .<\/strong><br \/>\n<!--YouTube Error: bad URL entered--><br \/>\n<span style=\"color: #ffffff;\">Amull, ana malit, Aru\u00e7ij, Bardhij, Berjashij, Blaca, Bojk\u00eb, Bolejt, Brajshe, bratic\u00eb, Brisku nelt, Brisku pasht, \u00c7obaj, Cukaj, Curajt nelt, Curij pasht, Darz\u00eb, Demirijt, Dodaj, Dragaj, Dragoviq, Durakij, Fraskanjell, Gjecbritij, Gjenashej, Gjenciq, Gjyrjani, Hajdarijt, Hardajt, Hutij, Kacaj, Kaleci, Kalimani, Kanaqi, katerkoll\u00eb, Klezna, Kod\u00ebr, Kolonza, Kosiq, Kova\u00e7ej, Kraj\u00eb, Kravari, Kryth\u00eb, Lekperij, Leskovac, Liarja, Lihari, Likaj, Lisna Bore, Lubanijt, Madgueshi, Mali i Zi, Markashij, Maxhurej, Megjure\u00e7, Millajt, Mill\u00eb, Montenegro, Mozhur\u00eb, ostros, peraj, Perashij, Pistull, Priftij, Qurkaj, Ramushje, Rastish, Re\u00e7, Runji, Sal\u00e7, Shas, Sh\u00ebngjergj, Shtodh\u00ebr, Shtoji, Sjerci, Subashij, Sukobin\u00eb, Sutjell, Syrliq, Tafajt, ulqin, ulqini, Veliqi, Vu\u00e7kij, Zogaj ,ulcinj,ostros,montenegro,DitaUlqinit,Ulcinj,Ulqin,Ulqini,Ulkinon,Dulcigno,\u0423\u043b\u0446\u0438\u045a,Dulcinea,Montenegro,Crna Gora,Mali i Zi,ura,rruga,sukubin,muriqan,gezim hajdinaga,kryetar,<\/span><\/p>\n","protected":false},"excerpt":{"rendered":"<p>Intervist\u00eb me Kryetarin e Ulqinit G\u00ebzim Hajdinag\u00ebn me rastin e dit\u00ebs s\u00eb Ulqinit . Amull, ana malit, Aru\u00e7ij, Bardhij, Berjashij, Blaca, Bojk\u00eb, Bolejt, Brajshe, bratic\u00eb, Brisku nelt, Brisku pasht, \u00c7obaj, Cukaj, Curajt nelt, Curij pasht, Darz\u00eb, Demirijt, Dodaj, Dragaj, Dragoviq, Durakij, Fraskanjell, Gjecbritij, Gjenashej, Gjenciq, Gjyrjani, Hajdarijt, Hardajt, Hutij, Kacaj, Kaleci, Kalimani, Kanaqi, katerkoll\u00eb, Klezna, [&hellip;]<\/p>\n","protected":false},"author":1,"featured_media":0,"comment_status":"open","ping_status":"closed","sticky":false,"template":"","format":"standard","meta":{"spay_email":"","jetpack_publicize_message":"","jetpack_is_tweetstorm":false,"jetpack_publicize_feature_enabled":true},"categories":[5,1],"tags":[115,200,18,3106],"jetpack_publicize_connections":[],"yoast_head":"<!-- This site is optimized with the Yoast SEO plugin v19.1 - https:\/\/yoast.com\/wordpress\/plugins\/seo\/ -->\n<title>Intervist\u00eb me Kryetarin e Ulqinit G\u00ebzim Hajdinag\u00ebn me rastin e dit\u00ebs s\u00eb Ulqinit - Lajme nga Ulqini<\/title>\n<meta name=\"description\" content=\"Intervist\u00eb me Kryetarin e Ulqinit G\u00ebzim Hajdinag\u00ebn me rastin e dit\u00ebs s\u00eb Ulqinit . Amull, ana malit, Aru\u00e7ij, Bardhij, Berjashij, Blaca, Bojk\u00eb, Bolejt,\" \/>\n<meta name=\"robots\" content=\"index, follow, max-snippet:-1, max-image-preview:large, max-video-preview:-1\" \/>\n<link rel=\"canonical\" href=\"https:\/\/www.visit-ulcinj.com\/blog\/2011\/04\/03\/interviste-me-kryetarin-e-ulqinit-gezim-hajdinagen-me-rastin-e-dites-se-ulqinit\/\" \/>\n<meta property=\"og:locale\" content=\"en_US\" \/>\n<meta property=\"og:type\" content=\"article\" \/>\n<meta property=\"og:title\" content=\"Intervist\u00eb me Kryetarin e Ulqinit G\u00ebzim Hajdinag\u00ebn me rastin e dit\u00ebs s\u00eb Ulqinit - Lajme nga Ulqini\" \/>\n<meta property=\"og:description\" content=\"Intervist\u00eb me Kryetarin e Ulqinit G\u00ebzim Hajdinag\u00ebn me rastin e dit\u00ebs s\u00eb Ulqinit . Amull, ana malit, Aru\u00e7ij, Bardhij, Berjashij, Blaca, Bojk\u00eb, Bolejt,\" \/>\n<meta property=\"og:url\" content=\"https:\/\/www.visit-ulcinj.com\/blog\/2011\/04\/03\/interviste-me-kryetarin-e-ulqinit-gezim-hajdinagen-me-rastin-e-dites-se-ulqinit\/\" \/>\n<meta property=\"og:site_name\" content=\"Lajme nga Ulqini\" \/>\n<meta property=\"article:published_time\" content=\"2011-04-03T15:26:15+00:00\" \/>\n<meta property=\"article:modified_time\" content=\"2011-04-04T13:49:53+00:00\" \/>\n<meta property=\"og:image\" content=\"http:\/\/www.visit-ulcinj.com\/blog\/wp-content\/uploads\/2011\/03\/Gezim-Hajdinaga_ulqin.jpg\" \/>\n<meta name=\"twitter:label1\" content=\"Written by\" \/>\n\t<meta name=\"twitter:data1\" content=\"ulqini\" \/>\n\t<meta name=\"twitter:label2\" content=\"Est. reading time\" \/>\n\t<meta name=\"twitter:data2\" content=\"1 minute\" \/>\n<script type=\"application\/ld+json\" class=\"yoast-schema-graph\">{\"@context\":\"https:\/\/schema.org\",\"@graph\":[{\"@type\":\"WebSite\",\"@id\":\"https:\/\/www.visit-ulcinj.com\/blog\/#website\",\"url\":\"https:\/\/www.visit-ulcinj.com\/blog\/\",\"name\":\"Lajme nga Ulqini\",\"description\":\"Lajme,Vijesti,Ulqini,Ulqin,Crna Gora,Mali i Zi\",\"potentialAction\":[{\"@type\":\"SearchAction\",\"target\":{\"@type\":\"EntryPoint\",\"urlTemplate\":\"https:\/\/www.visit-ulcinj.com\/blog\/?s={search_term_string}\"},\"query-input\":\"required name=search_term_string\"}],\"inLanguage\":\"en-US\"},{\"@type\":\"ImageObject\",\"inLanguage\":\"en-US\",\"@id\":\"https:\/\/www.visit-ulcinj.com\/blog\/2011\/04\/03\/interviste-me-kryetarin-e-ulqinit-gezim-hajdinagen-me-rastin-e-dites-se-ulqinit\/#primaryimage\",\"url\":\"https:\/\/www.visit-ulcinj.com\/blog\/wp-content\/uploads\/2011\/03\/Gezim-Hajdinaga_ulqin.jpg\",\"contentUrl\":\"https:\/\/www.visit-ulcinj.com\/blog\/wp-content\/uploads\/2011\/03\/Gezim-Hajdinaga_ulqin.jpg\",\"width\":\"490\",\"height\":\"320\"},{\"@type\":\"WebPage\",\"@id\":\"https:\/\/www.visit-ulcinj.com\/blog\/2011\/04\/03\/interviste-me-kryetarin-e-ulqinit-gezim-hajdinagen-me-rastin-e-dites-se-ulqinit\/#webpage\",\"url\":\"https:\/\/www.visit-ulcinj.com\/blog\/2011\/04\/03\/interviste-me-kryetarin-e-ulqinit-gezim-hajdinagen-me-rastin-e-dites-se-ulqinit\/\",\"name\":\"Intervist\u00eb me Kryetarin e Ulqinit G\u00ebzim Hajdinag\u00ebn me rastin e dit\u00ebs s\u00eb Ulqinit - Lajme nga Ulqini\",\"isPartOf\":{\"@id\":\"https:\/\/www.visit-ulcinj.com\/blog\/#website\"},\"primaryImageOfPage\":{\"@id\":\"https:\/\/www.visit-ulcinj.com\/blog\/2011\/04\/03\/interviste-me-kryetarin-e-ulqinit-gezim-hajdinagen-me-rastin-e-dites-se-ulqinit\/#primaryimage\"},\"datePublished\":\"2011-04-03T15:26:15+00:00\",\"dateModified\":\"2011-04-04T13:49:53+00:00\",\"author\":{\"@id\":\"https:\/\/www.visit-ulcinj.com\/blog\/#\/schema\/person\/dcab619c614d3038751c63bc2aadc06d\"},\"description\":\"Intervist\u00eb me Kryetarin e Ulqinit G\u00ebzim Hajdinag\u00ebn me rastin e dit\u00ebs s\u00eb Ulqinit . Amull, ana malit, Aru\u00e7ij, Bardhij, Berjashij, Blaca, Bojk\u00eb, Bolejt,\",\"breadcrumb\":{\"@id\":\"https:\/\/www.visit-ulcinj.com\/blog\/2011\/04\/03\/interviste-me-kryetarin-e-ulqinit-gezim-hajdinagen-me-rastin-e-dites-se-ulqinit\/#breadcrumb\"},\"inLanguage\":\"en-US\",\"potentialAction\":[{\"@type\":\"ReadAction\",\"target\":[\"https:\/\/www.visit-ulcinj.com\/blog\/2011\/04\/03\/interviste-me-kryetarin-e-ulqinit-gezim-hajdinagen-me-rastin-e-dites-se-ulqinit\/\"]}]},{\"@type\":\"BreadcrumbList\",\"@id\":\"https:\/\/www.visit-ulcinj.com\/blog\/2011\/04\/03\/interviste-me-kryetarin-e-ulqinit-gezim-hajdinagen-me-rastin-e-dites-se-ulqinit\/#breadcrumb\",\"itemListElement\":[{\"@type\":\"ListItem\",\"position\":1,\"name\":\"Intervist\u00eb me Kryetarin e Ulqinit G\u00ebzim Hajdinag\u00ebn me rastin e dit\u00ebs s\u00eb Ulqinit\"}]},{\"@type\":\"Person\",\"@id\":\"https:\/\/www.visit-ulcinj.com\/blog\/#\/schema\/person\/dcab619c614d3038751c63bc2aadc06d\",\"name\":\"ulqini\",\"sameAs\":[\"http:\/\/www.visit-ulcinj.com\"],\"url\":\"https:\/\/www.visit-ulcinj.com\/blog\/author\/admin\/\"}]}<\/script>\n<!-- \/ Yoast SEO plugin. -->","yoast_head_json":{"title":"Intervist\u00eb me Kryetarin e Ulqinit G\u00ebzim Hajdinag\u00ebn me rastin e dit\u00ebs s\u00eb Ulqinit - Lajme nga Ulqini","description":"Intervist\u00eb me Kryetarin e Ulqinit G\u00ebzim Hajdinag\u00ebn me rastin e dit\u00ebs s\u00eb Ulqinit . Amull, ana malit, Aru\u00e7ij, Bardhij, Berjashij, Blaca, Bojk\u00eb, Bolejt,","robots":{"index":"index","follow":"follow","max-snippet":"max-snippet:-1","max-image-preview":"max-image-preview:large","max-video-preview":"max-video-preview:-1"},"canonical":"https:\/\/www.visit-ulcinj.com\/blog\/2011\/04\/03\/interviste-me-kryetarin-e-ulqinit-gezim-hajdinagen-me-rastin-e-dites-se-ulqinit\/","og_locale":"en_US","og_type":"article","og_title":"Intervist\u00eb me Kryetarin e Ulqinit G\u00ebzim Hajdinag\u00ebn me rastin e dit\u00ebs s\u00eb Ulqinit - Lajme nga Ulqini","og_description":"Intervist\u00eb me Kryetarin e Ulqinit G\u00ebzim Hajdinag\u00ebn me rastin e dit\u00ebs s\u00eb Ulqinit . Amull, ana malit, Aru\u00e7ij, Bardhij, Berjashij, Blaca, Bojk\u00eb, Bolejt,","og_url":"https:\/\/www.visit-ulcinj.com\/blog\/2011\/04\/03\/interviste-me-kryetarin-e-ulqinit-gezim-hajdinagen-me-rastin-e-dites-se-ulqinit\/","og_site_name":"Lajme nga Ulqini","article_published_time":"2011-04-03T15:26:15+00:00","article_modified_time":"2011-04-04T13:49:53+00:00","og_image":[{"url":"http:\/\/www.visit-ulcinj.com\/blog\/wp-content\/uploads\/2011\/03\/Gezim-Hajdinaga_ulqin.jpg"}],"twitter_misc":{"Written by":"ulqini","Est. reading time":"1 minute"},"schema":{"@context":"https:\/\/schema.org","@graph":[{"@type":"WebSite","@id":"https:\/\/www.visit-ulcinj.com\/blog\/#website","url":"https:\/\/www.visit-ulcinj.com\/blog\/","name":"Lajme nga Ulqini","description":"Lajme,Vijesti,Ulqini,Ulqin,Crna Gora,Mali i Zi","potentialAction":[{"@type":"SearchAction","target":{"@type":"EntryPoint","urlTemplate":"https:\/\/www.visit-ulcinj.com\/blog\/?s={search_term_string}"},"query-input":"required name=search_term_string"}],"inLanguage":"en-US"},{"@type":"ImageObject","inLanguage":"en-US","@id":"https:\/\/www.visit-ulcinj.com\/blog\/2011\/04\/03\/interviste-me-kryetarin-e-ulqinit-gezim-hajdinagen-me-rastin-e-dites-se-ulqinit\/#primaryimage","url":"https:\/\/www.visit-ulcinj.com\/blog\/wp-content\/uploads\/2011\/03\/Gezim-Hajdinaga_ulqin.jpg","contentUrl":"https:\/\/www.visit-ulcinj.com\/blog\/wp-content\/uploads\/2011\/03\/Gezim-Hajdinaga_ulqin.jpg","width":"490","height":"320"},{"@type":"WebPage","@id":"https:\/\/www.visit-ulcinj.com\/blog\/2011\/04\/03\/interviste-me-kryetarin-e-ulqinit-gezim-hajdinagen-me-rastin-e-dites-se-ulqinit\/#webpage","url":"https:\/\/www.visit-ulcinj.com\/blog\/2011\/04\/03\/interviste-me-kryetarin-e-ulqinit-gezim-hajdinagen-me-rastin-e-dites-se-ulqinit\/","name":"Intervist\u00eb me Kryetarin e Ulqinit G\u00ebzim Hajdinag\u00ebn me rastin e dit\u00ebs s\u00eb Ulqinit - Lajme nga Ulqini","isPartOf":{"@id":"https:\/\/www.visit-ulcinj.com\/blog\/#website"},"primaryImageOfPage":{"@id":"https:\/\/www.visit-ulcinj.com\/blog\/2011\/04\/03\/interviste-me-kryetarin-e-ulqinit-gezim-hajdinagen-me-rastin-e-dites-se-ulqinit\/#primaryimage"},"datePublished":"2011-04-03T15:26:15+00:00","dateModified":"2011-04-04T13:49:53+00:00","author":{"@id":"https:\/\/www.visit-ulcinj.com\/blog\/#\/schema\/person\/dcab619c614d3038751c63bc2aadc06d"},"description":"Intervist\u00eb me Kryetarin e Ulqinit G\u00ebzim Hajdinag\u00ebn me rastin e dit\u00ebs s\u00eb Ulqinit . Amull, ana malit, Aru\u00e7ij, Bardhij, Berjashij, Blaca, Bojk\u00eb, Bolejt,","breadcrumb":{"@id":"https:\/\/www.visit-ulcinj.com\/blog\/2011\/04\/03\/interviste-me-kryetarin-e-ulqinit-gezim-hajdinagen-me-rastin-e-dites-se-ulqinit\/#breadcrumb"},"inLanguage":"en-US","potentialAction":[{"@type":"ReadAction","target":["https:\/\/www.visit-ulcinj.com\/blog\/2011\/04\/03\/interviste-me-kryetarin-e-ulqinit-gezim-hajdinagen-me-rastin-e-dites-se-ulqinit\/"]}]},{"@type":"BreadcrumbList","@id":"https:\/\/www.visit-ulcinj.com\/blog\/2011\/04\/03\/interviste-me-kryetarin-e-ulqinit-gezim-hajdinagen-me-rastin-e-dites-se-ulqinit\/#breadcrumb","itemListElement":[{"@type":"ListItem","position":1,"name":"Intervist\u00eb me Kryetarin e Ulqinit G\u00ebzim Hajdinag\u00ebn me rastin e dit\u00ebs s\u00eb Ulqinit"}]},{"@type":"Person","@id":"https:\/\/www.visit-ulcinj.com\/blog\/#\/schema\/person\/dcab619c614d3038751c63bc2aadc06d","name":"ulqini","sameAs":["http:\/\/www.visit-ulcinj.com"],"url":"https:\/\/www.visit-ulcinj.com\/blog\/author\/admin\/"}]}},"jetpack_featured_media_url":"","jetpack_sharing_enabled":true,"jetpack_shortlink":"https:\/\/wp.me\/pe6lTn-bOX","_links":{"self":[{"href":"https:\/\/www.visit-ulcinj.com\/blog\/wp-json\/wp\/v2\/posts\/45443"}],"collection":[{"href":"https:\/\/www.visit-ulcinj.com\/blog\/wp-json\/wp\/v2\/posts"}],"about":[{"href":"https:\/\/www.visit-ulcinj.com\/blog\/wp-json\/wp\/v2\/types\/post"}],"author":[{"embeddable":true,"href":"https:\/\/www.visit-ulcinj.com\/blog\/wp-json\/wp\/v2\/users\/1"}],"replies":[{"embeddable":true,"href":"https:\/\/www.visit-ulcinj.com\/blog\/wp-json\/wp\/v2\/comments?post=45443"}],"version-history":[{"count":0,"href":"https:\/\/www.visit-ulcinj.com\/blog\/wp-json\/wp\/v2\/posts\/45443\/revisions"}],"wp:attachment":[{"href":"https:\/\/www.visit-ulcinj.com\/blog\/wp-json\/wp\/v2\/media?parent=45443"}],"wp:term":[{"taxonomy":"category","embeddable":true,"href":"https:\/\/www.visit-ulcinj.com\/blog\/wp-json\/wp\/v2\/categories?post=45443"},{"taxonomy":"post_tag","embeddable":true,"href":"https:\/\/www.visit-ulcinj.com\/blog\/wp-json\/wp\/v2\/tags?post=45443"}],"curies":[{"name":"wp","href":"https:\/\/api.w.org\/{rel}","templated":true}]}}