{"id":45451,"date":"2011-04-03T19:14:08","date_gmt":"2011-04-03T18:14:08","guid":{"rendered":"http:\/\/www.visit-ulcinj.com\/blog\/?p=45451"},"modified":"2011-04-03T19:15:26","modified_gmt":"2011-04-03T18:15:26","slug":"port-milena-ekoloska-bomba-ulcinja-i-crne-gore","status":"publish","type":"post","link":"https:\/\/www.visit-ulcinj.com\/blog\/2011\/04\/03\/port-milena-ekoloska-bomba-ulcinja-i-crne-gore\/","title":{"rendered":"PORT MILENA &#8211; \u201cEkolo\u0161ka Bomba\u201d Ulcinja i Crne Gore"},"content":{"rendered":"<p><a href=\"http:\/\/www.visit-ulcinj.com\/blog\/wp-content\/uploads\/2011\/04\/PORT-MILENA-Ekoloska-Bomba-Ulcinja-i-Crne-Gore.1.jpg\"><img loading=\"lazy\" class=\"alignleft size-full wp-image-45452\" title=\"PORT MILENA - Ekoloska Bomba-Ulcinja i Crne Gore.1\" src=\"http:\/\/www.visit-ulcinj.com\/blog\/wp-content\/uploads\/2011\/04\/PORT-MILENA-Ekoloska-Bomba-Ulcinja-i-Crne-Gore.1.jpg\" alt=\"\" width=\"508\" height=\"620\" \/><\/a><strong>PORT MILENA \u2013 \u201cEkolo\u0161ka Bomba\u201d Ulcinja i Crne Gore<\/strong><\/p>\n<p>Kanal Port Milena iskopan je 1885 godine prema projektu in\u017einjera sa Crnogorskom dvora, Rusa Vladimira Ivanovi\u010da- Varmana. Svrha prokopavanja ovog kanala bilo je izlivanje vode Zoganjskog jezera u more. Naredbu za ovaj poduhvat izdao je li\u010dno gospodar i Knjaz Crne Gore Nikola I, poslij&#8230;e njegove prve posjete Ulcinju, nakon prisajedinjenja Ulcinja Crnoj Gori,na osnovu odluka Berlinskog Kongresa.<br \/>\nNa tom podru\u010dju bilo je puno mo\u010dvara sa kojih su se \u0161irile razne bolesti, posebno malarije,od koje je umiralo puno djece. Zbog toga je Knjaz dao naredbu da se prokopa kanal, koji je i uspio da suzbije Malariju tako \u0161to se voda jezera mije\u0161ala sa morskom vodom,a morska voda je suzbijala bolest. Do\u0161lo je do mje\u0161anja vode zato \u0161to je dno jezera kripto depresija u odnosu na more i sasvim je logi\u010dno da je voda sa mora doprla u kanal.I danas je Porto Milena sa velikom koli\u010dinom saleniteta.Iz zahvalnosti za suzbijanje bolesti narod je kanal nazvao imenom Kneginje Milene. Kanal i dan danas nosi njeno ime. Kasnije 1896 godine kada je rijeka Drim promijenila korito i jednim krakom u\u0161la u Bojanu, kod Skadra narasla voda se iz Bojane izlila, preplaviv\u0161i Ulcinjsko polje i pro\u0161irila kanal skoro do dana\u0161njih dimenzija, dok se jednim krakom ulivala u more, kod rta \u0110erane. Ovako pro\u0161ireni kanal je jedno vrijeme bio i prirodna luka za manje brodove i \u010damce. Me\u0111utim nakon povla\u010denja voda Bojane kanal je ostao kao pritotoka Zoganjskog blata, a koli\u010dina vode je opet zavisila od plime i osjeke kao i od koli\u010dine padavina.<br \/>\nKanal Port Milena je nekada davno bio dug 4 km, dok mjestimi\u010dno \u0161irok izme\u0111u 80-120 m. a dubok izme\u0111u 4-8 m. Danas je na nekim mjestima skoro presu\u0161io bacanjem \u0161uta i razno raznog otpada, kao i bespravnom gradnjom na njegovim obalama. Za \u017ealjenje je i konstatacija da se danas na kanalu Porto Milena slivaju sve otpadne vode rije\u010dicom Bratica, te razna ulja i razni otpad sa hiljade bespravno podignutih objekata. On je danas postao smetli\u0161te i \u201cekolo\u0161ka bomba\u201d ne samo Ulcinja ve\u0107 i Republike Crne Gore.<br \/>\nNama su ostale samo uspomene iz zlatnog vremena na\u0161eg turizma, kada je ovaj kanal bio \u010dist, lijep i atraktivan. Na njemu se nalazio prelijepi jedinstveni restoranom \u201cKalimera\u201d, kao i bezbroj Kalimera za lov ribe. U ta zlatna vremena je kanal Porto Milena bio atrakcija za milione turista iz zemlje i iz inostranstva.<br \/>\nSa sigurno\u0161\u0107u se se mo\u017ee re\u0107i, da je od njegovog prokopavanja pa do 70 i 80 tih godina 20. vijeka Port Milena bila stani\u0161te najkvalitetnijih vrsta ribe. Kao neposredna i direktna veza sa Solanskim bazenom on je bio i ostao stani\u0161te ptica selica koje su se tu zadr\u017eavale i yadr\u017eavaju na svom putu prema sjeveru.U to vrijeme kanal Porto Milena je bio predmet raznih studija i predmet istra\u017eivanja nau\u010dnika iz zemlje i iz inostranstva. Naravno, pored toga \u0161to je bio turisti\u010dka atrakcija, on je bio i izvor zarade i opstanka mnogih ribara Ulcinja. Oni su su se bazirali na izuzetan i kvalitetan lov ribe tokom \u010ditave godine.<br \/>\nOstale su uzre\u010dice koje su bile svojstvene samo ribarima koji su lovili na Porta Mileni. Svakako, naj\u010de\u0161\u0107a je ona, koja je bivala upu\u0107ena ribarima koji su odlazili prema Porta Milenida u ribolov. Odgovor je uvijek bio isti , \u201c idem u Porat ( Port Milena) da uzmem malo ribe za ku\u0107u\u201d. Riba se tu nije lovila, ve\u0107 uzimala kao iz kakvog velikog bazena &#8211; ribnjaka. Mnogi eksperti i nau\u010dni radnici koji su se bavili ovom problematikom tvrdili su da je Port Milena najve\u0107e mrestili\u0161te ribe na Jadranu . Na\u017ealost, danas riba koja uspijeva da pre\u017eivi i da se mresti na Porto Mileni gotovo otrovna od fekalija i plesticida koje se neprekidno ulijevaju i talo\u017ee na Porta Mileni. Riba ima neprijatan miris i rijetko je ko jede. Ulcinjani su danas alergi\u010dni na ribu sa Porta Milene, i sigurno je niko ne\u0107e kupiti na pijaci, osim po neki turista koji ne poznaje ribu.<br \/>\n\u0160ta re\u0107i o po\u010detku devastacije ovog po mnogima jedinstvenog kanala koji je nekad, mo\u017eda i mogao da pretvori taj dio Ulcinjskog polja u najve\u0107u \u017eitnicu Crne Gore. Mo\u017eda je o tome i sanjao Knjaz odnosno Kralj Nikola I, kada je dao nalog da se kanal prokopa.<br \/>\nDevastacija ovog neponovlivog prostora, zaista jedinstvenog na ovim prostorima je po\u010dela prije vi\u0161e od tridesetak godina. Naro\u010dito je to postalo i bilo izra\u017eeno poslije katastrofalnog zemjljotresa iz 1979 god. Tada su ljudi dobijali kredite i bespovratna sredstva i mo\u017ee se re\u0107i da je tada i uslijedio pravi napad na Port Milenu i njene obale. Hoteli, restorani, razni ugostiteljski objekti i privatne ku\u0107e ispu\u0161taju otpadne vode i kanalizaciju direktno u Porta Milenu. Mnogi deponuju \u0161ut i zemlju na njenim obalama, pro\u0161iruju\u0107i svoje kupljene ili uzurpirane parcele.<br \/>\nDru\u0161tvo koje ima institucije sistema koje su morale da se uhvate u ko\u0161tac sa ovim problemima je tu u potpunosti zakazalo. Kaznena politika nije se primjenjivala jer su je uglavnom sprovodili oni koji su i najvi\u0161e i gradili na njenim obalama.Oni i nose na du\u0161i najve\u0107i uticaj na njenu devastaciju. Ako uzmemo u obzir da danas grad Ulcinj nema jo\u0161 uvijek generalnih urbanisti\u010dkih planova gdje je uklju\u010dena i Porto Milena, onda je jasno zbog \u010dega je taj problem toliko izra\u017een na tom podru\u010dju. Bez pravih generalnih urbanisti\u010dkih planova iza kojih mora stajati \u0161ira dru\u0161tvena zajednica, nema prosperiteta niti se mo\u017ee za\u0161titit ovaj izuzetno atraktivan i vrijedan \u017eivotni prostor.<\/p>\n<p><strong><a href=\"http:\/\/www.facebook.com\/profile.php?id=1359492972\"> <\/a><\/strong><\/p>\n<h3><a title=\"ismet kramanaga\" href=\"http:\/\/www.facebook.com\/album.php?fbid=1591878481082&amp;id=1359492972&amp;aid=2086684#!\/profile.php?id=1359492972\" target=\"_blank\"><strong><strong><strong><strong>Pro\u010ditaj vijest do kraja &gt;&gt; <\/strong><\/strong><\/strong><\/strong>Ismet Karamanaga Facebook<\/a><\/h3>\n<p><strong>\n\t\t<style type=\"text\/css\">\n\t\t\t#gallery-1 {\n\t\t\t\tmargin: auto;\n\t\t\t}\n\t\t\t#gallery-1 .gallery-item {\n\t\t\t\tfloat: left;\n\t\t\t\tmargin-top: 10px;\n\t\t\t\ttext-align: center;\n\t\t\t\twidth: 33%;\n\t\t\t}\n\t\t\t#gallery-1 img {\n\t\t\t\tborder: 2px solid #cfcfcf;\n\t\t\t}\n\t\t\t#gallery-1 .gallery-caption {\n\t\t\t\tmargin-left: 0;\n\t\t\t}\n\t\t\t\/* see gallery_shortcode() in wp-includes\/media.php *\/\n\t\t<\/style>\n\t\t<div id='gallery-1' class='gallery galleryid-45451 gallery-columns-3 gallery-size-thumbnail'><dl class='gallery-item'>\n\t\t\t<dt class='gallery-icon portrait'>\n\t\t\t\t<a href='https:\/\/www.visit-ulcinj.com\/blog\/wp-content\/uploads\/2011\/04\/PORT-MILENA-Ekoloska-Bomba-Ulcinja-i-Crne-Gore.1.jpg'><img width=\"150\" height=\"150\" src=\"https:\/\/www.visit-ulcinj.com\/blog\/wp-content\/uploads\/2011\/04\/PORT-MILENA-Ekoloska-Bomba-Ulcinja-i-Crne-Gore.1-150x150.jpg\" class=\"attachment-thumbnail size-thumbnail\" alt=\"\" loading=\"lazy\" \/><\/a>\n\t\t\t<\/dt><\/dl><dl class='gallery-item'>\n\t\t\t<dt class='gallery-icon portrait'>\n\t\t\t\t<a href='https:\/\/www.visit-ulcinj.com\/blog\/wp-content\/uploads\/2011\/04\/PORT-MILENA-Ekoloska-Bomba-Ulcinja-i-Crne-Gore.jpg'><img width=\"150\" height=\"150\" src=\"https:\/\/www.visit-ulcinj.com\/blog\/wp-content\/uploads\/2011\/04\/PORT-MILENA-Ekoloska-Bomba-Ulcinja-i-Crne-Gore-150x150.jpg\" class=\"attachment-thumbnail size-thumbnail\" alt=\"\" loading=\"lazy\" \/><\/a>\n\t\t\t<\/dt><\/dl><dl class='gallery-item'>\n\t\t\t<dt class='gallery-icon portrait'>\n\t\t\t\t<a href='https:\/\/www.visit-ulcinj.com\/blog\/wp-content\/uploads\/2011\/04\/PORT-MILENA-Ekoloska-Bomba-Ulcinja-i-Crne-Gore-2.jpg'><img width=\"150\" height=\"150\" src=\"https:\/\/www.visit-ulcinj.com\/blog\/wp-content\/uploads\/2011\/04\/PORT-MILENA-Ekoloska-Bomba-Ulcinja-i-Crne-Gore-2-150x150.jpg\" class=\"attachment-thumbnail size-thumbnail\" alt=\"\" loading=\"lazy\" \/><\/a>\n\t\t\t<\/dt><\/dl><br style=\"clear: both\" \/><dl class='gallery-item'>\n\t\t\t<dt class='gallery-icon landscape'>\n\t\t\t\t<a href='https:\/\/www.visit-ulcinj.com\/blog\/wp-content\/uploads\/2011\/04\/PORT-MILENA-Ekoloska-Bomba-Ulcinja-i-Crne-Gore.3.jpg'><img width=\"150\" height=\"150\" src=\"https:\/\/www.visit-ulcinj.com\/blog\/wp-content\/uploads\/2011\/04\/PORT-MILENA-Ekoloska-Bomba-Ulcinja-i-Crne-Gore.3-150x150.jpg\" class=\"attachment-thumbnail size-thumbnail\" alt=\"\" loading=\"lazy\" \/><\/a>\n\t\t\t<\/dt><\/dl><dl class='gallery-item'>\n\t\t\t<dt class='gallery-icon landscape'>\n\t\t\t\t<a href='https:\/\/www.visit-ulcinj.com\/blog\/wp-content\/uploads\/2011\/04\/PORT-MILENA-Ekoloska-Bomba-Ulcinja-i-Crne-Gore.4.jpg'><img width=\"150\" height=\"150\" src=\"https:\/\/www.visit-ulcinj.com\/blog\/wp-content\/uploads\/2011\/04\/PORT-MILENA-Ekoloska-Bomba-Ulcinja-i-Crne-Gore.4-150x150.jpg\" class=\"attachment-thumbnail size-thumbnail\" alt=\"\" loading=\"lazy\" \/><\/a>\n\t\t\t<\/dt><\/dl><dl class='gallery-item'>\n\t\t\t<dt class='gallery-icon landscape'>\n\t\t\t\t<a href='https:\/\/www.visit-ulcinj.com\/blog\/wp-content\/uploads\/2011\/04\/PORT-MILENA-Ekoloska-Bomba-Ulcinja-i-Crne-Gore.2.jpg'><img width=\"150\" height=\"150\" src=\"https:\/\/www.visit-ulcinj.com\/blog\/wp-content\/uploads\/2011\/04\/PORT-MILENA-Ekoloska-Bomba-Ulcinja-i-Crne-Gore.2-150x150.jpg\" class=\"attachment-thumbnail size-thumbnail\" alt=\"\" loading=\"lazy\" \/><\/a>\n\t\t\t<\/dt><\/dl><br style=\"clear: both\" \/>\n\t\t<\/div>\n<br \/>\n<\/strong><br \/>\n<!--YouTube Error: bad URL entered--><\/p>\n","protected":false},"excerpt":{"rendered":"<p>PORT MILENA \u2013 \u201cEkolo\u0161ka Bomba\u201d Ulcinja i Crne Gore Kanal Port Milena iskopan je 1885 godine prema projektu in\u017einjera sa Crnogorskom dvora, Rusa Vladimira Ivanovi\u010da- Varmana. Svrha prokopavanja ovog kanala bilo je izlivanje vode Zoganjskog jezera u more. Naredbu za ovaj poduhvat izdao je li\u010dno gospodar i Knjaz Crne Gore Nikola I, poslij&#8230;e njegove prve [&hellip;]<\/p>\n","protected":false},"author":1,"featured_media":0,"comment_status":"open","ping_status":"closed","sticky":false,"template":"","format":"standard","meta":{"spay_email":"","jetpack_publicize_message":"","jetpack_is_tweetstorm":false,"jetpack_publicize_feature_enabled":true},"categories":[8337],"tags":[17967,5074,295,17966,19],"jetpack_publicize_connections":[],"yoast_head":"<!-- This site is optimized with the Yoast SEO plugin v19.1 - https:\/\/yoast.com\/wordpress\/plugins\/seo\/ -->\n<title>PORT MILENA - \u201cEkolo\u0161ka Bomba\u201d Ulcinja i Crne Gore - Lajme nga Ulqini<\/title>\n<meta name=\"description\" content=\"PORT MILENA \u2013 \u201cEkolo\u0161ka Bomba\u201d Ulcinja i Crne Gore Kanal Port Milena iskopan je 1885 godine prema projektu in\u017einjera sa Crnogorskom dvora, Rusa Vladimira\" \/>\n<meta name=\"robots\" content=\"index, follow, max-snippet:-1, max-image-preview:large, max-video-preview:-1\" \/>\n<link rel=\"canonical\" href=\"https:\/\/www.visit-ulcinj.com\/blog\/2011\/04\/03\/port-milena-ekoloska-bomba-ulcinja-i-crne-gore\/\" \/>\n<meta property=\"og:locale\" content=\"en_US\" \/>\n<meta property=\"og:type\" content=\"article\" \/>\n<meta property=\"og:title\" content=\"PORT MILENA - \u201cEkolo\u0161ka Bomba\u201d Ulcinja i Crne Gore - Lajme nga Ulqini\" \/>\n<meta property=\"og:description\" content=\"PORT MILENA \u2013 \u201cEkolo\u0161ka Bomba\u201d Ulcinja i Crne Gore Kanal Port Milena iskopan je 1885 godine prema projektu in\u017einjera sa Crnogorskom dvora, Rusa Vladimira\" \/>\n<meta property=\"og:url\" content=\"https:\/\/www.visit-ulcinj.com\/blog\/2011\/04\/03\/port-milena-ekoloska-bomba-ulcinja-i-crne-gore\/\" \/>\n<meta property=\"og:site_name\" content=\"Lajme nga Ulqini\" \/>\n<meta property=\"article:published_time\" content=\"2011-04-03T18:14:08+00:00\" \/>\n<meta property=\"article:modified_time\" content=\"2011-04-03T18:15:26+00:00\" \/>\n<meta property=\"og:image\" content=\"https:\/\/www.visit-ulcinj.com\/blog\/wp-content\/uploads\/2011\/04\/PORT-MILENA-Ekoloska-Bomba-Ulcinja-i-Crne-Gore.1-150x150.jpg\" \/>\n<meta name=\"twitter:label1\" content=\"Written by\" \/>\n\t<meta name=\"twitter:data1\" content=\"ulqini\" \/>\n\t<meta name=\"twitter:label2\" content=\"Est. reading time\" \/>\n\t<meta name=\"twitter:data2\" content=\"5 minutes\" \/>\n<script type=\"application\/ld+json\" class=\"yoast-schema-graph\">{\"@context\":\"https:\/\/schema.org\",\"@graph\":[{\"@type\":\"WebSite\",\"@id\":\"https:\/\/www.visit-ulcinj.com\/blog\/#website\",\"url\":\"https:\/\/www.visit-ulcinj.com\/blog\/\",\"name\":\"Lajme nga Ulqini\",\"description\":\"Lajme,Vijesti,Ulqini,Ulqin,Crna Gora,Mali i Zi\",\"potentialAction\":[{\"@type\":\"SearchAction\",\"target\":{\"@type\":\"EntryPoint\",\"urlTemplate\":\"https:\/\/www.visit-ulcinj.com\/blog\/?s={search_term_string}\"},\"query-input\":\"required name=search_term_string\"}],\"inLanguage\":\"en-US\"},{\"@type\":\"ImageObject\",\"inLanguage\":\"en-US\",\"@id\":\"https:\/\/www.visit-ulcinj.com\/blog\/2011\/04\/03\/port-milena-ekoloska-bomba-ulcinja-i-crne-gore\/#primaryimage\",\"url\":\"https:\/\/www.visit-ulcinj.com\/blog\/wp-content\/uploads\/2011\/04\/PORT-MILENA-Ekoloska-Bomba-Ulcinja-i-Crne-Gore.1.jpg\",\"contentUrl\":\"https:\/\/www.visit-ulcinj.com\/blog\/wp-content\/uploads\/2011\/04\/PORT-MILENA-Ekoloska-Bomba-Ulcinja-i-Crne-Gore.1.jpg\",\"width\":\"540\",\"height\":\"720\"},{\"@type\":\"WebPage\",\"@id\":\"https:\/\/www.visit-ulcinj.com\/blog\/2011\/04\/03\/port-milena-ekoloska-bomba-ulcinja-i-crne-gore\/#webpage\",\"url\":\"https:\/\/www.visit-ulcinj.com\/blog\/2011\/04\/03\/port-milena-ekoloska-bomba-ulcinja-i-crne-gore\/\",\"name\":\"PORT MILENA - \u201cEkolo\u0161ka Bomba\u201d Ulcinja i Crne Gore - Lajme nga Ulqini\",\"isPartOf\":{\"@id\":\"https:\/\/www.visit-ulcinj.com\/blog\/#website\"},\"primaryImageOfPage\":{\"@id\":\"https:\/\/www.visit-ulcinj.com\/blog\/2011\/04\/03\/port-milena-ekoloska-bomba-ulcinja-i-crne-gore\/#primaryimage\"},\"datePublished\":\"2011-04-03T18:14:08+00:00\",\"dateModified\":\"2011-04-03T18:15:26+00:00\",\"author\":{\"@id\":\"https:\/\/www.visit-ulcinj.com\/blog\/#\/schema\/person\/dcab619c614d3038751c63bc2aadc06d\"},\"description\":\"PORT MILENA \u2013 \u201cEkolo\u0161ka Bomba\u201d Ulcinja i Crne Gore Kanal Port Milena iskopan je 1885 godine prema projektu in\u017einjera sa Crnogorskom dvora, Rusa Vladimira\",\"breadcrumb\":{\"@id\":\"https:\/\/www.visit-ulcinj.com\/blog\/2011\/04\/03\/port-milena-ekoloska-bomba-ulcinja-i-crne-gore\/#breadcrumb\"},\"inLanguage\":\"en-US\",\"potentialAction\":[{\"@type\":\"ReadAction\",\"target\":[\"https:\/\/www.visit-ulcinj.com\/blog\/2011\/04\/03\/port-milena-ekoloska-bomba-ulcinja-i-crne-gore\/\"]}]},{\"@type\":\"BreadcrumbList\",\"@id\":\"https:\/\/www.visit-ulcinj.com\/blog\/2011\/04\/03\/port-milena-ekoloska-bomba-ulcinja-i-crne-gore\/#breadcrumb\",\"itemListElement\":[{\"@type\":\"ListItem\",\"position\":1,\"name\":\"PORT MILENA &#8211; \u201cEkolo\u0161ka Bomba\u201d Ulcinja i Crne Gore\"}]},{\"@type\":\"Person\",\"@id\":\"https:\/\/www.visit-ulcinj.com\/blog\/#\/schema\/person\/dcab619c614d3038751c63bc2aadc06d\",\"name\":\"ulqini\",\"sameAs\":[\"http:\/\/www.visit-ulcinj.com\"],\"url\":\"https:\/\/www.visit-ulcinj.com\/blog\/author\/admin\/\"}]}<\/script>\n<!-- \/ Yoast SEO plugin. -->","yoast_head_json":{"title":"PORT MILENA - \u201cEkolo\u0161ka Bomba\u201d Ulcinja i Crne Gore - Lajme nga Ulqini","description":"PORT MILENA \u2013 \u201cEkolo\u0161ka Bomba\u201d Ulcinja i Crne Gore Kanal Port Milena iskopan je 1885 godine prema projektu in\u017einjera sa Crnogorskom dvora, Rusa Vladimira","robots":{"index":"index","follow":"follow","max-snippet":"max-snippet:-1","max-image-preview":"max-image-preview:large","max-video-preview":"max-video-preview:-1"},"canonical":"https:\/\/www.visit-ulcinj.com\/blog\/2011\/04\/03\/port-milena-ekoloska-bomba-ulcinja-i-crne-gore\/","og_locale":"en_US","og_type":"article","og_title":"PORT MILENA - \u201cEkolo\u0161ka Bomba\u201d Ulcinja i Crne Gore - Lajme nga Ulqini","og_description":"PORT MILENA \u2013 \u201cEkolo\u0161ka Bomba\u201d Ulcinja i Crne Gore Kanal Port Milena iskopan je 1885 godine prema projektu in\u017einjera sa Crnogorskom dvora, Rusa Vladimira","og_url":"https:\/\/www.visit-ulcinj.com\/blog\/2011\/04\/03\/port-milena-ekoloska-bomba-ulcinja-i-crne-gore\/","og_site_name":"Lajme nga Ulqini","article_published_time":"2011-04-03T18:14:08+00:00","article_modified_time":"2011-04-03T18:15:26+00:00","og_image":[{"url":"https:\/\/www.visit-ulcinj.com\/blog\/wp-content\/uploads\/2011\/04\/PORT-MILENA-Ekoloska-Bomba-Ulcinja-i-Crne-Gore.1-150x150.jpg"}],"twitter_misc":{"Written by":"ulqini","Est. reading time":"5 minutes"},"schema":{"@context":"https:\/\/schema.org","@graph":[{"@type":"WebSite","@id":"https:\/\/www.visit-ulcinj.com\/blog\/#website","url":"https:\/\/www.visit-ulcinj.com\/blog\/","name":"Lajme nga Ulqini","description":"Lajme,Vijesti,Ulqini,Ulqin,Crna Gora,Mali i Zi","potentialAction":[{"@type":"SearchAction","target":{"@type":"EntryPoint","urlTemplate":"https:\/\/www.visit-ulcinj.com\/blog\/?s={search_term_string}"},"query-input":"required name=search_term_string"}],"inLanguage":"en-US"},{"@type":"ImageObject","inLanguage":"en-US","@id":"https:\/\/www.visit-ulcinj.com\/blog\/2011\/04\/03\/port-milena-ekoloska-bomba-ulcinja-i-crne-gore\/#primaryimage","url":"https:\/\/www.visit-ulcinj.com\/blog\/wp-content\/uploads\/2011\/04\/PORT-MILENA-Ekoloska-Bomba-Ulcinja-i-Crne-Gore.1.jpg","contentUrl":"https:\/\/www.visit-ulcinj.com\/blog\/wp-content\/uploads\/2011\/04\/PORT-MILENA-Ekoloska-Bomba-Ulcinja-i-Crne-Gore.1.jpg","width":"540","height":"720"},{"@type":"WebPage","@id":"https:\/\/www.visit-ulcinj.com\/blog\/2011\/04\/03\/port-milena-ekoloska-bomba-ulcinja-i-crne-gore\/#webpage","url":"https:\/\/www.visit-ulcinj.com\/blog\/2011\/04\/03\/port-milena-ekoloska-bomba-ulcinja-i-crne-gore\/","name":"PORT MILENA - \u201cEkolo\u0161ka Bomba\u201d Ulcinja i Crne Gore - Lajme nga Ulqini","isPartOf":{"@id":"https:\/\/www.visit-ulcinj.com\/blog\/#website"},"primaryImageOfPage":{"@id":"https:\/\/www.visit-ulcinj.com\/blog\/2011\/04\/03\/port-milena-ekoloska-bomba-ulcinja-i-crne-gore\/#primaryimage"},"datePublished":"2011-04-03T18:14:08+00:00","dateModified":"2011-04-03T18:15:26+00:00","author":{"@id":"https:\/\/www.visit-ulcinj.com\/blog\/#\/schema\/person\/dcab619c614d3038751c63bc2aadc06d"},"description":"PORT MILENA \u2013 \u201cEkolo\u0161ka Bomba\u201d Ulcinja i Crne Gore Kanal Port Milena iskopan je 1885 godine prema projektu in\u017einjera sa Crnogorskom dvora, Rusa Vladimira","breadcrumb":{"@id":"https:\/\/www.visit-ulcinj.com\/blog\/2011\/04\/03\/port-milena-ekoloska-bomba-ulcinja-i-crne-gore\/#breadcrumb"},"inLanguage":"en-US","potentialAction":[{"@type":"ReadAction","target":["https:\/\/www.visit-ulcinj.com\/blog\/2011\/04\/03\/port-milena-ekoloska-bomba-ulcinja-i-crne-gore\/"]}]},{"@type":"BreadcrumbList","@id":"https:\/\/www.visit-ulcinj.com\/blog\/2011\/04\/03\/port-milena-ekoloska-bomba-ulcinja-i-crne-gore\/#breadcrumb","itemListElement":[{"@type":"ListItem","position":1,"name":"PORT MILENA &#8211; \u201cEkolo\u0161ka Bomba\u201d Ulcinja i Crne Gore"}]},{"@type":"Person","@id":"https:\/\/www.visit-ulcinj.com\/blog\/#\/schema\/person\/dcab619c614d3038751c63bc2aadc06d","name":"ulqini","sameAs":["http:\/\/www.visit-ulcinj.com"],"url":"https:\/\/www.visit-ulcinj.com\/blog\/author\/admin\/"}]}},"jetpack_featured_media_url":"","jetpack_sharing_enabled":true,"jetpack_shortlink":"https:\/\/wp.me\/pe6lTn-bP5","_links":{"self":[{"href":"https:\/\/www.visit-ulcinj.com\/blog\/wp-json\/wp\/v2\/posts\/45451"}],"collection":[{"href":"https:\/\/www.visit-ulcinj.com\/blog\/wp-json\/wp\/v2\/posts"}],"about":[{"href":"https:\/\/www.visit-ulcinj.com\/blog\/wp-json\/wp\/v2\/types\/post"}],"author":[{"embeddable":true,"href":"https:\/\/www.visit-ulcinj.com\/blog\/wp-json\/wp\/v2\/users\/1"}],"replies":[{"embeddable":true,"href":"https:\/\/www.visit-ulcinj.com\/blog\/wp-json\/wp\/v2\/comments?post=45451"}],"version-history":[{"count":0,"href":"https:\/\/www.visit-ulcinj.com\/blog\/wp-json\/wp\/v2\/posts\/45451\/revisions"}],"wp:attachment":[{"href":"https:\/\/www.visit-ulcinj.com\/blog\/wp-json\/wp\/v2\/media?parent=45451"}],"wp:term":[{"taxonomy":"category","embeddable":true,"href":"https:\/\/www.visit-ulcinj.com\/blog\/wp-json\/wp\/v2\/categories?post=45451"},{"taxonomy":"post_tag","embeddable":true,"href":"https:\/\/www.visit-ulcinj.com\/blog\/wp-json\/wp\/v2\/tags?post=45451"}],"curies":[{"name":"wp","href":"https:\/\/api.w.org\/{rel}","templated":true}]}}