{"id":45465,"date":"2011-04-04T07:28:25","date_gmt":"2011-04-04T06:28:25","guid":{"rendered":"http:\/\/www.visit-ulcinj.com\/blog\/?p=45465"},"modified":"2011-04-05T11:53:56","modified_gmt":"2011-04-05T10:53:56","slug":"obiljezen-dan-opstine-ulcinj","status":"publish","type":"post","link":"https:\/\/www.visit-ulcinj.com\/blog\/2011\/04\/04\/obiljezen-dan-opstine-ulcinj\/","title":{"rendered":"Obilje\u017een Dan op\u0161tine Ulcinj"},"content":{"rendered":"<p><strong><a href=\"http:\/\/www.visit-ulcinj.com\/blog\/wp-content\/uploads\/2011\/04\/dan-opstine-ulcinj02.04.2011_004.jpg\"><img loading=\"lazy\" class=\"alignleft size-full wp-image-45507\" title=\"dan opstine ulcinj,02.04.2011_004\" src=\"http:\/\/www.visit-ulcinj.com\/blog\/wp-content\/uploads\/2011\/04\/dan-opstine-ulcinj02.04.2011_004.jpg\" alt=\"\" width=\"508\" height=\"380\" \/><\/a>Planovi se realizuju<br \/>\n<\/strong><\/p>\n<p>ULCINJ \u2013 Povodom Dana op\u0161tine Ulcinj ju\u010de je odr\u017eana sve\u010dana sjednica Skup\u0161tine u sali Centra za kulturu. Dan najju\u017enije op\u0161tine se tradiciona\u010dno obilje\u017eava prve subote u aprilu, a prethodi mu niz kulturnih de\u0161avanja.<\/p>\n<p>Skup\u0161tinu je otvorio Ljui\u0111 \u0160krelja, predsjednik ulcinjskog parlamenta, a o razvoju grada u prethodnih godinu dana i planovima daljeg razvoja govorio je Gzim Hajdinaga, gradona\u010delnik Ulcinja.<\/p>\n<p>Skup\u0161tini su prisustvovali Franti\u0161ek Lipka, ambasador Slova\u010dke, Martin Pamer, ambasador Austrije, Birgen Kesoglu, ambasadorka Turske, Piter Plat, ambasador Njema\u010dke, Vasil Stefanovski, ambasador Makedonije i Tonin Beci, ambasador Albanije. Tako\u0111e, bili su prisutni gradona\u010delnik Struge Ramiz Merko, Branislav \u0110uranovi\u0107, gradona\u010delnik Danilovgrada, \u017darko Pavi\u0107evi\u0107, gradona\u010delnik Bara, i Dragan Kankara\u0161, predsjednik op\u0161tine Tivat.<\/p>\n<p>Predsjednik Crne Gore uputio je telegram \u010destitke svim gra\u0111anima Ulcinja uz izvinjenje \u0161to nije mogao da bude prisutan jer boravi u inostranstvu.<\/p>\n<p>Uz \u010destitke gra\u0111anima, predsjednik ulcinjskog parlamenta Ljui\u0111 \u0160krelja se obratio sljede\u0107im rije\u010dima: \u201ePrvu subotu u aprilu obilje\u017eavamo kao dan u kojem Ulcinj slavi svoj ro\u0111endan i on je pravi simbol ovog grada \u2013 duha tolerancije i razumijevanja, dobrih me\u0111unacionalnih i me\u0111ukonfesionalnih odnosa\u201c.<\/p>\n<p>Gradona\u010delnik Ulcinja Gzim Hajdinaga je gra\u0111ane upoznao sa de\u0161avanjima iz prethodne godine: veliki broj prostornih planova je u zavr\u0161noj fazi, izgra\u0111eno je na desetine kilometara puteva u gradu i na selima, Mala pla\u017ea izgleda druga\u010dije&#8230; Kao glavne investicije gradona\u010delnik je izdvojio izgradnju lu\u010dice Kaceme za koju je po\u010dela druga faza izgradnje i most na Port Mileni, investicija vrijedna 14 milona eura.<\/p>\n<p>&#8211; Bilo je onih koji su nas kritikovali i koji nijesu vjerovali, ali ovaj projekat je realnost. Ova investicija se realizuje zahvaljuju\u0107i bliskoj saradnji sa Vladom Crne Gore i zahvaljuju\u0107i podr\u0161ci gospodina \u0110ukanovi\u0107a \u2013 rekao je Hajdinaga.<\/p>\n<p>Nakon sve\u010dane sjednice uslijedio je bogat kulturni program u kojem su u\u010destvovali plesna \u0161kola \u201ePorta di Danza\u201c, Akademija umjetnosti iz Tirane i soprano Slavica Boljevi\u0107.<\/p>\n<p><strong>Usvojen bud\u017eet<\/strong><\/p>\n<p>Odbornici DPS-a, DUA i PDP Skup\u0161tine op\u0161tine Ulcinj u \u010detvrtak uve\u010de usvojili su bud\u017eet op\u0161tine za teku\u0107u godinu. Usvojeni finansijski akt predvi\u0111a bud\u017eet od 8.871.000 eura i manji je od pro\u0161logodi\u0161njeg. Predvi\u0111ena je prodaja zemlji\u0161ta i kreditno zadu\u017eenje u visini od dva miliona.<\/p>\n<p><a href=\"http:\/\/www.pobjeda.co.me\/citanje.php?datum=2011-04-03&amp;id=205375\" target=\"_blank\"><strong>Ana \u017divanovi\u0107<\/strong><br \/>\n<strong> Pobjeda<\/strong><\/a><br \/>\n\n\t\t<style type=\"text\/css\">\n\t\t\t#gallery-1 {\n\t\t\t\tmargin: auto;\n\t\t\t}\n\t\t\t#gallery-1 .gallery-item {\n\t\t\t\tfloat: left;\n\t\t\t\tmargin-top: 10px;\n\t\t\t\ttext-align: center;\n\t\t\t\twidth: 33%;\n\t\t\t}\n\t\t\t#gallery-1 img {\n\t\t\t\tborder: 2px solid #cfcfcf;\n\t\t\t}\n\t\t\t#gallery-1 .gallery-caption {\n\t\t\t\tmargin-left: 0;\n\t\t\t}\n\t\t\t\/* see gallery_shortcode() in wp-includes\/media.php *\/\n\t\t<\/style>\n\t\t<div id='gallery-1' class='gallery galleryid-45465 gallery-columns-3 gallery-size-thumbnail'><dl class='gallery-item'>\n\t\t\t<dt class='gallery-icon landscape'>\n\t\t\t\t<a href='https:\/\/www.visit-ulcinj.com\/blog\/wp-content\/uploads\/2011\/04\/dan-opstine-ulcinj02.04.2011_004.jpg'><img width=\"150\" height=\"150\" src=\"https:\/\/www.visit-ulcinj.com\/blog\/wp-content\/uploads\/2011\/04\/dan-opstine-ulcinj02.04.2011_004-150x150.jpg\" class=\"attachment-thumbnail size-thumbnail\" alt=\"\" loading=\"lazy\" \/><\/a>\n\t\t\t<\/dt><\/dl><dl class='gallery-item'>\n\t\t\t<dt class='gallery-icon landscape'>\n\t\t\t\t<a href='https:\/\/www.visit-ulcinj.com\/blog\/wp-content\/uploads\/2011\/04\/dan-opstine-ulcinj02.04.2011_001.jpg'><img width=\"150\" height=\"150\" src=\"https:\/\/www.visit-ulcinj.com\/blog\/wp-content\/uploads\/2011\/04\/dan-opstine-ulcinj02.04.2011_001-150x150.jpg\" class=\"attachment-thumbnail size-thumbnail\" alt=\"\" loading=\"lazy\" \/><\/a>\n\t\t\t<\/dt><\/dl><dl class='gallery-item'>\n\t\t\t<dt class='gallery-icon landscape'>\n\t\t\t\t<a href='https:\/\/www.visit-ulcinj.com\/blog\/wp-content\/uploads\/2011\/04\/dan-opstine-ulcinj02.04.2011_002.jpg'><img width=\"150\" height=\"150\" src=\"https:\/\/www.visit-ulcinj.com\/blog\/wp-content\/uploads\/2011\/04\/dan-opstine-ulcinj02.04.2011_002-150x150.jpg\" class=\"attachment-thumbnail size-thumbnail\" alt=\"\" loading=\"lazy\" \/><\/a>\n\t\t\t<\/dt><\/dl><br style=\"clear: both\" \/><dl class='gallery-item'>\n\t\t\t<dt class='gallery-icon landscape'>\n\t\t\t\t<a href='https:\/\/www.visit-ulcinj.com\/blog\/wp-content\/uploads\/2011\/04\/dan-opstine-ulcinj02.04.2011_003.jpg'><img width=\"150\" height=\"150\" src=\"https:\/\/www.visit-ulcinj.com\/blog\/wp-content\/uploads\/2011\/04\/dan-opstine-ulcinj02.04.2011_003-150x150.jpg\" class=\"attachment-thumbnail size-thumbnail\" alt=\"\" loading=\"lazy\" \/><\/a>\n\t\t\t<\/dt><\/dl><dl class='gallery-item'>\n\t\t\t<dt class='gallery-icon landscape'>\n\t\t\t\t<a href='https:\/\/www.visit-ulcinj.com\/blog\/wp-content\/uploads\/2011\/04\/dan-opstine-ulcinj02.04.2011_005.jpg'><img width=\"150\" height=\"150\" src=\"https:\/\/www.visit-ulcinj.com\/blog\/wp-content\/uploads\/2011\/04\/dan-opstine-ulcinj02.04.2011_005-150x150.jpg\" class=\"attachment-thumbnail size-thumbnail\" alt=\"\" loading=\"lazy\" \/><\/a>\n\t\t\t<\/dt><\/dl><dl class='gallery-item'>\n\t\t\t<dt class='gallery-icon landscape'>\n\t\t\t\t<a href='https:\/\/www.visit-ulcinj.com\/blog\/wp-content\/uploads\/2011\/04\/dan-opstine-ulcinj02.04.2011_006.jpg'><img width=\"150\" height=\"150\" src=\"https:\/\/www.visit-ulcinj.com\/blog\/wp-content\/uploads\/2011\/04\/dan-opstine-ulcinj02.04.2011_006-150x150.jpg\" class=\"attachment-thumbnail size-thumbnail\" alt=\"\" loading=\"lazy\" \/><\/a>\n\t\t\t<\/dt><\/dl><br style=\"clear: both\" \/>\n\t\t<\/div>\n<br \/>\n<!--YouTube Error: bad URL entered--><\/p>\n","protected":false},"excerpt":{"rendered":"<p>Planovi se realizuju ULCINJ \u2013 Povodom Dana op\u0161tine Ulcinj ju\u010de je odr\u017eana sve\u010dana sjednica Skup\u0161tine u sali Centra za kulturu. Dan najju\u017enije op\u0161tine se tradiciona\u010dno obilje\u017eava prve subote u aprilu, a prethodi mu niz kulturnih de\u0161avanja. Skup\u0161tinu je otvorio Ljui\u0111 \u0160krelja, predsjednik ulcinjskog parlamenta, a o razvoju grada u prethodnih godinu dana i planovima daljeg [&hellip;]<\/p>\n","protected":false},"author":1,"featured_media":0,"comment_status":"open","ping_status":"closed","sticky":false,"template":"","format":"standard","meta":{"spay_email":"","jetpack_publicize_message":"","jetpack_is_tweetstorm":false,"jetpack_publicize_feature_enabled":true},"categories":[8337],"tags":[8714,2417,941],"jetpack_publicize_connections":[],"yoast_head":"<!-- This site is optimized with the Yoast SEO plugin v19.1 - https:\/\/yoast.com\/wordpress\/plugins\/seo\/ -->\n<title>Obilje\u017een Dan op\u0161tine Ulcinj - Lajme nga Ulqini<\/title>\n<meta name=\"description\" content=\"Planovi se realizuju ULCINJ \u2013 Povodom Dana op\u0161tine Ulcinj ju\u010de je odr\u017eana sve\u010dana sjednica Skup\u0161tine u sali Centra za kulturu. Dan najju\u017enije op\u0161tine se\" \/>\n<meta name=\"robots\" content=\"index, follow, max-snippet:-1, max-image-preview:large, max-video-preview:-1\" \/>\n<link rel=\"canonical\" href=\"https:\/\/www.visit-ulcinj.com\/blog\/2011\/04\/04\/obiljezen-dan-opstine-ulcinj\/\" \/>\n<meta property=\"og:locale\" content=\"en_US\" \/>\n<meta property=\"og:type\" content=\"article\" \/>\n<meta property=\"og:title\" content=\"Obilje\u017een Dan op\u0161tine Ulcinj - Lajme nga Ulqini\" \/>\n<meta property=\"og:description\" content=\"Planovi se realizuju ULCINJ \u2013 Povodom Dana op\u0161tine Ulcinj ju\u010de je odr\u017eana sve\u010dana sjednica Skup\u0161tine u sali Centra za kulturu. Dan najju\u017enije op\u0161tine se\" \/>\n<meta property=\"og:url\" content=\"https:\/\/www.visit-ulcinj.com\/blog\/2011\/04\/04\/obiljezen-dan-opstine-ulcinj\/\" \/>\n<meta property=\"og:site_name\" content=\"Lajme nga Ulqini\" \/>\n<meta property=\"article:published_time\" content=\"2011-04-04T06:28:25+00:00\" \/>\n<meta property=\"article:modified_time\" content=\"2011-04-05T10:53:56+00:00\" \/>\n<meta property=\"og:image\" content=\"https:\/\/www.visit-ulcinj.com\/blog\/wp-content\/uploads\/2011\/04\/dan-opstine-ulcinj02.04.2011_004-150x150.jpg\" \/>\n<meta name=\"twitter:label1\" content=\"Written by\" \/>\n\t<meta name=\"twitter:data1\" content=\"ulqini\" \/>\n\t<meta name=\"twitter:label2\" content=\"Est. reading time\" \/>\n\t<meta name=\"twitter:data2\" content=\"2 minutes\" \/>\n<script type=\"application\/ld+json\" class=\"yoast-schema-graph\">{\"@context\":\"https:\/\/schema.org\",\"@graph\":[{\"@type\":\"WebSite\",\"@id\":\"https:\/\/www.visit-ulcinj.com\/blog\/#website\",\"url\":\"https:\/\/www.visit-ulcinj.com\/blog\/\",\"name\":\"Lajme nga Ulqini\",\"description\":\"Lajme,Vijesti,Ulqini,Ulqin,Crna Gora,Mali i Zi\",\"potentialAction\":[{\"@type\":\"SearchAction\",\"target\":{\"@type\":\"EntryPoint\",\"urlTemplate\":\"https:\/\/www.visit-ulcinj.com\/blog\/?s={search_term_string}\"},\"query-input\":\"required name=search_term_string\"}],\"inLanguage\":\"en-US\"},{\"@type\":\"ImageObject\",\"inLanguage\":\"en-US\",\"@id\":\"https:\/\/www.visit-ulcinj.com\/blog\/2011\/04\/04\/obiljezen-dan-opstine-ulcinj\/#primaryimage\",\"url\":\"https:\/\/www.visit-ulcinj.com\/blog\/wp-content\/uploads\/2011\/04\/dan-opstine-ulcinj02.04.2011_004.jpg\",\"contentUrl\":\"https:\/\/www.visit-ulcinj.com\/blog\/wp-content\/uploads\/2011\/04\/dan-opstine-ulcinj02.04.2011_004.jpg\",\"width\":\"720\",\"height\":\"480\"},{\"@type\":\"WebPage\",\"@id\":\"https:\/\/www.visit-ulcinj.com\/blog\/2011\/04\/04\/obiljezen-dan-opstine-ulcinj\/#webpage\",\"url\":\"https:\/\/www.visit-ulcinj.com\/blog\/2011\/04\/04\/obiljezen-dan-opstine-ulcinj\/\",\"name\":\"Obilje\u017een Dan op\u0161tine Ulcinj - Lajme nga Ulqini\",\"isPartOf\":{\"@id\":\"https:\/\/www.visit-ulcinj.com\/blog\/#website\"},\"primaryImageOfPage\":{\"@id\":\"https:\/\/www.visit-ulcinj.com\/blog\/2011\/04\/04\/obiljezen-dan-opstine-ulcinj\/#primaryimage\"},\"datePublished\":\"2011-04-04T06:28:25+00:00\",\"dateModified\":\"2011-04-05T10:53:56+00:00\",\"author\":{\"@id\":\"https:\/\/www.visit-ulcinj.com\/blog\/#\/schema\/person\/dcab619c614d3038751c63bc2aadc06d\"},\"description\":\"Planovi se realizuju ULCINJ \u2013 Povodom Dana op\u0161tine Ulcinj ju\u010de je odr\u017eana sve\u010dana sjednica Skup\u0161tine u sali Centra za kulturu. Dan najju\u017enije op\u0161tine se\",\"breadcrumb\":{\"@id\":\"https:\/\/www.visit-ulcinj.com\/blog\/2011\/04\/04\/obiljezen-dan-opstine-ulcinj\/#breadcrumb\"},\"inLanguage\":\"en-US\",\"potentialAction\":[{\"@type\":\"ReadAction\",\"target\":[\"https:\/\/www.visit-ulcinj.com\/blog\/2011\/04\/04\/obiljezen-dan-opstine-ulcinj\/\"]}]},{\"@type\":\"BreadcrumbList\",\"@id\":\"https:\/\/www.visit-ulcinj.com\/blog\/2011\/04\/04\/obiljezen-dan-opstine-ulcinj\/#breadcrumb\",\"itemListElement\":[{\"@type\":\"ListItem\",\"position\":1,\"name\":\"Obilje\u017een Dan op\u0161tine Ulcinj\"}]},{\"@type\":\"Person\",\"@id\":\"https:\/\/www.visit-ulcinj.com\/blog\/#\/schema\/person\/dcab619c614d3038751c63bc2aadc06d\",\"name\":\"ulqini\",\"sameAs\":[\"http:\/\/www.visit-ulcinj.com\"],\"url\":\"https:\/\/www.visit-ulcinj.com\/blog\/author\/admin\/\"}]}<\/script>\n<!-- \/ Yoast SEO plugin. -->","yoast_head_json":{"title":"Obilje\u017een Dan op\u0161tine Ulcinj - Lajme nga Ulqini","description":"Planovi se realizuju ULCINJ \u2013 Povodom Dana op\u0161tine Ulcinj ju\u010de je odr\u017eana sve\u010dana sjednica Skup\u0161tine u sali Centra za kulturu. Dan najju\u017enije op\u0161tine se","robots":{"index":"index","follow":"follow","max-snippet":"max-snippet:-1","max-image-preview":"max-image-preview:large","max-video-preview":"max-video-preview:-1"},"canonical":"https:\/\/www.visit-ulcinj.com\/blog\/2011\/04\/04\/obiljezen-dan-opstine-ulcinj\/","og_locale":"en_US","og_type":"article","og_title":"Obilje\u017een Dan op\u0161tine Ulcinj - Lajme nga Ulqini","og_description":"Planovi se realizuju ULCINJ \u2013 Povodom Dana op\u0161tine Ulcinj ju\u010de je odr\u017eana sve\u010dana sjednica Skup\u0161tine u sali Centra za kulturu. Dan najju\u017enije op\u0161tine se","og_url":"https:\/\/www.visit-ulcinj.com\/blog\/2011\/04\/04\/obiljezen-dan-opstine-ulcinj\/","og_site_name":"Lajme nga Ulqini","article_published_time":"2011-04-04T06:28:25+00:00","article_modified_time":"2011-04-05T10:53:56+00:00","og_image":[{"url":"https:\/\/www.visit-ulcinj.com\/blog\/wp-content\/uploads\/2011\/04\/dan-opstine-ulcinj02.04.2011_004-150x150.jpg"}],"twitter_misc":{"Written by":"ulqini","Est. reading time":"2 minutes"},"schema":{"@context":"https:\/\/schema.org","@graph":[{"@type":"WebSite","@id":"https:\/\/www.visit-ulcinj.com\/blog\/#website","url":"https:\/\/www.visit-ulcinj.com\/blog\/","name":"Lajme nga Ulqini","description":"Lajme,Vijesti,Ulqini,Ulqin,Crna Gora,Mali i Zi","potentialAction":[{"@type":"SearchAction","target":{"@type":"EntryPoint","urlTemplate":"https:\/\/www.visit-ulcinj.com\/blog\/?s={search_term_string}"},"query-input":"required name=search_term_string"}],"inLanguage":"en-US"},{"@type":"ImageObject","inLanguage":"en-US","@id":"https:\/\/www.visit-ulcinj.com\/blog\/2011\/04\/04\/obiljezen-dan-opstine-ulcinj\/#primaryimage","url":"https:\/\/www.visit-ulcinj.com\/blog\/wp-content\/uploads\/2011\/04\/dan-opstine-ulcinj02.04.2011_004.jpg","contentUrl":"https:\/\/www.visit-ulcinj.com\/blog\/wp-content\/uploads\/2011\/04\/dan-opstine-ulcinj02.04.2011_004.jpg","width":"720","height":"480"},{"@type":"WebPage","@id":"https:\/\/www.visit-ulcinj.com\/blog\/2011\/04\/04\/obiljezen-dan-opstine-ulcinj\/#webpage","url":"https:\/\/www.visit-ulcinj.com\/blog\/2011\/04\/04\/obiljezen-dan-opstine-ulcinj\/","name":"Obilje\u017een Dan op\u0161tine Ulcinj - Lajme nga Ulqini","isPartOf":{"@id":"https:\/\/www.visit-ulcinj.com\/blog\/#website"},"primaryImageOfPage":{"@id":"https:\/\/www.visit-ulcinj.com\/blog\/2011\/04\/04\/obiljezen-dan-opstine-ulcinj\/#primaryimage"},"datePublished":"2011-04-04T06:28:25+00:00","dateModified":"2011-04-05T10:53:56+00:00","author":{"@id":"https:\/\/www.visit-ulcinj.com\/blog\/#\/schema\/person\/dcab619c614d3038751c63bc2aadc06d"},"description":"Planovi se realizuju ULCINJ \u2013 Povodom Dana op\u0161tine Ulcinj ju\u010de je odr\u017eana sve\u010dana sjednica Skup\u0161tine u sali Centra za kulturu. Dan najju\u017enije op\u0161tine se","breadcrumb":{"@id":"https:\/\/www.visit-ulcinj.com\/blog\/2011\/04\/04\/obiljezen-dan-opstine-ulcinj\/#breadcrumb"},"inLanguage":"en-US","potentialAction":[{"@type":"ReadAction","target":["https:\/\/www.visit-ulcinj.com\/blog\/2011\/04\/04\/obiljezen-dan-opstine-ulcinj\/"]}]},{"@type":"BreadcrumbList","@id":"https:\/\/www.visit-ulcinj.com\/blog\/2011\/04\/04\/obiljezen-dan-opstine-ulcinj\/#breadcrumb","itemListElement":[{"@type":"ListItem","position":1,"name":"Obilje\u017een Dan op\u0161tine Ulcinj"}]},{"@type":"Person","@id":"https:\/\/www.visit-ulcinj.com\/blog\/#\/schema\/person\/dcab619c614d3038751c63bc2aadc06d","name":"ulqini","sameAs":["http:\/\/www.visit-ulcinj.com"],"url":"https:\/\/www.visit-ulcinj.com\/blog\/author\/admin\/"}]}},"jetpack_featured_media_url":"","jetpack_sharing_enabled":true,"jetpack_shortlink":"https:\/\/wp.me\/pe6lTn-bPj","_links":{"self":[{"href":"https:\/\/www.visit-ulcinj.com\/blog\/wp-json\/wp\/v2\/posts\/45465"}],"collection":[{"href":"https:\/\/www.visit-ulcinj.com\/blog\/wp-json\/wp\/v2\/posts"}],"about":[{"href":"https:\/\/www.visit-ulcinj.com\/blog\/wp-json\/wp\/v2\/types\/post"}],"author":[{"embeddable":true,"href":"https:\/\/www.visit-ulcinj.com\/blog\/wp-json\/wp\/v2\/users\/1"}],"replies":[{"embeddable":true,"href":"https:\/\/www.visit-ulcinj.com\/blog\/wp-json\/wp\/v2\/comments?post=45465"}],"version-history":[{"count":0,"href":"https:\/\/www.visit-ulcinj.com\/blog\/wp-json\/wp\/v2\/posts\/45465\/revisions"}],"wp:attachment":[{"href":"https:\/\/www.visit-ulcinj.com\/blog\/wp-json\/wp\/v2\/media?parent=45465"}],"wp:term":[{"taxonomy":"category","embeddable":true,"href":"https:\/\/www.visit-ulcinj.com\/blog\/wp-json\/wp\/v2\/categories?post=45465"},{"taxonomy":"post_tag","embeddable":true,"href":"https:\/\/www.visit-ulcinj.com\/blog\/wp-json\/wp\/v2\/tags?post=45465"}],"curies":[{"name":"wp","href":"https:\/\/api.w.org\/{rel}","templated":true}]}}