{"id":45472,"date":"2011-04-04T14:48:41","date_gmt":"2011-04-04T13:48:41","guid":{"rendered":"http:\/\/www.visit-ulcinj.com\/blog\/?p=45472"},"modified":"2011-04-05T16:41:49","modified_gmt":"2011-04-05T15:41:49","slug":"gjuha-shqipe-ne-ulqin-detyrimi-yne-historik-dhe-ardhmeria-jone","status":"publish","type":"post","link":"https:\/\/www.visit-ulcinj.com\/blog\/2011\/04\/04\/gjuha-shqipe-ne-ulqin-detyrimi-yne-historik-dhe-ardhmeria-jone\/","title":{"rendered":"Gjuha shqipe n\u00eb Ulqin &#8211; Detyrimi yn\u00eb historik dhe ardhm\u00ebria jon\u00eb"},"content":{"rendered":"<p><strong><a href=\"http:\/\/www.visit-ulcinj.com\/blog\/wp-content\/uploads\/2011\/04\/Gjuha-shqipe-ne-Ulqin-Ulqini_Mali-i-Zi.jpg\"><img loading=\"lazy\" class=\"alignleft size-large wp-image-45473\" title=\"Gjuha shqipe ne Ulqin-Ulqini_Mali i Zi\" src=\"http:\/\/www.visit-ulcinj.com\/blog\/wp-content\/uploads\/2011\/04\/Gjuha-shqipe-ne-Ulqin-Ulqini_Mali-i-Zi-1024x1004.jpg\" alt=\"\" width=\"508\" height=\"380\" \/><\/a>Administratori venedikas p\u00ebr Dallmacin\u00eb Gjanbatista Gjustiniani, n\u00eb vitin 1553 i cil\u00ebson ulqinak\u00ebt shprehimisht si shqiptar\u00eb (Albanesi), \u201cParlano lingua albanese, tutta differente della dalmatina\u201d, (flasin gjuh\u00ebn shqipe, q\u00eb ndryshon krejt\u00ebsisht nga ajo dalmatino). Njoh\u00ebsi m\u00eb i mir\u00eb i k\u00ebsaj treve, historiani kroat me origjin\u00eb hebraike, Milan Shuflaj, thekson se n\u00eb Ulqin shqipja ka qen\u00eb gjuh\u00eb amtare e t\u00eb gjith\u00eb qytetar\u00ebve n\u00eb shekullin XVI. Nj\u00eb konstatim t\u00eb ngjash\u00ebm n\u00eb vitin 1610 e jep kleriku katolik Marin Bici. Ai i shkruan Pap\u00ebs s\u00eb Rom\u00ebs se \u201cbanor\u00ebt e Ulqinit nuk flasin ndonj\u00eb gjuh\u00eb tjet\u00ebr ve\u00e7se shqipes dhe turqishtes\u201d<\/strong>.<\/p>\n<p><strong>Mustafa Canka<\/strong><\/p>\n<p>Jan\u00eb v\u00ebrtet\u00eb t\u00eb thella rr\u00ebnj\u00ebt e shqiptar\u00ebve n\u00eb Ulqin dhe ato padyshim datojn\u00eb q\u00eb nga themelimi I k\u00ebtij qyteti t\u00eb mrekulluesh\u00ebm n\u00eb shekullin e pest\u00eb para epok\u00ebs s\u00eb re. Q\u00eb nga ato koh\u00ebra n\u00ebp\u00ebr k\u00ebt\u00eb rajon kaluan n\u00ebnt\u00eb qytet\u00ebrime t\u00eb m\u00ebdha (dhe po aq pushtues), kurse shqiptar\u00ebt gjat\u00eb gjith\u00eb atyre 2500 viteve ruajt\u00ebn jo vet\u00ebm ve\u00e7antin\u00eb e vet nacionale, por edhe at\u00eb kulturologjike dhe linguistike. Ata mbet\u00ebn t\u00eb till\u00eb si\u00e7 ishin, gjith\u00ebher\u00eb krah\u00ebhapur ndaj tjetrit dhe t\u00eb panjohurit.<\/p>\n<p>Por, nj\u00eb gj\u00eb e till\u00eb nuk ishte aspak e leht\u00eb, ngase gjat\u00eb k\u00ebtyre dy mij\u00ebvje\u00e7ar\u00ebve e gjysm\u00eb ka patur fare pak periudha prosperitetidhe zhvillimi t\u00eb gjith\u00ebmbarsh\u00ebm. N\u00ebse analizohen shkaqet se si dhe p\u00ebrse ulqinak\u00ebt ruajt\u00ebn p\u00ebrkat\u00ebsin\u00eb e vet nacionale dhe gjuh\u00ebsore, arrihet deri te dy moment ky\u00e7e.<\/p>\n<p>Momenti i par\u00eb \u00ebsht\u00eb insistimi i tyre permanent p\u00ebr nj\u00eb autonomi lokale n\u00eb kuad\u00ebr t\u00eb t\u00eb gjitha shteteve, n\u00ebn sundimin e t\u00eb cilave ndodhej qyteti i tyre, kurse i dyti \u00ebsht\u00eb af\u00ebrsia e Shkodr\u00ebs, i cili tashm\u00eb 2500 vite \u00ebsht\u00eb qendra m\u00eb e r\u00ebnd\u00ebsishme e shqiptar\u00ebve dhe qyteti m\u00eb interesant Ballkanik qendror. Gjithashtu \u00ebsht\u00eb interesant edhe fakti se Venedikasit dhe turqit, t\u00eb cil\u00ebt q\u00eb nga viti 1421 deri m\u00eb 1880 administruan k\u00ebt\u00eb qytet, nuk kishin ambicje p\u00ebr t\u2019i asimiluar shqiptar\u00ebt. Administratori venedikas p\u00ebr Dallmacin\u00eb Gjanbatista Gjustiniani, n\u00eb vitin 1553 i cil\u00ebson ulqinak\u00ebt shprehimisht si shqiptar\u00eb (Albanesi), \u201cParlano lingua albanese, tutta differente della dalmatina\u201d, (flasin gjuh\u00ebn shqipe, q\u00eb ndryshon krejt\u00ebsisht nga ajo dalmatino). Njoh\u00ebsi m\u00eb i mir\u00eb i k\u00ebsaj treve, historiani kroat me origjin\u00eb hebraike, Milan Shuflaj, thekson se n\u00eb Ulqin shqipja ka qen\u00eb gjuh\u00eb amtare e t\u00eb gjith\u00eb qytetar\u00ebve n\u00eb shekullin XVI.<\/p>\n<p>Nj\u00eb konstatim t\u00eb ngjash\u00ebm n\u00eb vitin 1610 e jep kleriku katolik Marin Bici. Ai i shkruan Pap\u00ebs s\u00eb Rom\u00ebs se \u201cbanor\u00ebt e Ulqinit nuk flasin ndonj\u00eb gjuh\u00eb tjet\u00ebr ve\u00e7se shqipes dhe turqishtes\u201d.<\/p>\n<p>Dhe kjo \u00ebsht\u00eb m\u00eb se e v\u00ebrtet\u00eb: populli fliste shqip, kurse administrata mbahej n\u00eb turqisht. Ishte gjith\u00ebsesi e r\u00ebnd\u00ebsishme q\u00eb turqishtja nuk ishte gjuha e Kur\u2019anit, p\u00ebrkat\u00ebsisht se gjuha osmane nuk ka qen\u00eb n\u00eb p\u00ebrdorim n\u00eb \u00e7\u00ebshtjet fetare. P\u00ebrqafimi masiv i gjuh\u00ebs shqipe si gjuh\u00eb themelore nga ana e imigrant\u00ebve t\u00eb shumt\u00eb n\u00eb Mesjet\u00eb, d\u00ebshmon edhe p\u00ebr pranimin e fuqis\u00eb s\u00eb kultur\u00ebs shpirt\u00ebrore shqiptare n\u00eb Ulqin.<\/p>\n<p>Gjuha e folur ka qen\u00eb mjet komunikimi midis njer\u00ebzve, e jo mjet dallimi mes tyre? S\u00eb k\u00ebndejmi edhe hebrenjt\u00eb dhe ardh\u00ebsite tjer\u00eb nga veriu i Afrik\u00ebs, nga Greqia apo Mali i Zi i pranuan shqipen si gjuh\u00eb t\u00eb vet\u00ebn e duke jetuar n\u00eb mesin e grupit m\u00eb t\u00eb madh q\u00eb fliste k\u00ebt\u00eb gjuh\u00eb. Pra, asimilimi gjuh\u00ebsor, etnik dhe fetar ndodhi n\u00eb shkall\u00eb locale dhe ishte mbi baza vullnetare, i bazuar n\u00eb ndikimin relativ t\u00eb grupit q\u00eb p\u00ebrb\u00ebnte shumic\u00ebn.<\/p>\n<p>Turqizmat dhe romanizmat jan\u00eb edhe tani e tutje realitet dhe fatalitet I gjuh\u00ebs son\u00eb shqipe, si t\u00eb asaj t\u00eb folur, ashtu dhe asaj t\u00eb shkruar. Ato gjuh\u00ebs i japin hijeshin\u00eb, ngroht\u00ebsin\u00eb specifike, partin\u00ebn dhe llojllojshm\u00ebrin\u00eb leksikore, duke mos e cenuar n\u00eb asnj\u00eb m\u00ebnyr\u00eb norm\u00ebn e saj. Pa turqizma dhe romanizma, n\u00eb koh\u00eb t\u00eb fundit edhe sllavizma, gjuha jon\u00eb do t\u00eb zhvishej nga hijeshit\u00eb e saj magjeps\u00ebse q\u00eb e karakterizojn\u00eb at\u00eb. Por, ajo gjithmon\u00eb ka qen\u00eb dhe mbetet gjuha jon\u00eb shqipe! E p\u00ebr aq m\u00eb tep\u00ebr dialekti i tij ulqinak konciz, melodik, I begat\u00eb. \u00cbsht\u00eb detyr\u00eb e jon\u00eb historike q\u00eb ta ruajm\u00eb k\u00ebt\u00eb t\u00eb mrekullueshme n\u00eb realitet ruajm\u00eb vetveten. Historia \u00ebsht\u00eb d\u00ebshmitarja dhe m\u00ebsuesja jon\u00eb e mjaftueshme. Jemi pasardh\u00ebs t\u00eb dikujt, e me ndihm\u00eb ne Zotit, do t\u00eb jemi edhe paraardh\u00ebs!<\/p>\n<p><strong>Koha Javore<br \/>\n<\/strong><!--YouTube Error: bad URL entered--><br \/>\n<span style=\"color: #ffffff;\">Ulcinj,Ulqin,Ulqini,Ulkinon,Dulcigno,\u0423\u043b\u0446\u0438\u045a,Dulcinea,Montenegro,Crna Gora,Mali i Zi,<\/span><\/p>\n<p>&nbsp;<\/p>\n","protected":false},"excerpt":{"rendered":"<p>Administratori venedikas p\u00ebr Dallmacin\u00eb Gjanbatista Gjustiniani, n\u00eb vitin 1553 i cil\u00ebson ulqinak\u00ebt shprehimisht si shqiptar\u00eb (Albanesi), \u201cParlano lingua albanese, tutta differente della dalmatina\u201d, (flasin gjuh\u00ebn shqipe, q\u00eb ndryshon krejt\u00ebsisht nga ajo dalmatino). Njoh\u00ebsi m\u00eb i mir\u00eb i k\u00ebsaj treve, historiani kroat me origjin\u00eb hebraike, Milan Shuflaj, thekson se n\u00eb Ulqin shqipja ka qen\u00eb gjuh\u00eb amtare [&hellip;]<\/p>\n","protected":false},"author":1,"featured_media":0,"comment_status":"open","ping_status":"closed","sticky":false,"template":"","format":"standard","meta":{"spay_email":"","jetpack_publicize_message":"","jetpack_is_tweetstorm":false,"jetpack_publicize_feature_enabled":true},"categories":[4],"tags":[3645,20,3642,13243,95,79,19,17078,200,18],"jetpack_publicize_connections":[],"yoast_head":"<!-- This site is optimized with the Yoast SEO plugin v19.1 - https:\/\/yoast.com\/wordpress\/plugins\/seo\/ -->\n<title>Gjuha shqipe n\u00eb Ulqin - Detyrimi yn\u00eb historik dhe ardhm\u00ebria jon\u00eb - Lajme nga Ulqini<\/title>\n<meta name=\"description\" content=\"Administratori venedikas p\u00ebr Dallmacin\u00eb Gjanbatista Gjustiniani, n\u00eb vitin 1553 i cil\u00ebson ulqinak\u00ebt shprehimisht si shqiptar\u00eb (Albanesi), \u201cParlano lingua\" \/>\n<meta name=\"robots\" content=\"index, follow, max-snippet:-1, max-image-preview:large, max-video-preview:-1\" \/>\n<link rel=\"canonical\" href=\"https:\/\/www.visit-ulcinj.com\/blog\/2011\/04\/04\/gjuha-shqipe-ne-ulqin-detyrimi-yne-historik-dhe-ardhmeria-jone\/\" \/>\n<meta property=\"og:locale\" content=\"en_US\" \/>\n<meta property=\"og:type\" content=\"article\" \/>\n<meta property=\"og:title\" content=\"Gjuha shqipe n\u00eb Ulqin - Detyrimi yn\u00eb historik dhe ardhm\u00ebria jon\u00eb - Lajme nga Ulqini\" \/>\n<meta property=\"og:description\" content=\"Administratori venedikas p\u00ebr Dallmacin\u00eb Gjanbatista Gjustiniani, n\u00eb vitin 1553 i cil\u00ebson ulqinak\u00ebt shprehimisht si shqiptar\u00eb (Albanesi), \u201cParlano lingua\" \/>\n<meta property=\"og:url\" content=\"https:\/\/www.visit-ulcinj.com\/blog\/2011\/04\/04\/gjuha-shqipe-ne-ulqin-detyrimi-yne-historik-dhe-ardhmeria-jone\/\" \/>\n<meta property=\"og:site_name\" content=\"Lajme nga Ulqini\" \/>\n<meta property=\"article:published_time\" content=\"2011-04-04T13:48:41+00:00\" \/>\n<meta property=\"article:modified_time\" content=\"2011-04-05T15:41:49+00:00\" \/>\n<meta property=\"og:image\" content=\"http:\/\/www.visit-ulcinj.com\/blog\/wp-content\/uploads\/2011\/04\/Gjuha-shqipe-ne-Ulqin-Ulqini_Mali-i-Zi-1024x1004.jpg\" \/>\n<meta name=\"twitter:label1\" content=\"Written by\" \/>\n\t<meta name=\"twitter:data1\" content=\"ulqini\" \/>\n\t<meta name=\"twitter:label2\" content=\"Est. reading time\" \/>\n\t<meta name=\"twitter:data2\" content=\"4 minutes\" \/>\n<script type=\"application\/ld+json\" class=\"yoast-schema-graph\">{\"@context\":\"https:\/\/schema.org\",\"@graph\":[{\"@type\":\"WebSite\",\"@id\":\"https:\/\/www.visit-ulcinj.com\/blog\/#website\",\"url\":\"https:\/\/www.visit-ulcinj.com\/blog\/\",\"name\":\"Lajme nga Ulqini\",\"description\":\"Lajme,Vijesti,Ulqini,Ulqin,Crna Gora,Mali i Zi\",\"potentialAction\":[{\"@type\":\"SearchAction\",\"target\":{\"@type\":\"EntryPoint\",\"urlTemplate\":\"https:\/\/www.visit-ulcinj.com\/blog\/?s={search_term_string}\"},\"query-input\":\"required name=search_term_string\"}],\"inLanguage\":\"en-US\"},{\"@type\":\"ImageObject\",\"inLanguage\":\"en-US\",\"@id\":\"https:\/\/www.visit-ulcinj.com\/blog\/2011\/04\/04\/gjuha-shqipe-ne-ulqin-detyrimi-yne-historik-dhe-ardhmeria-jone\/#primaryimage\",\"url\":\"https:\/\/www.visit-ulcinj.com\/blog\/wp-content\/uploads\/2011\/04\/Gjuha-shqipe-ne-Ulqin-Ulqini_Mali-i-Zi.jpg\",\"contentUrl\":\"https:\/\/www.visit-ulcinj.com\/blog\/wp-content\/uploads\/2011\/04\/Gjuha-shqipe-ne-Ulqin-Ulqini_Mali-i-Zi.jpg\",\"width\":\"1280\",\"height\":\"1256\"},{\"@type\":\"WebPage\",\"@id\":\"https:\/\/www.visit-ulcinj.com\/blog\/2011\/04\/04\/gjuha-shqipe-ne-ulqin-detyrimi-yne-historik-dhe-ardhmeria-jone\/#webpage\",\"url\":\"https:\/\/www.visit-ulcinj.com\/blog\/2011\/04\/04\/gjuha-shqipe-ne-ulqin-detyrimi-yne-historik-dhe-ardhmeria-jone\/\",\"name\":\"Gjuha shqipe n\u00eb Ulqin - Detyrimi yn\u00eb historik dhe ardhm\u00ebria jon\u00eb - Lajme nga Ulqini\",\"isPartOf\":{\"@id\":\"https:\/\/www.visit-ulcinj.com\/blog\/#website\"},\"primaryImageOfPage\":{\"@id\":\"https:\/\/www.visit-ulcinj.com\/blog\/2011\/04\/04\/gjuha-shqipe-ne-ulqin-detyrimi-yne-historik-dhe-ardhmeria-jone\/#primaryimage\"},\"datePublished\":\"2011-04-04T13:48:41+00:00\",\"dateModified\":\"2011-04-05T15:41:49+00:00\",\"author\":{\"@id\":\"https:\/\/www.visit-ulcinj.com\/blog\/#\/schema\/person\/dcab619c614d3038751c63bc2aadc06d\"},\"description\":\"Administratori venedikas p\u00ebr Dallmacin\u00eb Gjanbatista Gjustiniani, n\u00eb vitin 1553 i cil\u00ebson ulqinak\u00ebt shprehimisht si shqiptar\u00eb (Albanesi), \u201cParlano lingua\",\"breadcrumb\":{\"@id\":\"https:\/\/www.visit-ulcinj.com\/blog\/2011\/04\/04\/gjuha-shqipe-ne-ulqin-detyrimi-yne-historik-dhe-ardhmeria-jone\/#breadcrumb\"},\"inLanguage\":\"en-US\",\"potentialAction\":[{\"@type\":\"ReadAction\",\"target\":[\"https:\/\/www.visit-ulcinj.com\/blog\/2011\/04\/04\/gjuha-shqipe-ne-ulqin-detyrimi-yne-historik-dhe-ardhmeria-jone\/\"]}]},{\"@type\":\"BreadcrumbList\",\"@id\":\"https:\/\/www.visit-ulcinj.com\/blog\/2011\/04\/04\/gjuha-shqipe-ne-ulqin-detyrimi-yne-historik-dhe-ardhmeria-jone\/#breadcrumb\",\"itemListElement\":[{\"@type\":\"ListItem\",\"position\":1,\"name\":\"Gjuha shqipe n\u00eb Ulqin &#8211; Detyrimi yn\u00eb historik dhe ardhm\u00ebria jon\u00eb\"}]},{\"@type\":\"Person\",\"@id\":\"https:\/\/www.visit-ulcinj.com\/blog\/#\/schema\/person\/dcab619c614d3038751c63bc2aadc06d\",\"name\":\"ulqini\",\"sameAs\":[\"http:\/\/www.visit-ulcinj.com\"],\"url\":\"https:\/\/www.visit-ulcinj.com\/blog\/author\/admin\/\"}]}<\/script>\n<!-- \/ Yoast SEO plugin. -->","yoast_head_json":{"title":"Gjuha shqipe n\u00eb Ulqin - Detyrimi yn\u00eb historik dhe ardhm\u00ebria jon\u00eb - Lajme nga Ulqini","description":"Administratori venedikas p\u00ebr Dallmacin\u00eb Gjanbatista Gjustiniani, n\u00eb vitin 1553 i cil\u00ebson ulqinak\u00ebt shprehimisht si shqiptar\u00eb (Albanesi), \u201cParlano lingua","robots":{"index":"index","follow":"follow","max-snippet":"max-snippet:-1","max-image-preview":"max-image-preview:large","max-video-preview":"max-video-preview:-1"},"canonical":"https:\/\/www.visit-ulcinj.com\/blog\/2011\/04\/04\/gjuha-shqipe-ne-ulqin-detyrimi-yne-historik-dhe-ardhmeria-jone\/","og_locale":"en_US","og_type":"article","og_title":"Gjuha shqipe n\u00eb Ulqin - Detyrimi yn\u00eb historik dhe ardhm\u00ebria jon\u00eb - Lajme nga Ulqini","og_description":"Administratori venedikas p\u00ebr Dallmacin\u00eb Gjanbatista Gjustiniani, n\u00eb vitin 1553 i cil\u00ebson ulqinak\u00ebt shprehimisht si shqiptar\u00eb (Albanesi), \u201cParlano lingua","og_url":"https:\/\/www.visit-ulcinj.com\/blog\/2011\/04\/04\/gjuha-shqipe-ne-ulqin-detyrimi-yne-historik-dhe-ardhmeria-jone\/","og_site_name":"Lajme nga Ulqini","article_published_time":"2011-04-04T13:48:41+00:00","article_modified_time":"2011-04-05T15:41:49+00:00","og_image":[{"url":"http:\/\/www.visit-ulcinj.com\/blog\/wp-content\/uploads\/2011\/04\/Gjuha-shqipe-ne-Ulqin-Ulqini_Mali-i-Zi-1024x1004.jpg"}],"twitter_misc":{"Written by":"ulqini","Est. reading time":"4 minutes"},"schema":{"@context":"https:\/\/schema.org","@graph":[{"@type":"WebSite","@id":"https:\/\/www.visit-ulcinj.com\/blog\/#website","url":"https:\/\/www.visit-ulcinj.com\/blog\/","name":"Lajme nga Ulqini","description":"Lajme,Vijesti,Ulqini,Ulqin,Crna Gora,Mali i Zi","potentialAction":[{"@type":"SearchAction","target":{"@type":"EntryPoint","urlTemplate":"https:\/\/www.visit-ulcinj.com\/blog\/?s={search_term_string}"},"query-input":"required name=search_term_string"}],"inLanguage":"en-US"},{"@type":"ImageObject","inLanguage":"en-US","@id":"https:\/\/www.visit-ulcinj.com\/blog\/2011\/04\/04\/gjuha-shqipe-ne-ulqin-detyrimi-yne-historik-dhe-ardhmeria-jone\/#primaryimage","url":"https:\/\/www.visit-ulcinj.com\/blog\/wp-content\/uploads\/2011\/04\/Gjuha-shqipe-ne-Ulqin-Ulqini_Mali-i-Zi.jpg","contentUrl":"https:\/\/www.visit-ulcinj.com\/blog\/wp-content\/uploads\/2011\/04\/Gjuha-shqipe-ne-Ulqin-Ulqini_Mali-i-Zi.jpg","width":"1280","height":"1256"},{"@type":"WebPage","@id":"https:\/\/www.visit-ulcinj.com\/blog\/2011\/04\/04\/gjuha-shqipe-ne-ulqin-detyrimi-yne-historik-dhe-ardhmeria-jone\/#webpage","url":"https:\/\/www.visit-ulcinj.com\/blog\/2011\/04\/04\/gjuha-shqipe-ne-ulqin-detyrimi-yne-historik-dhe-ardhmeria-jone\/","name":"Gjuha shqipe n\u00eb Ulqin - Detyrimi yn\u00eb historik dhe ardhm\u00ebria jon\u00eb - Lajme nga Ulqini","isPartOf":{"@id":"https:\/\/www.visit-ulcinj.com\/blog\/#website"},"primaryImageOfPage":{"@id":"https:\/\/www.visit-ulcinj.com\/blog\/2011\/04\/04\/gjuha-shqipe-ne-ulqin-detyrimi-yne-historik-dhe-ardhmeria-jone\/#primaryimage"},"datePublished":"2011-04-04T13:48:41+00:00","dateModified":"2011-04-05T15:41:49+00:00","author":{"@id":"https:\/\/www.visit-ulcinj.com\/blog\/#\/schema\/person\/dcab619c614d3038751c63bc2aadc06d"},"description":"Administratori venedikas p\u00ebr Dallmacin\u00eb Gjanbatista Gjustiniani, n\u00eb vitin 1553 i cil\u00ebson ulqinak\u00ebt shprehimisht si shqiptar\u00eb (Albanesi), \u201cParlano lingua","breadcrumb":{"@id":"https:\/\/www.visit-ulcinj.com\/blog\/2011\/04\/04\/gjuha-shqipe-ne-ulqin-detyrimi-yne-historik-dhe-ardhmeria-jone\/#breadcrumb"},"inLanguage":"en-US","potentialAction":[{"@type":"ReadAction","target":["https:\/\/www.visit-ulcinj.com\/blog\/2011\/04\/04\/gjuha-shqipe-ne-ulqin-detyrimi-yne-historik-dhe-ardhmeria-jone\/"]}]},{"@type":"BreadcrumbList","@id":"https:\/\/www.visit-ulcinj.com\/blog\/2011\/04\/04\/gjuha-shqipe-ne-ulqin-detyrimi-yne-historik-dhe-ardhmeria-jone\/#breadcrumb","itemListElement":[{"@type":"ListItem","position":1,"name":"Gjuha shqipe n\u00eb Ulqin &#8211; Detyrimi yn\u00eb historik dhe ardhm\u00ebria jon\u00eb"}]},{"@type":"Person","@id":"https:\/\/www.visit-ulcinj.com\/blog\/#\/schema\/person\/dcab619c614d3038751c63bc2aadc06d","name":"ulqini","sameAs":["http:\/\/www.visit-ulcinj.com"],"url":"https:\/\/www.visit-ulcinj.com\/blog\/author\/admin\/"}]}},"jetpack_featured_media_url":"","jetpack_sharing_enabled":true,"jetpack_shortlink":"https:\/\/wp.me\/pe6lTn-bPq","_links":{"self":[{"href":"https:\/\/www.visit-ulcinj.com\/blog\/wp-json\/wp\/v2\/posts\/45472"}],"collection":[{"href":"https:\/\/www.visit-ulcinj.com\/blog\/wp-json\/wp\/v2\/posts"}],"about":[{"href":"https:\/\/www.visit-ulcinj.com\/blog\/wp-json\/wp\/v2\/types\/post"}],"author":[{"embeddable":true,"href":"https:\/\/www.visit-ulcinj.com\/blog\/wp-json\/wp\/v2\/users\/1"}],"replies":[{"embeddable":true,"href":"https:\/\/www.visit-ulcinj.com\/blog\/wp-json\/wp\/v2\/comments?post=45472"}],"version-history":[{"count":0,"href":"https:\/\/www.visit-ulcinj.com\/blog\/wp-json\/wp\/v2\/posts\/45472\/revisions"}],"wp:attachment":[{"href":"https:\/\/www.visit-ulcinj.com\/blog\/wp-json\/wp\/v2\/media?parent=45472"}],"wp:term":[{"taxonomy":"category","embeddable":true,"href":"https:\/\/www.visit-ulcinj.com\/blog\/wp-json\/wp\/v2\/categories?post=45472"},{"taxonomy":"post_tag","embeddable":true,"href":"https:\/\/www.visit-ulcinj.com\/blog\/wp-json\/wp\/v2\/tags?post=45472"}],"curies":[{"name":"wp","href":"https:\/\/api.w.org\/{rel}","templated":true}]}}