{"id":45477,"date":"2011-04-04T15:06:12","date_gmt":"2011-04-04T14:06:12","guid":{"rendered":"http:\/\/www.visit-ulcinj.com\/blog\/?p=45477"},"modified":"2011-04-04T15:06:38","modified_gmt":"2011-04-04T14:06:38","slug":"podgorica-hesht-rreth-kalimit-kufitar-me-leternjoftim","status":"publish","type":"post","link":"https:\/\/www.visit-ulcinj.com\/blog\/2011\/04\/04\/podgorica-hesht-rreth-kalimit-kufitar-me-leternjoftim\/","title":{"rendered":"Podgorica hesht rreth kalimit kufitar me let\u00ebrnjoftim"},"content":{"rendered":"<p><a href=\"http:\/\/www.visit-ulcinj.com\/blog\/wp-content\/uploads\/2011\/04\/Kalimi-kufitar-Sukubin_Muriqan.jpg\"><img loading=\"lazy\" class=\"alignleft size-full wp-image-45479\" title=\"Kalimi kufitar Sukubin_Muriqan\" src=\"http:\/\/www.visit-ulcinj.com\/blog\/wp-content\/uploads\/2011\/04\/Kalimi-kufitar-Sukubin_Muriqan.jpg\" alt=\"\" width=\"508\" height=\"370\" \/><\/a>Podgoric\u00eb, 4 prill &#8211; Jan\u00eb b\u00ebr\u00eb dy vjet e m\u00eb shum\u00eb qysh se subjektet politike shqiptare autoriteteve malazeze dhe atyre shqiptare u kan\u00eb k\u00ebrkuar kalimin kufitar vet\u00ebm me let\u00ebrrnjoftim, por edhe sot e k\u00ebsaj dite kjo ka mbetur e parealizuar.<\/p>\n<p>Koh\u00eb m\u00eb par\u00eb, n\u00ebnkryetari dhe deputeti i Forc\u00ebs s\u00eb Re Demokratike, Genci Nimanbegu, kishte deklaruar p\u00ebr KosovaLive se kjo parti parlamentare me k\u00ebmb\u00ebngulje k\u00ebrkon realizimin e iniciativ\u00ebs q\u00eb qytetar\u00ebt e zonave kufitare etnike shqiptare n\u00eb Komun\u00ebn e Ulqinit, Tivarit, Tuzi dhe Plav\u00ebs, pikat kufitare t\u2019i kalojn\u00eb me let\u00ebrnjoftim.<\/p>\n<p>\u201cKjo k\u00ebrkes\u00eb e jona p\u00ebrs\u00ebritet tash disa vite dhe vazhdimisht \u00ebsht\u00eb premtuar jet\u00ebsimi i saj nga t\u00eb dy qeverit\u00eb, Podgoric\u00ebs dhe Tiran\u00ebs, por shqiptar\u00ebt e k\u00ebtyre zonave vendkalimet kufitare duhet t\u2019i kalojn\u00eb ende me pasaport\u00eb. Kroat\u00ebt nga Boka e Kotorrit k\u00ebt\u00eb mund\u00ebsi p\u00ebr t\u00eb hyr\u00eb n\u00eb shtetin e tyre am\u00eb, Kroaci n\u00eb pik\u00ebn kufitare Debeli Brijeg e g\u00ebzojn\u00eb tash dy vjet\u201d, shprehet Nimanbegu.<\/p>\n<p>KosovaLive nga burimet e saj jozyrtare t\u00eb Ambasad\u00ebs shqiptare n\u00eb Podgoric\u00eb, meson se Tirana tash dy jav\u00eb i ka dor\u00ebzuar k\u00ebrkes\u00ebn Podgorices q\u00eb shtetasit e t\u00eb dy vendeve fqinje, jo vetem ata te zonave kufitare, pikat kufitare t i kalojn\u00eb me karta biometrike t\u00eb identitetit.<\/p>\n<p>Gjithnj\u00eb sipas k\u00ebtyre burimeve, Podgorica zyrtare ende nuk i \u00ebsht\u00eb p\u00ebrgjigjur Tiran\u00ebs.<\/p>\n<p>Shqiptar\u00ebt e zonave kufitare t\u00eb Ulqinit, Tivarit, Mal\u00ebsis\u00eb dhe Plav\u00ebs, t\u00eb cil\u00ebt kan\u00eb komunikim t\u00eb p\u00ebrditsh\u00ebm nd\u00ebrkufitar, sidomos student\u00ebt, apelojn\u00eb t\u00eb t\u00eb dy qeverit\u00eb q\u00eb kjo k\u00ebrkes\u00eb t\u00eb jet\u00ebsohet sa m\u00eb par\u00eb.<\/p>\n<p>&nbsp;<\/p>\n<p><strong>KOHA NET<br \/>\n<!--YouTube Error: bad URL entered--><\/strong><\/p>\n","protected":false},"excerpt":{"rendered":"<p>Podgoric\u00eb, 4 prill &#8211; Jan\u00eb b\u00ebr\u00eb dy vjet e m\u00eb shum\u00eb qysh se subjektet politike shqiptare autoriteteve malazeze dhe atyre shqiptare u kan\u00eb k\u00ebrkuar kalimin kufitar vet\u00ebm me let\u00ebrrnjoftim, por edhe sot e k\u00ebsaj dite kjo ka mbetur e parealizuar. Koh\u00eb m\u00eb par\u00eb, n\u00ebnkryetari dhe deputeti i Forc\u00ebs s\u00eb Re Demokratike, Genci Nimanbegu, kishte deklaruar [&hellip;]<\/p>\n","protected":false},"author":1,"featured_media":0,"comment_status":"open","ping_status":"closed","sticky":false,"template":"","format":"standard","meta":{"spay_email":"","jetpack_publicize_message":"","jetpack_is_tweetstorm":false,"jetpack_publicize_feature_enabled":true},"categories":[6],"tags":[17968,17969],"jetpack_publicize_connections":[],"yoast_head":"<!-- This site is optimized with the Yoast SEO plugin v19.1 - https:\/\/yoast.com\/wordpress\/plugins\/seo\/ -->\n<title>Podgorica hesht rreth kalimit kufitar me let\u00ebrnjoftim - Lajme nga Ulqini<\/title>\n<meta name=\"description\" content=\"Podgoric\u00eb, 4 prill - Jan\u00eb b\u00ebr\u00eb dy vjet e m\u00eb shum\u00eb qysh se subjektet politike shqiptare autoriteteve malazeze dhe atyre shqiptare u kan\u00eb k\u00ebrkuar kalimin\" \/>\n<meta name=\"robots\" content=\"index, follow, max-snippet:-1, max-image-preview:large, max-video-preview:-1\" \/>\n<link rel=\"canonical\" href=\"https:\/\/www.visit-ulcinj.com\/blog\/2011\/04\/04\/podgorica-hesht-rreth-kalimit-kufitar-me-leternjoftim\/\" \/>\n<meta property=\"og:locale\" content=\"en_US\" \/>\n<meta property=\"og:type\" content=\"article\" \/>\n<meta property=\"og:title\" content=\"Podgorica hesht rreth kalimit kufitar me let\u00ebrnjoftim - Lajme nga Ulqini\" \/>\n<meta property=\"og:description\" content=\"Podgoric\u00eb, 4 prill - Jan\u00eb b\u00ebr\u00eb dy vjet e m\u00eb shum\u00eb qysh se subjektet politike shqiptare autoriteteve malazeze dhe atyre shqiptare u kan\u00eb k\u00ebrkuar kalimin\" \/>\n<meta property=\"og:url\" content=\"https:\/\/www.visit-ulcinj.com\/blog\/2011\/04\/04\/podgorica-hesht-rreth-kalimit-kufitar-me-leternjoftim\/\" \/>\n<meta property=\"og:site_name\" content=\"Lajme nga Ulqini\" \/>\n<meta property=\"article:published_time\" content=\"2011-04-04T14:06:12+00:00\" \/>\n<meta property=\"article:modified_time\" content=\"2011-04-04T14:06:38+00:00\" \/>\n<meta property=\"og:image\" content=\"http:\/\/www.visit-ulcinj.com\/blog\/wp-content\/uploads\/2011\/04\/Kalimi-kufitar-Sukubin_Muriqan.jpg\" \/>\n<meta name=\"twitter:label1\" content=\"Written by\" \/>\n\t<meta name=\"twitter:data1\" content=\"ulqini\" \/>\n\t<meta name=\"twitter:label2\" content=\"Est. reading time\" \/>\n\t<meta name=\"twitter:data2\" content=\"2 minutes\" \/>\n<script type=\"application\/ld+json\" class=\"yoast-schema-graph\">{\"@context\":\"https:\/\/schema.org\",\"@graph\":[{\"@type\":\"WebSite\",\"@id\":\"https:\/\/www.visit-ulcinj.com\/blog\/#website\",\"url\":\"https:\/\/www.visit-ulcinj.com\/blog\/\",\"name\":\"Lajme nga Ulqini\",\"description\":\"Lajme,Vijesti,Ulqini,Ulqin,Crna Gora,Mali i Zi\",\"potentialAction\":[{\"@type\":\"SearchAction\",\"target\":{\"@type\":\"EntryPoint\",\"urlTemplate\":\"https:\/\/www.visit-ulcinj.com\/blog\/?s={search_term_string}\"},\"query-input\":\"required name=search_term_string\"}],\"inLanguage\":\"en-US\"},{\"@type\":\"ImageObject\",\"inLanguage\":\"en-US\",\"@id\":\"https:\/\/www.visit-ulcinj.com\/blog\/2011\/04\/04\/podgorica-hesht-rreth-kalimit-kufitar-me-leternjoftim\/#primaryimage\",\"url\":\"https:\/\/www.visit-ulcinj.com\/blog\/wp-content\/uploads\/2011\/04\/Kalimi-kufitar-Sukubin_Muriqan.jpg\",\"contentUrl\":\"https:\/\/www.visit-ulcinj.com\/blog\/wp-content\/uploads\/2011\/04\/Kalimi-kufitar-Sukubin_Muriqan.jpg\",\"width\":\"640\",\"height\":\"370\"},{\"@type\":\"WebPage\",\"@id\":\"https:\/\/www.visit-ulcinj.com\/blog\/2011\/04\/04\/podgorica-hesht-rreth-kalimit-kufitar-me-leternjoftim\/#webpage\",\"url\":\"https:\/\/www.visit-ulcinj.com\/blog\/2011\/04\/04\/podgorica-hesht-rreth-kalimit-kufitar-me-leternjoftim\/\",\"name\":\"Podgorica hesht rreth kalimit kufitar me let\u00ebrnjoftim - Lajme nga Ulqini\",\"isPartOf\":{\"@id\":\"https:\/\/www.visit-ulcinj.com\/blog\/#website\"},\"primaryImageOfPage\":{\"@id\":\"https:\/\/www.visit-ulcinj.com\/blog\/2011\/04\/04\/podgorica-hesht-rreth-kalimit-kufitar-me-leternjoftim\/#primaryimage\"},\"datePublished\":\"2011-04-04T14:06:12+00:00\",\"dateModified\":\"2011-04-04T14:06:38+00:00\",\"author\":{\"@id\":\"https:\/\/www.visit-ulcinj.com\/blog\/#\/schema\/person\/dcab619c614d3038751c63bc2aadc06d\"},\"description\":\"Podgoric\u00eb, 4 prill - Jan\u00eb b\u00ebr\u00eb dy vjet e m\u00eb shum\u00eb qysh se subjektet politike shqiptare autoriteteve malazeze dhe atyre shqiptare u kan\u00eb k\u00ebrkuar kalimin\",\"breadcrumb\":{\"@id\":\"https:\/\/www.visit-ulcinj.com\/blog\/2011\/04\/04\/podgorica-hesht-rreth-kalimit-kufitar-me-leternjoftim\/#breadcrumb\"},\"inLanguage\":\"en-US\",\"potentialAction\":[{\"@type\":\"ReadAction\",\"target\":[\"https:\/\/www.visit-ulcinj.com\/blog\/2011\/04\/04\/podgorica-hesht-rreth-kalimit-kufitar-me-leternjoftim\/\"]}]},{\"@type\":\"BreadcrumbList\",\"@id\":\"https:\/\/www.visit-ulcinj.com\/blog\/2011\/04\/04\/podgorica-hesht-rreth-kalimit-kufitar-me-leternjoftim\/#breadcrumb\",\"itemListElement\":[{\"@type\":\"ListItem\",\"position\":1,\"name\":\"Podgorica hesht rreth kalimit kufitar me let\u00ebrnjoftim\"}]},{\"@type\":\"Person\",\"@id\":\"https:\/\/www.visit-ulcinj.com\/blog\/#\/schema\/person\/dcab619c614d3038751c63bc2aadc06d\",\"name\":\"ulqini\",\"sameAs\":[\"http:\/\/www.visit-ulcinj.com\"],\"url\":\"https:\/\/www.visit-ulcinj.com\/blog\/author\/admin\/\"}]}<\/script>\n<!-- \/ Yoast SEO plugin. -->","yoast_head_json":{"title":"Podgorica hesht rreth kalimit kufitar me let\u00ebrnjoftim - Lajme nga Ulqini","description":"Podgoric\u00eb, 4 prill - Jan\u00eb b\u00ebr\u00eb dy vjet e m\u00eb shum\u00eb qysh se subjektet politike shqiptare autoriteteve malazeze dhe atyre shqiptare u kan\u00eb k\u00ebrkuar kalimin","robots":{"index":"index","follow":"follow","max-snippet":"max-snippet:-1","max-image-preview":"max-image-preview:large","max-video-preview":"max-video-preview:-1"},"canonical":"https:\/\/www.visit-ulcinj.com\/blog\/2011\/04\/04\/podgorica-hesht-rreth-kalimit-kufitar-me-leternjoftim\/","og_locale":"en_US","og_type":"article","og_title":"Podgorica hesht rreth kalimit kufitar me let\u00ebrnjoftim - Lajme nga Ulqini","og_description":"Podgoric\u00eb, 4 prill - Jan\u00eb b\u00ebr\u00eb dy vjet e m\u00eb shum\u00eb qysh se subjektet politike shqiptare autoriteteve malazeze dhe atyre shqiptare u kan\u00eb k\u00ebrkuar kalimin","og_url":"https:\/\/www.visit-ulcinj.com\/blog\/2011\/04\/04\/podgorica-hesht-rreth-kalimit-kufitar-me-leternjoftim\/","og_site_name":"Lajme nga Ulqini","article_published_time":"2011-04-04T14:06:12+00:00","article_modified_time":"2011-04-04T14:06:38+00:00","og_image":[{"url":"http:\/\/www.visit-ulcinj.com\/blog\/wp-content\/uploads\/2011\/04\/Kalimi-kufitar-Sukubin_Muriqan.jpg"}],"twitter_misc":{"Written by":"ulqini","Est. reading time":"2 minutes"},"schema":{"@context":"https:\/\/schema.org","@graph":[{"@type":"WebSite","@id":"https:\/\/www.visit-ulcinj.com\/blog\/#website","url":"https:\/\/www.visit-ulcinj.com\/blog\/","name":"Lajme nga Ulqini","description":"Lajme,Vijesti,Ulqini,Ulqin,Crna Gora,Mali i Zi","potentialAction":[{"@type":"SearchAction","target":{"@type":"EntryPoint","urlTemplate":"https:\/\/www.visit-ulcinj.com\/blog\/?s={search_term_string}"},"query-input":"required name=search_term_string"}],"inLanguage":"en-US"},{"@type":"ImageObject","inLanguage":"en-US","@id":"https:\/\/www.visit-ulcinj.com\/blog\/2011\/04\/04\/podgorica-hesht-rreth-kalimit-kufitar-me-leternjoftim\/#primaryimage","url":"https:\/\/www.visit-ulcinj.com\/blog\/wp-content\/uploads\/2011\/04\/Kalimi-kufitar-Sukubin_Muriqan.jpg","contentUrl":"https:\/\/www.visit-ulcinj.com\/blog\/wp-content\/uploads\/2011\/04\/Kalimi-kufitar-Sukubin_Muriqan.jpg","width":"640","height":"370"},{"@type":"WebPage","@id":"https:\/\/www.visit-ulcinj.com\/blog\/2011\/04\/04\/podgorica-hesht-rreth-kalimit-kufitar-me-leternjoftim\/#webpage","url":"https:\/\/www.visit-ulcinj.com\/blog\/2011\/04\/04\/podgorica-hesht-rreth-kalimit-kufitar-me-leternjoftim\/","name":"Podgorica hesht rreth kalimit kufitar me let\u00ebrnjoftim - Lajme nga Ulqini","isPartOf":{"@id":"https:\/\/www.visit-ulcinj.com\/blog\/#website"},"primaryImageOfPage":{"@id":"https:\/\/www.visit-ulcinj.com\/blog\/2011\/04\/04\/podgorica-hesht-rreth-kalimit-kufitar-me-leternjoftim\/#primaryimage"},"datePublished":"2011-04-04T14:06:12+00:00","dateModified":"2011-04-04T14:06:38+00:00","author":{"@id":"https:\/\/www.visit-ulcinj.com\/blog\/#\/schema\/person\/dcab619c614d3038751c63bc2aadc06d"},"description":"Podgoric\u00eb, 4 prill - Jan\u00eb b\u00ebr\u00eb dy vjet e m\u00eb shum\u00eb qysh se subjektet politike shqiptare autoriteteve malazeze dhe atyre shqiptare u kan\u00eb k\u00ebrkuar kalimin","breadcrumb":{"@id":"https:\/\/www.visit-ulcinj.com\/blog\/2011\/04\/04\/podgorica-hesht-rreth-kalimit-kufitar-me-leternjoftim\/#breadcrumb"},"inLanguage":"en-US","potentialAction":[{"@type":"ReadAction","target":["https:\/\/www.visit-ulcinj.com\/blog\/2011\/04\/04\/podgorica-hesht-rreth-kalimit-kufitar-me-leternjoftim\/"]}]},{"@type":"BreadcrumbList","@id":"https:\/\/www.visit-ulcinj.com\/blog\/2011\/04\/04\/podgorica-hesht-rreth-kalimit-kufitar-me-leternjoftim\/#breadcrumb","itemListElement":[{"@type":"ListItem","position":1,"name":"Podgorica hesht rreth kalimit kufitar me let\u00ebrnjoftim"}]},{"@type":"Person","@id":"https:\/\/www.visit-ulcinj.com\/blog\/#\/schema\/person\/dcab619c614d3038751c63bc2aadc06d","name":"ulqini","sameAs":["http:\/\/www.visit-ulcinj.com"],"url":"https:\/\/www.visit-ulcinj.com\/blog\/author\/admin\/"}]}},"jetpack_featured_media_url":"","jetpack_sharing_enabled":true,"jetpack_shortlink":"https:\/\/wp.me\/pe6lTn-bPv","_links":{"self":[{"href":"https:\/\/www.visit-ulcinj.com\/blog\/wp-json\/wp\/v2\/posts\/45477"}],"collection":[{"href":"https:\/\/www.visit-ulcinj.com\/blog\/wp-json\/wp\/v2\/posts"}],"about":[{"href":"https:\/\/www.visit-ulcinj.com\/blog\/wp-json\/wp\/v2\/types\/post"}],"author":[{"embeddable":true,"href":"https:\/\/www.visit-ulcinj.com\/blog\/wp-json\/wp\/v2\/users\/1"}],"replies":[{"embeddable":true,"href":"https:\/\/www.visit-ulcinj.com\/blog\/wp-json\/wp\/v2\/comments?post=45477"}],"version-history":[{"count":0,"href":"https:\/\/www.visit-ulcinj.com\/blog\/wp-json\/wp\/v2\/posts\/45477\/revisions"}],"wp:attachment":[{"href":"https:\/\/www.visit-ulcinj.com\/blog\/wp-json\/wp\/v2\/media?parent=45477"}],"wp:term":[{"taxonomy":"category","embeddable":true,"href":"https:\/\/www.visit-ulcinj.com\/blog\/wp-json\/wp\/v2\/categories?post=45477"},{"taxonomy":"post_tag","embeddable":true,"href":"https:\/\/www.visit-ulcinj.com\/blog\/wp-json\/wp\/v2\/tags?post=45477"}],"curies":[{"name":"wp","href":"https:\/\/api.w.org\/{rel}","templated":true}]}}