{"id":45499,"date":"2011-04-05T11:19:33","date_gmt":"2011-04-05T10:19:33","guid":{"rendered":"http:\/\/www.visit-ulcinj.com\/blog\/?p=45499"},"modified":"2011-04-05T11:19:56","modified_gmt":"2011-04-05T10:19:56","slug":"kam-vendosur-te-martohem-ka-ardhur-koha-te-krijoj-familje","status":"publish","type":"post","link":"https:\/\/www.visit-ulcinj.com\/blog\/2011\/04\/05\/kam-vendosur-te-martohem-ka-ardhur-koha-te-krijoj-familje\/","title":{"rendered":"Kam vendosur t\u00eb martohem, ka ardhur koha t\u00eb krijoj familje"},"content":{"rendered":"<p><a href=\"http:\/\/www.visit-ulcinj.com\/blog\/wp-content\/uploads\/2011\/04\/Ingrid-Gjoni.jpg\"><img loading=\"lazy\" class=\"alignleft size-full wp-image-45500\" title=\"Ingrid Gjoni\" src=\"http:\/\/www.visit-ulcinj.com\/blog\/wp-content\/uploads\/2011\/04\/Ingrid-Gjoni.jpg\" alt=\"\" width=\"508\" height=\"347\" \/><\/a>\u201cKa ardhur koha t\u00eb martohem dhe un\u00eb, ndiej d\u00ebshir\u00ebn p\u00ebr t\u00eb krijuar familjen time\u201d. \u00cbsht\u00eb kjo d\u00ebshira m\u00eb e fundit q\u00eb k\u00ebng\u00ebtarja Ingrid Gjoni e ka shprehur publikisht n\u00eb programin \u201cPasdite n\u00eb Top Channel\u201d, nd\u00ebrsa ka qen\u00eb e ftuar n\u00eb emisionin e p\u00ebrditsh\u00ebm t\u00eb drejtuar nga Genta Popa. Pyetjeve t\u00eb saj n\u00eb lidhje me jet\u00ebn private ajo iu \u00ebsht\u00eb p\u00ebrgjigjur se pak a shum\u00eb n\u00eb k\u00ebt\u00eb m\u00ebnyr\u00eb, se tashm\u00eb q\u00eb ka kaluar nj\u00eb jet\u00eb intensive artistike mes k\u00ebrcimit dhe muzik\u00ebs, udh\u00ebtimeve e koncerteve po mendon seriozisht p\u00ebr t\u2019u martuar dhe p\u00ebr t\u00eb krijuar sa m\u00eb shpejt familjen e saj. \u201cMendoj q\u00eb pas nj\u00eb jet\u00eb intensive, duke ushtruar karrier\u00ebn time muzikore, tani m\u00eb duhet t\u00eb gjej qet\u00ebsin\u00eb, duke krijuar nj\u00eb familje t\u00eb mir\u00eb\u201d. N\u00eb intervist\u00ebn e para pak dit\u00ebve, ku u rr\u00ebfye p\u00ebr jet\u00ebn private, projektet artistike dhe frik\u00ebrat e saj, Ingridi theksoi se e vetmja gj\u00eb q\u00eb e tremb n\u00eb jet\u00eb, \u00ebsht\u00eb vdekja.<\/p>\n<p>\u201cM\u00eb trembim ndodhit\u00eb n\u00eb jet\u00eb q\u00eb nuk jan\u00eb n\u00eb dor\u00ebn time, se p\u00ebr t\u00eb tjerat jam optimiste, mjafton t\u00eb jem me sh\u00ebndet mir\u00eb\u201d, pohoi ajo. Nd\u00ebrkoh\u00eb p\u00ebr sa i p\u00ebrket dashuris\u00eb, ajo preferoi t\u00eb mos fliste me detaje konkrete p\u00ebr njeriun me t\u00eb cilin po jeton nj\u00eb histori dashurie p\u00ebr momentin. Nuk dihet n\u00ebse ajo preferon q\u00eb t\u00eb organizoj\u00eb ceremoni t\u00eb madhe martese, apo\u00a0 thjesht t\u00eb b\u00ebj\u00eb nj\u00eb ceremoni t\u00eb thjesht\u00eb celebrimi. Gjithsesi, se si duket me veshje nuseje ajo e ka provuar nj\u00eb her\u00eb s\u00eb bashku me modelen Skandinada Lalaj. Ato kan\u00eb pozuar t\u00eb dyja bashk\u00eb, t\u00eb veshura si nuse, me fustanet e zgjedhura t\u00eb sallonit t\u00eb nuseve \u201cFrida Xhoi &amp; Xhei\u201d n\u00eb Tiran\u00eb. Kan\u00eb realizuar disa foto me fustane t\u00eb ndryshme, t\u00eb p\u00ebrshtatura me stilin dhe portretet e tyre. Aktualisht, k\u00ebng\u00ebtarja \u00ebsht\u00eb angazhuar me koncerte t\u00eb ndryshme n\u00eb Shqip\u00ebri dhe jasht\u00eb, nd\u00ebrsa po punon p\u00ebr nj\u00eb k\u00ebng\u00eb t\u00eb re, t\u00eb cil\u00ebn do e publikoj\u00eb s\u00eb shpejti. Nuk dihet se si po shkojn\u00eb pun\u00ebt me t\u00eb dashurin e saj, p\u00ebr t\u00eb cilin nuk ka preferuar t\u00eb flas\u00eb hapur n\u00eb media.<\/p>\n<!--YouTube Error: bad URL entered-->\n","protected":false},"excerpt":{"rendered":"<p>\u201cKa ardhur koha t\u00eb martohem dhe un\u00eb, ndiej d\u00ebshir\u00ebn p\u00ebr t\u00eb krijuar familjen time\u201d. \u00cbsht\u00eb kjo d\u00ebshira m\u00eb e fundit q\u00eb k\u00ebng\u00ebtarja Ingrid Gjoni e ka shprehur publikisht n\u00eb programin \u201cPasdite n\u00eb Top Channel\u201d, nd\u00ebrsa ka qen\u00eb e ftuar n\u00eb emisionin e p\u00ebrditsh\u00ebm t\u00eb drejtuar nga Genta Popa. Pyetjeve t\u00eb saj n\u00eb lidhje me jet\u00ebn [&hellip;]<\/p>\n","protected":false},"author":1,"featured_media":0,"comment_status":"open","ping_status":"closed","sticky":false,"template":"","format":"standard","meta":{"spay_email":"","jetpack_publicize_message":"","jetpack_is_tweetstorm":false,"jetpack_publicize_feature_enabled":true},"categories":[1],"tags":[4966],"jetpack_publicize_connections":[],"yoast_head":"<!-- This site is optimized with the Yoast SEO plugin v19.1 - https:\/\/yoast.com\/wordpress\/plugins\/seo\/ -->\n<title>Kam vendosur t\u00eb martohem, ka ardhur koha t\u00eb krijoj familje - Lajme nga Ulqini<\/title>\n<meta name=\"description\" content=\"\u201cKa ardhur koha t\u00eb martohem dhe un\u00eb, ndiej d\u00ebshir\u00ebn p\u00ebr t\u00eb krijuar familjen time\u201d. \u00cbsht\u00eb kjo d\u00ebshira m\u00eb e fundit q\u00eb k\u00ebng\u00ebtarja Ingrid Gjoni e ka shprehur\" \/>\n<meta name=\"robots\" content=\"index, follow, max-snippet:-1, max-image-preview:large, max-video-preview:-1\" \/>\n<link rel=\"canonical\" href=\"https:\/\/www.visit-ulcinj.com\/blog\/2011\/04\/05\/kam-vendosur-te-martohem-ka-ardhur-koha-te-krijoj-familje\/\" \/>\n<meta property=\"og:locale\" content=\"en_US\" \/>\n<meta property=\"og:type\" content=\"article\" \/>\n<meta property=\"og:title\" content=\"Kam vendosur t\u00eb martohem, ka ardhur koha t\u00eb krijoj familje - Lajme nga Ulqini\" \/>\n<meta property=\"og:description\" content=\"\u201cKa ardhur koha t\u00eb martohem dhe un\u00eb, ndiej d\u00ebshir\u00ebn p\u00ebr t\u00eb krijuar familjen time\u201d. \u00cbsht\u00eb kjo d\u00ebshira m\u00eb e fundit q\u00eb k\u00ebng\u00ebtarja Ingrid Gjoni e ka shprehur\" \/>\n<meta property=\"og:url\" content=\"https:\/\/www.visit-ulcinj.com\/blog\/2011\/04\/05\/kam-vendosur-te-martohem-ka-ardhur-koha-te-krijoj-familje\/\" \/>\n<meta property=\"og:site_name\" content=\"Lajme nga Ulqini\" \/>\n<meta property=\"article:published_time\" content=\"2011-04-05T10:19:33+00:00\" \/>\n<meta property=\"article:modified_time\" content=\"2011-04-05T10:19:56+00:00\" \/>\n<meta property=\"og:image\" content=\"http:\/\/www.visit-ulcinj.com\/blog\/wp-content\/uploads\/2011\/04\/Ingrid-Gjoni.jpg\" \/>\n<meta name=\"twitter:label1\" content=\"Written by\" \/>\n\t<meta name=\"twitter:data1\" content=\"ulqini\" \/>\n\t<meta name=\"twitter:label2\" content=\"Est. reading time\" \/>\n\t<meta name=\"twitter:data2\" content=\"2 minutes\" \/>\n<script type=\"application\/ld+json\" class=\"yoast-schema-graph\">{\"@context\":\"https:\/\/schema.org\",\"@graph\":[{\"@type\":\"WebSite\",\"@id\":\"https:\/\/www.visit-ulcinj.com\/blog\/#website\",\"url\":\"https:\/\/www.visit-ulcinj.com\/blog\/\",\"name\":\"Lajme nga Ulqini\",\"description\":\"Lajme,Vijesti,Ulqini,Ulqin,Crna Gora,Mali i Zi\",\"potentialAction\":[{\"@type\":\"SearchAction\",\"target\":{\"@type\":\"EntryPoint\",\"urlTemplate\":\"https:\/\/www.visit-ulcinj.com\/blog\/?s={search_term_string}\"},\"query-input\":\"required name=search_term_string\"}],\"inLanguage\":\"en-US\"},{\"@type\":\"ImageObject\",\"inLanguage\":\"en-US\",\"@id\":\"https:\/\/www.visit-ulcinj.com\/blog\/2011\/04\/05\/kam-vendosur-te-martohem-ka-ardhur-koha-te-krijoj-familje\/#primaryimage\",\"url\":\"\",\"contentUrl\":\"\"},{\"@type\":\"WebPage\",\"@id\":\"https:\/\/www.visit-ulcinj.com\/blog\/2011\/04\/05\/kam-vendosur-te-martohem-ka-ardhur-koha-te-krijoj-familje\/#webpage\",\"url\":\"https:\/\/www.visit-ulcinj.com\/blog\/2011\/04\/05\/kam-vendosur-te-martohem-ka-ardhur-koha-te-krijoj-familje\/\",\"name\":\"Kam vendosur t\u00eb martohem, ka ardhur koha t\u00eb krijoj familje - Lajme nga Ulqini\",\"isPartOf\":{\"@id\":\"https:\/\/www.visit-ulcinj.com\/blog\/#website\"},\"primaryImageOfPage\":{\"@id\":\"https:\/\/www.visit-ulcinj.com\/blog\/2011\/04\/05\/kam-vendosur-te-martohem-ka-ardhur-koha-te-krijoj-familje\/#primaryimage\"},\"datePublished\":\"2011-04-05T10:19:33+00:00\",\"dateModified\":\"2011-04-05T10:19:56+00:00\",\"author\":{\"@id\":\"https:\/\/www.visit-ulcinj.com\/blog\/#\/schema\/person\/dcab619c614d3038751c63bc2aadc06d\"},\"description\":\"\u201cKa ardhur koha t\u00eb martohem dhe un\u00eb, ndiej d\u00ebshir\u00ebn p\u00ebr t\u00eb krijuar familjen time\u201d. \u00cbsht\u00eb kjo d\u00ebshira m\u00eb e fundit q\u00eb k\u00ebng\u00ebtarja Ingrid Gjoni e ka shprehur\",\"breadcrumb\":{\"@id\":\"https:\/\/www.visit-ulcinj.com\/blog\/2011\/04\/05\/kam-vendosur-te-martohem-ka-ardhur-koha-te-krijoj-familje\/#breadcrumb\"},\"inLanguage\":\"en-US\",\"potentialAction\":[{\"@type\":\"ReadAction\",\"target\":[\"https:\/\/www.visit-ulcinj.com\/blog\/2011\/04\/05\/kam-vendosur-te-martohem-ka-ardhur-koha-te-krijoj-familje\/\"]}]},{\"@type\":\"BreadcrumbList\",\"@id\":\"https:\/\/www.visit-ulcinj.com\/blog\/2011\/04\/05\/kam-vendosur-te-martohem-ka-ardhur-koha-te-krijoj-familje\/#breadcrumb\",\"itemListElement\":[{\"@type\":\"ListItem\",\"position\":1,\"name\":\"Kam vendosur t\u00eb martohem, ka ardhur koha t\u00eb krijoj familje\"}]},{\"@type\":\"Person\",\"@id\":\"https:\/\/www.visit-ulcinj.com\/blog\/#\/schema\/person\/dcab619c614d3038751c63bc2aadc06d\",\"name\":\"ulqini\",\"sameAs\":[\"http:\/\/www.visit-ulcinj.com\"],\"url\":\"https:\/\/www.visit-ulcinj.com\/blog\/author\/admin\/\"}]}<\/script>\n<!-- \/ Yoast SEO plugin. -->","yoast_head_json":{"title":"Kam vendosur t\u00eb martohem, ka ardhur koha t\u00eb krijoj familje - Lajme nga Ulqini","description":"\u201cKa ardhur koha t\u00eb martohem dhe un\u00eb, ndiej d\u00ebshir\u00ebn p\u00ebr t\u00eb krijuar familjen time\u201d. \u00cbsht\u00eb kjo d\u00ebshira m\u00eb e fundit q\u00eb k\u00ebng\u00ebtarja Ingrid Gjoni e ka shprehur","robots":{"index":"index","follow":"follow","max-snippet":"max-snippet:-1","max-image-preview":"max-image-preview:large","max-video-preview":"max-video-preview:-1"},"canonical":"https:\/\/www.visit-ulcinj.com\/blog\/2011\/04\/05\/kam-vendosur-te-martohem-ka-ardhur-koha-te-krijoj-familje\/","og_locale":"en_US","og_type":"article","og_title":"Kam vendosur t\u00eb martohem, ka ardhur koha t\u00eb krijoj familje - Lajme nga Ulqini","og_description":"\u201cKa ardhur koha t\u00eb martohem dhe un\u00eb, ndiej d\u00ebshir\u00ebn p\u00ebr t\u00eb krijuar familjen time\u201d. \u00cbsht\u00eb kjo d\u00ebshira m\u00eb e fundit q\u00eb k\u00ebng\u00ebtarja Ingrid Gjoni e ka shprehur","og_url":"https:\/\/www.visit-ulcinj.com\/blog\/2011\/04\/05\/kam-vendosur-te-martohem-ka-ardhur-koha-te-krijoj-familje\/","og_site_name":"Lajme nga Ulqini","article_published_time":"2011-04-05T10:19:33+00:00","article_modified_time":"2011-04-05T10:19:56+00:00","og_image":[{"url":"http:\/\/www.visit-ulcinj.com\/blog\/wp-content\/uploads\/2011\/04\/Ingrid-Gjoni.jpg"}],"twitter_misc":{"Written by":"ulqini","Est. reading time":"2 minutes"},"schema":{"@context":"https:\/\/schema.org","@graph":[{"@type":"WebSite","@id":"https:\/\/www.visit-ulcinj.com\/blog\/#website","url":"https:\/\/www.visit-ulcinj.com\/blog\/","name":"Lajme nga Ulqini","description":"Lajme,Vijesti,Ulqini,Ulqin,Crna Gora,Mali i Zi","potentialAction":[{"@type":"SearchAction","target":{"@type":"EntryPoint","urlTemplate":"https:\/\/www.visit-ulcinj.com\/blog\/?s={search_term_string}"},"query-input":"required name=search_term_string"}],"inLanguage":"en-US"},{"@type":"ImageObject","inLanguage":"en-US","@id":"https:\/\/www.visit-ulcinj.com\/blog\/2011\/04\/05\/kam-vendosur-te-martohem-ka-ardhur-koha-te-krijoj-familje\/#primaryimage","url":"","contentUrl":""},{"@type":"WebPage","@id":"https:\/\/www.visit-ulcinj.com\/blog\/2011\/04\/05\/kam-vendosur-te-martohem-ka-ardhur-koha-te-krijoj-familje\/#webpage","url":"https:\/\/www.visit-ulcinj.com\/blog\/2011\/04\/05\/kam-vendosur-te-martohem-ka-ardhur-koha-te-krijoj-familje\/","name":"Kam vendosur t\u00eb martohem, ka ardhur koha t\u00eb krijoj familje - Lajme nga Ulqini","isPartOf":{"@id":"https:\/\/www.visit-ulcinj.com\/blog\/#website"},"primaryImageOfPage":{"@id":"https:\/\/www.visit-ulcinj.com\/blog\/2011\/04\/05\/kam-vendosur-te-martohem-ka-ardhur-koha-te-krijoj-familje\/#primaryimage"},"datePublished":"2011-04-05T10:19:33+00:00","dateModified":"2011-04-05T10:19:56+00:00","author":{"@id":"https:\/\/www.visit-ulcinj.com\/blog\/#\/schema\/person\/dcab619c614d3038751c63bc2aadc06d"},"description":"\u201cKa ardhur koha t\u00eb martohem dhe un\u00eb, ndiej d\u00ebshir\u00ebn p\u00ebr t\u00eb krijuar familjen time\u201d. \u00cbsht\u00eb kjo d\u00ebshira m\u00eb e fundit q\u00eb k\u00ebng\u00ebtarja Ingrid Gjoni e ka shprehur","breadcrumb":{"@id":"https:\/\/www.visit-ulcinj.com\/blog\/2011\/04\/05\/kam-vendosur-te-martohem-ka-ardhur-koha-te-krijoj-familje\/#breadcrumb"},"inLanguage":"en-US","potentialAction":[{"@type":"ReadAction","target":["https:\/\/www.visit-ulcinj.com\/blog\/2011\/04\/05\/kam-vendosur-te-martohem-ka-ardhur-koha-te-krijoj-familje\/"]}]},{"@type":"BreadcrumbList","@id":"https:\/\/www.visit-ulcinj.com\/blog\/2011\/04\/05\/kam-vendosur-te-martohem-ka-ardhur-koha-te-krijoj-familje\/#breadcrumb","itemListElement":[{"@type":"ListItem","position":1,"name":"Kam vendosur t\u00eb martohem, ka ardhur koha t\u00eb krijoj familje"}]},{"@type":"Person","@id":"https:\/\/www.visit-ulcinj.com\/blog\/#\/schema\/person\/dcab619c614d3038751c63bc2aadc06d","name":"ulqini","sameAs":["http:\/\/www.visit-ulcinj.com"],"url":"https:\/\/www.visit-ulcinj.com\/blog\/author\/admin\/"}]}},"jetpack_featured_media_url":"","jetpack_sharing_enabled":true,"jetpack_shortlink":"https:\/\/wp.me\/pe6lTn-bPR","_links":{"self":[{"href":"https:\/\/www.visit-ulcinj.com\/blog\/wp-json\/wp\/v2\/posts\/45499"}],"collection":[{"href":"https:\/\/www.visit-ulcinj.com\/blog\/wp-json\/wp\/v2\/posts"}],"about":[{"href":"https:\/\/www.visit-ulcinj.com\/blog\/wp-json\/wp\/v2\/types\/post"}],"author":[{"embeddable":true,"href":"https:\/\/www.visit-ulcinj.com\/blog\/wp-json\/wp\/v2\/users\/1"}],"replies":[{"embeddable":true,"href":"https:\/\/www.visit-ulcinj.com\/blog\/wp-json\/wp\/v2\/comments?post=45499"}],"version-history":[{"count":0,"href":"https:\/\/www.visit-ulcinj.com\/blog\/wp-json\/wp\/v2\/posts\/45499\/revisions"}],"wp:attachment":[{"href":"https:\/\/www.visit-ulcinj.com\/blog\/wp-json\/wp\/v2\/media?parent=45499"}],"wp:term":[{"taxonomy":"category","embeddable":true,"href":"https:\/\/www.visit-ulcinj.com\/blog\/wp-json\/wp\/v2\/categories?post=45499"},{"taxonomy":"post_tag","embeddable":true,"href":"https:\/\/www.visit-ulcinj.com\/blog\/wp-json\/wp\/v2\/tags?post=45499"}],"curies":[{"name":"wp","href":"https:\/\/api.w.org\/{rel}","templated":true}]}}