{"id":45503,"date":"2011-04-05T11:25:48","date_gmt":"2011-04-05T10:25:48","guid":{"rendered":"http:\/\/www.visit-ulcinj.com\/blog\/?p=45503"},"modified":"2011-04-05T11:26:06","modified_gmt":"2011-04-05T10:26:06","slug":"flori-me-fugen-ne-balkan-music-awards","status":"publish","type":"post","link":"https:\/\/www.visit-ulcinj.com\/blog\/2011\/04\/05\/flori-me-fugen-ne-balkan-music-awards\/","title":{"rendered":"Flori me Fug\u00ebn n\u00eb Balkan Music Awards"},"content":{"rendered":"<p><a href=\"http:\/\/www.visit-ulcinj.com\/blog\/wp-content\/uploads\/2011\/04\/Flori-Mumajesi.jpg\"><img loading=\"lazy\" class=\"alignleft size-full wp-image-45504\" title=\"Flori Mumajesi\" src=\"http:\/\/www.visit-ulcinj.com\/blog\/wp-content\/uploads\/2011\/04\/Flori-Mumajesi.jpg\" alt=\"\" width=\"508\" height=\"347\" \/><\/a>K\u00ebng\u00ebtari dhe kompozitori\u00a0 Flori Mumajesi \u00ebsht\u00eb s\u00ebrish i nominuar p\u00ebr \u00e7mimet \u2018Balkan Music Awards. K\u00ebsaj radhe ai konkurron me k\u00ebng\u00ebn \u201cMaking of\u201d n\u00eb bashk\u00ebpunim me reperin kosovar Ardian Kurtolli i njohur si Fuga. Votimet p\u00ebr t\u00eb nomunuarit do t\u00eb zgjasin deri m\u00eb 8 prill nd\u00ebrsa ceremonia e ndarjeve t\u00eb \u00e7mimeve do t\u00eb b\u00ebhet m\u00eb 4 qershor, ka konfirmuar Fuga p\u00ebr Telegrafi.com. Flori edhe vitin e kaluar ishte i nominuar n\u00eb \u2018Balkan Music Award\u2019 ku me k\u00ebng\u00ebn e tij \u2018Playback\u2019 fitoi \u00e7mimin e dyt\u00eb.<\/p>\n<p><strong>Telegrafi<br \/>\n<!--YouTube Error: bad URL entered--><\/strong><\/p>\n","protected":false},"excerpt":{"rendered":"<p>K\u00ebng\u00ebtari dhe kompozitori\u00a0 Flori Mumajesi \u00ebsht\u00eb s\u00ebrish i nominuar p\u00ebr \u00e7mimet \u2018Balkan Music Awards. K\u00ebsaj radhe ai konkurron me k\u00ebng\u00ebn \u201cMaking of\u201d n\u00eb bashk\u00ebpunim me reperin kosovar Ardian Kurtolli i njohur si Fuga. Votimet p\u00ebr t\u00eb nomunuarit do t\u00eb zgjasin deri m\u00eb 8 prill nd\u00ebrsa ceremonia e ndarjeve t\u00eb \u00e7mimeve do t\u00eb b\u00ebhet m\u00eb 4 [&hellip;]<\/p>\n","protected":false},"author":1,"featured_media":0,"comment_status":"open","ping_status":"closed","sticky":false,"template":"","format":"standard","meta":{"spay_email":"","jetpack_publicize_message":"","jetpack_is_tweetstorm":false,"jetpack_publicize_feature_enabled":true},"categories":[1],"tags":[6624],"jetpack_publicize_connections":[],"yoast_head":"<!-- This site is optimized with the Yoast SEO plugin v19.1 - https:\/\/yoast.com\/wordpress\/plugins\/seo\/ -->\n<title>Flori me Fug\u00ebn n\u00eb Balkan Music Awards - Lajme nga Ulqini<\/title>\n<meta name=\"description\" content=\"K\u00ebng\u00ebtari dhe kompozitori\u00a0 Flori Mumajesi \u00ebsht\u00eb s\u00ebrish i nominuar p\u00ebr \u00e7mimet \u2018Balkan Music Awards. K\u00ebsaj radhe ai konkurron me k\u00ebng\u00ebn \u201cMaking of\u201d n\u00eb\" \/>\n<meta name=\"robots\" content=\"index, follow, max-snippet:-1, max-image-preview:large, max-video-preview:-1\" \/>\n<link rel=\"canonical\" href=\"https:\/\/www.visit-ulcinj.com\/blog\/2011\/04\/05\/flori-me-fugen-ne-balkan-music-awards\/\" \/>\n<meta property=\"og:locale\" content=\"en_US\" \/>\n<meta property=\"og:type\" content=\"article\" \/>\n<meta property=\"og:title\" content=\"Flori me Fug\u00ebn n\u00eb Balkan Music Awards - Lajme nga Ulqini\" \/>\n<meta property=\"og:description\" content=\"K\u00ebng\u00ebtari dhe kompozitori\u00a0 Flori Mumajesi \u00ebsht\u00eb s\u00ebrish i nominuar p\u00ebr \u00e7mimet \u2018Balkan Music Awards. K\u00ebsaj radhe ai konkurron me k\u00ebng\u00ebn \u201cMaking of\u201d n\u00eb\" \/>\n<meta property=\"og:url\" content=\"https:\/\/www.visit-ulcinj.com\/blog\/2011\/04\/05\/flori-me-fugen-ne-balkan-music-awards\/\" \/>\n<meta property=\"og:site_name\" content=\"Lajme nga Ulqini\" \/>\n<meta property=\"article:published_time\" content=\"2011-04-05T10:25:48+00:00\" \/>\n<meta property=\"article:modified_time\" content=\"2011-04-05T10:26:06+00:00\" \/>\n<meta property=\"og:image\" content=\"http:\/\/www.visit-ulcinj.com\/blog\/wp-content\/uploads\/2011\/04\/Flori-Mumajesi.jpg\" \/>\n<meta name=\"twitter:label1\" content=\"Written by\" \/>\n\t<meta name=\"twitter:data1\" content=\"ulqini\" \/>\n\t<meta name=\"twitter:label2\" content=\"Est. reading time\" \/>\n\t<meta name=\"twitter:data2\" content=\"1 minute\" \/>\n<script type=\"application\/ld+json\" class=\"yoast-schema-graph\">{\"@context\":\"https:\/\/schema.org\",\"@graph\":[{\"@type\":\"WebSite\",\"@id\":\"https:\/\/www.visit-ulcinj.com\/blog\/#website\",\"url\":\"https:\/\/www.visit-ulcinj.com\/blog\/\",\"name\":\"Lajme nga Ulqini\",\"description\":\"Lajme,Vijesti,Ulqini,Ulqin,Crna Gora,Mali i Zi\",\"potentialAction\":[{\"@type\":\"SearchAction\",\"target\":{\"@type\":\"EntryPoint\",\"urlTemplate\":\"https:\/\/www.visit-ulcinj.com\/blog\/?s={search_term_string}\"},\"query-input\":\"required name=search_term_string\"}],\"inLanguage\":\"en-US\"},{\"@type\":\"ImageObject\",\"inLanguage\":\"en-US\",\"@id\":\"https:\/\/www.visit-ulcinj.com\/blog\/2011\/04\/05\/flori-me-fugen-ne-balkan-music-awards\/#primaryimage\",\"url\":\"http:\/\/www.visit-ulcinj.com\/blog\/wp-content\/uploads\/2011\/04\/Flori-Mumajesi.jpg\",\"contentUrl\":\"http:\/\/www.visit-ulcinj.com\/blog\/wp-content\/uploads\/2011\/04\/Flori-Mumajesi.jpg\"},{\"@type\":\"WebPage\",\"@id\":\"https:\/\/www.visit-ulcinj.com\/blog\/2011\/04\/05\/flori-me-fugen-ne-balkan-music-awards\/#webpage\",\"url\":\"https:\/\/www.visit-ulcinj.com\/blog\/2011\/04\/05\/flori-me-fugen-ne-balkan-music-awards\/\",\"name\":\"Flori me Fug\u00ebn n\u00eb Balkan Music Awards - Lajme nga Ulqini\",\"isPartOf\":{\"@id\":\"https:\/\/www.visit-ulcinj.com\/blog\/#website\"},\"primaryImageOfPage\":{\"@id\":\"https:\/\/www.visit-ulcinj.com\/blog\/2011\/04\/05\/flori-me-fugen-ne-balkan-music-awards\/#primaryimage\"},\"datePublished\":\"2011-04-05T10:25:48+00:00\",\"dateModified\":\"2011-04-05T10:26:06+00:00\",\"author\":{\"@id\":\"https:\/\/www.visit-ulcinj.com\/blog\/#\/schema\/person\/dcab619c614d3038751c63bc2aadc06d\"},\"description\":\"K\u00ebng\u00ebtari dhe kompozitori\u00a0 Flori Mumajesi \u00ebsht\u00eb s\u00ebrish i nominuar p\u00ebr \u00e7mimet \u2018Balkan Music Awards. K\u00ebsaj radhe ai konkurron me k\u00ebng\u00ebn \u201cMaking of\u201d n\u00eb\",\"breadcrumb\":{\"@id\":\"https:\/\/www.visit-ulcinj.com\/blog\/2011\/04\/05\/flori-me-fugen-ne-balkan-music-awards\/#breadcrumb\"},\"inLanguage\":\"en-US\",\"potentialAction\":[{\"@type\":\"ReadAction\",\"target\":[\"https:\/\/www.visit-ulcinj.com\/blog\/2011\/04\/05\/flori-me-fugen-ne-balkan-music-awards\/\"]}]},{\"@type\":\"BreadcrumbList\",\"@id\":\"https:\/\/www.visit-ulcinj.com\/blog\/2011\/04\/05\/flori-me-fugen-ne-balkan-music-awards\/#breadcrumb\",\"itemListElement\":[{\"@type\":\"ListItem\",\"position\":1,\"name\":\"Flori me Fug\u00ebn n\u00eb Balkan Music Awards\"}]},{\"@type\":\"Person\",\"@id\":\"https:\/\/www.visit-ulcinj.com\/blog\/#\/schema\/person\/dcab619c614d3038751c63bc2aadc06d\",\"name\":\"ulqini\",\"sameAs\":[\"http:\/\/www.visit-ulcinj.com\"],\"url\":\"https:\/\/www.visit-ulcinj.com\/blog\/author\/admin\/\"}]}<\/script>\n<!-- \/ Yoast SEO plugin. -->","yoast_head_json":{"title":"Flori me Fug\u00ebn n\u00eb Balkan Music Awards - Lajme nga Ulqini","description":"K\u00ebng\u00ebtari dhe kompozitori\u00a0 Flori Mumajesi \u00ebsht\u00eb s\u00ebrish i nominuar p\u00ebr \u00e7mimet \u2018Balkan Music Awards. K\u00ebsaj radhe ai konkurron me k\u00ebng\u00ebn \u201cMaking of\u201d n\u00eb","robots":{"index":"index","follow":"follow","max-snippet":"max-snippet:-1","max-image-preview":"max-image-preview:large","max-video-preview":"max-video-preview:-1"},"canonical":"https:\/\/www.visit-ulcinj.com\/blog\/2011\/04\/05\/flori-me-fugen-ne-balkan-music-awards\/","og_locale":"en_US","og_type":"article","og_title":"Flori me Fug\u00ebn n\u00eb Balkan Music Awards - Lajme nga Ulqini","og_description":"K\u00ebng\u00ebtari dhe kompozitori\u00a0 Flori Mumajesi \u00ebsht\u00eb s\u00ebrish i nominuar p\u00ebr \u00e7mimet \u2018Balkan Music Awards. K\u00ebsaj radhe ai konkurron me k\u00ebng\u00ebn \u201cMaking of\u201d n\u00eb","og_url":"https:\/\/www.visit-ulcinj.com\/blog\/2011\/04\/05\/flori-me-fugen-ne-balkan-music-awards\/","og_site_name":"Lajme nga Ulqini","article_published_time":"2011-04-05T10:25:48+00:00","article_modified_time":"2011-04-05T10:26:06+00:00","og_image":[{"url":"http:\/\/www.visit-ulcinj.com\/blog\/wp-content\/uploads\/2011\/04\/Flori-Mumajesi.jpg"}],"twitter_misc":{"Written by":"ulqini","Est. reading time":"1 minute"},"schema":{"@context":"https:\/\/schema.org","@graph":[{"@type":"WebSite","@id":"https:\/\/www.visit-ulcinj.com\/blog\/#website","url":"https:\/\/www.visit-ulcinj.com\/blog\/","name":"Lajme nga Ulqini","description":"Lajme,Vijesti,Ulqini,Ulqin,Crna Gora,Mali i Zi","potentialAction":[{"@type":"SearchAction","target":{"@type":"EntryPoint","urlTemplate":"https:\/\/www.visit-ulcinj.com\/blog\/?s={search_term_string}"},"query-input":"required name=search_term_string"}],"inLanguage":"en-US"},{"@type":"ImageObject","inLanguage":"en-US","@id":"https:\/\/www.visit-ulcinj.com\/blog\/2011\/04\/05\/flori-me-fugen-ne-balkan-music-awards\/#primaryimage","url":"http:\/\/www.visit-ulcinj.com\/blog\/wp-content\/uploads\/2011\/04\/Flori-Mumajesi.jpg","contentUrl":"http:\/\/www.visit-ulcinj.com\/blog\/wp-content\/uploads\/2011\/04\/Flori-Mumajesi.jpg"},{"@type":"WebPage","@id":"https:\/\/www.visit-ulcinj.com\/blog\/2011\/04\/05\/flori-me-fugen-ne-balkan-music-awards\/#webpage","url":"https:\/\/www.visit-ulcinj.com\/blog\/2011\/04\/05\/flori-me-fugen-ne-balkan-music-awards\/","name":"Flori me Fug\u00ebn n\u00eb Balkan Music Awards - Lajme nga Ulqini","isPartOf":{"@id":"https:\/\/www.visit-ulcinj.com\/blog\/#website"},"primaryImageOfPage":{"@id":"https:\/\/www.visit-ulcinj.com\/blog\/2011\/04\/05\/flori-me-fugen-ne-balkan-music-awards\/#primaryimage"},"datePublished":"2011-04-05T10:25:48+00:00","dateModified":"2011-04-05T10:26:06+00:00","author":{"@id":"https:\/\/www.visit-ulcinj.com\/blog\/#\/schema\/person\/dcab619c614d3038751c63bc2aadc06d"},"description":"K\u00ebng\u00ebtari dhe kompozitori\u00a0 Flori Mumajesi \u00ebsht\u00eb s\u00ebrish i nominuar p\u00ebr \u00e7mimet \u2018Balkan Music Awards. K\u00ebsaj radhe ai konkurron me k\u00ebng\u00ebn \u201cMaking of\u201d n\u00eb","breadcrumb":{"@id":"https:\/\/www.visit-ulcinj.com\/blog\/2011\/04\/05\/flori-me-fugen-ne-balkan-music-awards\/#breadcrumb"},"inLanguage":"en-US","potentialAction":[{"@type":"ReadAction","target":["https:\/\/www.visit-ulcinj.com\/blog\/2011\/04\/05\/flori-me-fugen-ne-balkan-music-awards\/"]}]},{"@type":"BreadcrumbList","@id":"https:\/\/www.visit-ulcinj.com\/blog\/2011\/04\/05\/flori-me-fugen-ne-balkan-music-awards\/#breadcrumb","itemListElement":[{"@type":"ListItem","position":1,"name":"Flori me Fug\u00ebn n\u00eb Balkan Music Awards"}]},{"@type":"Person","@id":"https:\/\/www.visit-ulcinj.com\/blog\/#\/schema\/person\/dcab619c614d3038751c63bc2aadc06d","name":"ulqini","sameAs":["http:\/\/www.visit-ulcinj.com"],"url":"https:\/\/www.visit-ulcinj.com\/blog\/author\/admin\/"}]}},"jetpack_featured_media_url":"","jetpack_sharing_enabled":true,"jetpack_shortlink":"https:\/\/wp.me\/pe6lTn-bPV","_links":{"self":[{"href":"https:\/\/www.visit-ulcinj.com\/blog\/wp-json\/wp\/v2\/posts\/45503"}],"collection":[{"href":"https:\/\/www.visit-ulcinj.com\/blog\/wp-json\/wp\/v2\/posts"}],"about":[{"href":"https:\/\/www.visit-ulcinj.com\/blog\/wp-json\/wp\/v2\/types\/post"}],"author":[{"embeddable":true,"href":"https:\/\/www.visit-ulcinj.com\/blog\/wp-json\/wp\/v2\/users\/1"}],"replies":[{"embeddable":true,"href":"https:\/\/www.visit-ulcinj.com\/blog\/wp-json\/wp\/v2\/comments?post=45503"}],"version-history":[{"count":0,"href":"https:\/\/www.visit-ulcinj.com\/blog\/wp-json\/wp\/v2\/posts\/45503\/revisions"}],"wp:attachment":[{"href":"https:\/\/www.visit-ulcinj.com\/blog\/wp-json\/wp\/v2\/media?parent=45503"}],"wp:term":[{"taxonomy":"category","embeddable":true,"href":"https:\/\/www.visit-ulcinj.com\/blog\/wp-json\/wp\/v2\/categories?post=45503"},{"taxonomy":"post_tag","embeddable":true,"href":"https:\/\/www.visit-ulcinj.com\/blog\/wp-json\/wp\/v2\/tags?post=45503"}],"curies":[{"name":"wp","href":"https:\/\/api.w.org\/{rel}","templated":true}]}}