{"id":45523,"date":"2011-04-05T17:32:06","date_gmt":"2011-04-05T16:32:06","guid":{"rendered":"http:\/\/www.visit-ulcinj.com\/blog\/?p=45523"},"modified":"2011-04-05T17:32:43","modified_gmt":"2011-04-05T16:32:43","slug":"dafina-po-zmadhova-gjoksin","status":"publish","type":"post","link":"https:\/\/www.visit-ulcinj.com\/blog\/2011\/04\/05\/dafina-po-zmadhova-gjoksin\/","title":{"rendered":"Dafina: Po zmadhova gjoksin"},"content":{"rendered":"<p><strong><a href=\"http:\/\/www.visit-ulcinj.com\/blog\/wp-content\/uploads\/2011\/04\/dafina-zeqiri.jpg\"><img loading=\"lazy\" class=\"alignleft size-full wp-image-45524\" title=\"dafina zeqiri\" src=\"http:\/\/www.visit-ulcinj.com\/blog\/wp-content\/uploads\/2011\/04\/dafina-zeqiri.jpg\" alt=\"\" width=\"508\" height=\"370\" \/><\/a>Dafina Zeqiri ka konfirmuar se ajo ka b\u00ebr\u00eb nd\u00ebrhyrje kirurgjike p\u00ebr t\u00eb zmadhuar gjoksin e saj.<br \/>\n<\/strong><\/p>\n<p>Thashethemet se k\u00ebng\u00ebtarja kishte operuar gjinjt\u00eb u p\u00ebrhap\u00ebn jav\u00ebn e kaluar, por shum\u00ebkush dyshoi n\u00ebse ato jan\u00eb t\u00eb v\u00ebrteta. Megjithat\u00eb k\u00ebto dyshime i ka hequr vet\u00eb k\u00ebng\u00ebtarja, e cila ka konfirmuar gjith\u00e7ka.<\/p>\n<p>Dafina ka folur p\u00ebr operimin si e ftuar n\u00eb emisionin \u201cPrive\u201d t\u00eb Klan Kosova ku ka th\u00ebn\u00eb se nd\u00ebrhyrja kirurgjike ishte b\u00ebr\u00eb n\u00eb Maqedoni.<\/p>\n<p>Por, ajo ka mohuar t\u00eb ket\u00eb b\u00ebr\u00eb operacione t\u00eb tjera n\u00eb buz\u00eb e fytyr\u00eb si\u00e7 ishte raportua m\u00eb her\u00ebt n\u00ebp\u00ebr disa media.<\/p>\n<p>K\u00ebng\u00ebtarja ka treguar se m\u00eb her\u00ebt kishte b\u00ebr\u00eb nd\u00ebrhyrje vet\u00ebm n\u00eb hund\u00eb, nd\u00ebrsa \u00ebsht\u00eb zotuar se gjith\u00e7ka do t\u00eb p\u00ebrfundoj\u00eb me k\u00ebt\u00eb nd\u00ebrhyrje n\u00eb gjoks dhe se nuk do t\u00eb b\u00ebj\u00eb m\u00eb t\u00eb tjera operacione.<\/p>\n<p>Ajo gjithashtu ka mohuar se ka anuluar koncerte p\u00ebr shkak t\u00eb s\u00ebmundjes s\u00eb n\u00ebn\u00ebs s\u00eb saj, dhe gjithashtu ka treguar se faqet e saj n\u00eb Facebook vazhdimisht po thyhen nga haker\u00ebt.<\/p>\n<!--YouTube Error: bad URL entered-->\n","protected":false},"excerpt":{"rendered":"<p>Dafina Zeqiri ka konfirmuar se ajo ka b\u00ebr\u00eb nd\u00ebrhyrje kirurgjike p\u00ebr t\u00eb zmadhuar gjoksin e saj. Thashethemet se k\u00ebng\u00ebtarja kishte operuar gjinjt\u00eb u p\u00ebrhap\u00ebn jav\u00ebn e kaluar, por shum\u00ebkush dyshoi n\u00ebse ato jan\u00eb t\u00eb v\u00ebrteta. Megjithat\u00eb k\u00ebto dyshime i ka hequr vet\u00eb k\u00ebng\u00ebtarja, e cila ka konfirmuar gjith\u00e7ka. Dafina ka folur p\u00ebr operimin si e [&hellip;]<\/p>\n","protected":false},"author":1,"featured_media":0,"comment_status":"open","ping_status":"closed","sticky":false,"template":"","format":"standard","meta":{"spay_email":"","jetpack_publicize_message":"","jetpack_is_tweetstorm":false,"jetpack_publicize_feature_enabled":true},"categories":[1],"tags":[4926],"jetpack_publicize_connections":[],"yoast_head":"<!-- This site is optimized with the Yoast SEO plugin v19.1 - https:\/\/yoast.com\/wordpress\/plugins\/seo\/ -->\n<title>Dafina: Po zmadhova gjoksin - Lajme nga Ulqini<\/title>\n<meta name=\"description\" content=\"Dafina Zeqiri ka konfirmuar se ajo ka b\u00ebr\u00eb nd\u00ebrhyrje kirurgjike p\u00ebr t\u00eb zmadhuar gjoksin e saj. Thashethemet se k\u00ebng\u00ebtarja kishte operuar gjinjt\u00eb u\" \/>\n<meta name=\"robots\" content=\"index, follow, max-snippet:-1, max-image-preview:large, max-video-preview:-1\" \/>\n<link rel=\"canonical\" href=\"https:\/\/www.visit-ulcinj.com\/blog\/2011\/04\/05\/dafina-po-zmadhova-gjoksin\/\" \/>\n<meta property=\"og:locale\" content=\"en_US\" \/>\n<meta property=\"og:type\" content=\"article\" \/>\n<meta property=\"og:title\" content=\"Dafina: Po zmadhova gjoksin - Lajme nga Ulqini\" \/>\n<meta property=\"og:description\" content=\"Dafina Zeqiri ka konfirmuar se ajo ka b\u00ebr\u00eb nd\u00ebrhyrje kirurgjike p\u00ebr t\u00eb zmadhuar gjoksin e saj. Thashethemet se k\u00ebng\u00ebtarja kishte operuar gjinjt\u00eb u\" \/>\n<meta property=\"og:url\" content=\"https:\/\/www.visit-ulcinj.com\/blog\/2011\/04\/05\/dafina-po-zmadhova-gjoksin\/\" \/>\n<meta property=\"og:site_name\" content=\"Lajme nga Ulqini\" \/>\n<meta property=\"article:published_time\" content=\"2011-04-05T16:32:06+00:00\" \/>\n<meta property=\"article:modified_time\" content=\"2011-04-05T16:32:43+00:00\" \/>\n<meta property=\"og:image\" content=\"http:\/\/www.visit-ulcinj.com\/blog\/wp-content\/uploads\/2011\/04\/dafina-zeqiri.jpg\" \/>\n<meta name=\"twitter:label1\" content=\"Written by\" \/>\n\t<meta name=\"twitter:data1\" content=\"ulqini\" \/>\n\t<meta name=\"twitter:label2\" content=\"Est. reading time\" \/>\n\t<meta name=\"twitter:data2\" content=\"1 minute\" \/>\n<script type=\"application\/ld+json\" class=\"yoast-schema-graph\">{\"@context\":\"https:\/\/schema.org\",\"@graph\":[{\"@type\":\"WebSite\",\"@id\":\"https:\/\/www.visit-ulcinj.com\/blog\/#website\",\"url\":\"https:\/\/www.visit-ulcinj.com\/blog\/\",\"name\":\"Lajme nga Ulqini\",\"description\":\"Lajme,Vijesti,Ulqini,Ulqin,Crna Gora,Mali i Zi\",\"potentialAction\":[{\"@type\":\"SearchAction\",\"target\":{\"@type\":\"EntryPoint\",\"urlTemplate\":\"https:\/\/www.visit-ulcinj.com\/blog\/?s={search_term_string}\"},\"query-input\":\"required name=search_term_string\"}],\"inLanguage\":\"en-US\"},{\"@type\":\"ImageObject\",\"inLanguage\":\"en-US\",\"@id\":\"https:\/\/www.visit-ulcinj.com\/blog\/2011\/04\/05\/dafina-po-zmadhova-gjoksin\/#primaryimage\",\"url\":\"http:\/\/www.visit-ulcinj.com\/blog\/wp-content\/uploads\/2011\/04\/dafina-zeqiri.jpg\",\"contentUrl\":\"http:\/\/www.visit-ulcinj.com\/blog\/wp-content\/uploads\/2011\/04\/dafina-zeqiri.jpg\"},{\"@type\":\"WebPage\",\"@id\":\"https:\/\/www.visit-ulcinj.com\/blog\/2011\/04\/05\/dafina-po-zmadhova-gjoksin\/#webpage\",\"url\":\"https:\/\/www.visit-ulcinj.com\/blog\/2011\/04\/05\/dafina-po-zmadhova-gjoksin\/\",\"name\":\"Dafina: Po zmadhova gjoksin - Lajme nga Ulqini\",\"isPartOf\":{\"@id\":\"https:\/\/www.visit-ulcinj.com\/blog\/#website\"},\"primaryImageOfPage\":{\"@id\":\"https:\/\/www.visit-ulcinj.com\/blog\/2011\/04\/05\/dafina-po-zmadhova-gjoksin\/#primaryimage\"},\"datePublished\":\"2011-04-05T16:32:06+00:00\",\"dateModified\":\"2011-04-05T16:32:43+00:00\",\"author\":{\"@id\":\"https:\/\/www.visit-ulcinj.com\/blog\/#\/schema\/person\/dcab619c614d3038751c63bc2aadc06d\"},\"description\":\"Dafina Zeqiri ka konfirmuar se ajo ka b\u00ebr\u00eb nd\u00ebrhyrje kirurgjike p\u00ebr t\u00eb zmadhuar gjoksin e saj. Thashethemet se k\u00ebng\u00ebtarja kishte operuar gjinjt\u00eb u\",\"breadcrumb\":{\"@id\":\"https:\/\/www.visit-ulcinj.com\/blog\/2011\/04\/05\/dafina-po-zmadhova-gjoksin\/#breadcrumb\"},\"inLanguage\":\"en-US\",\"potentialAction\":[{\"@type\":\"ReadAction\",\"target\":[\"https:\/\/www.visit-ulcinj.com\/blog\/2011\/04\/05\/dafina-po-zmadhova-gjoksin\/\"]}]},{\"@type\":\"BreadcrumbList\",\"@id\":\"https:\/\/www.visit-ulcinj.com\/blog\/2011\/04\/05\/dafina-po-zmadhova-gjoksin\/#breadcrumb\",\"itemListElement\":[{\"@type\":\"ListItem\",\"position\":1,\"name\":\"Dafina: Po zmadhova gjoksin\"}]},{\"@type\":\"Person\",\"@id\":\"https:\/\/www.visit-ulcinj.com\/blog\/#\/schema\/person\/dcab619c614d3038751c63bc2aadc06d\",\"name\":\"ulqini\",\"sameAs\":[\"http:\/\/www.visit-ulcinj.com\"],\"url\":\"https:\/\/www.visit-ulcinj.com\/blog\/author\/admin\/\"}]}<\/script>\n<!-- \/ Yoast SEO plugin. -->","yoast_head_json":{"title":"Dafina: Po zmadhova gjoksin - Lajme nga Ulqini","description":"Dafina Zeqiri ka konfirmuar se ajo ka b\u00ebr\u00eb nd\u00ebrhyrje kirurgjike p\u00ebr t\u00eb zmadhuar gjoksin e saj. Thashethemet se k\u00ebng\u00ebtarja kishte operuar gjinjt\u00eb u","robots":{"index":"index","follow":"follow","max-snippet":"max-snippet:-1","max-image-preview":"max-image-preview:large","max-video-preview":"max-video-preview:-1"},"canonical":"https:\/\/www.visit-ulcinj.com\/blog\/2011\/04\/05\/dafina-po-zmadhova-gjoksin\/","og_locale":"en_US","og_type":"article","og_title":"Dafina: Po zmadhova gjoksin - Lajme nga Ulqini","og_description":"Dafina Zeqiri ka konfirmuar se ajo ka b\u00ebr\u00eb nd\u00ebrhyrje kirurgjike p\u00ebr t\u00eb zmadhuar gjoksin e saj. Thashethemet se k\u00ebng\u00ebtarja kishte operuar gjinjt\u00eb u","og_url":"https:\/\/www.visit-ulcinj.com\/blog\/2011\/04\/05\/dafina-po-zmadhova-gjoksin\/","og_site_name":"Lajme nga Ulqini","article_published_time":"2011-04-05T16:32:06+00:00","article_modified_time":"2011-04-05T16:32:43+00:00","og_image":[{"url":"http:\/\/www.visit-ulcinj.com\/blog\/wp-content\/uploads\/2011\/04\/dafina-zeqiri.jpg"}],"twitter_misc":{"Written by":"ulqini","Est. reading time":"1 minute"},"schema":{"@context":"https:\/\/schema.org","@graph":[{"@type":"WebSite","@id":"https:\/\/www.visit-ulcinj.com\/blog\/#website","url":"https:\/\/www.visit-ulcinj.com\/blog\/","name":"Lajme nga Ulqini","description":"Lajme,Vijesti,Ulqini,Ulqin,Crna Gora,Mali i Zi","potentialAction":[{"@type":"SearchAction","target":{"@type":"EntryPoint","urlTemplate":"https:\/\/www.visit-ulcinj.com\/blog\/?s={search_term_string}"},"query-input":"required name=search_term_string"}],"inLanguage":"en-US"},{"@type":"ImageObject","inLanguage":"en-US","@id":"https:\/\/www.visit-ulcinj.com\/blog\/2011\/04\/05\/dafina-po-zmadhova-gjoksin\/#primaryimage","url":"http:\/\/www.visit-ulcinj.com\/blog\/wp-content\/uploads\/2011\/04\/dafina-zeqiri.jpg","contentUrl":"http:\/\/www.visit-ulcinj.com\/blog\/wp-content\/uploads\/2011\/04\/dafina-zeqiri.jpg"},{"@type":"WebPage","@id":"https:\/\/www.visit-ulcinj.com\/blog\/2011\/04\/05\/dafina-po-zmadhova-gjoksin\/#webpage","url":"https:\/\/www.visit-ulcinj.com\/blog\/2011\/04\/05\/dafina-po-zmadhova-gjoksin\/","name":"Dafina: Po zmadhova gjoksin - Lajme nga Ulqini","isPartOf":{"@id":"https:\/\/www.visit-ulcinj.com\/blog\/#website"},"primaryImageOfPage":{"@id":"https:\/\/www.visit-ulcinj.com\/blog\/2011\/04\/05\/dafina-po-zmadhova-gjoksin\/#primaryimage"},"datePublished":"2011-04-05T16:32:06+00:00","dateModified":"2011-04-05T16:32:43+00:00","author":{"@id":"https:\/\/www.visit-ulcinj.com\/blog\/#\/schema\/person\/dcab619c614d3038751c63bc2aadc06d"},"description":"Dafina Zeqiri ka konfirmuar se ajo ka b\u00ebr\u00eb nd\u00ebrhyrje kirurgjike p\u00ebr t\u00eb zmadhuar gjoksin e saj. Thashethemet se k\u00ebng\u00ebtarja kishte operuar gjinjt\u00eb u","breadcrumb":{"@id":"https:\/\/www.visit-ulcinj.com\/blog\/2011\/04\/05\/dafina-po-zmadhova-gjoksin\/#breadcrumb"},"inLanguage":"en-US","potentialAction":[{"@type":"ReadAction","target":["https:\/\/www.visit-ulcinj.com\/blog\/2011\/04\/05\/dafina-po-zmadhova-gjoksin\/"]}]},{"@type":"BreadcrumbList","@id":"https:\/\/www.visit-ulcinj.com\/blog\/2011\/04\/05\/dafina-po-zmadhova-gjoksin\/#breadcrumb","itemListElement":[{"@type":"ListItem","position":1,"name":"Dafina: Po zmadhova gjoksin"}]},{"@type":"Person","@id":"https:\/\/www.visit-ulcinj.com\/blog\/#\/schema\/person\/dcab619c614d3038751c63bc2aadc06d","name":"ulqini","sameAs":["http:\/\/www.visit-ulcinj.com"],"url":"https:\/\/www.visit-ulcinj.com\/blog\/author\/admin\/"}]}},"jetpack_featured_media_url":"","jetpack_sharing_enabled":true,"jetpack_shortlink":"https:\/\/wp.me\/pe6lTn-bQf","_links":{"self":[{"href":"https:\/\/www.visit-ulcinj.com\/blog\/wp-json\/wp\/v2\/posts\/45523"}],"collection":[{"href":"https:\/\/www.visit-ulcinj.com\/blog\/wp-json\/wp\/v2\/posts"}],"about":[{"href":"https:\/\/www.visit-ulcinj.com\/blog\/wp-json\/wp\/v2\/types\/post"}],"author":[{"embeddable":true,"href":"https:\/\/www.visit-ulcinj.com\/blog\/wp-json\/wp\/v2\/users\/1"}],"replies":[{"embeddable":true,"href":"https:\/\/www.visit-ulcinj.com\/blog\/wp-json\/wp\/v2\/comments?post=45523"}],"version-history":[{"count":0,"href":"https:\/\/www.visit-ulcinj.com\/blog\/wp-json\/wp\/v2\/posts\/45523\/revisions"}],"wp:attachment":[{"href":"https:\/\/www.visit-ulcinj.com\/blog\/wp-json\/wp\/v2\/media?parent=45523"}],"wp:term":[{"taxonomy":"category","embeddable":true,"href":"https:\/\/www.visit-ulcinj.com\/blog\/wp-json\/wp\/v2\/categories?post=45523"},{"taxonomy":"post_tag","embeddable":true,"href":"https:\/\/www.visit-ulcinj.com\/blog\/wp-json\/wp\/v2\/tags?post=45523"}],"curies":[{"name":"wp","href":"https:\/\/api.w.org\/{rel}","templated":true}]}}