{"id":45534,"date":"2011-04-05T18:17:06","date_gmt":"2011-04-05T17:17:06","guid":{"rendered":"http:\/\/www.visit-ulcinj.com\/blog\/?p=45534"},"modified":"2011-04-05T18:17:32","modified_gmt":"2011-04-05T17:17:32","slug":"holaj-prijedlog-neprihvatljiv","status":"publish","type":"post","link":"https:\/\/www.visit-ulcinj.com\/blog\/2011\/04\/05\/holaj-prijedlog-neprihvatljiv\/","title":{"rendered":"Holaj: Prijedlog neprihvatljiv"},"content":{"rendered":"<p><a href=\"http:\/\/www.visit-ulcinj.com\/blog\/wp-content\/uploads\/2011\/04\/Amir-Hollaj.jpg\"><img loading=\"lazy\" class=\"alignleft size-medium wp-image-45536\" title=\"Amir Hollaj\" src=\"http:\/\/www.visit-ulcinj.com\/blog\/wp-content\/uploads\/2011\/04\/Amir-Hollaj-201x300.jpg\" alt=\"\" width=\"201\" height=\"300\" srcset=\"https:\/\/www.visit-ulcinj.com\/blog\/wp-content\/uploads\/2011\/04\/Amir-Hollaj-201x300.jpg 201w, https:\/\/www.visit-ulcinj.com\/blog\/wp-content\/uploads\/2011\/04\/Amir-Hollaj.jpg 483w\" sizes=\"(max-width: 201px) 100vw, 201px\" \/><\/a>Nacrt modela izbornog zakona koji je utvrdio Kolegijum predsjednika Skup\u0161tine, nije prihvatljiv za albanske partije jer se njime ukidaju ste\u010dena prava Albanacima, kazao je danas \u0161ef poslani\u010dkog kluba albanskih stranaka Amir Holaj, prenosi agencija Mina.<\/p>\n<p>&#8220;Trenutni model koji je predlo\u017eio Kolegijum neprihvatljiv je za albanske partije&#8221;, rekao je Holaj agenciji Mina.<\/p>\n<p>On je naveo da se predlo\u017eenim modelom ukidaju ste\u010dena prava Albanaca.<\/p>\n<p>&#8220;Model koji je ponu\u0111en, po svemu sude\u0107i, prihvatljiv je za ve\u0107inu, ali, na\u017ealost, ne i za albanske partije&#8221;, kazao je Holaj.<\/p>\n<p>On je istakao da se albanske partije zala\u017eu za zadr\u017eavanje ste\u010denih prava, odnosno njihovo unapre\u0111enje.<\/p>\n<p>&#8220;Poku\u0161a\u0107emo da ostale parlamentarne partije uvjerimo u potrebu zadr\u017eavanja onoga \u0161to su ste\u010dena prava Albanaca&#8221;.<\/p>\n<p>Kolegijum predsjednika skup\u0161tine dostavio je partijama nacrt modela izbornog zakona, o kojem bi one trebalo da se izjasne do sjutra.<\/p>\n<p><a href=\"http:\/\/www.rtcg.me\/vijesti\/politika\/aktuelno\/40933-holajprijedlog-neprihvatljiv.html\" target=\"_blank\"><strong>RTCG<\/strong><\/a><\/p>\n","protected":false},"excerpt":{"rendered":"<p>Nacrt modela izbornog zakona koji je utvrdio Kolegijum predsjednika Skup\u0161tine, nije prihvatljiv za albanske partije jer se njime ukidaju ste\u010dena prava Albanacima, kazao je danas \u0161ef poslani\u010dkog kluba albanskih stranaka Amir Holaj, prenosi agencija Mina. &#8220;Trenutni model koji je predlo\u017eio Kolegijum neprihvatljiv je za albanske partije&#8221;, rekao je Holaj agenciji Mina. On je naveo da [&hellip;]<\/p>\n","protected":false},"author":1,"featured_media":0,"comment_status":"open","ping_status":"closed","sticky":false,"template":"","format":"standard","meta":{"spay_email":"","jetpack_publicize_message":"","jetpack_is_tweetstorm":false,"jetpack_publicize_feature_enabled":true},"categories":[8337],"tags":[1303,19],"jetpack_publicize_connections":[],"yoast_head":"<!-- This site is optimized with the Yoast SEO plugin v19.1 - https:\/\/yoast.com\/wordpress\/plugins\/seo\/ -->\n<title>Holaj: Prijedlog neprihvatljiv - Lajme nga Ulqini<\/title>\n<meta name=\"description\" content=\"Nacrt modela izbornog zakona koji je utvrdio Kolegijum predsjednika Skup\u0161tine, nije prihvatljiv za albanske partije jer se njime ukidaju ste\u010dena prava\" \/>\n<meta name=\"robots\" content=\"index, follow, max-snippet:-1, max-image-preview:large, max-video-preview:-1\" \/>\n<link rel=\"canonical\" href=\"https:\/\/www.visit-ulcinj.com\/blog\/2011\/04\/05\/holaj-prijedlog-neprihvatljiv\/\" \/>\n<meta property=\"og:locale\" content=\"en_US\" \/>\n<meta property=\"og:type\" content=\"article\" \/>\n<meta property=\"og:title\" content=\"Holaj: Prijedlog neprihvatljiv - Lajme nga Ulqini\" \/>\n<meta property=\"og:description\" content=\"Nacrt modela izbornog zakona koji je utvrdio Kolegijum predsjednika Skup\u0161tine, nije prihvatljiv za albanske partije jer se njime ukidaju ste\u010dena prava\" \/>\n<meta property=\"og:url\" content=\"https:\/\/www.visit-ulcinj.com\/blog\/2011\/04\/05\/holaj-prijedlog-neprihvatljiv\/\" \/>\n<meta property=\"og:site_name\" content=\"Lajme nga Ulqini\" \/>\n<meta property=\"article:published_time\" content=\"2011-04-05T17:17:06+00:00\" \/>\n<meta property=\"article:modified_time\" content=\"2011-04-05T17:17:32+00:00\" \/>\n<meta property=\"og:image\" content=\"http:\/\/www.visit-ulcinj.com\/blog\/wp-content\/uploads\/2011\/04\/Amir-Hollaj-201x300.jpg\" \/>\n<meta name=\"twitter:label1\" content=\"Written by\" \/>\n\t<meta name=\"twitter:data1\" content=\"ulqini\" \/>\n\t<meta name=\"twitter:label2\" content=\"Est. reading time\" \/>\n\t<meta name=\"twitter:data2\" content=\"1 minute\" \/>\n<script type=\"application\/ld+json\" class=\"yoast-schema-graph\">{\"@context\":\"https:\/\/schema.org\",\"@graph\":[{\"@type\":\"WebSite\",\"@id\":\"https:\/\/www.visit-ulcinj.com\/blog\/#website\",\"url\":\"https:\/\/www.visit-ulcinj.com\/blog\/\",\"name\":\"Lajme nga Ulqini\",\"description\":\"Lajme,Vijesti,Ulqini,Ulqin,Crna Gora,Mali i Zi\",\"potentialAction\":[{\"@type\":\"SearchAction\",\"target\":{\"@type\":\"EntryPoint\",\"urlTemplate\":\"https:\/\/www.visit-ulcinj.com\/blog\/?s={search_term_string}\"},\"query-input\":\"required name=search_term_string\"}],\"inLanguage\":\"en-US\"},{\"@type\":\"ImageObject\",\"inLanguage\":\"en-US\",\"@id\":\"https:\/\/www.visit-ulcinj.com\/blog\/2011\/04\/05\/holaj-prijedlog-neprihvatljiv\/#primaryimage\",\"url\":\"https:\/\/www.visit-ulcinj.com\/blog\/wp-content\/uploads\/2011\/04\/Amir-Hollaj.jpg\",\"contentUrl\":\"https:\/\/www.visit-ulcinj.com\/blog\/wp-content\/uploads\/2011\/04\/Amir-Hollaj.jpg\",\"width\":\"483\",\"height\":\"720\"},{\"@type\":\"WebPage\",\"@id\":\"https:\/\/www.visit-ulcinj.com\/blog\/2011\/04\/05\/holaj-prijedlog-neprihvatljiv\/#webpage\",\"url\":\"https:\/\/www.visit-ulcinj.com\/blog\/2011\/04\/05\/holaj-prijedlog-neprihvatljiv\/\",\"name\":\"Holaj: Prijedlog neprihvatljiv - Lajme nga Ulqini\",\"isPartOf\":{\"@id\":\"https:\/\/www.visit-ulcinj.com\/blog\/#website\"},\"primaryImageOfPage\":{\"@id\":\"https:\/\/www.visit-ulcinj.com\/blog\/2011\/04\/05\/holaj-prijedlog-neprihvatljiv\/#primaryimage\"},\"datePublished\":\"2011-04-05T17:17:06+00:00\",\"dateModified\":\"2011-04-05T17:17:32+00:00\",\"author\":{\"@id\":\"https:\/\/www.visit-ulcinj.com\/blog\/#\/schema\/person\/dcab619c614d3038751c63bc2aadc06d\"},\"description\":\"Nacrt modela izbornog zakona koji je utvrdio Kolegijum predsjednika Skup\u0161tine, nije prihvatljiv za albanske partije jer se njime ukidaju ste\u010dena prava\",\"breadcrumb\":{\"@id\":\"https:\/\/www.visit-ulcinj.com\/blog\/2011\/04\/05\/holaj-prijedlog-neprihvatljiv\/#breadcrumb\"},\"inLanguage\":\"en-US\",\"potentialAction\":[{\"@type\":\"ReadAction\",\"target\":[\"https:\/\/www.visit-ulcinj.com\/blog\/2011\/04\/05\/holaj-prijedlog-neprihvatljiv\/\"]}]},{\"@type\":\"BreadcrumbList\",\"@id\":\"https:\/\/www.visit-ulcinj.com\/blog\/2011\/04\/05\/holaj-prijedlog-neprihvatljiv\/#breadcrumb\",\"itemListElement\":[{\"@type\":\"ListItem\",\"position\":1,\"name\":\"Holaj: Prijedlog neprihvatljiv\"}]},{\"@type\":\"Person\",\"@id\":\"https:\/\/www.visit-ulcinj.com\/blog\/#\/schema\/person\/dcab619c614d3038751c63bc2aadc06d\",\"name\":\"ulqini\",\"sameAs\":[\"http:\/\/www.visit-ulcinj.com\"],\"url\":\"https:\/\/www.visit-ulcinj.com\/blog\/author\/admin\/\"}]}<\/script>\n<!-- \/ Yoast SEO plugin. -->","yoast_head_json":{"title":"Holaj: Prijedlog neprihvatljiv - Lajme nga Ulqini","description":"Nacrt modela izbornog zakona koji je utvrdio Kolegijum predsjednika Skup\u0161tine, nije prihvatljiv za albanske partije jer se njime ukidaju ste\u010dena prava","robots":{"index":"index","follow":"follow","max-snippet":"max-snippet:-1","max-image-preview":"max-image-preview:large","max-video-preview":"max-video-preview:-1"},"canonical":"https:\/\/www.visit-ulcinj.com\/blog\/2011\/04\/05\/holaj-prijedlog-neprihvatljiv\/","og_locale":"en_US","og_type":"article","og_title":"Holaj: Prijedlog neprihvatljiv - Lajme nga Ulqini","og_description":"Nacrt modela izbornog zakona koji je utvrdio Kolegijum predsjednika Skup\u0161tine, nije prihvatljiv za albanske partije jer se njime ukidaju ste\u010dena prava","og_url":"https:\/\/www.visit-ulcinj.com\/blog\/2011\/04\/05\/holaj-prijedlog-neprihvatljiv\/","og_site_name":"Lajme nga Ulqini","article_published_time":"2011-04-05T17:17:06+00:00","article_modified_time":"2011-04-05T17:17:32+00:00","og_image":[{"url":"http:\/\/www.visit-ulcinj.com\/blog\/wp-content\/uploads\/2011\/04\/Amir-Hollaj-201x300.jpg"}],"twitter_misc":{"Written by":"ulqini","Est. reading time":"1 minute"},"schema":{"@context":"https:\/\/schema.org","@graph":[{"@type":"WebSite","@id":"https:\/\/www.visit-ulcinj.com\/blog\/#website","url":"https:\/\/www.visit-ulcinj.com\/blog\/","name":"Lajme nga Ulqini","description":"Lajme,Vijesti,Ulqini,Ulqin,Crna Gora,Mali i Zi","potentialAction":[{"@type":"SearchAction","target":{"@type":"EntryPoint","urlTemplate":"https:\/\/www.visit-ulcinj.com\/blog\/?s={search_term_string}"},"query-input":"required name=search_term_string"}],"inLanguage":"en-US"},{"@type":"ImageObject","inLanguage":"en-US","@id":"https:\/\/www.visit-ulcinj.com\/blog\/2011\/04\/05\/holaj-prijedlog-neprihvatljiv\/#primaryimage","url":"https:\/\/www.visit-ulcinj.com\/blog\/wp-content\/uploads\/2011\/04\/Amir-Hollaj.jpg","contentUrl":"https:\/\/www.visit-ulcinj.com\/blog\/wp-content\/uploads\/2011\/04\/Amir-Hollaj.jpg","width":"483","height":"720"},{"@type":"WebPage","@id":"https:\/\/www.visit-ulcinj.com\/blog\/2011\/04\/05\/holaj-prijedlog-neprihvatljiv\/#webpage","url":"https:\/\/www.visit-ulcinj.com\/blog\/2011\/04\/05\/holaj-prijedlog-neprihvatljiv\/","name":"Holaj: Prijedlog neprihvatljiv - Lajme nga Ulqini","isPartOf":{"@id":"https:\/\/www.visit-ulcinj.com\/blog\/#website"},"primaryImageOfPage":{"@id":"https:\/\/www.visit-ulcinj.com\/blog\/2011\/04\/05\/holaj-prijedlog-neprihvatljiv\/#primaryimage"},"datePublished":"2011-04-05T17:17:06+00:00","dateModified":"2011-04-05T17:17:32+00:00","author":{"@id":"https:\/\/www.visit-ulcinj.com\/blog\/#\/schema\/person\/dcab619c614d3038751c63bc2aadc06d"},"description":"Nacrt modela izbornog zakona koji je utvrdio Kolegijum predsjednika Skup\u0161tine, nije prihvatljiv za albanske partije jer se njime ukidaju ste\u010dena prava","breadcrumb":{"@id":"https:\/\/www.visit-ulcinj.com\/blog\/2011\/04\/05\/holaj-prijedlog-neprihvatljiv\/#breadcrumb"},"inLanguage":"en-US","potentialAction":[{"@type":"ReadAction","target":["https:\/\/www.visit-ulcinj.com\/blog\/2011\/04\/05\/holaj-prijedlog-neprihvatljiv\/"]}]},{"@type":"BreadcrumbList","@id":"https:\/\/www.visit-ulcinj.com\/blog\/2011\/04\/05\/holaj-prijedlog-neprihvatljiv\/#breadcrumb","itemListElement":[{"@type":"ListItem","position":1,"name":"Holaj: Prijedlog neprihvatljiv"}]},{"@type":"Person","@id":"https:\/\/www.visit-ulcinj.com\/blog\/#\/schema\/person\/dcab619c614d3038751c63bc2aadc06d","name":"ulqini","sameAs":["http:\/\/www.visit-ulcinj.com"],"url":"https:\/\/www.visit-ulcinj.com\/blog\/author\/admin\/"}]}},"jetpack_featured_media_url":"","jetpack_sharing_enabled":true,"jetpack_shortlink":"https:\/\/wp.me\/pe6lTn-bQq","_links":{"self":[{"href":"https:\/\/www.visit-ulcinj.com\/blog\/wp-json\/wp\/v2\/posts\/45534"}],"collection":[{"href":"https:\/\/www.visit-ulcinj.com\/blog\/wp-json\/wp\/v2\/posts"}],"about":[{"href":"https:\/\/www.visit-ulcinj.com\/blog\/wp-json\/wp\/v2\/types\/post"}],"author":[{"embeddable":true,"href":"https:\/\/www.visit-ulcinj.com\/blog\/wp-json\/wp\/v2\/users\/1"}],"replies":[{"embeddable":true,"href":"https:\/\/www.visit-ulcinj.com\/blog\/wp-json\/wp\/v2\/comments?post=45534"}],"version-history":[{"count":0,"href":"https:\/\/www.visit-ulcinj.com\/blog\/wp-json\/wp\/v2\/posts\/45534\/revisions"}],"wp:attachment":[{"href":"https:\/\/www.visit-ulcinj.com\/blog\/wp-json\/wp\/v2\/media?parent=45534"}],"wp:term":[{"taxonomy":"category","embeddable":true,"href":"https:\/\/www.visit-ulcinj.com\/blog\/wp-json\/wp\/v2\/categories?post=45534"},{"taxonomy":"post_tag","embeddable":true,"href":"https:\/\/www.visit-ulcinj.com\/blog\/wp-json\/wp\/v2\/tags?post=45534"}],"curies":[{"name":"wp","href":"https:\/\/api.w.org\/{rel}","templated":true}]}}