{"id":45562,"date":"2011-04-06T11:47:46","date_gmt":"2011-04-06T10:47:46","guid":{"rendered":"http:\/\/www.visit-ulcinj.com\/blog\/?p=45562"},"modified":"2011-04-08T15:38:55","modified_gmt":"2011-04-08T14:38:55","slug":"ne-prishtine-u-hap-edicioni-i-tete-i-panairit-te-turizmit-dhe-udhetimeve","status":"publish","type":"post","link":"https:\/\/www.visit-ulcinj.com\/blog\/2011\/04\/06\/ne-prishtine-u-hap-edicioni-i-tete-i-panairit-te-turizmit-dhe-udhetimeve\/","title":{"rendered":"N\u00eb Prishtin\u00eb u hap edicioni i tet\u00eb i Panairit t\u00eb turizmit dhe udh\u00ebtimeve"},"content":{"rendered":"<p><a href=\"http:\/\/www.visit-ulcinj.com\/blog\/wp-content\/uploads\/2011\/04\/Organizata-Turistike-e-Ulqinit-ne-Panairit-e-turizmit-ne-Prishtine_.jpg\"><img loading=\"lazy\" class=\"alignleft size-large wp-image-45563\" title=\"Organizata Turistike e Ulqinit ne Panairit e turizmit ne Prishtine_\" src=\"http:\/\/www.visit-ulcinj.com\/blog\/wp-content\/uploads\/2011\/04\/Organizata-Turistike-e-Ulqinit-ne-Panairit-e-turizmit-ne-Prishtine_-1024x768.jpg\" alt=\"\" width=\"508\" height=\"380\" srcset=\"https:\/\/www.visit-ulcinj.com\/blog\/wp-content\/uploads\/2011\/04\/Organizata-Turistike-e-Ulqinit-ne-Panairit-e-turizmit-ne-Prishtine_-1024x768.jpg 1024w, https:\/\/www.visit-ulcinj.com\/blog\/wp-content\/uploads\/2011\/04\/Organizata-Turistike-e-Ulqinit-ne-Panairit-e-turizmit-ne-Prishtine_-300x224.jpg 300w, https:\/\/www.visit-ulcinj.com\/blog\/wp-content\/uploads\/2011\/04\/Organizata-Turistike-e-Ulqinit-ne-Panairit-e-turizmit-ne-Prishtine_.jpg 1040w\" sizes=\"(max-width: 508px) 100vw, 508px\" \/><\/a>N\u00eb Prishtin\u00eb u hap edicioni i tet\u00eb i Panairit t\u00eb turizmit dhe udh\u00ebtimeve.N\u00eb k\u00ebt\u00eb eveniment t\u00eb r\u00ebnd\u00ebsish\u00ebm me stend\u00eb t\u00eb ve\u00e7ant\u00eb u prezantua edhe oferta turistike e Ulqinin.<br \/>\nOrganizata Turistike e qytetit, p\u00ebrfaq\u00ebsues t\u00eb agjencive turistike,pronar\u00ebt t\u00eb plazheve, hoteleve etj., edhe k\u00ebt\u00eb vit u prezentuan n\u00eb Panairin nd\u00ebrkomb\u00ebtar t\u00eb turizmit n\u00eb Prishtin\u00eb.<\/p>\n<p>N\u00eb p\u00ebrb\u00ebrje t\u00eb delegacinit ton\u00eb ishin kryetari Hajdinaga dhe kryetari i parlamentit z. Shkrela.<br \/>\n<a href=\"http:\/\/www.visit-ulcinj.com\/blog\/wp-content\/uploads\/2011\/04\/Organizata-Turistike-e-Ulqinit-ne-Panairit-e-turizmit-ne-Prishtine.1_.jpg\"><img loading=\"lazy\" class=\"alignleft size-large wp-image-45564\" title=\"Organizata Turistike e Ulqinit ne Panairit e turizmit ne Prishtine.1_\" src=\"http:\/\/www.visit-ulcinj.com\/blog\/wp-content\/uploads\/2011\/04\/Organizata-Turistike-e-Ulqinit-ne-Panairit-e-turizmit-ne-Prishtine.1_-1024x768.jpg\" alt=\"\" width=\"508\" height=\"360\" \/><\/a><br \/>\nPanairin e Prishtin\u00ebs e shpalli t\u00eb hapur ministrja e tregtis\u00eb dhe industris\u00eb s\u00eb Kosov\u00ebs z.nj Mimoza Kusari e cila falenderoj\u00eb komunitetit e biznesit, agjecit\u00eb turistike dhe pjes\u00ebmarr\u00ebsit e panairit. \u00a0Nd\u00ebrkaq, kryetari i Komun\u00ebs s\u00eb Ulqinit z. Gzim Hajdinaga n\u00eb ceremonin\u00eb e hapjes edhe nj\u00eb her\u00eb i shprehu falenderimet e tija t\u00eb gjith\u00eb kosovar\u00ebve q\u00eb \u00e7do her\u00eb zgjedhin si destinacion t\u00eb tyre t\u00eb preferuar Ulqinin.\u00a0M\u00eb tej ai shprehu bindjen q\u00eb edhe k\u00ebt\u00eb vit Ulqin do t\u00eb mbaj\u00eb epitetin e qytetit t\u00eb t\u00eb rinj\u00ebve edhe t\u00eb gjith\u00eb strukturat do t\u00eb b\u00ebjn\u00eb p\u00ebrpjekje q\u00eb n\u00eb t\u00ebr\u00ebsi t\u00eb p\u00ebrmbushin k\u00ebrkesat e vizitor\u00ebve dhe turist\u00ebve.<br \/>\nN\u00eb nd\u00ebr koh\u00eb, kryetari Hajdinaga, kryetari Shkreli dhe drejtori i Organizat\u00ebs turistike do t\u00eb ken\u00eb nj\u00eb takim me kryetarin e Prishtin\u00ebs dr. Isa Mustafa, nd\u00ebrkaq p\u00ebr nes\u00ebr jan\u00eb rezervuar takime me gazetar\u00eb si dhe me krer\u00eb t\u00eb lart\u00eb t\u00eb politik\u00ebs kosovare dhe do t\u00eb vizitohen disa qendra t\u00eb r\u00ebnd\u00ebsishme t\u00eb Kosov\u00ebs.<\/p>\n<p>&nbsp;<\/p>\n<p><strong>Municipality of Ulcinj \/ Ulqin<\/strong><br \/>\n<strong> Arsllan Hajdinaga<br \/>\n\n\t\t<style type=\"text\/css\">\n\t\t\t#gallery-1 {\n\t\t\t\tmargin: auto;\n\t\t\t}\n\t\t\t#gallery-1 .gallery-item {\n\t\t\t\tfloat: left;\n\t\t\t\tmargin-top: 10px;\n\t\t\t\ttext-align: center;\n\t\t\t\twidth: 33%;\n\t\t\t}\n\t\t\t#gallery-1 img {\n\t\t\t\tborder: 2px solid #cfcfcf;\n\t\t\t}\n\t\t\t#gallery-1 .gallery-caption {\n\t\t\t\tmargin-left: 0;\n\t\t\t}\n\t\t\t\/* see gallery_shortcode() in wp-includes\/media.php *\/\n\t\t<\/style>\n\t\t<div id='gallery-1' class='gallery galleryid-45562 gallery-columns-3 gallery-size-thumbnail'><dl class='gallery-item'>\n\t\t\t<dt class='gallery-icon landscape'>\n\t\t\t\t<a href='https:\/\/www.visit-ulcinj.com\/blog\/wp-content\/uploads\/2011\/04\/Organizata-Turistike-e-Ulqinit-ne-Panairit-e-turizmit-ne-Prishtine_.jpg'><img width=\"150\" height=\"150\" src=\"https:\/\/www.visit-ulcinj.com\/blog\/wp-content\/uploads\/2011\/04\/Organizata-Turistike-e-Ulqinit-ne-Panairit-e-turizmit-ne-Prishtine_-150x150.jpg\" class=\"attachment-thumbnail size-thumbnail\" alt=\"\" loading=\"lazy\" \/><\/a>\n\t\t\t<\/dt><\/dl><dl class='gallery-item'>\n\t\t\t<dt class='gallery-icon landscape'>\n\t\t\t\t<a href='https:\/\/www.visit-ulcinj.com\/blog\/wp-content\/uploads\/2011\/04\/Organizata-Turistike-e-Ulqinit-ne-Panairit-e-turizmit-ne-Prishtine.1_.jpg'><img width=\"150\" height=\"150\" src=\"https:\/\/www.visit-ulcinj.com\/blog\/wp-content\/uploads\/2011\/04\/Organizata-Turistike-e-Ulqinit-ne-Panairit-e-turizmit-ne-Prishtine.1_-150x150.jpg\" class=\"attachment-thumbnail size-thumbnail\" alt=\"\" loading=\"lazy\" \/><\/a>\n\t\t\t<\/dt><\/dl><dl class='gallery-item'>\n\t\t\t<dt class='gallery-icon landscape'>\n\t\t\t\t<a href='https:\/\/www.visit-ulcinj.com\/blog\/wp-content\/uploads\/2011\/04\/OrganizataTuristike-e-Ulqinit-ne-Panairit-e-turizmit-ne-Prishtine_.2.jpg'><img width=\"150\" height=\"150\" src=\"https:\/\/www.visit-ulcinj.com\/blog\/wp-content\/uploads\/2011\/04\/OrganizataTuristike-e-Ulqinit-ne-Panairit-e-turizmit-ne-Prishtine_.2-150x150.jpg\" class=\"attachment-thumbnail size-thumbnail\" alt=\"\" loading=\"lazy\" \/><\/a>\n\t\t\t<\/dt><\/dl><br style=\"clear: both\" \/><dl class='gallery-item'>\n\t\t\t<dt class='gallery-icon landscape'>\n\t\t\t\t<a href='https:\/\/www.visit-ulcinj.com\/blog\/wp-content\/uploads\/2011\/04\/OrganizataTuristike-e-Ulqinit-ne-Panairit-e-turizmit-ne-Prishtine_.3.jpg'><img width=\"150\" height=\"150\" src=\"https:\/\/www.visit-ulcinj.com\/blog\/wp-content\/uploads\/2011\/04\/OrganizataTuristike-e-Ulqinit-ne-Panairit-e-turizmit-ne-Prishtine_.3-150x150.jpg\" class=\"attachment-thumbnail size-thumbnail\" alt=\"\" loading=\"lazy\" \/><\/a>\n\t\t\t<\/dt><\/dl><dl class='gallery-item'>\n\t\t\t<dt class='gallery-icon landscape'>\n\t\t\t\t<a href='https:\/\/www.visit-ulcinj.com\/blog\/wp-content\/uploads\/2011\/04\/OrganizataTuristike-e-Ulqinit-ne-Panairit-e-turizmit-ne-Prishtine_.4.jpg'><img width=\"150\" height=\"150\" src=\"https:\/\/www.visit-ulcinj.com\/blog\/wp-content\/uploads\/2011\/04\/OrganizataTuristike-e-Ulqinit-ne-Panairit-e-turizmit-ne-Prishtine_.4-150x150.jpg\" class=\"attachment-thumbnail size-thumbnail\" alt=\"\" loading=\"lazy\" \/><\/a>\n\t\t\t<\/dt><\/dl><dl class='gallery-item'>\n\t\t\t<dt class='gallery-icon landscape'>\n\t\t\t\t<a href='https:\/\/www.visit-ulcinj.com\/blog\/wp-content\/uploads\/2011\/04\/OrganizataTuristike-e-Ulqinit-ne-Panairit-e-turizmit-ne-Prishtine_.1.jpg'><img width=\"150\" height=\"150\" src=\"https:\/\/www.visit-ulcinj.com\/blog\/wp-content\/uploads\/2011\/04\/OrganizataTuristike-e-Ulqinit-ne-Panairit-e-turizmit-ne-Prishtine_.1-150x150.jpg\" class=\"attachment-thumbnail size-thumbnail\" alt=\"\" loading=\"lazy\" \/><\/a>\n\t\t\t<\/dt><\/dl><br style=\"clear: both\" \/>\n\t\t<\/div>\n<\/p>\n<p><\/strong><\/p>\n<p><strong> <\/strong><\/p>\n<p><strong> <\/strong><\/p>\n<p><strong> <\/strong><\/p>\n<p><strong><!--YouTube Error: bad URL entered--><br \/>\n<\/strong><\/p>\n","protected":false},"excerpt":{"rendered":"<p>N\u00eb Prishtin\u00eb u hap edicioni i tet\u00eb i Panairit t\u00eb turizmit dhe udh\u00ebtimeve.N\u00eb k\u00ebt\u00eb eveniment t\u00eb r\u00ebnd\u00ebsish\u00ebm me stend\u00eb t\u00eb ve\u00e7ant\u00eb u prezantua edhe oferta turistike e Ulqinin. Organizata Turistike e qytetit, p\u00ebrfaq\u00ebsues t\u00eb agjencive turistike,pronar\u00ebt t\u00eb plazheve, hoteleve etj., edhe k\u00ebt\u00eb vit u prezentuan n\u00eb Panairin nd\u00ebrkomb\u00ebtar t\u00eb turizmit n\u00eb Prishtin\u00eb. N\u00eb p\u00ebrb\u00ebrje t\u00eb [&hellip;]<\/p>\n","protected":false},"author":1,"featured_media":0,"comment_status":"open","ping_status":"closed","sticky":false,"template":"","format":"standard","meta":{"spay_email":"","jetpack_publicize_message":"","jetpack_is_tweetstorm":false,"jetpack_publicize_feature_enabled":true},"categories":[1,15],"tags":[11818,16080,17994,222,17993,17997,17998,297,17990,325,729,17999,17995,17987,18000,10273,17986,17988,538,17991,17985,2334,17992,18001,17996,15541,17989,200,18,18002],"jetpack_publicize_connections":[],"yoast_head":"<!-- This site is optimized with the Yoast SEO plugin v19.1 - https:\/\/yoast.com\/wordpress\/plugins\/seo\/ -->\n<title>N\u00eb Prishtin\u00eb u hap edicioni i tet\u00eb i Panairit t\u00eb turizmit dhe udh\u00ebtimeve - Lajme nga Ulqini<\/title>\n<meta name=\"description\" content=\"N\u00eb Prishtin\u00eb u hap edicioni i tet\u00eb i Panairit t\u00eb turizmit dhe udh\u00ebtimeve.N\u00eb k\u00ebt\u00eb eveniment t\u00eb r\u00ebnd\u00ebsish\u00ebm me stend\u00eb t\u00eb ve\u00e7ant\u00eb u prezantua edhe oferta\" \/>\n<meta name=\"robots\" content=\"index, follow, max-snippet:-1, max-image-preview:large, max-video-preview:-1\" \/>\n<link rel=\"canonical\" href=\"https:\/\/www.visit-ulcinj.com\/blog\/2011\/04\/06\/ne-prishtine-u-hap-edicioni-i-tete-i-panairit-te-turizmit-dhe-udhetimeve\/\" \/>\n<meta property=\"og:locale\" content=\"en_US\" \/>\n<meta property=\"og:type\" content=\"article\" \/>\n<meta property=\"og:title\" content=\"N\u00eb Prishtin\u00eb u hap edicioni i tet\u00eb i Panairit t\u00eb turizmit dhe udh\u00ebtimeve - Lajme nga Ulqini\" \/>\n<meta property=\"og:description\" content=\"N\u00eb Prishtin\u00eb u hap edicioni i tet\u00eb i Panairit t\u00eb turizmit dhe udh\u00ebtimeve.N\u00eb k\u00ebt\u00eb eveniment t\u00eb r\u00ebnd\u00ebsish\u00ebm me stend\u00eb t\u00eb ve\u00e7ant\u00eb u prezantua edhe oferta\" \/>\n<meta property=\"og:url\" content=\"https:\/\/www.visit-ulcinj.com\/blog\/2011\/04\/06\/ne-prishtine-u-hap-edicioni-i-tete-i-panairit-te-turizmit-dhe-udhetimeve\/\" \/>\n<meta property=\"og:site_name\" content=\"Lajme nga Ulqini\" \/>\n<meta property=\"article:published_time\" content=\"2011-04-06T10:47:46+00:00\" \/>\n<meta property=\"article:modified_time\" content=\"2011-04-08T14:38:55+00:00\" \/>\n<meta property=\"og:image\" content=\"https:\/\/www.visit-ulcinj.com\/blog\/wp-content\/uploads\/2011\/04\/Organizata-Turistike-e-Ulqinit-ne-Panairit-e-turizmit-ne-Prishtine_-150x150.jpg\" \/>\n<meta name=\"twitter:label1\" content=\"Written by\" \/>\n\t<meta name=\"twitter:data1\" content=\"ulqini\" \/>\n\t<meta name=\"twitter:label2\" content=\"Est. reading time\" \/>\n\t<meta name=\"twitter:data2\" content=\"1 minute\" \/>\n<script type=\"application\/ld+json\" class=\"yoast-schema-graph\">{\"@context\":\"https:\/\/schema.org\",\"@graph\":[{\"@type\":\"WebSite\",\"@id\":\"https:\/\/www.visit-ulcinj.com\/blog\/#website\",\"url\":\"https:\/\/www.visit-ulcinj.com\/blog\/\",\"name\":\"Lajme nga Ulqini\",\"description\":\"Lajme,Vijesti,Ulqini,Ulqin,Crna Gora,Mali i Zi\",\"potentialAction\":[{\"@type\":\"SearchAction\",\"target\":{\"@type\":\"EntryPoint\",\"urlTemplate\":\"https:\/\/www.visit-ulcinj.com\/blog\/?s={search_term_string}\"},\"query-input\":\"required name=search_term_string\"}],\"inLanguage\":\"en-US\"},{\"@type\":\"ImageObject\",\"inLanguage\":\"en-US\",\"@id\":\"https:\/\/www.visit-ulcinj.com\/blog\/2011\/04\/06\/ne-prishtine-u-hap-edicioni-i-tete-i-panairit-te-turizmit-dhe-udhetimeve\/#primaryimage\",\"url\":\"https:\/\/www.visit-ulcinj.com\/blog\/wp-content\/uploads\/2011\/04\/Organizata-Turistike-e-Ulqinit-ne-Panairit-e-turizmit-ne-Prishtine_.jpg\",\"contentUrl\":\"https:\/\/www.visit-ulcinj.com\/blog\/wp-content\/uploads\/2011\/04\/Organizata-Turistike-e-Ulqinit-ne-Panairit-e-turizmit-ne-Prishtine_.jpg\",\"width\":\"1040\",\"height\":\"780\"},{\"@type\":\"WebPage\",\"@id\":\"https:\/\/www.visit-ulcinj.com\/blog\/2011\/04\/06\/ne-prishtine-u-hap-edicioni-i-tete-i-panairit-te-turizmit-dhe-udhetimeve\/#webpage\",\"url\":\"https:\/\/www.visit-ulcinj.com\/blog\/2011\/04\/06\/ne-prishtine-u-hap-edicioni-i-tete-i-panairit-te-turizmit-dhe-udhetimeve\/\",\"name\":\"N\u00eb Prishtin\u00eb u hap edicioni i tet\u00eb i Panairit t\u00eb turizmit dhe udh\u00ebtimeve - Lajme nga Ulqini\",\"isPartOf\":{\"@id\":\"https:\/\/www.visit-ulcinj.com\/blog\/#website\"},\"primaryImageOfPage\":{\"@id\":\"https:\/\/www.visit-ulcinj.com\/blog\/2011\/04\/06\/ne-prishtine-u-hap-edicioni-i-tete-i-panairit-te-turizmit-dhe-udhetimeve\/#primaryimage\"},\"datePublished\":\"2011-04-06T10:47:46+00:00\",\"dateModified\":\"2011-04-08T14:38:55+00:00\",\"author\":{\"@id\":\"https:\/\/www.visit-ulcinj.com\/blog\/#\/schema\/person\/dcab619c614d3038751c63bc2aadc06d\"},\"description\":\"N\u00eb Prishtin\u00eb u hap edicioni i tet\u00eb i Panairit t\u00eb turizmit dhe udh\u00ebtimeve.N\u00eb k\u00ebt\u00eb eveniment t\u00eb r\u00ebnd\u00ebsish\u00ebm me stend\u00eb t\u00eb ve\u00e7ant\u00eb u prezantua edhe oferta\",\"breadcrumb\":{\"@id\":\"https:\/\/www.visit-ulcinj.com\/blog\/2011\/04\/06\/ne-prishtine-u-hap-edicioni-i-tete-i-panairit-te-turizmit-dhe-udhetimeve\/#breadcrumb\"},\"inLanguage\":\"en-US\",\"potentialAction\":[{\"@type\":\"ReadAction\",\"target\":[\"https:\/\/www.visit-ulcinj.com\/blog\/2011\/04\/06\/ne-prishtine-u-hap-edicioni-i-tete-i-panairit-te-turizmit-dhe-udhetimeve\/\"]}]},{\"@type\":\"BreadcrumbList\",\"@id\":\"https:\/\/www.visit-ulcinj.com\/blog\/2011\/04\/06\/ne-prishtine-u-hap-edicioni-i-tete-i-panairit-te-turizmit-dhe-udhetimeve\/#breadcrumb\",\"itemListElement\":[{\"@type\":\"ListItem\",\"position\":1,\"name\":\"N\u00eb Prishtin\u00eb u hap edicioni i tet\u00eb i Panairit t\u00eb turizmit dhe udh\u00ebtimeve\"}]},{\"@type\":\"Person\",\"@id\":\"https:\/\/www.visit-ulcinj.com\/blog\/#\/schema\/person\/dcab619c614d3038751c63bc2aadc06d\",\"name\":\"ulqini\",\"sameAs\":[\"http:\/\/www.visit-ulcinj.com\"],\"url\":\"https:\/\/www.visit-ulcinj.com\/blog\/author\/admin\/\"}]}<\/script>\n<!-- \/ Yoast SEO plugin. -->","yoast_head_json":{"title":"N\u00eb Prishtin\u00eb u hap edicioni i tet\u00eb i Panairit t\u00eb turizmit dhe udh\u00ebtimeve - Lajme nga Ulqini","description":"N\u00eb Prishtin\u00eb u hap edicioni i tet\u00eb i Panairit t\u00eb turizmit dhe udh\u00ebtimeve.N\u00eb k\u00ebt\u00eb eveniment t\u00eb r\u00ebnd\u00ebsish\u00ebm me stend\u00eb t\u00eb ve\u00e7ant\u00eb u prezantua edhe oferta","robots":{"index":"index","follow":"follow","max-snippet":"max-snippet:-1","max-image-preview":"max-image-preview:large","max-video-preview":"max-video-preview:-1"},"canonical":"https:\/\/www.visit-ulcinj.com\/blog\/2011\/04\/06\/ne-prishtine-u-hap-edicioni-i-tete-i-panairit-te-turizmit-dhe-udhetimeve\/","og_locale":"en_US","og_type":"article","og_title":"N\u00eb Prishtin\u00eb u hap edicioni i tet\u00eb i Panairit t\u00eb turizmit dhe udh\u00ebtimeve - Lajme nga Ulqini","og_description":"N\u00eb Prishtin\u00eb u hap edicioni i tet\u00eb i Panairit t\u00eb turizmit dhe udh\u00ebtimeve.N\u00eb k\u00ebt\u00eb eveniment t\u00eb r\u00ebnd\u00ebsish\u00ebm me stend\u00eb t\u00eb ve\u00e7ant\u00eb u prezantua edhe oferta","og_url":"https:\/\/www.visit-ulcinj.com\/blog\/2011\/04\/06\/ne-prishtine-u-hap-edicioni-i-tete-i-panairit-te-turizmit-dhe-udhetimeve\/","og_site_name":"Lajme nga Ulqini","article_published_time":"2011-04-06T10:47:46+00:00","article_modified_time":"2011-04-08T14:38:55+00:00","og_image":[{"url":"https:\/\/www.visit-ulcinj.com\/blog\/wp-content\/uploads\/2011\/04\/Organizata-Turistike-e-Ulqinit-ne-Panairit-e-turizmit-ne-Prishtine_-150x150.jpg"}],"twitter_misc":{"Written by":"ulqini","Est. reading time":"1 minute"},"schema":{"@context":"https:\/\/schema.org","@graph":[{"@type":"WebSite","@id":"https:\/\/www.visit-ulcinj.com\/blog\/#website","url":"https:\/\/www.visit-ulcinj.com\/blog\/","name":"Lajme nga Ulqini","description":"Lajme,Vijesti,Ulqini,Ulqin,Crna Gora,Mali i Zi","potentialAction":[{"@type":"SearchAction","target":{"@type":"EntryPoint","urlTemplate":"https:\/\/www.visit-ulcinj.com\/blog\/?s={search_term_string}"},"query-input":"required name=search_term_string"}],"inLanguage":"en-US"},{"@type":"ImageObject","inLanguage":"en-US","@id":"https:\/\/www.visit-ulcinj.com\/blog\/2011\/04\/06\/ne-prishtine-u-hap-edicioni-i-tete-i-panairit-te-turizmit-dhe-udhetimeve\/#primaryimage","url":"https:\/\/www.visit-ulcinj.com\/blog\/wp-content\/uploads\/2011\/04\/Organizata-Turistike-e-Ulqinit-ne-Panairit-e-turizmit-ne-Prishtine_.jpg","contentUrl":"https:\/\/www.visit-ulcinj.com\/blog\/wp-content\/uploads\/2011\/04\/Organizata-Turistike-e-Ulqinit-ne-Panairit-e-turizmit-ne-Prishtine_.jpg","width":"1040","height":"780"},{"@type":"WebPage","@id":"https:\/\/www.visit-ulcinj.com\/blog\/2011\/04\/06\/ne-prishtine-u-hap-edicioni-i-tete-i-panairit-te-turizmit-dhe-udhetimeve\/#webpage","url":"https:\/\/www.visit-ulcinj.com\/blog\/2011\/04\/06\/ne-prishtine-u-hap-edicioni-i-tete-i-panairit-te-turizmit-dhe-udhetimeve\/","name":"N\u00eb Prishtin\u00eb u hap edicioni i tet\u00eb i Panairit t\u00eb turizmit dhe udh\u00ebtimeve - Lajme nga Ulqini","isPartOf":{"@id":"https:\/\/www.visit-ulcinj.com\/blog\/#website"},"primaryImageOfPage":{"@id":"https:\/\/www.visit-ulcinj.com\/blog\/2011\/04\/06\/ne-prishtine-u-hap-edicioni-i-tete-i-panairit-te-turizmit-dhe-udhetimeve\/#primaryimage"},"datePublished":"2011-04-06T10:47:46+00:00","dateModified":"2011-04-08T14:38:55+00:00","author":{"@id":"https:\/\/www.visit-ulcinj.com\/blog\/#\/schema\/person\/dcab619c614d3038751c63bc2aadc06d"},"description":"N\u00eb Prishtin\u00eb u hap edicioni i tet\u00eb i Panairit t\u00eb turizmit dhe udh\u00ebtimeve.N\u00eb k\u00ebt\u00eb eveniment t\u00eb r\u00ebnd\u00ebsish\u00ebm me stend\u00eb t\u00eb ve\u00e7ant\u00eb u prezantua edhe oferta","breadcrumb":{"@id":"https:\/\/www.visit-ulcinj.com\/blog\/2011\/04\/06\/ne-prishtine-u-hap-edicioni-i-tete-i-panairit-te-turizmit-dhe-udhetimeve\/#breadcrumb"},"inLanguage":"en-US","potentialAction":[{"@type":"ReadAction","target":["https:\/\/www.visit-ulcinj.com\/blog\/2011\/04\/06\/ne-prishtine-u-hap-edicioni-i-tete-i-panairit-te-turizmit-dhe-udhetimeve\/"]}]},{"@type":"BreadcrumbList","@id":"https:\/\/www.visit-ulcinj.com\/blog\/2011\/04\/06\/ne-prishtine-u-hap-edicioni-i-tete-i-panairit-te-turizmit-dhe-udhetimeve\/#breadcrumb","itemListElement":[{"@type":"ListItem","position":1,"name":"N\u00eb Prishtin\u00eb u hap edicioni i tet\u00eb i Panairit t\u00eb turizmit dhe udh\u00ebtimeve"}]},{"@type":"Person","@id":"https:\/\/www.visit-ulcinj.com\/blog\/#\/schema\/person\/dcab619c614d3038751c63bc2aadc06d","name":"ulqini","sameAs":["http:\/\/www.visit-ulcinj.com"],"url":"https:\/\/www.visit-ulcinj.com\/blog\/author\/admin\/"}]}},"jetpack_featured_media_url":"","jetpack_sharing_enabled":true,"jetpack_shortlink":"https:\/\/wp.me\/pe6lTn-bQS","_links":{"self":[{"href":"https:\/\/www.visit-ulcinj.com\/blog\/wp-json\/wp\/v2\/posts\/45562"}],"collection":[{"href":"https:\/\/www.visit-ulcinj.com\/blog\/wp-json\/wp\/v2\/posts"}],"about":[{"href":"https:\/\/www.visit-ulcinj.com\/blog\/wp-json\/wp\/v2\/types\/post"}],"author":[{"embeddable":true,"href":"https:\/\/www.visit-ulcinj.com\/blog\/wp-json\/wp\/v2\/users\/1"}],"replies":[{"embeddable":true,"href":"https:\/\/www.visit-ulcinj.com\/blog\/wp-json\/wp\/v2\/comments?post=45562"}],"version-history":[{"count":0,"href":"https:\/\/www.visit-ulcinj.com\/blog\/wp-json\/wp\/v2\/posts\/45562\/revisions"}],"wp:attachment":[{"href":"https:\/\/www.visit-ulcinj.com\/blog\/wp-json\/wp\/v2\/media?parent=45562"}],"wp:term":[{"taxonomy":"category","embeddable":true,"href":"https:\/\/www.visit-ulcinj.com\/blog\/wp-json\/wp\/v2\/categories?post=45562"},{"taxonomy":"post_tag","embeddable":true,"href":"https:\/\/www.visit-ulcinj.com\/blog\/wp-json\/wp\/v2\/tags?post=45562"}],"curies":[{"name":"wp","href":"https:\/\/api.w.org\/{rel}","templated":true}]}}