{"id":45636,"date":"2011-04-08T07:40:16","date_gmt":"2011-04-08T06:40:16","guid":{"rendered":"http:\/\/www.visit-ulcinj.com\/blog\/?p=45636"},"modified":"2011-04-08T18:21:30","modified_gmt":"2011-04-08T17:21:30","slug":"vizita-e-zyrtare-e-ambasadores-se-britanise-catherine-knight-sand","status":"publish","type":"post","link":"https:\/\/www.visit-ulcinj.com\/blog\/2011\/04\/08\/vizita-e-zyrtare-e-ambasadores-se-britanise-catherine-knight-sand\/","title":{"rendered":"Vizita e zyrtare e ambasadores se Britanise Catherine Knight-Sand"},"content":{"rendered":"<p><a href=\"http:\/\/www.visit-ulcinj.com\/blog\/wp-content\/uploads\/2011\/04\/takim_cungu_nimanbegu_knight-sands_web.jpg\"><img loading=\"lazy\" class=\"alignleft size-full wp-image-45637\" title=\"takim_cungu_nimanbegu_knight-sands_web\" src=\"http:\/\/www.visit-ulcinj.com\/blog\/wp-content\/uploads\/2011\/04\/takim_cungu_nimanbegu_knight-sands_web.jpg\" alt=\"\" width=\"508\" height=\"380\" srcset=\"https:\/\/www.visit-ulcinj.com\/blog\/wp-content\/uploads\/2011\/04\/takim_cungu_nimanbegu_knight-sands_web.jpg 640w, https:\/\/www.visit-ulcinj.com\/blog\/wp-content\/uploads\/2011\/04\/takim_cungu_nimanbegu_knight-sands_web-300x225.jpg 300w\" sizes=\"(max-width: 508px) 100vw, 508px\" \/><\/a>Sot, me 07.04.2011, n\u00eb Ulqin kryetari i Forc\u00ebs se re demokratike z. Nazif Cungu pati nje takim zyrtar\u00eb me ekselenc\u00ebn e saj, zonj\u00ebn Catherine Knight-Sands, ambasadoren e Britanise s\u00eb Madhe n\u00eb Mal t\u00eb Zi.<br \/>\nN\u00eb nj\u00eb komunikim t\u00eb drejtp\u00ebrdrejt\u00eb dhe t\u00eb hapur \u00ebsht\u00eb biseduar p\u00ebr gjendjen ekonomike n\u00eb Ulqin, pozit\u00ebn e shqiptar\u00ebve n\u00eb Mal t\u00eb Zi si dhe p\u00ebr ligjin zgjedhor.<br \/>\nKryetari i Forc\u00ebs e ka njoftuar ambasadoren me partin\u00eb ton\u00eb, e ve\u00e7an\u00ebrisht me situaten aktuale n\u00eb Ulqin, duke theksuar turizmin dhe bujq\u00ebsine si deg\u00ebt m\u00eb t\u00eb r\u00ebnd\u00ebshishme, dhe p\u00ebr problemet me t\u00eb cilat ato hasen.<br \/>\nSi teme m\u00eb kryesore ishte kthimi i pron\u00ebs s\u00eb Valdanosit, ku ambasadorja pati nj\u00eb interesim t\u00eb ve\u00e7ant\u00eb p\u00ebr t\u00eb gjitha detajet lidhur me k\u00ebt\u00eb \u00e7\u00ebshtje. Z. Cungu theksoi se duhet t\u00eb hapet debati me ish &#8211; pronar\u00ebt n\u00eb m\u00ebnyre q\u00eb kjo \u00e7\u00ebshtje t\u00eb zgjidhet sa m\u00eb par\u00eb dhe te mbrohen t\u00eb drejtat e tyre pron\u00ebsore.<\/p>\n<p>Z-nja Knight Sands ve\u00e7oi se n\u00eb Mal t\u00eb Zi egziston nj\u00eb dialog m\u00eb i madh nd\u00ebr- etnike, dhe q\u00eb problemet jan\u00eb m\u00eb pak t\u00eb theksuara se sa ato n\u00eb regjion, ajo poashtu ceki se \u00ebsht\u00eb e gatshme t\u00eb ndihmoj\u00eb q\u00eb t\u00eb animoj\u00eb investitor\u00eb nga Britania e Madhe q\u00eb ata t\u00eb investojn\u00eb n\u00eb Mal t\u00eb Zi.<br \/>\nP\u00ebrfaq\u00ebsuesit e Forc\u00ebs e kan\u00eb njoftuar ambasadoren p\u00ebr gjendjen ekonomike, kriz\u00ebn q\u00eb \u00ebsht\u00eb n\u00eb Ulqin, nga mosfunksionimi i rregullt i institucioneve vendore.<br \/>\nKonstatim i p\u00ebrbashk\u00ebt ishte q\u00eb pa p\u00ebrkrahjen e popullat\u00ebs lokale \u00ebsht\u00eb e pamundur q\u00eb t\u00eb realizohen investime kvalitative.<br \/>\nAta kan\u00eb vler\u00ebsuar q\u00eb Mali i Zi ka b\u00ebr\u00eb hapa t\u00eb mir\u00eb n\u00eb sfer\u00ebn e integrimeve evopiane, gj\u00eb q\u00eb do ti mundesoj\u00eb Malit te Zi hyrje sa m\u00eb t\u00eb shpejt\u00eb n\u00eb UE, poashtu edhe p\u00ebrgaditjen e t\u00eb gjitha strukturave p\u00ebr negociatat e pranimit.<br \/>\nForca gjithashtu ka deklaruar se \u00ebsht\u00eb e gatshme t\u00eb jap\u00eb kontributin e vet\u00eb n\u00eb t\u00eb gjitha aspketet si at ekonomik, social e kulturor\u00eb, e ve\u00e7an\u00ebrisht n\u00eb proceset e integrimeve evropiane.<br \/>\n<strong>Sherbimi Informativ i Forces<\/strong><\/p>\n<p><a title=\"TOP SHOW - TOP CHANNEL\" href=\"http:\/\/www.top-channel.tv\/video.php?id=24438\" target=\"_blank\"><strong>Ndiqni Top Show &#8211; 06\/04\/2011 nga Top Channel<\/strong><\/a><\/p>\n<p><a title=\"TOP CHANNEL\" href=\"http:\/\/www.top-channel.tv\/video.php?id=24438\" target=\"_blank\"><strong>MALI I ZI 5 VITE MBAS PAVARSIS\u00cb NDIQNI 3 VIDEOT NE LINK TOP CHANNEL -TOP SHOW<\/strong><\/a><\/p>\n<p><strong>[flv]http:\/\/video3.top-channel.tv\/18754796\/topshow\/topshow6prill2011.flv[\/flv]<br \/>\n<\/strong><\/p>\n","protected":false},"excerpt":{"rendered":"<p>Sot, me 07.04.2011, n\u00eb Ulqin kryetari i Forc\u00ebs se re demokratike z. Nazif Cungu pati nje takim zyrtar\u00eb me ekselenc\u00ebn e saj, zonj\u00ebn Catherine Knight-Sands, ambasadoren e Britanise s\u00eb Madhe n\u00eb Mal t\u00eb Zi. N\u00eb nj\u00eb komunikim t\u00eb drejtp\u00ebrdrejt\u00eb dhe t\u00eb hapur \u00ebsht\u00eb biseduar p\u00ebr gjendjen ekonomike n\u00eb Ulqin, pozit\u00ebn e shqiptar\u00ebve n\u00eb Mal t\u00eb [&hellip;]<\/p>\n","protected":false},"author":1,"featured_media":0,"comment_status":"open","ping_status":"closed","sticky":false,"template":"","format":"standard","meta":{"spay_email":"","jetpack_publicize_message":"","jetpack_is_tweetstorm":false,"jetpack_publicize_feature_enabled":true},"categories":[6],"tags":[18017,18016,117,672,1073,118,200,18],"jetpack_publicize_connections":[],"yoast_head":"<!-- This site is optimized with the Yoast SEO plugin v19.1 - https:\/\/yoast.com\/wordpress\/plugins\/seo\/ -->\n<title>Vizita e zyrtare e ambasadores se Britanise Catherine Knight-Sand - Lajme nga Ulqini<\/title>\n<meta name=\"description\" content=\"Sot, me 07.04.2011, n\u00eb Ulqin kryetari i Forc\u00ebs se re demokratike z. Nazif Cungu pati nje takim zyrtar\u00eb me ekselenc\u00ebn e saj, zonj\u00ebn Catherine Knight-Sands,\" \/>\n<meta name=\"robots\" content=\"index, follow, max-snippet:-1, max-image-preview:large, max-video-preview:-1\" \/>\n<link rel=\"canonical\" href=\"https:\/\/www.visit-ulcinj.com\/blog\/2011\/04\/08\/vizita-e-zyrtare-e-ambasadores-se-britanise-catherine-knight-sand\/\" \/>\n<meta property=\"og:locale\" content=\"en_US\" \/>\n<meta property=\"og:type\" content=\"article\" \/>\n<meta property=\"og:title\" content=\"Vizita e zyrtare e ambasadores se Britanise Catherine Knight-Sand - Lajme nga Ulqini\" \/>\n<meta property=\"og:description\" content=\"Sot, me 07.04.2011, n\u00eb Ulqin kryetari i Forc\u00ebs se re demokratike z. Nazif Cungu pati nje takim zyrtar\u00eb me ekselenc\u00ebn e saj, zonj\u00ebn Catherine Knight-Sands,\" \/>\n<meta property=\"og:url\" content=\"https:\/\/www.visit-ulcinj.com\/blog\/2011\/04\/08\/vizita-e-zyrtare-e-ambasadores-se-britanise-catherine-knight-sand\/\" \/>\n<meta property=\"og:site_name\" content=\"Lajme nga Ulqini\" \/>\n<meta property=\"article:published_time\" content=\"2011-04-08T06:40:16+00:00\" \/>\n<meta property=\"article:modified_time\" content=\"2011-04-08T17:21:30+00:00\" \/>\n<meta property=\"og:image\" content=\"http:\/\/www.visit-ulcinj.com\/blog\/wp-content\/uploads\/2011\/04\/takim_cungu_nimanbegu_knight-sands_web.jpg\" \/>\n<meta name=\"twitter:label1\" content=\"Written by\" \/>\n\t<meta name=\"twitter:data1\" content=\"ulqini\" \/>\n\t<meta name=\"twitter:label2\" content=\"Est. reading time\" \/>\n\t<meta name=\"twitter:data2\" content=\"2 minutes\" \/>\n<script type=\"application\/ld+json\" class=\"yoast-schema-graph\">{\"@context\":\"https:\/\/schema.org\",\"@graph\":[{\"@type\":\"WebSite\",\"@id\":\"https:\/\/www.visit-ulcinj.com\/blog\/#website\",\"url\":\"https:\/\/www.visit-ulcinj.com\/blog\/\",\"name\":\"Lajme nga Ulqini\",\"description\":\"Lajme,Vijesti,Ulqini,Ulqin,Crna Gora,Mali i Zi\",\"potentialAction\":[{\"@type\":\"SearchAction\",\"target\":{\"@type\":\"EntryPoint\",\"urlTemplate\":\"https:\/\/www.visit-ulcinj.com\/blog\/?s={search_term_string}\"},\"query-input\":\"required name=search_term_string\"}],\"inLanguage\":\"en-US\"},{\"@type\":\"ImageObject\",\"inLanguage\":\"en-US\",\"@id\":\"https:\/\/www.visit-ulcinj.com\/blog\/2011\/04\/08\/vizita-e-zyrtare-e-ambasadores-se-britanise-catherine-knight-sand\/#primaryimage\",\"url\":\"https:\/\/www.visit-ulcinj.com\/blog\/wp-content\/uploads\/2011\/04\/takim_cungu_nimanbegu_knight-sands_web.jpg\",\"contentUrl\":\"https:\/\/www.visit-ulcinj.com\/blog\/wp-content\/uploads\/2011\/04\/takim_cungu_nimanbegu_knight-sands_web.jpg\",\"width\":\"640\",\"height\":\"480\"},{\"@type\":\"WebPage\",\"@id\":\"https:\/\/www.visit-ulcinj.com\/blog\/2011\/04\/08\/vizita-e-zyrtare-e-ambasadores-se-britanise-catherine-knight-sand\/#webpage\",\"url\":\"https:\/\/www.visit-ulcinj.com\/blog\/2011\/04\/08\/vizita-e-zyrtare-e-ambasadores-se-britanise-catherine-knight-sand\/\",\"name\":\"Vizita e zyrtare e ambasadores se Britanise Catherine Knight-Sand - Lajme nga Ulqini\",\"isPartOf\":{\"@id\":\"https:\/\/www.visit-ulcinj.com\/blog\/#website\"},\"primaryImageOfPage\":{\"@id\":\"https:\/\/www.visit-ulcinj.com\/blog\/2011\/04\/08\/vizita-e-zyrtare-e-ambasadores-se-britanise-catherine-knight-sand\/#primaryimage\"},\"datePublished\":\"2011-04-08T06:40:16+00:00\",\"dateModified\":\"2011-04-08T17:21:30+00:00\",\"author\":{\"@id\":\"https:\/\/www.visit-ulcinj.com\/blog\/#\/schema\/person\/dcab619c614d3038751c63bc2aadc06d\"},\"description\":\"Sot, me 07.04.2011, n\u00eb Ulqin kryetari i Forc\u00ebs se re demokratike z. Nazif Cungu pati nje takim zyrtar\u00eb me ekselenc\u00ebn e saj, zonj\u00ebn Catherine Knight-Sands,\",\"breadcrumb\":{\"@id\":\"https:\/\/www.visit-ulcinj.com\/blog\/2011\/04\/08\/vizita-e-zyrtare-e-ambasadores-se-britanise-catherine-knight-sand\/#breadcrumb\"},\"inLanguage\":\"en-US\",\"potentialAction\":[{\"@type\":\"ReadAction\",\"target\":[\"https:\/\/www.visit-ulcinj.com\/blog\/2011\/04\/08\/vizita-e-zyrtare-e-ambasadores-se-britanise-catherine-knight-sand\/\"]}]},{\"@type\":\"BreadcrumbList\",\"@id\":\"https:\/\/www.visit-ulcinj.com\/blog\/2011\/04\/08\/vizita-e-zyrtare-e-ambasadores-se-britanise-catherine-knight-sand\/#breadcrumb\",\"itemListElement\":[{\"@type\":\"ListItem\",\"position\":1,\"name\":\"Vizita e zyrtare e ambasadores se Britanise Catherine Knight-Sand\"}]},{\"@type\":\"Person\",\"@id\":\"https:\/\/www.visit-ulcinj.com\/blog\/#\/schema\/person\/dcab619c614d3038751c63bc2aadc06d\",\"name\":\"ulqini\",\"sameAs\":[\"http:\/\/www.visit-ulcinj.com\"],\"url\":\"https:\/\/www.visit-ulcinj.com\/blog\/author\/admin\/\"}]}<\/script>\n<!-- \/ Yoast SEO plugin. -->","yoast_head_json":{"title":"Vizita e zyrtare e ambasadores se Britanise Catherine Knight-Sand - Lajme nga Ulqini","description":"Sot, me 07.04.2011, n\u00eb Ulqin kryetari i Forc\u00ebs se re demokratike z. Nazif Cungu pati nje takim zyrtar\u00eb me ekselenc\u00ebn e saj, zonj\u00ebn Catherine Knight-Sands,","robots":{"index":"index","follow":"follow","max-snippet":"max-snippet:-1","max-image-preview":"max-image-preview:large","max-video-preview":"max-video-preview:-1"},"canonical":"https:\/\/www.visit-ulcinj.com\/blog\/2011\/04\/08\/vizita-e-zyrtare-e-ambasadores-se-britanise-catherine-knight-sand\/","og_locale":"en_US","og_type":"article","og_title":"Vizita e zyrtare e ambasadores se Britanise Catherine Knight-Sand - Lajme nga Ulqini","og_description":"Sot, me 07.04.2011, n\u00eb Ulqin kryetari i Forc\u00ebs se re demokratike z. Nazif Cungu pati nje takim zyrtar\u00eb me ekselenc\u00ebn e saj, zonj\u00ebn Catherine Knight-Sands,","og_url":"https:\/\/www.visit-ulcinj.com\/blog\/2011\/04\/08\/vizita-e-zyrtare-e-ambasadores-se-britanise-catherine-knight-sand\/","og_site_name":"Lajme nga Ulqini","article_published_time":"2011-04-08T06:40:16+00:00","article_modified_time":"2011-04-08T17:21:30+00:00","og_image":[{"url":"http:\/\/www.visit-ulcinj.com\/blog\/wp-content\/uploads\/2011\/04\/takim_cungu_nimanbegu_knight-sands_web.jpg"}],"twitter_misc":{"Written by":"ulqini","Est. reading time":"2 minutes"},"schema":{"@context":"https:\/\/schema.org","@graph":[{"@type":"WebSite","@id":"https:\/\/www.visit-ulcinj.com\/blog\/#website","url":"https:\/\/www.visit-ulcinj.com\/blog\/","name":"Lajme nga Ulqini","description":"Lajme,Vijesti,Ulqini,Ulqin,Crna Gora,Mali i Zi","potentialAction":[{"@type":"SearchAction","target":{"@type":"EntryPoint","urlTemplate":"https:\/\/www.visit-ulcinj.com\/blog\/?s={search_term_string}"},"query-input":"required name=search_term_string"}],"inLanguage":"en-US"},{"@type":"ImageObject","inLanguage":"en-US","@id":"https:\/\/www.visit-ulcinj.com\/blog\/2011\/04\/08\/vizita-e-zyrtare-e-ambasadores-se-britanise-catherine-knight-sand\/#primaryimage","url":"https:\/\/www.visit-ulcinj.com\/blog\/wp-content\/uploads\/2011\/04\/takim_cungu_nimanbegu_knight-sands_web.jpg","contentUrl":"https:\/\/www.visit-ulcinj.com\/blog\/wp-content\/uploads\/2011\/04\/takim_cungu_nimanbegu_knight-sands_web.jpg","width":"640","height":"480"},{"@type":"WebPage","@id":"https:\/\/www.visit-ulcinj.com\/blog\/2011\/04\/08\/vizita-e-zyrtare-e-ambasadores-se-britanise-catherine-knight-sand\/#webpage","url":"https:\/\/www.visit-ulcinj.com\/blog\/2011\/04\/08\/vizita-e-zyrtare-e-ambasadores-se-britanise-catherine-knight-sand\/","name":"Vizita e zyrtare e ambasadores se Britanise Catherine Knight-Sand - Lajme nga Ulqini","isPartOf":{"@id":"https:\/\/www.visit-ulcinj.com\/blog\/#website"},"primaryImageOfPage":{"@id":"https:\/\/www.visit-ulcinj.com\/blog\/2011\/04\/08\/vizita-e-zyrtare-e-ambasadores-se-britanise-catherine-knight-sand\/#primaryimage"},"datePublished":"2011-04-08T06:40:16+00:00","dateModified":"2011-04-08T17:21:30+00:00","author":{"@id":"https:\/\/www.visit-ulcinj.com\/blog\/#\/schema\/person\/dcab619c614d3038751c63bc2aadc06d"},"description":"Sot, me 07.04.2011, n\u00eb Ulqin kryetari i Forc\u00ebs se re demokratike z. Nazif Cungu pati nje takim zyrtar\u00eb me ekselenc\u00ebn e saj, zonj\u00ebn Catherine Knight-Sands,","breadcrumb":{"@id":"https:\/\/www.visit-ulcinj.com\/blog\/2011\/04\/08\/vizita-e-zyrtare-e-ambasadores-se-britanise-catherine-knight-sand\/#breadcrumb"},"inLanguage":"en-US","potentialAction":[{"@type":"ReadAction","target":["https:\/\/www.visit-ulcinj.com\/blog\/2011\/04\/08\/vizita-e-zyrtare-e-ambasadores-se-britanise-catherine-knight-sand\/"]}]},{"@type":"BreadcrumbList","@id":"https:\/\/www.visit-ulcinj.com\/blog\/2011\/04\/08\/vizita-e-zyrtare-e-ambasadores-se-britanise-catherine-knight-sand\/#breadcrumb","itemListElement":[{"@type":"ListItem","position":1,"name":"Vizita e zyrtare e ambasadores se Britanise Catherine Knight-Sand"}]},{"@type":"Person","@id":"https:\/\/www.visit-ulcinj.com\/blog\/#\/schema\/person\/dcab619c614d3038751c63bc2aadc06d","name":"ulqini","sameAs":["http:\/\/www.visit-ulcinj.com"],"url":"https:\/\/www.visit-ulcinj.com\/blog\/author\/admin\/"}]}},"jetpack_featured_media_url":"","jetpack_sharing_enabled":true,"jetpack_shortlink":"https:\/\/wp.me\/pe6lTn-bS4","_links":{"self":[{"href":"https:\/\/www.visit-ulcinj.com\/blog\/wp-json\/wp\/v2\/posts\/45636"}],"collection":[{"href":"https:\/\/www.visit-ulcinj.com\/blog\/wp-json\/wp\/v2\/posts"}],"about":[{"href":"https:\/\/www.visit-ulcinj.com\/blog\/wp-json\/wp\/v2\/types\/post"}],"author":[{"embeddable":true,"href":"https:\/\/www.visit-ulcinj.com\/blog\/wp-json\/wp\/v2\/users\/1"}],"replies":[{"embeddable":true,"href":"https:\/\/www.visit-ulcinj.com\/blog\/wp-json\/wp\/v2\/comments?post=45636"}],"version-history":[{"count":0,"href":"https:\/\/www.visit-ulcinj.com\/blog\/wp-json\/wp\/v2\/posts\/45636\/revisions"}],"wp:attachment":[{"href":"https:\/\/www.visit-ulcinj.com\/blog\/wp-json\/wp\/v2\/media?parent=45636"}],"wp:term":[{"taxonomy":"category","embeddable":true,"href":"https:\/\/www.visit-ulcinj.com\/blog\/wp-json\/wp\/v2\/categories?post=45636"},{"taxonomy":"post_tag","embeddable":true,"href":"https:\/\/www.visit-ulcinj.com\/blog\/wp-json\/wp\/v2\/tags?post=45636"}],"curies":[{"name":"wp","href":"https:\/\/api.w.org\/{rel}","templated":true}]}}