{"id":45648,"date":"2011-04-08T15:35:33","date_gmt":"2011-04-08T14:35:33","guid":{"rendered":"http:\/\/www.visit-ulcinj.com\/blog\/?p=45648"},"modified":"2011-04-09T18:31:36","modified_gmt":"2011-04-09T17:31:36","slug":"ne-durres-do-te-mbahet-sesioni-shkencor-ulqini-%e2%80%93-historia-dhe-traditat","status":"publish","type":"post","link":"https:\/\/www.visit-ulcinj.com\/blog\/2011\/04\/08\/ne-durres-do-te-mbahet-sesioni-shkencor-ulqini-%e2%80%93-historia-dhe-traditat\/","title":{"rendered":"N\u00eb Durr\u00ebs do t\u00eb mbahet Sesioni Shkencor Ulqini \u2013 Historia  dhe Traditat"},"content":{"rendered":"<p><a href=\"http:\/\/www.visit-ulcinj.com\/blog\/wp-content\/uploads\/2011\/04\/shoqata-kulturore-ulqini-durres_026.jpg\"><img loading=\"lazy\" class=\"alignleft size-full wp-image-45649\" title=\"shoqata kulturore ulqini durres_026\" src=\"http:\/\/www.visit-ulcinj.com\/blog\/wp-content\/uploads\/2011\/04\/shoqata-kulturore-ulqini-durres_026.jpg\" alt=\"\" width=\"508\" height=\"380\" srcset=\"https:\/\/www.visit-ulcinj.com\/blog\/wp-content\/uploads\/2011\/04\/shoqata-kulturore-ulqini-durres_026.jpg 640w, https:\/\/www.visit-ulcinj.com\/blog\/wp-content\/uploads\/2011\/04\/shoqata-kulturore-ulqini-durres_026-300x225.jpg 300w\" sizes=\"(max-width: 508px) 100vw, 508px\" \/><\/a>N\u00eb kuad\u00ebr t\u00eb bashk\u00ebpunimit nd\u00ebrmjet Komun\u00ebs ton\u00eb dhe shoqates \u2019\u2019Ulqini\u2019\u2019 q\u00eb vepron n\u00eb qytetin e Durr\u00ebsit dit\u00ebn e diele n\u00eb ambientet e Qendr\u00ebs  Kulturore \u2019\u2019A.Moisiu\u2019\u2019 do t\u00eb mbahet Sesioni Shkencor \u2019\u2019Ulqini \u2013Historia  dhe Traditat\u2019\u2019 ku krahas studiuesve durrsak do t\u00eb ligjerojn\u00eb edhe prof .dr Ruzhdi Ushaku dhe prof.dr Bahri Brisku , nd\u00ebrkaq piktor\u00ebt e njohur Mehmet Aloja, Rudi Goga, Gjergj Noc Martini, Qazim Muja, Hajro \u00c7aushi, Seida Belegu, Ivanka Gjonaj, Cano Duli dhe Erisa Bekteshi do t\u00eb hapin ekspozit\u00ebn  n\u00eb ambientet e \u2019\u2019Jozef Galeri\u2019\u2019 po ashtu n\u00eb qytetin e Durr\u00ebsit.<br \/>\nT\u00eb dy k\u00ebta aktivitetet kulturore do ti p\u00ebrsh\u00ebndese kryetari i Komun\u00ebs s\u00eb Ulqinit z. G\u00ebzim Hajdinaga i cili nga organizatori \u00ebsht\u00eb parapar\u00eb q\u00eb t\u00eb ket\u00eb  dhe nj\u00eb s\u00ebr\u00eb takismesh me zyrtar\u00eb durrsake dhe p\u00ebrfaq\u00ebsues t\u00eb kultur\u00ebs t\u00eb k\u00ebtij qyteti t\u00eb lasht\u00eb.<\/p>\n<p>&nbsp;<\/p>\n<p><strong>Municipality of Ulcinj \/ Ulqin<\/strong><br \/>\n<strong> Arsllan Hajdinaga<\/strong><\/p>\n<p><strong><a title=\"Shoqata Kulturore Ulqini Durres\" href=\"http:\/\/www.facebook.com\/profile.php?id=100002155770261&amp;ref=ts\" target=\"_blank\">Vizito Shoqata Kulturore Ulqini Durres Facebook<\/a><\/strong><strong><br \/>\n\n\t\t<style type=\"text\/css\">\n\t\t\t#gallery-1 {\n\t\t\t\tmargin: auto;\n\t\t\t}\n\t\t\t#gallery-1 .gallery-item {\n\t\t\t\tfloat: left;\n\t\t\t\tmargin-top: 10px;\n\t\t\t\ttext-align: center;\n\t\t\t\twidth: 33%;\n\t\t\t}\n\t\t\t#gallery-1 img {\n\t\t\t\tborder: 2px solid #cfcfcf;\n\t\t\t}\n\t\t\t#gallery-1 .gallery-caption {\n\t\t\t\tmargin-left: 0;\n\t\t\t}\n\t\t\t\/* see gallery_shortcode() in wp-includes\/media.php *\/\n\t\t<\/style>\n\t\t<div id='gallery-1' class='gallery galleryid-45648 gallery-columns-3 gallery-size-thumbnail'><dl class='gallery-item'>\n\t\t\t<dt class='gallery-icon landscape'>\n\t\t\t\t<a href='https:\/\/www.visit-ulcinj.com\/blog\/wp-content\/uploads\/2011\/04\/shoqata-kulturore-ulqini-durres_026.jpg'><img width=\"150\" height=\"150\" src=\"https:\/\/www.visit-ulcinj.com\/blog\/wp-content\/uploads\/2011\/04\/shoqata-kulturore-ulqini-durres_026-150x150.jpg\" class=\"attachment-thumbnail size-thumbnail\" alt=\"\" loading=\"lazy\" \/><\/a>\n\t\t\t<\/dt><\/dl><dl class='gallery-item'>\n\t\t\t<dt class='gallery-icon landscape'>\n\t\t\t\t<a href='https:\/\/www.visit-ulcinj.com\/blog\/wp-content\/uploads\/2011\/04\/shoqata-kulturore-ulqini-durres_017.jpg'><img width=\"150\" height=\"150\" src=\"https:\/\/www.visit-ulcinj.com\/blog\/wp-content\/uploads\/2011\/04\/shoqata-kulturore-ulqini-durres_017-150x150.jpg\" class=\"attachment-thumbnail size-thumbnail\" alt=\"\" loading=\"lazy\" \/><\/a>\n\t\t\t<\/dt><\/dl><dl class='gallery-item'>\n\t\t\t<dt class='gallery-icon landscape'>\n\t\t\t\t<a href='https:\/\/www.visit-ulcinj.com\/blog\/wp-content\/uploads\/2011\/04\/shoqata-kulturore-ulqini-durres_019.jpg'><img width=\"150\" height=\"150\" src=\"https:\/\/www.visit-ulcinj.com\/blog\/wp-content\/uploads\/2011\/04\/shoqata-kulturore-ulqini-durres_019-150x150.jpg\" class=\"attachment-thumbnail size-thumbnail\" alt=\"\" loading=\"lazy\" \/><\/a>\n\t\t\t<\/dt><\/dl><br style=\"clear: both\" \/><dl class='gallery-item'>\n\t\t\t<dt class='gallery-icon landscape'>\n\t\t\t\t<a href='https:\/\/www.visit-ulcinj.com\/blog\/wp-content\/uploads\/2011\/04\/shoqata-kulturore-ulqini-durres_020.jpg'><img width=\"150\" height=\"150\" src=\"https:\/\/www.visit-ulcinj.com\/blog\/wp-content\/uploads\/2011\/04\/shoqata-kulturore-ulqini-durres_020-150x150.jpg\" class=\"attachment-thumbnail size-thumbnail\" alt=\"\" loading=\"lazy\" \/><\/a>\n\t\t\t<\/dt><\/dl><dl class='gallery-item'>\n\t\t\t<dt class='gallery-icon landscape'>\n\t\t\t\t<a href='https:\/\/www.visit-ulcinj.com\/blog\/wp-content\/uploads\/2011\/04\/shoqata-kulturore-ulqini-durres_024.jpg'><img width=\"150\" height=\"150\" src=\"https:\/\/www.visit-ulcinj.com\/blog\/wp-content\/uploads\/2011\/04\/shoqata-kulturore-ulqini-durres_024-150x150.jpg\" class=\"attachment-thumbnail size-thumbnail\" alt=\"\" loading=\"lazy\" \/><\/a>\n\t\t\t<\/dt><\/dl><dl class='gallery-item'>\n\t\t\t<dt class='gallery-icon landscape'>\n\t\t\t\t<a href='https:\/\/www.visit-ulcinj.com\/blog\/wp-content\/uploads\/2011\/04\/shoqata-kulturore-ulqini-durres_027.jpg'><img width=\"150\" height=\"150\" src=\"https:\/\/www.visit-ulcinj.com\/blog\/wp-content\/uploads\/2011\/04\/shoqata-kulturore-ulqini-durres_027-150x150.jpg\" class=\"attachment-thumbnail size-thumbnail\" alt=\"\" loading=\"lazy\" \/><\/a>\n\t\t\t<\/dt><\/dl><br style=\"clear: both\" \/><dl class='gallery-item'>\n\t\t\t<dt class='gallery-icon landscape'>\n\t\t\t\t<a href='https:\/\/www.visit-ulcinj.com\/blog\/wp-content\/uploads\/2011\/04\/shoqata-kulturore-ulqini-durres_034.jpg'><img width=\"150\" height=\"150\" src=\"https:\/\/www.visit-ulcinj.com\/blog\/wp-content\/uploads\/2011\/04\/shoqata-kulturore-ulqini-durres_034-150x150.jpg\" class=\"attachment-thumbnail size-thumbnail\" alt=\"\" loading=\"lazy\" \/><\/a>\n\t\t\t<\/dt><\/dl><dl class='gallery-item'>\n\t\t\t<dt class='gallery-icon landscape'>\n\t\t\t\t<a href='https:\/\/www.visit-ulcinj.com\/blog\/wp-content\/uploads\/2011\/04\/shoqata-kulturore-ulqini-durres_039.jpg'><img width=\"150\" height=\"150\" src=\"https:\/\/www.visit-ulcinj.com\/blog\/wp-content\/uploads\/2011\/04\/shoqata-kulturore-ulqini-durres_039-150x150.jpg\" class=\"attachment-thumbnail size-thumbnail\" alt=\"\" loading=\"lazy\" \/><\/a>\n\t\t\t<\/dt><\/dl><dl class='gallery-item'>\n\t\t\t<dt class='gallery-icon landscape'>\n\t\t\t\t<a href='https:\/\/www.visit-ulcinj.com\/blog\/wp-content\/uploads\/2011\/04\/shoqata-kulturore-ulqini-durres_054.jpg'><img width=\"150\" height=\"150\" src=\"https:\/\/www.visit-ulcinj.com\/blog\/wp-content\/uploads\/2011\/04\/shoqata-kulturore-ulqini-durres_054-150x150.jpg\" class=\"attachment-thumbnail size-thumbnail\" alt=\"\" loading=\"lazy\" \/><\/a>\n\t\t\t<\/dt><\/dl><br style=\"clear: both\" \/>\n\t\t<\/div>\n<br \/>\n<\/strong><br \/>\n<!--YouTube Error: bad URL entered--><\/p>\n","protected":false},"excerpt":{"rendered":"<p>N\u00eb kuad\u00ebr t\u00eb bashk\u00ebpunimit nd\u00ebrmjet Komun\u00ebs ton\u00eb dhe shoqates \u2019\u2019Ulqini\u2019\u2019 q\u00eb vepron n\u00eb qytetin e Durr\u00ebsit dit\u00ebn e diele n\u00eb ambientet e Qendr\u00ebs Kulturore \u2019\u2019A.Moisiu\u2019\u2019 do t\u00eb mbahet Sesioni Shkencor \u2019\u2019Ulqini \u2013Historia dhe Traditat\u2019\u2019 ku krahas studiuesve durrsak do t\u00eb ligjerojn\u00eb edhe prof .dr Ruzhdi Ushaku dhe prof.dr Bahri Brisku , nd\u00ebrkaq piktor\u00ebt e njohur [&hellip;]<\/p>\n","protected":false},"author":1,"featured_media":0,"comment_status":"open","ping_status":"closed","sticky":false,"template":"","format":"standard","meta":{"spay_email":"","jetpack_publicize_message":"","jetpack_is_tweetstorm":false,"jetpack_publicize_feature_enabled":true},"categories":[4,1],"tags":[3288,18023,18022,3289,18019,18021,152,955,1308,18020,18018,200,18],"jetpack_publicize_connections":[],"yoast_head":"<!-- This site is optimized with the Yoast SEO plugin v19.1 - https:\/\/yoast.com\/wordpress\/plugins\/seo\/ -->\n<title>N\u00eb Durr\u00ebs do t\u00eb mbahet Sesioni Shkencor Ulqini \u2013 Historia dhe Traditat - Lajme nga Ulqini<\/title>\n<meta name=\"description\" content=\"N\u00eb kuad\u00ebr t\u00eb bashk\u00ebpunimit nd\u00ebrmjet Komun\u00ebs ton\u00eb dhe shoqates \u2019\u2019Ulqini\u2019\u2019 q\u00eb vepron n\u00eb qytetin e Durr\u00ebsit dit\u00ebn e diele n\u00eb ambientet e Qendr\u00ebs Kulturore\" \/>\n<meta name=\"robots\" content=\"index, follow, max-snippet:-1, max-image-preview:large, max-video-preview:-1\" \/>\n<link rel=\"canonical\" href=\"https:\/\/www.visit-ulcinj.com\/blog\/2011\/04\/08\/ne-durres-do-te-mbahet-sesioni-shkencor-ulqini-\u2013-historia-dhe-traditat\/\" \/>\n<meta property=\"og:locale\" content=\"en_US\" \/>\n<meta property=\"og:type\" content=\"article\" \/>\n<meta property=\"og:title\" content=\"N\u00eb Durr\u00ebs do t\u00eb mbahet Sesioni Shkencor Ulqini \u2013 Historia dhe Traditat - Lajme nga Ulqini\" \/>\n<meta property=\"og:description\" content=\"N\u00eb kuad\u00ebr t\u00eb bashk\u00ebpunimit nd\u00ebrmjet Komun\u00ebs ton\u00eb dhe shoqates \u2019\u2019Ulqini\u2019\u2019 q\u00eb vepron n\u00eb qytetin e Durr\u00ebsit dit\u00ebn e diele n\u00eb ambientet e Qendr\u00ebs Kulturore\" \/>\n<meta property=\"og:url\" content=\"https:\/\/www.visit-ulcinj.com\/blog\/2011\/04\/08\/ne-durres-do-te-mbahet-sesioni-shkencor-ulqini-\u2013-historia-dhe-traditat\/\" \/>\n<meta property=\"og:site_name\" content=\"Lajme nga Ulqini\" \/>\n<meta property=\"article:published_time\" content=\"2011-04-08T14:35:33+00:00\" \/>\n<meta property=\"article:modified_time\" content=\"2011-04-09T17:31:36+00:00\" \/>\n<meta property=\"og:image\" content=\"https:\/\/www.visit-ulcinj.com\/blog\/wp-content\/uploads\/2011\/04\/shoqata-kulturore-ulqini-durres_026-150x150.jpg\" \/>\n<meta name=\"twitter:label1\" content=\"Written by\" \/>\n\t<meta name=\"twitter:data1\" content=\"ulqini\" \/>\n\t<meta name=\"twitter:label2\" content=\"Est. reading time\" \/>\n\t<meta name=\"twitter:data2\" content=\"1 minute\" \/>\n<script type=\"application\/ld+json\" class=\"yoast-schema-graph\">{\"@context\":\"https:\/\/schema.org\",\"@graph\":[{\"@type\":\"WebSite\",\"@id\":\"https:\/\/www.visit-ulcinj.com\/blog\/#website\",\"url\":\"https:\/\/www.visit-ulcinj.com\/blog\/\",\"name\":\"Lajme nga Ulqini\",\"description\":\"Lajme,Vijesti,Ulqini,Ulqin,Crna Gora,Mali i Zi\",\"potentialAction\":[{\"@type\":\"SearchAction\",\"target\":{\"@type\":\"EntryPoint\",\"urlTemplate\":\"https:\/\/www.visit-ulcinj.com\/blog\/?s={search_term_string}\"},\"query-input\":\"required name=search_term_string\"}],\"inLanguage\":\"en-US\"},{\"@type\":\"ImageObject\",\"inLanguage\":\"en-US\",\"@id\":\"https:\/\/www.visit-ulcinj.com\/blog\/2011\/04\/08\/ne-durres-do-te-mbahet-sesioni-shkencor-ulqini-%e2%80%93-historia-dhe-traditat\/#primaryimage\",\"url\":\"https:\/\/www.visit-ulcinj.com\/blog\/wp-content\/uploads\/2011\/04\/shoqata-kulturore-ulqini-durres_026.jpg\",\"contentUrl\":\"https:\/\/www.visit-ulcinj.com\/blog\/wp-content\/uploads\/2011\/04\/shoqata-kulturore-ulqini-durres_026.jpg\",\"width\":\"640\",\"height\":\"480\"},{\"@type\":\"WebPage\",\"@id\":\"https:\/\/www.visit-ulcinj.com\/blog\/2011\/04\/08\/ne-durres-do-te-mbahet-sesioni-shkencor-ulqini-%e2%80%93-historia-dhe-traditat\/#webpage\",\"url\":\"https:\/\/www.visit-ulcinj.com\/blog\/2011\/04\/08\/ne-durres-do-te-mbahet-sesioni-shkencor-ulqini-%e2%80%93-historia-dhe-traditat\/\",\"name\":\"N\u00eb Durr\u00ebs do t\u00eb mbahet Sesioni Shkencor Ulqini \u2013 Historia dhe Traditat - Lajme nga Ulqini\",\"isPartOf\":{\"@id\":\"https:\/\/www.visit-ulcinj.com\/blog\/#website\"},\"primaryImageOfPage\":{\"@id\":\"https:\/\/www.visit-ulcinj.com\/blog\/2011\/04\/08\/ne-durres-do-te-mbahet-sesioni-shkencor-ulqini-%e2%80%93-historia-dhe-traditat\/#primaryimage\"},\"datePublished\":\"2011-04-08T14:35:33+00:00\",\"dateModified\":\"2011-04-09T17:31:36+00:00\",\"author\":{\"@id\":\"https:\/\/www.visit-ulcinj.com\/blog\/#\/schema\/person\/dcab619c614d3038751c63bc2aadc06d\"},\"description\":\"N\u00eb kuad\u00ebr t\u00eb bashk\u00ebpunimit nd\u00ebrmjet Komun\u00ebs ton\u00eb dhe shoqates \u2019\u2019Ulqini\u2019\u2019 q\u00eb vepron n\u00eb qytetin e Durr\u00ebsit dit\u00ebn e diele n\u00eb ambientet e Qendr\u00ebs Kulturore\",\"breadcrumb\":{\"@id\":\"https:\/\/www.visit-ulcinj.com\/blog\/2011\/04\/08\/ne-durres-do-te-mbahet-sesioni-shkencor-ulqini-%e2%80%93-historia-dhe-traditat\/#breadcrumb\"},\"inLanguage\":\"en-US\",\"potentialAction\":[{\"@type\":\"ReadAction\",\"target\":[\"https:\/\/www.visit-ulcinj.com\/blog\/2011\/04\/08\/ne-durres-do-te-mbahet-sesioni-shkencor-ulqini-%e2%80%93-historia-dhe-traditat\/\"]}]},{\"@type\":\"BreadcrumbList\",\"@id\":\"https:\/\/www.visit-ulcinj.com\/blog\/2011\/04\/08\/ne-durres-do-te-mbahet-sesioni-shkencor-ulqini-%e2%80%93-historia-dhe-traditat\/#breadcrumb\",\"itemListElement\":[{\"@type\":\"ListItem\",\"position\":1,\"name\":\"N\u00eb Durr\u00ebs do t\u00eb mbahet Sesioni Shkencor Ulqini \u2013 Historia dhe Traditat\"}]},{\"@type\":\"Person\",\"@id\":\"https:\/\/www.visit-ulcinj.com\/blog\/#\/schema\/person\/dcab619c614d3038751c63bc2aadc06d\",\"name\":\"ulqini\",\"sameAs\":[\"http:\/\/www.visit-ulcinj.com\"],\"url\":\"https:\/\/www.visit-ulcinj.com\/blog\/author\/admin\/\"}]}<\/script>\n<!-- \/ Yoast SEO plugin. -->","yoast_head_json":{"title":"N\u00eb Durr\u00ebs do t\u00eb mbahet Sesioni Shkencor Ulqini \u2013 Historia dhe Traditat - Lajme nga Ulqini","description":"N\u00eb kuad\u00ebr t\u00eb bashk\u00ebpunimit nd\u00ebrmjet Komun\u00ebs ton\u00eb dhe shoqates \u2019\u2019Ulqini\u2019\u2019 q\u00eb vepron n\u00eb qytetin e Durr\u00ebsit dit\u00ebn e diele n\u00eb ambientet e Qendr\u00ebs Kulturore","robots":{"index":"index","follow":"follow","max-snippet":"max-snippet:-1","max-image-preview":"max-image-preview:large","max-video-preview":"max-video-preview:-1"},"canonical":"https:\/\/www.visit-ulcinj.com\/blog\/2011\/04\/08\/ne-durres-do-te-mbahet-sesioni-shkencor-ulqini-\u2013-historia-dhe-traditat\/","og_locale":"en_US","og_type":"article","og_title":"N\u00eb Durr\u00ebs do t\u00eb mbahet Sesioni Shkencor Ulqini \u2013 Historia dhe Traditat - Lajme nga Ulqini","og_description":"N\u00eb kuad\u00ebr t\u00eb bashk\u00ebpunimit nd\u00ebrmjet Komun\u00ebs ton\u00eb dhe shoqates \u2019\u2019Ulqini\u2019\u2019 q\u00eb vepron n\u00eb qytetin e Durr\u00ebsit dit\u00ebn e diele n\u00eb ambientet e Qendr\u00ebs Kulturore","og_url":"https:\/\/www.visit-ulcinj.com\/blog\/2011\/04\/08\/ne-durres-do-te-mbahet-sesioni-shkencor-ulqini-\u2013-historia-dhe-traditat\/","og_site_name":"Lajme nga Ulqini","article_published_time":"2011-04-08T14:35:33+00:00","article_modified_time":"2011-04-09T17:31:36+00:00","og_image":[{"url":"https:\/\/www.visit-ulcinj.com\/blog\/wp-content\/uploads\/2011\/04\/shoqata-kulturore-ulqini-durres_026-150x150.jpg"}],"twitter_misc":{"Written by":"ulqini","Est. reading time":"1 minute"},"schema":{"@context":"https:\/\/schema.org","@graph":[{"@type":"WebSite","@id":"https:\/\/www.visit-ulcinj.com\/blog\/#website","url":"https:\/\/www.visit-ulcinj.com\/blog\/","name":"Lajme nga Ulqini","description":"Lajme,Vijesti,Ulqini,Ulqin,Crna Gora,Mali i Zi","potentialAction":[{"@type":"SearchAction","target":{"@type":"EntryPoint","urlTemplate":"https:\/\/www.visit-ulcinj.com\/blog\/?s={search_term_string}"},"query-input":"required name=search_term_string"}],"inLanguage":"en-US"},{"@type":"ImageObject","inLanguage":"en-US","@id":"https:\/\/www.visit-ulcinj.com\/blog\/2011\/04\/08\/ne-durres-do-te-mbahet-sesioni-shkencor-ulqini-%e2%80%93-historia-dhe-traditat\/#primaryimage","url":"https:\/\/www.visit-ulcinj.com\/blog\/wp-content\/uploads\/2011\/04\/shoqata-kulturore-ulqini-durres_026.jpg","contentUrl":"https:\/\/www.visit-ulcinj.com\/blog\/wp-content\/uploads\/2011\/04\/shoqata-kulturore-ulqini-durres_026.jpg","width":"640","height":"480"},{"@type":"WebPage","@id":"https:\/\/www.visit-ulcinj.com\/blog\/2011\/04\/08\/ne-durres-do-te-mbahet-sesioni-shkencor-ulqini-%e2%80%93-historia-dhe-traditat\/#webpage","url":"https:\/\/www.visit-ulcinj.com\/blog\/2011\/04\/08\/ne-durres-do-te-mbahet-sesioni-shkencor-ulqini-%e2%80%93-historia-dhe-traditat\/","name":"N\u00eb Durr\u00ebs do t\u00eb mbahet Sesioni Shkencor Ulqini \u2013 Historia dhe Traditat - Lajme nga Ulqini","isPartOf":{"@id":"https:\/\/www.visit-ulcinj.com\/blog\/#website"},"primaryImageOfPage":{"@id":"https:\/\/www.visit-ulcinj.com\/blog\/2011\/04\/08\/ne-durres-do-te-mbahet-sesioni-shkencor-ulqini-%e2%80%93-historia-dhe-traditat\/#primaryimage"},"datePublished":"2011-04-08T14:35:33+00:00","dateModified":"2011-04-09T17:31:36+00:00","author":{"@id":"https:\/\/www.visit-ulcinj.com\/blog\/#\/schema\/person\/dcab619c614d3038751c63bc2aadc06d"},"description":"N\u00eb kuad\u00ebr t\u00eb bashk\u00ebpunimit nd\u00ebrmjet Komun\u00ebs ton\u00eb dhe shoqates \u2019\u2019Ulqini\u2019\u2019 q\u00eb vepron n\u00eb qytetin e Durr\u00ebsit dit\u00ebn e diele n\u00eb ambientet e Qendr\u00ebs Kulturore","breadcrumb":{"@id":"https:\/\/www.visit-ulcinj.com\/blog\/2011\/04\/08\/ne-durres-do-te-mbahet-sesioni-shkencor-ulqini-%e2%80%93-historia-dhe-traditat\/#breadcrumb"},"inLanguage":"en-US","potentialAction":[{"@type":"ReadAction","target":["https:\/\/www.visit-ulcinj.com\/blog\/2011\/04\/08\/ne-durres-do-te-mbahet-sesioni-shkencor-ulqini-%e2%80%93-historia-dhe-traditat\/"]}]},{"@type":"BreadcrumbList","@id":"https:\/\/www.visit-ulcinj.com\/blog\/2011\/04\/08\/ne-durres-do-te-mbahet-sesioni-shkencor-ulqini-%e2%80%93-historia-dhe-traditat\/#breadcrumb","itemListElement":[{"@type":"ListItem","position":1,"name":"N\u00eb Durr\u00ebs do t\u00eb mbahet Sesioni Shkencor Ulqini \u2013 Historia dhe Traditat"}]},{"@type":"Person","@id":"https:\/\/www.visit-ulcinj.com\/blog\/#\/schema\/person\/dcab619c614d3038751c63bc2aadc06d","name":"ulqini","sameAs":["http:\/\/www.visit-ulcinj.com"],"url":"https:\/\/www.visit-ulcinj.com\/blog\/author\/admin\/"}]}},"jetpack_featured_media_url":"","jetpack_sharing_enabled":true,"jetpack_shortlink":"https:\/\/wp.me\/pe6lTn-bSg","_links":{"self":[{"href":"https:\/\/www.visit-ulcinj.com\/blog\/wp-json\/wp\/v2\/posts\/45648"}],"collection":[{"href":"https:\/\/www.visit-ulcinj.com\/blog\/wp-json\/wp\/v2\/posts"}],"about":[{"href":"https:\/\/www.visit-ulcinj.com\/blog\/wp-json\/wp\/v2\/types\/post"}],"author":[{"embeddable":true,"href":"https:\/\/www.visit-ulcinj.com\/blog\/wp-json\/wp\/v2\/users\/1"}],"replies":[{"embeddable":true,"href":"https:\/\/www.visit-ulcinj.com\/blog\/wp-json\/wp\/v2\/comments?post=45648"}],"version-history":[{"count":0,"href":"https:\/\/www.visit-ulcinj.com\/blog\/wp-json\/wp\/v2\/posts\/45648\/revisions"}],"wp:attachment":[{"href":"https:\/\/www.visit-ulcinj.com\/blog\/wp-json\/wp\/v2\/media?parent=45648"}],"wp:term":[{"taxonomy":"category","embeddable":true,"href":"https:\/\/www.visit-ulcinj.com\/blog\/wp-json\/wp\/v2\/categories?post=45648"},{"taxonomy":"post_tag","embeddable":true,"href":"https:\/\/www.visit-ulcinj.com\/blog\/wp-json\/wp\/v2\/tags?post=45648"}],"curies":[{"name":"wp","href":"https:\/\/api.w.org\/{rel}","templated":true}]}}