{"id":45682,"date":"2011-04-09T18:20:12","date_gmt":"2011-04-09T17:20:12","guid":{"rendered":"http:\/\/www.visit-ulcinj.com\/blog\/?p=45682"},"modified":"2011-04-11T07:48:08","modified_gmt":"2011-04-11T06:48:08","slug":"top-fest-8-per-armend-millen-nje-knaqesi-e-vecant","status":"publish","type":"post","link":"https:\/\/www.visit-ulcinj.com\/blog\/2011\/04\/09\/top-fest-8-per-armend-millen-nje-knaqesi-e-vecant\/","title":{"rendered":"Top Fest 8 per Armend Millen nje knaqesi e ve\u00e7ant"},"content":{"rendered":"<p><strong><a href=\"http:\/\/www.visit-ulcinj.com\/blog\/wp-content\/uploads\/2011\/04\/Armend-Milla-ne-Top-Fest-8.jpg\"><img loading=\"lazy\" class=\"alignleft size-full wp-image-45683\" title=\"Armend Milla ne Top Fest 8\" src=\"http:\/\/www.visit-ulcinj.com\/blog\/wp-content\/uploads\/2011\/04\/Armend-Milla-ne-Top-Fest-8.jpg\" alt=\"\" width=\"350\" height=\"450\" \/><\/a>Top Fest 8: Nje knaqesi e ve\u00e7ant<br \/>\n<\/strong><\/p>\n<p><strong>Armend Milla<br \/>\nVendlindja: Ulqin<br \/>\nMosha: 22 Vje\u00e7<br \/>\nDitelindja: 2 Korrik 1988<br \/>\nShenja e Horoskopit: Gaforrja<br \/>\n<\/strong><br \/>\nArmend Milla e pershkruan veten si njeri te thjeshte dhe mjaft romantik. Muziken e tij e definon se Rock Pop. Se fundit ka marre pjese ne festivalin &#8220;TopFest 8&#8221; ne Tirane, ku eshte pritur mire nga publiku. Armend Milla mori pjes\u00eb n\u00eb festivalin e te rinjeve ne &#8220;Top Fest 8 &#8221; me kengen &#8220;Bota Jon\u00eb &#8221; qe u b\u00eb nj\u00eb hit i madh ne Ulqin si dhe trojet e tjera shqiptare.<br \/>\nKy edicion i Top Festit do i hapi shum rrug\u00eb Armendit per koncerte edhe festivale te tjera. Armendi e pershkruan ket edicion te Top Festit si nje eksperience qe nuk do ta harroj, edhe qe per fat te mire do zgjas akoma, sepse tani e ka rradhen gjysem finalja e Top Festit dhe pastaj edhe finalja.<br \/>\nKenga e quajtur Bota Jone eshte kompozuar nga violinisti i mrekullueshem Eduart Hallulli dhe tekstin nga Andi Kazani . &#8220;Kjo kenge ne fakt ishte e perpunuar deri ne fund, dhe fale Adrian Lulgjuraj hyra ne kontakt me kompozitorin Eduart Hallullin, dhe per nje dite arritem ta realizojme kengen deri ne fund dhe ta dorezojme per Top Fest&#8221; thot Armendi. &#8220;Kenga eshte shume interesante, rrym jo shume e ndegjuar, elemente muzikes alternative duke perfshir aty edhe melosin e trojeve shqipetare po gjithashtu ne prapavij edhe rockun ishte nje intrig e madhe per ndegjuesin&#8221; vazhdon ai.<br \/>\nNe rewindin e Top fest 8 performohet live me orkestren e Top Channelit , edhe ne fund si juri jan 3 radiot me te forta te trojeve shqipetare Radio Vati (Maqedoni), Radio Bluesky (Kosova), dhe Top Albania Radio ku kenga \u201cBota jone\u201d ka marr vendin e par nga Radio Vati me 50 transmetime gjate javes,vendin e dyt nga radio Blue Sky me 30 transmetime gjate javes,edhe 3 vend nga Top Albania Radio me 15 transmetime gjate javes.<br \/>\nKenga &#8221; Bota Jone&#8221; ishte e vetmja kenge ne javen e fundit te rewindit qe ka marr \u00e7mim nga te tre radiot me t\u00eb \u00e7muara n\u00eb regjion.<\/p>\n<p>Koreografija e shk\u00eblqyer eshte pregatitur nga \u201ee madhja\u201c Kozeta Bakiu&#8230;nje nder koreografet me te mira ne shqiperi&#8230; ku si balerine morren pjese : Luixhino Hala, Luljeta Braha, Musa Katroshi, Jurgen Tartari, Arjola Matoshi edhe Krisi Dalipi.<\/p>\n<p><strong><a href=\"http:\/\/www.facebook.com\/profile.php?id=749325351\">Armend Milla Facebook<\/a><\/strong><br \/>\n\n\t\t<style type=\"text\/css\">\n\t\t\t#gallery-1 {\n\t\t\t\tmargin: auto;\n\t\t\t}\n\t\t\t#gallery-1 .gallery-item {\n\t\t\t\tfloat: left;\n\t\t\t\tmargin-top: 10px;\n\t\t\t\ttext-align: center;\n\t\t\t\twidth: 33%;\n\t\t\t}\n\t\t\t#gallery-1 img {\n\t\t\t\tborder: 2px solid #cfcfcf;\n\t\t\t}\n\t\t\t#gallery-1 .gallery-caption {\n\t\t\t\tmargin-left: 0;\n\t\t\t}\n\t\t\t\/* see gallery_shortcode() in wp-includes\/media.php *\/\n\t\t<\/style>\n\t\t<div id='gallery-1' class='gallery galleryid-45682 gallery-columns-3 gallery-size-thumbnail'><dl class='gallery-item'>\n\t\t\t<dt class='gallery-icon portrait'>\n\t\t\t\t<a href='https:\/\/www.visit-ulcinj.com\/blog\/wp-content\/uploads\/2011\/04\/Armend-Milla-ne-Top-Fest-8_4..jpg'><img width=\"150\" height=\"150\" src=\"https:\/\/www.visit-ulcinj.com\/blog\/wp-content\/uploads\/2011\/04\/Armend-Milla-ne-Top-Fest-8_4.-150x150.jpg\" class=\"attachment-thumbnail size-thumbnail\" alt=\"\" loading=\"lazy\" \/><\/a>\n\t\t\t<\/dt><\/dl><dl class='gallery-item'>\n\t\t\t<dt class='gallery-icon landscape'>\n\t\t\t\t<a href='https:\/\/www.visit-ulcinj.com\/blog\/wp-content\/uploads\/2011\/04\/Armend-Milla-ne-Top-Fest-8_5..jpg'><img width=\"150\" height=\"150\" src=\"https:\/\/www.visit-ulcinj.com\/blog\/wp-content\/uploads\/2011\/04\/Armend-Milla-ne-Top-Fest-8_5.-150x150.jpg\" class=\"attachment-thumbnail size-thumbnail\" alt=\"\" loading=\"lazy\" \/><\/a>\n\t\t\t<\/dt><\/dl><dl class='gallery-item'>\n\t\t\t<dt class='gallery-icon landscape'>\n\t\t\t\t<a href='https:\/\/www.visit-ulcinj.com\/blog\/wp-content\/uploads\/2011\/04\/Armend-Milla-ne-Top-Fest-8_6..jpg'><img width=\"150\" height=\"150\" src=\"https:\/\/www.visit-ulcinj.com\/blog\/wp-content\/uploads\/2011\/04\/Armend-Milla-ne-Top-Fest-8_6.-150x150.jpg\" class=\"attachment-thumbnail size-thumbnail\" alt=\"\" loading=\"lazy\" \/><\/a>\n\t\t\t<\/dt><\/dl><br style=\"clear: both\" \/>\n\t\t<\/div>\n<br \/>\n<!--YouTube Error: bad URL entered--><\/p>\n","protected":false},"excerpt":{"rendered":"<p>Top Fest 8: Nje knaqesi e ve\u00e7ant Armend Milla Vendlindja: Ulqin Mosha: 22 Vje\u00e7 Ditelindja: 2 Korrik 1988 Shenja e Horoskopit: Gaforrja Armend Milla e pershkruan veten si njeri te thjeshte dhe mjaft romantik. Muziken e tij e definon se Rock Pop. Se fundit ka marre pjese ne festivalin &#8220;TopFest 8&#8221; ne Tirane, ku eshte [&hellip;]<\/p>\n","protected":false},"author":1,"featured_media":0,"comment_status":"open","ping_status":"closed","sticky":false,"template":"","format":"standard","meta":{"spay_email":"","jetpack_publicize_message":"","jetpack_is_tweetstorm":false,"jetpack_publicize_feature_enabled":true},"categories":[1],"tags":[17981,95,3583,5081,17978,200,18],"jetpack_publicize_connections":[],"yoast_head":"<!-- This site is optimized with the Yoast SEO plugin v19.1 - https:\/\/yoast.com\/wordpress\/plugins\/seo\/ -->\n<title>Top Fest 8 per Armend Millen nje knaqesi e ve\u00e7ant - Lajme nga Ulqini<\/title>\n<meta name=\"description\" content=\"Top Fest 8: Nje knaqesi e ve\u00e7ant Armend Milla Vendlindja: Ulqin Mosha: 22 Vje\u00e7 Ditelindja: 2 Korrik 1988 Shenja e Horoskopit: Gaforrja Armend Milla e\" \/>\n<meta name=\"robots\" content=\"index, follow, max-snippet:-1, max-image-preview:large, max-video-preview:-1\" \/>\n<link rel=\"canonical\" href=\"https:\/\/www.visit-ulcinj.com\/blog\/2011\/04\/09\/top-fest-8-per-armend-millen-nje-knaqesi-e-vecant\/\" \/>\n<meta property=\"og:locale\" content=\"en_US\" \/>\n<meta property=\"og:type\" content=\"article\" \/>\n<meta property=\"og:title\" content=\"Top Fest 8 per Armend Millen nje knaqesi e ve\u00e7ant - Lajme nga Ulqini\" \/>\n<meta property=\"og:description\" content=\"Top Fest 8: Nje knaqesi e ve\u00e7ant Armend Milla Vendlindja: Ulqin Mosha: 22 Vje\u00e7 Ditelindja: 2 Korrik 1988 Shenja e Horoskopit: Gaforrja Armend Milla e\" \/>\n<meta property=\"og:url\" content=\"https:\/\/www.visit-ulcinj.com\/blog\/2011\/04\/09\/top-fest-8-per-armend-millen-nje-knaqesi-e-vecant\/\" \/>\n<meta property=\"og:site_name\" content=\"Lajme nga Ulqini\" \/>\n<meta property=\"article:published_time\" content=\"2011-04-09T17:20:12+00:00\" \/>\n<meta property=\"article:modified_time\" content=\"2011-04-11T06:48:08+00:00\" \/>\n<meta property=\"og:image\" content=\"https:\/\/www.visit-ulcinj.com\/blog\/wp-content\/uploads\/2011\/04\/Armend-Milla-ne-Top-Fest-8-150x150.jpg\" \/>\n<meta name=\"twitter:label1\" content=\"Written by\" \/>\n\t<meta name=\"twitter:data1\" content=\"ulqini\" \/>\n\t<meta name=\"twitter:label2\" content=\"Est. reading time\" \/>\n\t<meta name=\"twitter:data2\" content=\"2 minutes\" \/>\n<script type=\"application\/ld+json\" class=\"yoast-schema-graph\">{\"@context\":\"https:\/\/schema.org\",\"@graph\":[{\"@type\":\"WebSite\",\"@id\":\"https:\/\/www.visit-ulcinj.com\/blog\/#website\",\"url\":\"https:\/\/www.visit-ulcinj.com\/blog\/\",\"name\":\"Lajme nga Ulqini\",\"description\":\"Lajme,Vijesti,Ulqini,Ulqin,Crna Gora,Mali i Zi\",\"potentialAction\":[{\"@type\":\"SearchAction\",\"target\":{\"@type\":\"EntryPoint\",\"urlTemplate\":\"https:\/\/www.visit-ulcinj.com\/blog\/?s={search_term_string}\"},\"query-input\":\"required name=search_term_string\"}],\"inLanguage\":\"en-US\"},{\"@type\":\"ImageObject\",\"inLanguage\":\"en-US\",\"@id\":\"https:\/\/www.visit-ulcinj.com\/blog\/2011\/04\/09\/top-fest-8-per-armend-millen-nje-knaqesi-e-vecant\/#primaryimage\",\"url\":\"http:\/\/www.visit-ulcinj.com\/blog\/wp-content\/uploads\/2011\/04\/Armend-Milla-ne-Top-Fest-8.jpg\",\"contentUrl\":\"http:\/\/www.visit-ulcinj.com\/blog\/wp-content\/uploads\/2011\/04\/Armend-Milla-ne-Top-Fest-8.jpg\"},{\"@type\":\"WebPage\",\"@id\":\"https:\/\/www.visit-ulcinj.com\/blog\/2011\/04\/09\/top-fest-8-per-armend-millen-nje-knaqesi-e-vecant\/#webpage\",\"url\":\"https:\/\/www.visit-ulcinj.com\/blog\/2011\/04\/09\/top-fest-8-per-armend-millen-nje-knaqesi-e-vecant\/\",\"name\":\"Top Fest 8 per Armend Millen nje knaqesi e ve\u00e7ant - Lajme nga Ulqini\",\"isPartOf\":{\"@id\":\"https:\/\/www.visit-ulcinj.com\/blog\/#website\"},\"primaryImageOfPage\":{\"@id\":\"https:\/\/www.visit-ulcinj.com\/blog\/2011\/04\/09\/top-fest-8-per-armend-millen-nje-knaqesi-e-vecant\/#primaryimage\"},\"datePublished\":\"2011-04-09T17:20:12+00:00\",\"dateModified\":\"2011-04-11T06:48:08+00:00\",\"author\":{\"@id\":\"https:\/\/www.visit-ulcinj.com\/blog\/#\/schema\/person\/dcab619c614d3038751c63bc2aadc06d\"},\"description\":\"Top Fest 8: Nje knaqesi e ve\u00e7ant Armend Milla Vendlindja: Ulqin Mosha: 22 Vje\u00e7 Ditelindja: 2 Korrik 1988 Shenja e Horoskopit: Gaforrja Armend Milla e\",\"breadcrumb\":{\"@id\":\"https:\/\/www.visit-ulcinj.com\/blog\/2011\/04\/09\/top-fest-8-per-armend-millen-nje-knaqesi-e-vecant\/#breadcrumb\"},\"inLanguage\":\"en-US\",\"potentialAction\":[{\"@type\":\"ReadAction\",\"target\":[\"https:\/\/www.visit-ulcinj.com\/blog\/2011\/04\/09\/top-fest-8-per-armend-millen-nje-knaqesi-e-vecant\/\"]}]},{\"@type\":\"BreadcrumbList\",\"@id\":\"https:\/\/www.visit-ulcinj.com\/blog\/2011\/04\/09\/top-fest-8-per-armend-millen-nje-knaqesi-e-vecant\/#breadcrumb\",\"itemListElement\":[{\"@type\":\"ListItem\",\"position\":1,\"name\":\"Top Fest 8 per Armend Millen nje knaqesi e ve\u00e7ant\"}]},{\"@type\":\"Person\",\"@id\":\"https:\/\/www.visit-ulcinj.com\/blog\/#\/schema\/person\/dcab619c614d3038751c63bc2aadc06d\",\"name\":\"ulqini\",\"sameAs\":[\"http:\/\/www.visit-ulcinj.com\"],\"url\":\"https:\/\/www.visit-ulcinj.com\/blog\/author\/admin\/\"}]}<\/script>\n<!-- \/ Yoast SEO plugin. -->","yoast_head_json":{"title":"Top Fest 8 per Armend Millen nje knaqesi e ve\u00e7ant - Lajme nga Ulqini","description":"Top Fest 8: Nje knaqesi e ve\u00e7ant Armend Milla Vendlindja: Ulqin Mosha: 22 Vje\u00e7 Ditelindja: 2 Korrik 1988 Shenja e Horoskopit: Gaforrja Armend Milla e","robots":{"index":"index","follow":"follow","max-snippet":"max-snippet:-1","max-image-preview":"max-image-preview:large","max-video-preview":"max-video-preview:-1"},"canonical":"https:\/\/www.visit-ulcinj.com\/blog\/2011\/04\/09\/top-fest-8-per-armend-millen-nje-knaqesi-e-vecant\/","og_locale":"en_US","og_type":"article","og_title":"Top Fest 8 per Armend Millen nje knaqesi e ve\u00e7ant - Lajme nga Ulqini","og_description":"Top Fest 8: Nje knaqesi e ve\u00e7ant Armend Milla Vendlindja: Ulqin Mosha: 22 Vje\u00e7 Ditelindja: 2 Korrik 1988 Shenja e Horoskopit: Gaforrja Armend Milla e","og_url":"https:\/\/www.visit-ulcinj.com\/blog\/2011\/04\/09\/top-fest-8-per-armend-millen-nje-knaqesi-e-vecant\/","og_site_name":"Lajme nga Ulqini","article_published_time":"2011-04-09T17:20:12+00:00","article_modified_time":"2011-04-11T06:48:08+00:00","og_image":[{"url":"https:\/\/www.visit-ulcinj.com\/blog\/wp-content\/uploads\/2011\/04\/Armend-Milla-ne-Top-Fest-8-150x150.jpg"}],"twitter_misc":{"Written by":"ulqini","Est. reading time":"2 minutes"},"schema":{"@context":"https:\/\/schema.org","@graph":[{"@type":"WebSite","@id":"https:\/\/www.visit-ulcinj.com\/blog\/#website","url":"https:\/\/www.visit-ulcinj.com\/blog\/","name":"Lajme nga Ulqini","description":"Lajme,Vijesti,Ulqini,Ulqin,Crna Gora,Mali i Zi","potentialAction":[{"@type":"SearchAction","target":{"@type":"EntryPoint","urlTemplate":"https:\/\/www.visit-ulcinj.com\/blog\/?s={search_term_string}"},"query-input":"required name=search_term_string"}],"inLanguage":"en-US"},{"@type":"ImageObject","inLanguage":"en-US","@id":"https:\/\/www.visit-ulcinj.com\/blog\/2011\/04\/09\/top-fest-8-per-armend-millen-nje-knaqesi-e-vecant\/#primaryimage","url":"http:\/\/www.visit-ulcinj.com\/blog\/wp-content\/uploads\/2011\/04\/Armend-Milla-ne-Top-Fest-8.jpg","contentUrl":"http:\/\/www.visit-ulcinj.com\/blog\/wp-content\/uploads\/2011\/04\/Armend-Milla-ne-Top-Fest-8.jpg"},{"@type":"WebPage","@id":"https:\/\/www.visit-ulcinj.com\/blog\/2011\/04\/09\/top-fest-8-per-armend-millen-nje-knaqesi-e-vecant\/#webpage","url":"https:\/\/www.visit-ulcinj.com\/blog\/2011\/04\/09\/top-fest-8-per-armend-millen-nje-knaqesi-e-vecant\/","name":"Top Fest 8 per Armend Millen nje knaqesi e ve\u00e7ant - Lajme nga Ulqini","isPartOf":{"@id":"https:\/\/www.visit-ulcinj.com\/blog\/#website"},"primaryImageOfPage":{"@id":"https:\/\/www.visit-ulcinj.com\/blog\/2011\/04\/09\/top-fest-8-per-armend-millen-nje-knaqesi-e-vecant\/#primaryimage"},"datePublished":"2011-04-09T17:20:12+00:00","dateModified":"2011-04-11T06:48:08+00:00","author":{"@id":"https:\/\/www.visit-ulcinj.com\/blog\/#\/schema\/person\/dcab619c614d3038751c63bc2aadc06d"},"description":"Top Fest 8: Nje knaqesi e ve\u00e7ant Armend Milla Vendlindja: Ulqin Mosha: 22 Vje\u00e7 Ditelindja: 2 Korrik 1988 Shenja e Horoskopit: Gaforrja Armend Milla e","breadcrumb":{"@id":"https:\/\/www.visit-ulcinj.com\/blog\/2011\/04\/09\/top-fest-8-per-armend-millen-nje-knaqesi-e-vecant\/#breadcrumb"},"inLanguage":"en-US","potentialAction":[{"@type":"ReadAction","target":["https:\/\/www.visit-ulcinj.com\/blog\/2011\/04\/09\/top-fest-8-per-armend-millen-nje-knaqesi-e-vecant\/"]}]},{"@type":"BreadcrumbList","@id":"https:\/\/www.visit-ulcinj.com\/blog\/2011\/04\/09\/top-fest-8-per-armend-millen-nje-knaqesi-e-vecant\/#breadcrumb","itemListElement":[{"@type":"ListItem","position":1,"name":"Top Fest 8 per Armend Millen nje knaqesi e ve\u00e7ant"}]},{"@type":"Person","@id":"https:\/\/www.visit-ulcinj.com\/blog\/#\/schema\/person\/dcab619c614d3038751c63bc2aadc06d","name":"ulqini","sameAs":["http:\/\/www.visit-ulcinj.com"],"url":"https:\/\/www.visit-ulcinj.com\/blog\/author\/admin\/"}]}},"jetpack_featured_media_url":"","jetpack_sharing_enabled":true,"jetpack_shortlink":"https:\/\/wp.me\/pe6lTn-bSO","_links":{"self":[{"href":"https:\/\/www.visit-ulcinj.com\/blog\/wp-json\/wp\/v2\/posts\/45682"}],"collection":[{"href":"https:\/\/www.visit-ulcinj.com\/blog\/wp-json\/wp\/v2\/posts"}],"about":[{"href":"https:\/\/www.visit-ulcinj.com\/blog\/wp-json\/wp\/v2\/types\/post"}],"author":[{"embeddable":true,"href":"https:\/\/www.visit-ulcinj.com\/blog\/wp-json\/wp\/v2\/users\/1"}],"replies":[{"embeddable":true,"href":"https:\/\/www.visit-ulcinj.com\/blog\/wp-json\/wp\/v2\/comments?post=45682"}],"version-history":[{"count":0,"href":"https:\/\/www.visit-ulcinj.com\/blog\/wp-json\/wp\/v2\/posts\/45682\/revisions"}],"wp:attachment":[{"href":"https:\/\/www.visit-ulcinj.com\/blog\/wp-json\/wp\/v2\/media?parent=45682"}],"wp:term":[{"taxonomy":"category","embeddable":true,"href":"https:\/\/www.visit-ulcinj.com\/blog\/wp-json\/wp\/v2\/categories?post=45682"},{"taxonomy":"post_tag","embeddable":true,"href":"https:\/\/www.visit-ulcinj.com\/blog\/wp-json\/wp\/v2\/tags?post=45682"}],"curies":[{"name":"wp","href":"https:\/\/api.w.org\/{rel}","templated":true}]}}