{"id":45694,"date":"2011-04-10T07:44:07","date_gmt":"2011-04-10T06:44:07","guid":{"rendered":"http:\/\/www.visit-ulcinj.com\/blog\/?p=45694"},"modified":"2011-04-10T07:44:40","modified_gmt":"2011-04-10T06:44:40","slug":"ambasadorka-ujedinjenog-kraljevstva-posjetila-forcu","status":"publish","type":"post","link":"https:\/\/www.visit-ulcinj.com\/blog\/2011\/04\/10\/ambasadorka-ujedinjenog-kraljevstva-posjetila-forcu\/","title":{"rendered":"Ambasadorka Ujedinjenog Kraljevstva posjetila Forcu"},"content":{"rendered":"<p><a href=\"http:\/\/www.visit-ulcinj.com\/blog\/wp-content\/uploads\/2011\/04\/takim_cungu_nimanbegu_knight-sands_web.jpg\"><img loading=\"lazy\" class=\"alignleft\" title=\"Ambasadorka Ujedinjenog Kraljevstva posjetila Forcu\" src=\"http:\/\/www.visit-ulcinj.com\/blog\/wp-content\/uploads\/2011\/04\/takim_cungu_nimanbegu_knight-sands_web.jpg\" alt=\"\" width=\"508\" height=\"380\" \/><\/a>ULCINJ &#8211; Predsjednik Force Nazif Cungu razgovarao je ju\u010de sa ambasadorkom Ujedinjenog Kraljevstva u Crnoj Gori Ketrin Najt-Send o ekonomskoj situaciji u Ulcinju, polo\u017eaju albanske zajednice u Crnoj Gori, povra\u0107aju imovine u Valdanosu i izbornom zakonodavstvu &#8211; saop\u0161teno je iz Force.<\/p>\n<p>Ambasadorka Najt-Send je istakla da u Crnoj Gori postoji ve\u0107a me\u0111unacionalna harmonija i manji problemi nego u regionu i izrazila je spremnost da animira investitore iz Velike Britanije da investiraju u Crnu Goru.<\/p>\n<p>&#8211; Zajedni\u010dka konstatacija je da bez podr\u0161ke stanovni\u0161tva nemogu\u0107e je realizovati kvalitetne investicije &#8211; navodi se u saop\u0161tenju Force.<\/p>\n<p>Ocjenili su da je Crna Gora ostvarila zna\u010dajan napredak u oblasti evropskih integracija, \u0161to \u0107e omogu\u0107iti \u0161to brzi ulazak u EU, kao i pripremu svih struktura za budu\u0107e pristupne pregovore.<\/p>\n<p>Iz Force su naglasili da \u0107e se zalagati za davanje svog doprinosa u svim aspektima, ekonomskom, kulturnom i socijalnom, a posebno da \u0107e svoj doprinos u procesima evropskih integracija.<br \/>\n<a href=\"http:\/\/www.pobjeda.co.me\/citanje.php?datum=2011-04-08&amp;id=205824\" target=\"_blank\"><strong>A. \u017d.<br \/>\nPobjeda<\/strong><\/a><\/p>\n","protected":false},"excerpt":{"rendered":"<p>ULCINJ &#8211; Predsjednik Force Nazif Cungu razgovarao je ju\u010de sa ambasadorkom Ujedinjenog Kraljevstva u Crnoj Gori Ketrin Najt-Send o ekonomskoj situaciji u Ulcinju, polo\u017eaju albanske zajednice u Crnoj Gori, povra\u0107aju imovine u Valdanosu i izbornom zakonodavstvu &#8211; saop\u0161teno je iz Force. Ambasadorka Najt-Send je istakla da u Crnoj Gori postoji ve\u0107a me\u0111unacionalna harmonija i manji [&hellip;]<\/p>\n","protected":false},"author":1,"featured_media":0,"comment_status":"open","ping_status":"closed","sticky":false,"template":"","format":"standard","meta":{"spay_email":"","jetpack_publicize_message":"","jetpack_is_tweetstorm":false,"jetpack_publicize_feature_enabled":true},"categories":[8337],"tags":[19],"jetpack_publicize_connections":[],"yoast_head":"<!-- This site is optimized with the Yoast SEO plugin v19.1 - https:\/\/yoast.com\/wordpress\/plugins\/seo\/ -->\n<title>Ambasadorka Ujedinjenog Kraljevstva posjetila Forcu - Lajme nga Ulqini<\/title>\n<meta name=\"description\" content=\"ULCINJ - Predsjednik Force Nazif Cungu razgovarao je ju\u010de sa ambasadorkom Ujedinjenog Kraljevstva u Crnoj Gori Ketrin Najt-Send o ekonomskoj situaciji u\" \/>\n<meta name=\"robots\" content=\"index, follow, max-snippet:-1, max-image-preview:large, max-video-preview:-1\" \/>\n<link rel=\"canonical\" href=\"https:\/\/www.visit-ulcinj.com\/blog\/2011\/04\/10\/ambasadorka-ujedinjenog-kraljevstva-posjetila-forcu\/\" \/>\n<meta property=\"og:locale\" content=\"en_US\" \/>\n<meta property=\"og:type\" content=\"article\" \/>\n<meta property=\"og:title\" content=\"Ambasadorka Ujedinjenog Kraljevstva posjetila Forcu - Lajme nga Ulqini\" \/>\n<meta property=\"og:description\" content=\"ULCINJ - Predsjednik Force Nazif Cungu razgovarao je ju\u010de sa ambasadorkom Ujedinjenog Kraljevstva u Crnoj Gori Ketrin Najt-Send o ekonomskoj situaciji u\" \/>\n<meta property=\"og:url\" content=\"https:\/\/www.visit-ulcinj.com\/blog\/2011\/04\/10\/ambasadorka-ujedinjenog-kraljevstva-posjetila-forcu\/\" \/>\n<meta property=\"og:site_name\" content=\"Lajme nga Ulqini\" \/>\n<meta property=\"article:published_time\" content=\"2011-04-10T06:44:07+00:00\" \/>\n<meta property=\"article:modified_time\" content=\"2011-04-10T06:44:40+00:00\" \/>\n<meta property=\"og:image\" content=\"http:\/\/www.visit-ulcinj.com\/blog\/wp-content\/uploads\/2011\/04\/takim_cungu_nimanbegu_knight-sands_web.jpg\" \/>\n<meta name=\"twitter:label1\" content=\"Written by\" \/>\n\t<meta name=\"twitter:data1\" content=\"ulqini\" \/>\n\t<meta name=\"twitter:label2\" content=\"Est. reading time\" \/>\n\t<meta name=\"twitter:data2\" content=\"1 minute\" \/>\n<script type=\"application\/ld+json\" class=\"yoast-schema-graph\">{\"@context\":\"https:\/\/schema.org\",\"@graph\":[{\"@type\":\"WebSite\",\"@id\":\"https:\/\/www.visit-ulcinj.com\/blog\/#website\",\"url\":\"https:\/\/www.visit-ulcinj.com\/blog\/\",\"name\":\"Lajme nga Ulqini\",\"description\":\"Lajme,Vijesti,Ulqini,Ulqin,Crna Gora,Mali i Zi\",\"potentialAction\":[{\"@type\":\"SearchAction\",\"target\":{\"@type\":\"EntryPoint\",\"urlTemplate\":\"https:\/\/www.visit-ulcinj.com\/blog\/?s={search_term_string}\"},\"query-input\":\"required name=search_term_string\"}],\"inLanguage\":\"en-US\"},{\"@type\":\"ImageObject\",\"inLanguage\":\"en-US\",\"@id\":\"https:\/\/www.visit-ulcinj.com\/blog\/2011\/04\/10\/ambasadorka-ujedinjenog-kraljevstva-posjetila-forcu\/#primaryimage\",\"url\":\"https:\/\/www.visit-ulcinj.com\/blog\/wp-content\/uploads\/2011\/04\/takim_cungu_nimanbegu_knight-sands_web.jpg\",\"contentUrl\":\"https:\/\/www.visit-ulcinj.com\/blog\/wp-content\/uploads\/2011\/04\/takim_cungu_nimanbegu_knight-sands_web.jpg\",\"width\":\"640\",\"height\":\"480\"},{\"@type\":\"WebPage\",\"@id\":\"https:\/\/www.visit-ulcinj.com\/blog\/2011\/04\/10\/ambasadorka-ujedinjenog-kraljevstva-posjetila-forcu\/#webpage\",\"url\":\"https:\/\/www.visit-ulcinj.com\/blog\/2011\/04\/10\/ambasadorka-ujedinjenog-kraljevstva-posjetila-forcu\/\",\"name\":\"Ambasadorka Ujedinjenog Kraljevstva posjetila Forcu - Lajme nga Ulqini\",\"isPartOf\":{\"@id\":\"https:\/\/www.visit-ulcinj.com\/blog\/#website\"},\"primaryImageOfPage\":{\"@id\":\"https:\/\/www.visit-ulcinj.com\/blog\/2011\/04\/10\/ambasadorka-ujedinjenog-kraljevstva-posjetila-forcu\/#primaryimage\"},\"datePublished\":\"2011-04-10T06:44:07+00:00\",\"dateModified\":\"2011-04-10T06:44:40+00:00\",\"author\":{\"@id\":\"https:\/\/www.visit-ulcinj.com\/blog\/#\/schema\/person\/dcab619c614d3038751c63bc2aadc06d\"},\"description\":\"ULCINJ - Predsjednik Force Nazif Cungu razgovarao je ju\u010de sa ambasadorkom Ujedinjenog Kraljevstva u Crnoj Gori Ketrin Najt-Send o ekonomskoj situaciji u\",\"breadcrumb\":{\"@id\":\"https:\/\/www.visit-ulcinj.com\/blog\/2011\/04\/10\/ambasadorka-ujedinjenog-kraljevstva-posjetila-forcu\/#breadcrumb\"},\"inLanguage\":\"en-US\",\"potentialAction\":[{\"@type\":\"ReadAction\",\"target\":[\"https:\/\/www.visit-ulcinj.com\/blog\/2011\/04\/10\/ambasadorka-ujedinjenog-kraljevstva-posjetila-forcu\/\"]}]},{\"@type\":\"BreadcrumbList\",\"@id\":\"https:\/\/www.visit-ulcinj.com\/blog\/2011\/04\/10\/ambasadorka-ujedinjenog-kraljevstva-posjetila-forcu\/#breadcrumb\",\"itemListElement\":[{\"@type\":\"ListItem\",\"position\":1,\"name\":\"Ambasadorka Ujedinjenog Kraljevstva posjetila Forcu\"}]},{\"@type\":\"Person\",\"@id\":\"https:\/\/www.visit-ulcinj.com\/blog\/#\/schema\/person\/dcab619c614d3038751c63bc2aadc06d\",\"name\":\"ulqini\",\"sameAs\":[\"http:\/\/www.visit-ulcinj.com\"],\"url\":\"https:\/\/www.visit-ulcinj.com\/blog\/author\/admin\/\"}]}<\/script>\n<!-- \/ Yoast SEO plugin. -->","yoast_head_json":{"title":"Ambasadorka Ujedinjenog Kraljevstva posjetila Forcu - Lajme nga Ulqini","description":"ULCINJ - Predsjednik Force Nazif Cungu razgovarao je ju\u010de sa ambasadorkom Ujedinjenog Kraljevstva u Crnoj Gori Ketrin Najt-Send o ekonomskoj situaciji u","robots":{"index":"index","follow":"follow","max-snippet":"max-snippet:-1","max-image-preview":"max-image-preview:large","max-video-preview":"max-video-preview:-1"},"canonical":"https:\/\/www.visit-ulcinj.com\/blog\/2011\/04\/10\/ambasadorka-ujedinjenog-kraljevstva-posjetila-forcu\/","og_locale":"en_US","og_type":"article","og_title":"Ambasadorka Ujedinjenog Kraljevstva posjetila Forcu - Lajme nga Ulqini","og_description":"ULCINJ - Predsjednik Force Nazif Cungu razgovarao je ju\u010de sa ambasadorkom Ujedinjenog Kraljevstva u Crnoj Gori Ketrin Najt-Send o ekonomskoj situaciji u","og_url":"https:\/\/www.visit-ulcinj.com\/blog\/2011\/04\/10\/ambasadorka-ujedinjenog-kraljevstva-posjetila-forcu\/","og_site_name":"Lajme nga Ulqini","article_published_time":"2011-04-10T06:44:07+00:00","article_modified_time":"2011-04-10T06:44:40+00:00","og_image":[{"url":"http:\/\/www.visit-ulcinj.com\/blog\/wp-content\/uploads\/2011\/04\/takim_cungu_nimanbegu_knight-sands_web.jpg"}],"twitter_misc":{"Written by":"ulqini","Est. reading time":"1 minute"},"schema":{"@context":"https:\/\/schema.org","@graph":[{"@type":"WebSite","@id":"https:\/\/www.visit-ulcinj.com\/blog\/#website","url":"https:\/\/www.visit-ulcinj.com\/blog\/","name":"Lajme nga Ulqini","description":"Lajme,Vijesti,Ulqini,Ulqin,Crna Gora,Mali i Zi","potentialAction":[{"@type":"SearchAction","target":{"@type":"EntryPoint","urlTemplate":"https:\/\/www.visit-ulcinj.com\/blog\/?s={search_term_string}"},"query-input":"required name=search_term_string"}],"inLanguage":"en-US"},{"@type":"ImageObject","inLanguage":"en-US","@id":"https:\/\/www.visit-ulcinj.com\/blog\/2011\/04\/10\/ambasadorka-ujedinjenog-kraljevstva-posjetila-forcu\/#primaryimage","url":"https:\/\/www.visit-ulcinj.com\/blog\/wp-content\/uploads\/2011\/04\/takim_cungu_nimanbegu_knight-sands_web.jpg","contentUrl":"https:\/\/www.visit-ulcinj.com\/blog\/wp-content\/uploads\/2011\/04\/takim_cungu_nimanbegu_knight-sands_web.jpg","width":"640","height":"480"},{"@type":"WebPage","@id":"https:\/\/www.visit-ulcinj.com\/blog\/2011\/04\/10\/ambasadorka-ujedinjenog-kraljevstva-posjetila-forcu\/#webpage","url":"https:\/\/www.visit-ulcinj.com\/blog\/2011\/04\/10\/ambasadorka-ujedinjenog-kraljevstva-posjetila-forcu\/","name":"Ambasadorka Ujedinjenog Kraljevstva posjetila Forcu - Lajme nga Ulqini","isPartOf":{"@id":"https:\/\/www.visit-ulcinj.com\/blog\/#website"},"primaryImageOfPage":{"@id":"https:\/\/www.visit-ulcinj.com\/blog\/2011\/04\/10\/ambasadorka-ujedinjenog-kraljevstva-posjetila-forcu\/#primaryimage"},"datePublished":"2011-04-10T06:44:07+00:00","dateModified":"2011-04-10T06:44:40+00:00","author":{"@id":"https:\/\/www.visit-ulcinj.com\/blog\/#\/schema\/person\/dcab619c614d3038751c63bc2aadc06d"},"description":"ULCINJ - Predsjednik Force Nazif Cungu razgovarao je ju\u010de sa ambasadorkom Ujedinjenog Kraljevstva u Crnoj Gori Ketrin Najt-Send o ekonomskoj situaciji u","breadcrumb":{"@id":"https:\/\/www.visit-ulcinj.com\/blog\/2011\/04\/10\/ambasadorka-ujedinjenog-kraljevstva-posjetila-forcu\/#breadcrumb"},"inLanguage":"en-US","potentialAction":[{"@type":"ReadAction","target":["https:\/\/www.visit-ulcinj.com\/blog\/2011\/04\/10\/ambasadorka-ujedinjenog-kraljevstva-posjetila-forcu\/"]}]},{"@type":"BreadcrumbList","@id":"https:\/\/www.visit-ulcinj.com\/blog\/2011\/04\/10\/ambasadorka-ujedinjenog-kraljevstva-posjetila-forcu\/#breadcrumb","itemListElement":[{"@type":"ListItem","position":1,"name":"Ambasadorka Ujedinjenog Kraljevstva posjetila Forcu"}]},{"@type":"Person","@id":"https:\/\/www.visit-ulcinj.com\/blog\/#\/schema\/person\/dcab619c614d3038751c63bc2aadc06d","name":"ulqini","sameAs":["http:\/\/www.visit-ulcinj.com"],"url":"https:\/\/www.visit-ulcinj.com\/blog\/author\/admin\/"}]}},"jetpack_featured_media_url":"","jetpack_sharing_enabled":true,"jetpack_shortlink":"https:\/\/wp.me\/pe6lTn-bT0","_links":{"self":[{"href":"https:\/\/www.visit-ulcinj.com\/blog\/wp-json\/wp\/v2\/posts\/45694"}],"collection":[{"href":"https:\/\/www.visit-ulcinj.com\/blog\/wp-json\/wp\/v2\/posts"}],"about":[{"href":"https:\/\/www.visit-ulcinj.com\/blog\/wp-json\/wp\/v2\/types\/post"}],"author":[{"embeddable":true,"href":"https:\/\/www.visit-ulcinj.com\/blog\/wp-json\/wp\/v2\/users\/1"}],"replies":[{"embeddable":true,"href":"https:\/\/www.visit-ulcinj.com\/blog\/wp-json\/wp\/v2\/comments?post=45694"}],"version-history":[{"count":0,"href":"https:\/\/www.visit-ulcinj.com\/blog\/wp-json\/wp\/v2\/posts\/45694\/revisions"}],"wp:attachment":[{"href":"https:\/\/www.visit-ulcinj.com\/blog\/wp-json\/wp\/v2\/media?parent=45694"}],"wp:term":[{"taxonomy":"category","embeddable":true,"href":"https:\/\/www.visit-ulcinj.com\/blog\/wp-json\/wp\/v2\/categories?post=45694"},{"taxonomy":"post_tag","embeddable":true,"href":"https:\/\/www.visit-ulcinj.com\/blog\/wp-json\/wp\/v2\/tags?post=45694"}],"curies":[{"name":"wp","href":"https:\/\/api.w.org\/{rel}","templated":true}]}}