{"id":45697,"date":"2011-04-10T07:52:30","date_gmt":"2011-04-10T06:52:30","guid":{"rendered":"http:\/\/www.visit-ulcinj.com\/blog\/?p=45697"},"modified":"2011-04-10T07:52:55","modified_gmt":"2011-04-10T06:52:55","slug":"donatorska-konferencija-za-spas-port-milene","status":"publish","type":"post","link":"https:\/\/www.visit-ulcinj.com\/blog\/2011\/04\/10\/donatorska-konferencija-za-spas-port-milene\/","title":{"rendered":"Donatorska konferencija za spas Port Milene"},"content":{"rendered":"<p><a href=\"http:\/\/www.visit-ulcinj.com\/blog\/wp-content\/uploads\/2011\/04\/Port-Milena-Ulcinj_Crna-Gora.jpg\"><img loading=\"lazy\" class=\"alignleft size-full wp-image-45698\" title=\"Port Milena Ulcinj_Crna Gora\" src=\"http:\/\/www.visit-ulcinj.com\/blog\/wp-content\/uploads\/2011\/04\/Port-Milena-Ulcinj_Crna-Gora.jpg\" alt=\"\" width=\"508\" height=\"380\" \/><\/a>ULCINJ \u2013 Izvr\u0161ni direktor NVO ,,Zeleni korak\u201c uputio je pismo ministru turizma i odr\u017eivog razvoja Predragu Sekuli\u0107u sa inicijativnom idejom da se odr\u017ei donatorska konferencija za prikupljanje sredstava za spas Port Milene.<\/p>\n<p>Lokalna zajednica nema finansijske uslove da rije\u0161i ovaj problem, a imaju\u0107i u vidu da dr\u017eava Crna Gora nije postavila kao prioritet sanaciju i revitalizaciju Port Milene, mi\u0161ljenja smo da treba organizovati Donatorsku konferenciju \u2013 navodi se u pismu i isti\u010de se da bi ova konferencija mogla biti dio manifestacije dvadesetogodi\u0161njice od progla\u0161enja Crne Gore ekolo\u0161kom dr\u017eavom.<\/p>\n<p>U pismu se ka\u017ee da bi uputno bilo u ovu aktivnost uklju\u010diti i princa Nikolu Petrovi\u0107a, praunuka kraljice Milene po kojoj je kanal i dobio ime.<\/p>\n<p>&#8211; Napominjemo da je juna 2002. godine na poziv tada\u0161njih ekolo\u0161kih aktivista princ Nikola Petrovi\u0107 nakratko obi\u0161ao Port Milenu i ponio ne ba\u0161 prijatne utiske. Mogu\u0107e da u ovoj situaciji i njegova pomo\u0107 dobro do\u0111e &#8211; saop\u0161tili su iz ove NVO.<\/p>\n<p>Kanal Milena je jedan od najprepoznatljivijih prirodnih fenomena sa aspekta njegovog nastanka.<\/p>\n<p>&#8211; Nekad najve\u0107e prirodno mrestili\u0161te ribe Mediterana antropogenim djelovanjem i nebrigom lokalne i centralne vlasti postao je velika septi\u010dka jama, barijera razvoju turizma o \u010demu svjedo\u010di i podatak da vlasnik &#8211; zakupac hotela Otrant ne \u017eeli da otvori objekat jer ga gosti zbog ogromnog smrada izbjegavaju \u2013 navodi se u pismu D\u017eelala Hod\u017ei\u0107a.<\/p>\n<p>&nbsp;<\/p>\n<p><a href=\"http:\/\/www.pobjeda.co.me\/citanje.php?datum=2011-04-08&amp;id=205815\" target=\"_blank\"><strong>A. \u017d.<br \/>\nPobjeda<\/strong><\/a><\/p>\n","protected":false},"excerpt":{"rendered":"<p>ULCINJ \u2013 Izvr\u0161ni direktor NVO ,,Zeleni korak\u201c uputio je pismo ministru turizma i odr\u017eivog razvoja Predragu Sekuli\u0107u sa inicijativnom idejom da se odr\u017ei donatorska konferencija za prikupljanje sredstava za spas Port Milene. Lokalna zajednica nema finansijske uslove da rije\u0161i ovaj problem, a imaju\u0107i u vidu da dr\u017eava Crna Gora nije postavila kao prioritet sanaciju i [&hellip;]<\/p>\n","protected":false},"author":1,"featured_media":0,"comment_status":"open","ping_status":"closed","sticky":false,"template":"","format":"standard","meta":{"spay_email":"","jetpack_publicize_message":"","jetpack_is_tweetstorm":false,"jetpack_publicize_feature_enabled":true},"categories":[8337],"tags":[295,12585],"jetpack_publicize_connections":[],"yoast_head":"<!-- This site is optimized with the Yoast SEO plugin v19.1 - https:\/\/yoast.com\/wordpress\/plugins\/seo\/ -->\n<title>Donatorska konferencija za spas Port Milene - Lajme nga Ulqini<\/title>\n<meta name=\"description\" content=\"ULCINJ \u2013 Izvr\u0161ni direktor NVO ,,Zeleni korak\u201c uputio je pismo ministru turizma i odr\u017eivog razvoja Predragu Sekuli\u0107u sa inicijativnom idejom da se odr\u017ei\" \/>\n<meta name=\"robots\" content=\"index, follow, max-snippet:-1, max-image-preview:large, max-video-preview:-1\" \/>\n<link rel=\"canonical\" href=\"https:\/\/www.visit-ulcinj.com\/blog\/2011\/04\/10\/donatorska-konferencija-za-spas-port-milene\/\" \/>\n<meta property=\"og:locale\" content=\"en_US\" \/>\n<meta property=\"og:type\" content=\"article\" \/>\n<meta property=\"og:title\" content=\"Donatorska konferencija za spas Port Milene - Lajme nga Ulqini\" \/>\n<meta property=\"og:description\" content=\"ULCINJ \u2013 Izvr\u0161ni direktor NVO ,,Zeleni korak\u201c uputio je pismo ministru turizma i odr\u017eivog razvoja Predragu Sekuli\u0107u sa inicijativnom idejom da se odr\u017ei\" \/>\n<meta property=\"og:url\" content=\"https:\/\/www.visit-ulcinj.com\/blog\/2011\/04\/10\/donatorska-konferencija-za-spas-port-milene\/\" \/>\n<meta property=\"og:site_name\" content=\"Lajme nga Ulqini\" \/>\n<meta property=\"article:published_time\" content=\"2011-04-10T06:52:30+00:00\" \/>\n<meta property=\"article:modified_time\" content=\"2011-04-10T06:52:55+00:00\" \/>\n<meta property=\"og:image\" content=\"http:\/\/www.visit-ulcinj.com\/blog\/wp-content\/uploads\/2011\/04\/Port-Milena-Ulcinj_Crna-Gora.jpg\" \/>\n<meta name=\"twitter:label1\" content=\"Written by\" \/>\n\t<meta name=\"twitter:data1\" content=\"ulqini\" \/>\n\t<meta name=\"twitter:label2\" content=\"Est. reading time\" \/>\n\t<meta name=\"twitter:data2\" content=\"1 minute\" \/>\n<script type=\"application\/ld+json\" class=\"yoast-schema-graph\">{\"@context\":\"https:\/\/schema.org\",\"@graph\":[{\"@type\":\"WebSite\",\"@id\":\"https:\/\/www.visit-ulcinj.com\/blog\/#website\",\"url\":\"https:\/\/www.visit-ulcinj.com\/blog\/\",\"name\":\"Lajme nga Ulqini\",\"description\":\"Lajme,Vijesti,Ulqini,Ulqin,Crna Gora,Mali i Zi\",\"potentialAction\":[{\"@type\":\"SearchAction\",\"target\":{\"@type\":\"EntryPoint\",\"urlTemplate\":\"https:\/\/www.visit-ulcinj.com\/blog\/?s={search_term_string}\"},\"query-input\":\"required name=search_term_string\"}],\"inLanguage\":\"en-US\"},{\"@type\":\"ImageObject\",\"inLanguage\":\"en-US\",\"@id\":\"https:\/\/www.visit-ulcinj.com\/blog\/2011\/04\/10\/donatorska-konferencija-za-spas-port-milene\/#primaryimage\",\"url\":\"https:\/\/www.visit-ulcinj.com\/blog\/wp-content\/uploads\/2011\/04\/Port-Milena-Ulcinj_Crna-Gora.jpg\",\"contentUrl\":\"https:\/\/www.visit-ulcinj.com\/blog\/wp-content\/uploads\/2011\/04\/Port-Milena-Ulcinj_Crna-Gora.jpg\",\"width\":\"800\",\"height\":\"531\"},{\"@type\":\"WebPage\",\"@id\":\"https:\/\/www.visit-ulcinj.com\/blog\/2011\/04\/10\/donatorska-konferencija-za-spas-port-milene\/#webpage\",\"url\":\"https:\/\/www.visit-ulcinj.com\/blog\/2011\/04\/10\/donatorska-konferencija-za-spas-port-milene\/\",\"name\":\"Donatorska konferencija za spas Port Milene - Lajme nga Ulqini\",\"isPartOf\":{\"@id\":\"https:\/\/www.visit-ulcinj.com\/blog\/#website\"},\"primaryImageOfPage\":{\"@id\":\"https:\/\/www.visit-ulcinj.com\/blog\/2011\/04\/10\/donatorska-konferencija-za-spas-port-milene\/#primaryimage\"},\"datePublished\":\"2011-04-10T06:52:30+00:00\",\"dateModified\":\"2011-04-10T06:52:55+00:00\",\"author\":{\"@id\":\"https:\/\/www.visit-ulcinj.com\/blog\/#\/schema\/person\/dcab619c614d3038751c63bc2aadc06d\"},\"description\":\"ULCINJ \u2013 Izvr\u0161ni direktor NVO ,,Zeleni korak\u201c uputio je pismo ministru turizma i odr\u017eivog razvoja Predragu Sekuli\u0107u sa inicijativnom idejom da se odr\u017ei\",\"breadcrumb\":{\"@id\":\"https:\/\/www.visit-ulcinj.com\/blog\/2011\/04\/10\/donatorska-konferencija-za-spas-port-milene\/#breadcrumb\"},\"inLanguage\":\"en-US\",\"potentialAction\":[{\"@type\":\"ReadAction\",\"target\":[\"https:\/\/www.visit-ulcinj.com\/blog\/2011\/04\/10\/donatorska-konferencija-za-spas-port-milene\/\"]}]},{\"@type\":\"BreadcrumbList\",\"@id\":\"https:\/\/www.visit-ulcinj.com\/blog\/2011\/04\/10\/donatorska-konferencija-za-spas-port-milene\/#breadcrumb\",\"itemListElement\":[{\"@type\":\"ListItem\",\"position\":1,\"name\":\"Donatorska konferencija za spas Port Milene\"}]},{\"@type\":\"Person\",\"@id\":\"https:\/\/www.visit-ulcinj.com\/blog\/#\/schema\/person\/dcab619c614d3038751c63bc2aadc06d\",\"name\":\"ulqini\",\"sameAs\":[\"http:\/\/www.visit-ulcinj.com\"],\"url\":\"https:\/\/www.visit-ulcinj.com\/blog\/author\/admin\/\"}]}<\/script>\n<!-- \/ Yoast SEO plugin. -->","yoast_head_json":{"title":"Donatorska konferencija za spas Port Milene - Lajme nga Ulqini","description":"ULCINJ \u2013 Izvr\u0161ni direktor NVO ,,Zeleni korak\u201c uputio je pismo ministru turizma i odr\u017eivog razvoja Predragu Sekuli\u0107u sa inicijativnom idejom da se odr\u017ei","robots":{"index":"index","follow":"follow","max-snippet":"max-snippet:-1","max-image-preview":"max-image-preview:large","max-video-preview":"max-video-preview:-1"},"canonical":"https:\/\/www.visit-ulcinj.com\/blog\/2011\/04\/10\/donatorska-konferencija-za-spas-port-milene\/","og_locale":"en_US","og_type":"article","og_title":"Donatorska konferencija za spas Port Milene - Lajme nga Ulqini","og_description":"ULCINJ \u2013 Izvr\u0161ni direktor NVO ,,Zeleni korak\u201c uputio je pismo ministru turizma i odr\u017eivog razvoja Predragu Sekuli\u0107u sa inicijativnom idejom da se odr\u017ei","og_url":"https:\/\/www.visit-ulcinj.com\/blog\/2011\/04\/10\/donatorska-konferencija-za-spas-port-milene\/","og_site_name":"Lajme nga Ulqini","article_published_time":"2011-04-10T06:52:30+00:00","article_modified_time":"2011-04-10T06:52:55+00:00","og_image":[{"url":"http:\/\/www.visit-ulcinj.com\/blog\/wp-content\/uploads\/2011\/04\/Port-Milena-Ulcinj_Crna-Gora.jpg"}],"twitter_misc":{"Written by":"ulqini","Est. reading time":"1 minute"},"schema":{"@context":"https:\/\/schema.org","@graph":[{"@type":"WebSite","@id":"https:\/\/www.visit-ulcinj.com\/blog\/#website","url":"https:\/\/www.visit-ulcinj.com\/blog\/","name":"Lajme nga Ulqini","description":"Lajme,Vijesti,Ulqini,Ulqin,Crna Gora,Mali i Zi","potentialAction":[{"@type":"SearchAction","target":{"@type":"EntryPoint","urlTemplate":"https:\/\/www.visit-ulcinj.com\/blog\/?s={search_term_string}"},"query-input":"required name=search_term_string"}],"inLanguage":"en-US"},{"@type":"ImageObject","inLanguage":"en-US","@id":"https:\/\/www.visit-ulcinj.com\/blog\/2011\/04\/10\/donatorska-konferencija-za-spas-port-milene\/#primaryimage","url":"https:\/\/www.visit-ulcinj.com\/blog\/wp-content\/uploads\/2011\/04\/Port-Milena-Ulcinj_Crna-Gora.jpg","contentUrl":"https:\/\/www.visit-ulcinj.com\/blog\/wp-content\/uploads\/2011\/04\/Port-Milena-Ulcinj_Crna-Gora.jpg","width":"800","height":"531"},{"@type":"WebPage","@id":"https:\/\/www.visit-ulcinj.com\/blog\/2011\/04\/10\/donatorska-konferencija-za-spas-port-milene\/#webpage","url":"https:\/\/www.visit-ulcinj.com\/blog\/2011\/04\/10\/donatorska-konferencija-za-spas-port-milene\/","name":"Donatorska konferencija za spas Port Milene - Lajme nga Ulqini","isPartOf":{"@id":"https:\/\/www.visit-ulcinj.com\/blog\/#website"},"primaryImageOfPage":{"@id":"https:\/\/www.visit-ulcinj.com\/blog\/2011\/04\/10\/donatorska-konferencija-za-spas-port-milene\/#primaryimage"},"datePublished":"2011-04-10T06:52:30+00:00","dateModified":"2011-04-10T06:52:55+00:00","author":{"@id":"https:\/\/www.visit-ulcinj.com\/blog\/#\/schema\/person\/dcab619c614d3038751c63bc2aadc06d"},"description":"ULCINJ \u2013 Izvr\u0161ni direktor NVO ,,Zeleni korak\u201c uputio je pismo ministru turizma i odr\u017eivog razvoja Predragu Sekuli\u0107u sa inicijativnom idejom da se odr\u017ei","breadcrumb":{"@id":"https:\/\/www.visit-ulcinj.com\/blog\/2011\/04\/10\/donatorska-konferencija-za-spas-port-milene\/#breadcrumb"},"inLanguage":"en-US","potentialAction":[{"@type":"ReadAction","target":["https:\/\/www.visit-ulcinj.com\/blog\/2011\/04\/10\/donatorska-konferencija-za-spas-port-milene\/"]}]},{"@type":"BreadcrumbList","@id":"https:\/\/www.visit-ulcinj.com\/blog\/2011\/04\/10\/donatorska-konferencija-za-spas-port-milene\/#breadcrumb","itemListElement":[{"@type":"ListItem","position":1,"name":"Donatorska konferencija za spas Port Milene"}]},{"@type":"Person","@id":"https:\/\/www.visit-ulcinj.com\/blog\/#\/schema\/person\/dcab619c614d3038751c63bc2aadc06d","name":"ulqini","sameAs":["http:\/\/www.visit-ulcinj.com"],"url":"https:\/\/www.visit-ulcinj.com\/blog\/author\/admin\/"}]}},"jetpack_featured_media_url":"","jetpack_sharing_enabled":true,"jetpack_shortlink":"https:\/\/wp.me\/pe6lTn-bT3","_links":{"self":[{"href":"https:\/\/www.visit-ulcinj.com\/blog\/wp-json\/wp\/v2\/posts\/45697"}],"collection":[{"href":"https:\/\/www.visit-ulcinj.com\/blog\/wp-json\/wp\/v2\/posts"}],"about":[{"href":"https:\/\/www.visit-ulcinj.com\/blog\/wp-json\/wp\/v2\/types\/post"}],"author":[{"embeddable":true,"href":"https:\/\/www.visit-ulcinj.com\/blog\/wp-json\/wp\/v2\/users\/1"}],"replies":[{"embeddable":true,"href":"https:\/\/www.visit-ulcinj.com\/blog\/wp-json\/wp\/v2\/comments?post=45697"}],"version-history":[{"count":0,"href":"https:\/\/www.visit-ulcinj.com\/blog\/wp-json\/wp\/v2\/posts\/45697\/revisions"}],"wp:attachment":[{"href":"https:\/\/www.visit-ulcinj.com\/blog\/wp-json\/wp\/v2\/media?parent=45697"}],"wp:term":[{"taxonomy":"category","embeddable":true,"href":"https:\/\/www.visit-ulcinj.com\/blog\/wp-json\/wp\/v2\/categories?post=45697"},{"taxonomy":"post_tag","embeddable":true,"href":"https:\/\/www.visit-ulcinj.com\/blog\/wp-json\/wp\/v2\/tags?post=45697"}],"curies":[{"name":"wp","href":"https:\/\/api.w.org\/{rel}","templated":true}]}}