{"id":45711,"date":"2011-04-10T18:16:28","date_gmt":"2011-04-10T17:16:28","guid":{"rendered":"http:\/\/www.visit-ulcinj.com\/blog\/?p=45711"},"modified":"2011-04-10T18:18:41","modified_gmt":"2011-04-10T17:18:41","slug":"top-show-mali-i-zi-5-vjet-pas-dhe-shqiptaret","status":"publish","type":"post","link":"https:\/\/www.visit-ulcinj.com\/blog\/2011\/04\/10\/top-show-mali-i-zi-5-vjet-pas-dhe-shqiptaret\/","title":{"rendered":"Top Show &#8211; Mali i Zi 5 vjet pas  dhe Shqiptaret"},"content":{"rendered":"<p><strong><a href=\"http:\/\/www.visit-ulcinj.com\/blog\/wp-content\/uploads\/2011\/04\/Top-Show-Mali-i-Zi-5-vjet-pas-dhe-Shqiptaret.jpg\"><img loading=\"lazy\" class=\"alignleft size-full wp-image-45712\" title=\"Top Show - Mali i Zi 5 vjet pas  dhe Shqiptaret\" src=\"http:\/\/www.visit-ulcinj.com\/blog\/wp-content\/uploads\/2011\/04\/Top-Show-Mali-i-Zi-5-vjet-pas-dhe-Shqiptaret.jpg\" alt=\"\" width=\"350\" height=\"270\" \/><\/a>Politologu Adri Nurellari u shpreh n\u00eb Top Show se n\u00eb Mal t\u00eb Zi presioni ndaj minoriteteve, e vecan\u00ebrisht ndaj popullsis\u00eb shqiptare ka cuar n\u00eb tkurrjen e p\u00ebrqindjes s\u00eb shqiptar\u00ebve n\u00eb Mal t\u00eb Zi.<\/strong><br \/>\nNurellari tha se historikisht ndaj shqiptar\u00ebve, q\u00eb ka kaluar n\u00ebp\u00ebr sisteme t\u00eb ndryshme qeverisjeje \u00ebsht\u00eb ushtruar vazhdimisht presion q\u00eb ka detyruar banor\u00ebt me komb\u00ebsi shqiptare t\u00eb braktisin vendin e tyre. Nurellari solli si shembull edhe privatizimin e padrejt\u00eb t\u00eb pronave t\u00eb shqiptar\u00ebve n\u00eb bregdet e n\u00eb Mal\u00ebsi.<\/p>\n<p>Edhe analist\u00ebt shqiptar\u00eb nga Mali i Zi u shpreh\u00ebn se shqiptar\u00ebt n\u00eb Mal t\u00eb Zi diskriminohen vazhdimisht prej autoriteteve vendase. Ata than\u00eb se q\u00eb n\u00eb nisje t\u00eb procesit t\u00eb regjistrimit t\u00eb popullsis\u00eb, i filluar m\u00eb 1 prill, synohet diskriminimi i komunitetit shqiptar, q\u00eb n\u00eb regjistrimin e mbajtur n\u00eb vitin 2003 sipas t\u00eb dh\u00ebnave zyrtare p\u00ebrb\u00ebnin 5 p\u00ebrqind t\u00eb popullsis\u00eb s\u00eb p\u00ebrgjith\u00ebshme.<\/p>\n<p><a title=\"TOP CHANNEL\" href=\"http:\/\/www.top-channel.tv\/video.php?id=24438\" target=\"_blank\"><strong>Top Channel<\/strong><\/a><\/p>\n<p><a title=\"TOP SHOW - TOP CHANNEL\" href=\"http:\/\/www.top-channel.tv\/video.php?id=24438\" target=\"_blank\"><strong>Ndiqni Top Show \u2013 06\/04\/2011 nga Top Channel<\/strong><\/a><\/p>\n<p><a title=\"TOP CHANNEL\" href=\"http:\/\/www.top-channel.tv\/video.php?id=24438\" target=\"_blank\"><strong>MALI I ZI 5 VITE MBAS PAVARSIS\u00cb NDIQNI 3 VIDEOT NE LINK TOP CHANNEL -TOP SHOW<\/strong><\/a><\/p>\n<p><strong>[flv]http:\/\/video3.top-channel.tv\/18754796\/topshow\/topshow6prill20112.flv[\/flv]<br \/>\n<\/strong><\/p>\n","protected":false},"excerpt":{"rendered":"<p>Politologu Adri Nurellari u shpreh n\u00eb Top Show se n\u00eb Mal t\u00eb Zi presioni ndaj minoriteteve, e vecan\u00ebrisht ndaj popullsis\u00eb shqiptare ka cuar n\u00eb tkurrjen e p\u00ebrqindjes s\u00eb shqiptar\u00ebve n\u00eb Mal t\u00eb Zi. Nurellari tha se historikisht ndaj shqiptar\u00ebve, q\u00eb ka kaluar n\u00ebp\u00ebr sisteme t\u00eb ndryshme qeverisjeje \u00ebsht\u00eb ushtruar vazhdimisht presion q\u00eb ka detyruar banor\u00ebt [&hellip;]<\/p>\n","protected":false},"author":1,"featured_media":0,"comment_status":"open","ping_status":"closed","sticky":false,"template":"","format":"standard","meta":{"spay_email":"","jetpack_publicize_message":"","jetpack_is_tweetstorm":false,"jetpack_publicize_feature_enabled":true},"categories":[6],"tags":[18029,5081,18028,200],"jetpack_publicize_connections":[],"yoast_head":"<!-- This site is optimized with the Yoast SEO plugin v19.1 - https:\/\/yoast.com\/wordpress\/plugins\/seo\/ -->\n<title>Top Show - Mali i Zi 5 vjet pas dhe Shqiptaret - Lajme nga Ulqini<\/title>\n<meta name=\"description\" content=\"Politologu Adri Nurellari u shpreh n\u00eb Top Show se n\u00eb Mal t\u00eb Zi presioni ndaj minoriteteve, e vecan\u00ebrisht ndaj popullsis\u00eb shqiptare ka cuar n\u00eb tkurrjen e\" \/>\n<meta name=\"robots\" content=\"index, follow, max-snippet:-1, max-image-preview:large, max-video-preview:-1\" \/>\n<link rel=\"canonical\" href=\"https:\/\/www.visit-ulcinj.com\/blog\/2011\/04\/10\/top-show-mali-i-zi-5-vjet-pas-dhe-shqiptaret\/\" \/>\n<meta property=\"og:locale\" content=\"en_US\" \/>\n<meta property=\"og:type\" content=\"article\" \/>\n<meta property=\"og:title\" content=\"Top Show - Mali i Zi 5 vjet pas dhe Shqiptaret - Lajme nga Ulqini\" \/>\n<meta property=\"og:description\" content=\"Politologu Adri Nurellari u shpreh n\u00eb Top Show se n\u00eb Mal t\u00eb Zi presioni ndaj minoriteteve, e vecan\u00ebrisht ndaj popullsis\u00eb shqiptare ka cuar n\u00eb tkurrjen e\" \/>\n<meta property=\"og:url\" content=\"https:\/\/www.visit-ulcinj.com\/blog\/2011\/04\/10\/top-show-mali-i-zi-5-vjet-pas-dhe-shqiptaret\/\" \/>\n<meta property=\"og:site_name\" content=\"Lajme nga Ulqini\" \/>\n<meta property=\"article:published_time\" content=\"2011-04-10T17:16:28+00:00\" \/>\n<meta property=\"article:modified_time\" content=\"2011-04-10T17:18:41+00:00\" \/>\n<meta property=\"og:image\" content=\"http:\/\/www.visit-ulcinj.com\/blog\/wp-content\/uploads\/2011\/04\/Top-Show-Mali-i-Zi-5-vjet-pas-dhe-Shqiptaret.jpg\" \/>\n<meta name=\"twitter:label1\" content=\"Written by\" \/>\n\t<meta name=\"twitter:data1\" content=\"ulqini\" \/>\n\t<meta name=\"twitter:label2\" content=\"Est. reading time\" \/>\n\t<meta name=\"twitter:data2\" content=\"1 minute\" \/>\n<script type=\"application\/ld+json\" class=\"yoast-schema-graph\">{\"@context\":\"https:\/\/schema.org\",\"@graph\":[{\"@type\":\"WebSite\",\"@id\":\"https:\/\/www.visit-ulcinj.com\/blog\/#website\",\"url\":\"https:\/\/www.visit-ulcinj.com\/blog\/\",\"name\":\"Lajme nga Ulqini\",\"description\":\"Lajme,Vijesti,Ulqini,Ulqin,Crna Gora,Mali i Zi\",\"potentialAction\":[{\"@type\":\"SearchAction\",\"target\":{\"@type\":\"EntryPoint\",\"urlTemplate\":\"https:\/\/www.visit-ulcinj.com\/blog\/?s={search_term_string}\"},\"query-input\":\"required name=search_term_string\"}],\"inLanguage\":\"en-US\"},{\"@type\":\"ImageObject\",\"inLanguage\":\"en-US\",\"@id\":\"https:\/\/www.visit-ulcinj.com\/blog\/2011\/04\/10\/top-show-mali-i-zi-5-vjet-pas-dhe-shqiptaret\/#primaryimage\",\"url\":\"https:\/\/www.visit-ulcinj.com\/blog\/wp-content\/uploads\/2011\/04\/Top-Show-Mali-i-Zi-5-vjet-pas-dhe-Shqiptaret.jpg\",\"contentUrl\":\"https:\/\/www.visit-ulcinj.com\/blog\/wp-content\/uploads\/2011\/04\/Top-Show-Mali-i-Zi-5-vjet-pas-dhe-Shqiptaret.jpg\",\"width\":\"397\",\"height\":\"270\"},{\"@type\":\"WebPage\",\"@id\":\"https:\/\/www.visit-ulcinj.com\/blog\/2011\/04\/10\/top-show-mali-i-zi-5-vjet-pas-dhe-shqiptaret\/#webpage\",\"url\":\"https:\/\/www.visit-ulcinj.com\/blog\/2011\/04\/10\/top-show-mali-i-zi-5-vjet-pas-dhe-shqiptaret\/\",\"name\":\"Top Show - Mali i Zi 5 vjet pas dhe Shqiptaret - Lajme nga Ulqini\",\"isPartOf\":{\"@id\":\"https:\/\/www.visit-ulcinj.com\/blog\/#website\"},\"primaryImageOfPage\":{\"@id\":\"https:\/\/www.visit-ulcinj.com\/blog\/2011\/04\/10\/top-show-mali-i-zi-5-vjet-pas-dhe-shqiptaret\/#primaryimage\"},\"datePublished\":\"2011-04-10T17:16:28+00:00\",\"dateModified\":\"2011-04-10T17:18:41+00:00\",\"author\":{\"@id\":\"https:\/\/www.visit-ulcinj.com\/blog\/#\/schema\/person\/dcab619c614d3038751c63bc2aadc06d\"},\"description\":\"Politologu Adri Nurellari u shpreh n\u00eb Top Show se n\u00eb Mal t\u00eb Zi presioni ndaj minoriteteve, e vecan\u00ebrisht ndaj popullsis\u00eb shqiptare ka cuar n\u00eb tkurrjen e\",\"breadcrumb\":{\"@id\":\"https:\/\/www.visit-ulcinj.com\/blog\/2011\/04\/10\/top-show-mali-i-zi-5-vjet-pas-dhe-shqiptaret\/#breadcrumb\"},\"inLanguage\":\"en-US\",\"potentialAction\":[{\"@type\":\"ReadAction\",\"target\":[\"https:\/\/www.visit-ulcinj.com\/blog\/2011\/04\/10\/top-show-mali-i-zi-5-vjet-pas-dhe-shqiptaret\/\"]}]},{\"@type\":\"BreadcrumbList\",\"@id\":\"https:\/\/www.visit-ulcinj.com\/blog\/2011\/04\/10\/top-show-mali-i-zi-5-vjet-pas-dhe-shqiptaret\/#breadcrumb\",\"itemListElement\":[{\"@type\":\"ListItem\",\"position\":1,\"name\":\"Top Show &#8211; Mali i Zi 5 vjet pas dhe Shqiptaret\"}]},{\"@type\":\"Person\",\"@id\":\"https:\/\/www.visit-ulcinj.com\/blog\/#\/schema\/person\/dcab619c614d3038751c63bc2aadc06d\",\"name\":\"ulqini\",\"sameAs\":[\"http:\/\/www.visit-ulcinj.com\"],\"url\":\"https:\/\/www.visit-ulcinj.com\/blog\/author\/admin\/\"}]}<\/script>\n<!-- \/ Yoast SEO plugin. -->","yoast_head_json":{"title":"Top Show - Mali i Zi 5 vjet pas dhe Shqiptaret - Lajme nga Ulqini","description":"Politologu Adri Nurellari u shpreh n\u00eb Top Show se n\u00eb Mal t\u00eb Zi presioni ndaj minoriteteve, e vecan\u00ebrisht ndaj popullsis\u00eb shqiptare ka cuar n\u00eb tkurrjen e","robots":{"index":"index","follow":"follow","max-snippet":"max-snippet:-1","max-image-preview":"max-image-preview:large","max-video-preview":"max-video-preview:-1"},"canonical":"https:\/\/www.visit-ulcinj.com\/blog\/2011\/04\/10\/top-show-mali-i-zi-5-vjet-pas-dhe-shqiptaret\/","og_locale":"en_US","og_type":"article","og_title":"Top Show - Mali i Zi 5 vjet pas dhe Shqiptaret - Lajme nga Ulqini","og_description":"Politologu Adri Nurellari u shpreh n\u00eb Top Show se n\u00eb Mal t\u00eb Zi presioni ndaj minoriteteve, e vecan\u00ebrisht ndaj popullsis\u00eb shqiptare ka cuar n\u00eb tkurrjen e","og_url":"https:\/\/www.visit-ulcinj.com\/blog\/2011\/04\/10\/top-show-mali-i-zi-5-vjet-pas-dhe-shqiptaret\/","og_site_name":"Lajme nga Ulqini","article_published_time":"2011-04-10T17:16:28+00:00","article_modified_time":"2011-04-10T17:18:41+00:00","og_image":[{"url":"http:\/\/www.visit-ulcinj.com\/blog\/wp-content\/uploads\/2011\/04\/Top-Show-Mali-i-Zi-5-vjet-pas-dhe-Shqiptaret.jpg"}],"twitter_misc":{"Written by":"ulqini","Est. reading time":"1 minute"},"schema":{"@context":"https:\/\/schema.org","@graph":[{"@type":"WebSite","@id":"https:\/\/www.visit-ulcinj.com\/blog\/#website","url":"https:\/\/www.visit-ulcinj.com\/blog\/","name":"Lajme nga Ulqini","description":"Lajme,Vijesti,Ulqini,Ulqin,Crna Gora,Mali i Zi","potentialAction":[{"@type":"SearchAction","target":{"@type":"EntryPoint","urlTemplate":"https:\/\/www.visit-ulcinj.com\/blog\/?s={search_term_string}"},"query-input":"required name=search_term_string"}],"inLanguage":"en-US"},{"@type":"ImageObject","inLanguage":"en-US","@id":"https:\/\/www.visit-ulcinj.com\/blog\/2011\/04\/10\/top-show-mali-i-zi-5-vjet-pas-dhe-shqiptaret\/#primaryimage","url":"https:\/\/www.visit-ulcinj.com\/blog\/wp-content\/uploads\/2011\/04\/Top-Show-Mali-i-Zi-5-vjet-pas-dhe-Shqiptaret.jpg","contentUrl":"https:\/\/www.visit-ulcinj.com\/blog\/wp-content\/uploads\/2011\/04\/Top-Show-Mali-i-Zi-5-vjet-pas-dhe-Shqiptaret.jpg","width":"397","height":"270"},{"@type":"WebPage","@id":"https:\/\/www.visit-ulcinj.com\/blog\/2011\/04\/10\/top-show-mali-i-zi-5-vjet-pas-dhe-shqiptaret\/#webpage","url":"https:\/\/www.visit-ulcinj.com\/blog\/2011\/04\/10\/top-show-mali-i-zi-5-vjet-pas-dhe-shqiptaret\/","name":"Top Show - Mali i Zi 5 vjet pas dhe Shqiptaret - Lajme nga Ulqini","isPartOf":{"@id":"https:\/\/www.visit-ulcinj.com\/blog\/#website"},"primaryImageOfPage":{"@id":"https:\/\/www.visit-ulcinj.com\/blog\/2011\/04\/10\/top-show-mali-i-zi-5-vjet-pas-dhe-shqiptaret\/#primaryimage"},"datePublished":"2011-04-10T17:16:28+00:00","dateModified":"2011-04-10T17:18:41+00:00","author":{"@id":"https:\/\/www.visit-ulcinj.com\/blog\/#\/schema\/person\/dcab619c614d3038751c63bc2aadc06d"},"description":"Politologu Adri Nurellari u shpreh n\u00eb Top Show se n\u00eb Mal t\u00eb Zi presioni ndaj minoriteteve, e vecan\u00ebrisht ndaj popullsis\u00eb shqiptare ka cuar n\u00eb tkurrjen e","breadcrumb":{"@id":"https:\/\/www.visit-ulcinj.com\/blog\/2011\/04\/10\/top-show-mali-i-zi-5-vjet-pas-dhe-shqiptaret\/#breadcrumb"},"inLanguage":"en-US","potentialAction":[{"@type":"ReadAction","target":["https:\/\/www.visit-ulcinj.com\/blog\/2011\/04\/10\/top-show-mali-i-zi-5-vjet-pas-dhe-shqiptaret\/"]}]},{"@type":"BreadcrumbList","@id":"https:\/\/www.visit-ulcinj.com\/blog\/2011\/04\/10\/top-show-mali-i-zi-5-vjet-pas-dhe-shqiptaret\/#breadcrumb","itemListElement":[{"@type":"ListItem","position":1,"name":"Top Show &#8211; Mali i Zi 5 vjet pas dhe Shqiptaret"}]},{"@type":"Person","@id":"https:\/\/www.visit-ulcinj.com\/blog\/#\/schema\/person\/dcab619c614d3038751c63bc2aadc06d","name":"ulqini","sameAs":["http:\/\/www.visit-ulcinj.com"],"url":"https:\/\/www.visit-ulcinj.com\/blog\/author\/admin\/"}]}},"jetpack_featured_media_url":"","jetpack_sharing_enabled":true,"jetpack_shortlink":"https:\/\/wp.me\/pe6lTn-bTh","_links":{"self":[{"href":"https:\/\/www.visit-ulcinj.com\/blog\/wp-json\/wp\/v2\/posts\/45711"}],"collection":[{"href":"https:\/\/www.visit-ulcinj.com\/blog\/wp-json\/wp\/v2\/posts"}],"about":[{"href":"https:\/\/www.visit-ulcinj.com\/blog\/wp-json\/wp\/v2\/types\/post"}],"author":[{"embeddable":true,"href":"https:\/\/www.visit-ulcinj.com\/blog\/wp-json\/wp\/v2\/users\/1"}],"replies":[{"embeddable":true,"href":"https:\/\/www.visit-ulcinj.com\/blog\/wp-json\/wp\/v2\/comments?post=45711"}],"version-history":[{"count":0,"href":"https:\/\/www.visit-ulcinj.com\/blog\/wp-json\/wp\/v2\/posts\/45711\/revisions"}],"wp:attachment":[{"href":"https:\/\/www.visit-ulcinj.com\/blog\/wp-json\/wp\/v2\/media?parent=45711"}],"wp:term":[{"taxonomy":"category","embeddable":true,"href":"https:\/\/www.visit-ulcinj.com\/blog\/wp-json\/wp\/v2\/categories?post=45711"},{"taxonomy":"post_tag","embeddable":true,"href":"https:\/\/www.visit-ulcinj.com\/blog\/wp-json\/wp\/v2\/tags?post=45711"}],"curies":[{"name":"wp","href":"https:\/\/api.w.org\/{rel}","templated":true}]}}