{"id":45716,"date":"2011-04-11T07:46:47","date_gmt":"2011-04-11T06:46:47","guid":{"rendered":"http:\/\/www.visit-ulcinj.com\/blog\/?p=45716"},"modified":"2011-04-11T18:33:40","modified_gmt":"2011-04-11T17:33:40","slug":"dita-e-ulqinit-ne-durres-dako-takohet-me-delegacionin-ulqinak","status":"publish","type":"post","link":"https:\/\/www.visit-ulcinj.com\/blog\/2011\/04\/11\/dita-e-ulqinit-ne-durres-dako-takohet-me-delegacionin-ulqinak\/","title":{"rendered":"Dita e Ulqinit n\u00eb Durr\u00ebs, Dako takohet me delegacionin ulqinak"},"content":{"rendered":"<p><a href=\"http:\/\/www.visit-ulcinj.com\/blog\/wp-content\/uploads\/2011\/04\/Vangjush-Dako-dhe-Zenel-Katana.jpg\"><img loading=\"lazy\" class=\"alignleft size-full wp-image-45717\" title=\"Vangjush Dako dhe Zenel Katana\" src=\"http:\/\/www.visit-ulcinj.com\/blog\/wp-content\/uploads\/2011\/04\/Vangjush-Dako-dhe-Zenel-Katana.jpg\" alt=\"\" width=\"508\" height=\"299\" \/><\/a>Bashkia Durr\u00ebs, s\u00eb bashku me Shoqat\u00ebn Kulturore &#8220;Ulqini&#8221;, kan\u00eb organizuar nj\u00eb seri veprimtarish t\u00eb karakterit shkencor dhe kulturor n\u00eb vler\u00ebsim t\u00eb komunitetit ulqinak q\u00eb banon n\u00eb Durr\u00ebs.<\/p>\n<p>N\u00ebn kujdesin e kryetarit t\u00eb Bashkis\u00eb s\u00eb Durr\u00ebsit, Vangjush Dako, dita e sotme p\u00ebr qytetin bregdetar ka pasur si lajtmotiv &#8220;Dita e Ulqinit n\u00eb Durr\u00ebs&#8221;. N\u00eb vler\u00ebsim t\u00eb k\u00ebsaj nuk ka munguar nj\u00eb sesion shkencor me tematik\u00eb &#8220;Ulqini, historia dhe traditat&#8221;, si dhe ekspozita me piktor\u00eb mjaft t\u00eb njohur ulqinak\u00eb.<\/p>\n<p>P\u00ebr t\u00eb marr\u00eb pjes\u00eb n\u00eb k\u00ebt\u00eb ngjarje t\u00eb organizuar nga Bashkia e Durr\u00ebsit, kan\u00eb qen\u00eb t\u00eb pranish\u00ebm edhe mjaft zyrtar\u00eb t\u00eb lart\u00eb t\u00eb komun\u00ebs s\u00eb Ulqinit, q\u00eb kryesoheshin nga Zenel Katana, i cili \u00ebsht\u00eb k\u00ebshilltari kryesor i kryetarit t\u00eb komun\u00ebs Ulqin, G\u00ebzim Hajdinaga. Delegacioni ulqinak q\u00eb shoq\u00ebrohej nga kryetari i shoqat\u00ebs kulturore Ulqini, Zihni Beqiraj, fillimisht \u00ebsht\u00eb pritur n\u00eb nj\u00eb takim t\u00eb ve\u00e7ant\u00eb nga kryebashkiaku Dako n\u00eb ambientet e Bashkis\u00eb s\u00eb Durr\u00ebsit.<\/p>\n<p>N\u00eb k\u00ebt\u00eb takim, Dako vler\u00ebsoi bashk\u00ebpunimin midis Bashkis\u00eb dhe Komun\u00ebs s\u00eb Ulqinit, bashk\u00ebpunim i cili mb\u00ebshtetet edhe mbi nj\u00eb memorandum zyrtar t\u00eb firmosur koh\u00eb m\u00eb par\u00eb nga kryetari i Bashkis\u00eb Durr\u00ebs, Vangjush Dako, dhe kryekomunari i Ulqinit, Hajdinaga.<\/p>\n<p>Sipas Dakos, forcimi i lidhjeve midis shqiptar\u00ebve n\u00eb t\u00eb dy an\u00ebt e kufirit, si dhe shk\u00ebmbimi i p\u00ebrvoj\u00ebs n\u00eb fush\u00ebn e turizmit \u00ebsht\u00eb n\u00eb themel t\u00eb k\u00ebtij bashk\u00ebpunimi. Kryebashkiaku nga ana tjet\u00ebr ka vler\u00ebsuar posa\u00e7\u00ebrisht kontributin e komunitetit ulqinak n\u00eb Durr\u00ebs n\u00eb zhvillimin e qytetit, rritjen e vlerave t\u00eb bashk\u00ebjetes\u00ebs, si dhe forcimit t\u00eb marr\u00ebdh\u00ebnieve n\u00eb plan komb\u00ebtar dhe lokal mes Durr\u00ebsit dhe Ulqinit.<\/p>\n<p>Nga ana e tij, zoti Katana ka vler\u00ebsuar n\u00eb m\u00ebnyr\u00eb t\u00eb ve\u00e7ant\u00eb rolin e kryebashkiakut Dako n\u00eb forcimin e marrdh\u00ebnieve dhe t\u00eb bashk\u00ebnimit mes Durr\u00ebsit dhe Ulqinit, n\u00eb vler\u00ebsimin e komunitetit ulqinak p\u00ebr zhvillimin e Durr\u00ebsit, si dhe n\u00eb zbatimin n\u00eb m\u00ebnyr\u00eb konkrete t\u00eb marr\u00ebveshjes mes Bashkis\u00eb Durr\u00ebs dhe komun\u00ebs s\u00eb Ulqinit.<\/p>\n<p>Vler\u00ebsime p\u00ebr pun\u00ebn e tij n\u00eb k\u00ebt\u00eb drejtim kryebashkiaku Dako mori edhe nga an\u00ebtar\u00eb t\u00eb tjer\u00eb t\u00eb delegacionit ulqinak. M\u00eb pas, kryetari i Bashkis\u00eb s\u00eb Durr\u00ebsit ka marr\u00eb pjes\u00eb edhe n\u00eb sesionin shkencor ku kan\u00eb referuar mjaft personalitete si prof. Dr. Bahri Brisku me tem\u00ebn &#8220;Nj\u00eb mozaik kulturor-artistik i Ulqinit&#8221;, Dr. Sali Hidri me tem\u00ebn &#8220;Mbi Ulqinin e ulqinak\u00ebt n\u00eb Durr\u00ebs&#8221;, Prof. Dr. Ruzhdi Ushaku me tem\u00ebn &#8220;Ulqini n\u00eb disa p\u00ebrmasa k\u00ebrkimi&#8221; si dhe Hasan Ulqini dhe Halim Maloku me temat &#8220;Skllev\u00ebrit italian\u00eb n\u00eb Ulqin&#8221; dhe &#8220;Integrimi mbar\u00eb shqiptar&#8221;.<\/p>\n<p>Gjat\u00eb k\u00ebsaj veprimtarie, kryebashkiaku Dako, n\u00eb vler\u00ebsim t\u00eb pun\u00ebs dhe kontributit t\u00eb ulqinak\u00ebve n\u00eb Durr\u00ebs, ka ndar\u00eb edhe disa tituj nderi. Me titullin &#8220;Nderi i Qytetit&#8221; \u00ebsht\u00eb vler\u00ebsuar Fuat Bilali, nd\u00ebrsa me titullin &#8220;Mir\u00ebnjohja e Qytetit&#8221; jan\u00eb vler\u00ebsuar familjet Peku, Molla dhe Truma, Isuf Fani dhe Melek Kalamishi (pas vdekjes). Me titullin &#8220;Mir\u00ebnjohja Ulqinake&#8221;, dh\u00ebn\u00eb nga Shoqata Kulturore &#8220;Ulqini&#8221;, jan\u00eb vler\u00ebsuar Ramazan Beja dhe gazetari Artur Llanaj.<\/p>\n<p><strong>Shekulli Online<br \/>\n<!--YouTube Error: bad URL entered--> <\/strong><\/p>\n","protected":false},"excerpt":{"rendered":"<p>Bashkia Durr\u00ebs, s\u00eb bashku me Shoqat\u00ebn Kulturore &#8220;Ulqini&#8221;, kan\u00eb organizuar nj\u00eb seri veprimtarish t\u00eb karakterit shkencor dhe kulturor n\u00eb vler\u00ebsim t\u00eb komunitetit ulqinak q\u00eb banon n\u00eb Durr\u00ebs. N\u00ebn kujdesin e kryetarit t\u00eb Bashkis\u00eb s\u00eb Durr\u00ebsit, Vangjush Dako, dita e sotme p\u00ebr qytetin bregdetar ka pasur si lajtmotiv &#8220;Dita e Ulqinit n\u00eb Durr\u00ebs&#8221;. N\u00eb vler\u00ebsim t\u00eb [&hellip;]<\/p>\n","protected":false},"author":1,"featured_media":0,"comment_status":"open","ping_status":"closed","sticky":false,"template":"","format":"standard","meta":{"spay_email":"","jetpack_publicize_message":"","jetpack_is_tweetstorm":false,"jetpack_publicize_feature_enabled":true},"categories":[1,6],"tags":[7358,18031,18032,18030],"jetpack_publicize_connections":[],"yoast_head":"<!-- This site is optimized with the Yoast SEO plugin v19.1 - https:\/\/yoast.com\/wordpress\/plugins\/seo\/ -->\n<title>Dita e Ulqinit n\u00eb Durr\u00ebs, Dako takohet me delegacionin ulqinak - Lajme nga Ulqini<\/title>\n<meta name=\"description\" content=\"Bashkia Durr\u00ebs, s\u00eb bashku me Shoqat\u00ebn Kulturore &quot;Ulqini&quot;, kan\u00eb organizuar nj\u00eb seri veprimtarish t\u00eb karakterit shkencor dhe kulturor n\u00eb vler\u00ebsim t\u00eb\" \/>\n<meta name=\"robots\" content=\"index, follow, max-snippet:-1, max-image-preview:large, max-video-preview:-1\" \/>\n<link rel=\"canonical\" href=\"https:\/\/www.visit-ulcinj.com\/blog\/2011\/04\/11\/dita-e-ulqinit-ne-durres-dako-takohet-me-delegacionin-ulqinak\/\" \/>\n<meta property=\"og:locale\" content=\"en_US\" \/>\n<meta property=\"og:type\" content=\"article\" \/>\n<meta property=\"og:title\" content=\"Dita e Ulqinit n\u00eb Durr\u00ebs, Dako takohet me delegacionin ulqinak - Lajme nga Ulqini\" \/>\n<meta property=\"og:description\" content=\"Bashkia Durr\u00ebs, s\u00eb bashku me Shoqat\u00ebn Kulturore &quot;Ulqini&quot;, kan\u00eb organizuar nj\u00eb seri veprimtarish t\u00eb karakterit shkencor dhe kulturor n\u00eb vler\u00ebsim t\u00eb\" \/>\n<meta property=\"og:url\" content=\"https:\/\/www.visit-ulcinj.com\/blog\/2011\/04\/11\/dita-e-ulqinit-ne-durres-dako-takohet-me-delegacionin-ulqinak\/\" \/>\n<meta property=\"og:site_name\" content=\"Lajme nga Ulqini\" \/>\n<meta property=\"article:published_time\" content=\"2011-04-11T06:46:47+00:00\" \/>\n<meta property=\"article:modified_time\" content=\"2011-04-11T17:33:40+00:00\" \/>\n<meta property=\"og:image\" content=\"http:\/\/www.visit-ulcinj.com\/blog\/wp-content\/uploads\/2011\/04\/Vangjush-Dako-dhe-Zenel-Katana.jpg\" \/>\n<meta name=\"twitter:label1\" content=\"Written by\" \/>\n\t<meta name=\"twitter:data1\" content=\"ulqini\" \/>\n\t<meta name=\"twitter:label2\" content=\"Est. reading time\" \/>\n\t<meta name=\"twitter:data2\" content=\"3 minutes\" \/>\n<script type=\"application\/ld+json\" class=\"yoast-schema-graph\">{\"@context\":\"https:\/\/schema.org\",\"@graph\":[{\"@type\":\"WebSite\",\"@id\":\"https:\/\/www.visit-ulcinj.com\/blog\/#website\",\"url\":\"https:\/\/www.visit-ulcinj.com\/blog\/\",\"name\":\"Lajme nga Ulqini\",\"description\":\"Lajme,Vijesti,Ulqini,Ulqin,Crna Gora,Mali i Zi\",\"potentialAction\":[{\"@type\":\"SearchAction\",\"target\":{\"@type\":\"EntryPoint\",\"urlTemplate\":\"https:\/\/www.visit-ulcinj.com\/blog\/?s={search_term_string}\"},\"query-input\":\"required name=search_term_string\"}],\"inLanguage\":\"en-US\"},{\"@type\":\"ImageObject\",\"inLanguage\":\"en-US\",\"@id\":\"https:\/\/www.visit-ulcinj.com\/blog\/2011\/04\/11\/dita-e-ulqinit-ne-durres-dako-takohet-me-delegacionin-ulqinak\/#primaryimage\",\"url\":\"http:\/\/www.visit-ulcinj.com\/blog\/wp-content\/uploads\/2011\/04\/Vangjush-Dako-dhe-Zenel-Katana.jpg\",\"contentUrl\":\"http:\/\/www.visit-ulcinj.com\/blog\/wp-content\/uploads\/2011\/04\/Vangjush-Dako-dhe-Zenel-Katana.jpg\"},{\"@type\":\"WebPage\",\"@id\":\"https:\/\/www.visit-ulcinj.com\/blog\/2011\/04\/11\/dita-e-ulqinit-ne-durres-dako-takohet-me-delegacionin-ulqinak\/#webpage\",\"url\":\"https:\/\/www.visit-ulcinj.com\/blog\/2011\/04\/11\/dita-e-ulqinit-ne-durres-dako-takohet-me-delegacionin-ulqinak\/\",\"name\":\"Dita e Ulqinit n\u00eb Durr\u00ebs, Dako takohet me delegacionin ulqinak - Lajme nga Ulqini\",\"isPartOf\":{\"@id\":\"https:\/\/www.visit-ulcinj.com\/blog\/#website\"},\"primaryImageOfPage\":{\"@id\":\"https:\/\/www.visit-ulcinj.com\/blog\/2011\/04\/11\/dita-e-ulqinit-ne-durres-dako-takohet-me-delegacionin-ulqinak\/#primaryimage\"},\"datePublished\":\"2011-04-11T06:46:47+00:00\",\"dateModified\":\"2011-04-11T17:33:40+00:00\",\"author\":{\"@id\":\"https:\/\/www.visit-ulcinj.com\/blog\/#\/schema\/person\/dcab619c614d3038751c63bc2aadc06d\"},\"description\":\"Bashkia Durr\u00ebs, s\u00eb bashku me Shoqat\u00ebn Kulturore \\\"Ulqini\\\", kan\u00eb organizuar nj\u00eb seri veprimtarish t\u00eb karakterit shkencor dhe kulturor n\u00eb vler\u00ebsim t\u00eb\",\"breadcrumb\":{\"@id\":\"https:\/\/www.visit-ulcinj.com\/blog\/2011\/04\/11\/dita-e-ulqinit-ne-durres-dako-takohet-me-delegacionin-ulqinak\/#breadcrumb\"},\"inLanguage\":\"en-US\",\"potentialAction\":[{\"@type\":\"ReadAction\",\"target\":[\"https:\/\/www.visit-ulcinj.com\/blog\/2011\/04\/11\/dita-e-ulqinit-ne-durres-dako-takohet-me-delegacionin-ulqinak\/\"]}]},{\"@type\":\"BreadcrumbList\",\"@id\":\"https:\/\/www.visit-ulcinj.com\/blog\/2011\/04\/11\/dita-e-ulqinit-ne-durres-dako-takohet-me-delegacionin-ulqinak\/#breadcrumb\",\"itemListElement\":[{\"@type\":\"ListItem\",\"position\":1,\"name\":\"Dita e Ulqinit n\u00eb Durr\u00ebs, Dako takohet me delegacionin ulqinak\"}]},{\"@type\":\"Person\",\"@id\":\"https:\/\/www.visit-ulcinj.com\/blog\/#\/schema\/person\/dcab619c614d3038751c63bc2aadc06d\",\"name\":\"ulqini\",\"sameAs\":[\"http:\/\/www.visit-ulcinj.com\"],\"url\":\"https:\/\/www.visit-ulcinj.com\/blog\/author\/admin\/\"}]}<\/script>\n<!-- \/ Yoast SEO plugin. -->","yoast_head_json":{"title":"Dita e Ulqinit n\u00eb Durr\u00ebs, Dako takohet me delegacionin ulqinak - Lajme nga Ulqini","description":"Bashkia Durr\u00ebs, s\u00eb bashku me Shoqat\u00ebn Kulturore \"Ulqini\", kan\u00eb organizuar nj\u00eb seri veprimtarish t\u00eb karakterit shkencor dhe kulturor n\u00eb vler\u00ebsim t\u00eb","robots":{"index":"index","follow":"follow","max-snippet":"max-snippet:-1","max-image-preview":"max-image-preview:large","max-video-preview":"max-video-preview:-1"},"canonical":"https:\/\/www.visit-ulcinj.com\/blog\/2011\/04\/11\/dita-e-ulqinit-ne-durres-dako-takohet-me-delegacionin-ulqinak\/","og_locale":"en_US","og_type":"article","og_title":"Dita e Ulqinit n\u00eb Durr\u00ebs, Dako takohet me delegacionin ulqinak - Lajme nga Ulqini","og_description":"Bashkia Durr\u00ebs, s\u00eb bashku me Shoqat\u00ebn Kulturore \"Ulqini\", kan\u00eb organizuar nj\u00eb seri veprimtarish t\u00eb karakterit shkencor dhe kulturor n\u00eb vler\u00ebsim t\u00eb","og_url":"https:\/\/www.visit-ulcinj.com\/blog\/2011\/04\/11\/dita-e-ulqinit-ne-durres-dako-takohet-me-delegacionin-ulqinak\/","og_site_name":"Lajme nga Ulqini","article_published_time":"2011-04-11T06:46:47+00:00","article_modified_time":"2011-04-11T17:33:40+00:00","og_image":[{"url":"http:\/\/www.visit-ulcinj.com\/blog\/wp-content\/uploads\/2011\/04\/Vangjush-Dako-dhe-Zenel-Katana.jpg"}],"twitter_misc":{"Written by":"ulqini","Est. reading time":"3 minutes"},"schema":{"@context":"https:\/\/schema.org","@graph":[{"@type":"WebSite","@id":"https:\/\/www.visit-ulcinj.com\/blog\/#website","url":"https:\/\/www.visit-ulcinj.com\/blog\/","name":"Lajme nga Ulqini","description":"Lajme,Vijesti,Ulqini,Ulqin,Crna Gora,Mali i Zi","potentialAction":[{"@type":"SearchAction","target":{"@type":"EntryPoint","urlTemplate":"https:\/\/www.visit-ulcinj.com\/blog\/?s={search_term_string}"},"query-input":"required name=search_term_string"}],"inLanguage":"en-US"},{"@type":"ImageObject","inLanguage":"en-US","@id":"https:\/\/www.visit-ulcinj.com\/blog\/2011\/04\/11\/dita-e-ulqinit-ne-durres-dako-takohet-me-delegacionin-ulqinak\/#primaryimage","url":"http:\/\/www.visit-ulcinj.com\/blog\/wp-content\/uploads\/2011\/04\/Vangjush-Dako-dhe-Zenel-Katana.jpg","contentUrl":"http:\/\/www.visit-ulcinj.com\/blog\/wp-content\/uploads\/2011\/04\/Vangjush-Dako-dhe-Zenel-Katana.jpg"},{"@type":"WebPage","@id":"https:\/\/www.visit-ulcinj.com\/blog\/2011\/04\/11\/dita-e-ulqinit-ne-durres-dako-takohet-me-delegacionin-ulqinak\/#webpage","url":"https:\/\/www.visit-ulcinj.com\/blog\/2011\/04\/11\/dita-e-ulqinit-ne-durres-dako-takohet-me-delegacionin-ulqinak\/","name":"Dita e Ulqinit n\u00eb Durr\u00ebs, Dako takohet me delegacionin ulqinak - Lajme nga Ulqini","isPartOf":{"@id":"https:\/\/www.visit-ulcinj.com\/blog\/#website"},"primaryImageOfPage":{"@id":"https:\/\/www.visit-ulcinj.com\/blog\/2011\/04\/11\/dita-e-ulqinit-ne-durres-dako-takohet-me-delegacionin-ulqinak\/#primaryimage"},"datePublished":"2011-04-11T06:46:47+00:00","dateModified":"2011-04-11T17:33:40+00:00","author":{"@id":"https:\/\/www.visit-ulcinj.com\/blog\/#\/schema\/person\/dcab619c614d3038751c63bc2aadc06d"},"description":"Bashkia Durr\u00ebs, s\u00eb bashku me Shoqat\u00ebn Kulturore \"Ulqini\", kan\u00eb organizuar nj\u00eb seri veprimtarish t\u00eb karakterit shkencor dhe kulturor n\u00eb vler\u00ebsim t\u00eb","breadcrumb":{"@id":"https:\/\/www.visit-ulcinj.com\/blog\/2011\/04\/11\/dita-e-ulqinit-ne-durres-dako-takohet-me-delegacionin-ulqinak\/#breadcrumb"},"inLanguage":"en-US","potentialAction":[{"@type":"ReadAction","target":["https:\/\/www.visit-ulcinj.com\/blog\/2011\/04\/11\/dita-e-ulqinit-ne-durres-dako-takohet-me-delegacionin-ulqinak\/"]}]},{"@type":"BreadcrumbList","@id":"https:\/\/www.visit-ulcinj.com\/blog\/2011\/04\/11\/dita-e-ulqinit-ne-durres-dako-takohet-me-delegacionin-ulqinak\/#breadcrumb","itemListElement":[{"@type":"ListItem","position":1,"name":"Dita e Ulqinit n\u00eb Durr\u00ebs, Dako takohet me delegacionin ulqinak"}]},{"@type":"Person","@id":"https:\/\/www.visit-ulcinj.com\/blog\/#\/schema\/person\/dcab619c614d3038751c63bc2aadc06d","name":"ulqini","sameAs":["http:\/\/www.visit-ulcinj.com"],"url":"https:\/\/www.visit-ulcinj.com\/blog\/author\/admin\/"}]}},"jetpack_featured_media_url":"","jetpack_sharing_enabled":true,"jetpack_shortlink":"https:\/\/wp.me\/pe6lTn-bTm","_links":{"self":[{"href":"https:\/\/www.visit-ulcinj.com\/blog\/wp-json\/wp\/v2\/posts\/45716"}],"collection":[{"href":"https:\/\/www.visit-ulcinj.com\/blog\/wp-json\/wp\/v2\/posts"}],"about":[{"href":"https:\/\/www.visit-ulcinj.com\/blog\/wp-json\/wp\/v2\/types\/post"}],"author":[{"embeddable":true,"href":"https:\/\/www.visit-ulcinj.com\/blog\/wp-json\/wp\/v2\/users\/1"}],"replies":[{"embeddable":true,"href":"https:\/\/www.visit-ulcinj.com\/blog\/wp-json\/wp\/v2\/comments?post=45716"}],"version-history":[{"count":0,"href":"https:\/\/www.visit-ulcinj.com\/blog\/wp-json\/wp\/v2\/posts\/45716\/revisions"}],"wp:attachment":[{"href":"https:\/\/www.visit-ulcinj.com\/blog\/wp-json\/wp\/v2\/media?parent=45716"}],"wp:term":[{"taxonomy":"category","embeddable":true,"href":"https:\/\/www.visit-ulcinj.com\/blog\/wp-json\/wp\/v2\/categories?post=45716"},{"taxonomy":"post_tag","embeddable":true,"href":"https:\/\/www.visit-ulcinj.com\/blog\/wp-json\/wp\/v2\/tags?post=45716"}],"curies":[{"name":"wp","href":"https:\/\/api.w.org\/{rel}","templated":true}]}}