{"id":45751,"date":"2011-04-11T12:38:12","date_gmt":"2011-04-11T11:38:12","guid":{"rendered":"http:\/\/www.visit-ulcinj.com\/blog\/?p=45751"},"modified":"2011-04-11T12:38:32","modified_gmt":"2011-04-11T11:38:32","slug":"asociacioni-ulqini-libra-me-vlere-shkencore","status":"publish","type":"post","link":"https:\/\/www.visit-ulcinj.com\/blog\/2011\/04\/11\/asociacioni-ulqini-libra-me-vlere-shkencore\/","title":{"rendered":"Asociacioni Ulqini: Libra me vler\u00eb shkencore"},"content":{"rendered":"<p><strong><a href=\"http:\/\/www.visit-ulcinj.com\/blog\/wp-content\/uploads\/2011\/04\/Asociacioni-Ulqini_Promovimi-i-librit.jpg\"><img loading=\"lazy\" class=\"alignleft size-full wp-image-45752\" title=\"Asociacioni Ulqini_Promovimi i librit\" src=\"http:\/\/www.visit-ulcinj.com\/blog\/wp-content\/uploads\/2011\/04\/Asociacioni-Ulqini_Promovimi-i-librit.jpg\" alt=\"\" width=\"508\" height=\"351\" \/><\/a>Asociacioni \u201cUlqini\u201d promovoi librat \u201cGlosar \u2013 fjalorth i detaris\u00eb i t\u00eb folmes s\u00eb Ulqinit\u201d dhe \u201cFlota shekullore detaro-tregtare e Ulqinit\u201d<\/strong><br \/>\nUlqin &#8211; Asociacioni \u201cUlqini\u201d promovoi t\u00eb\u00a0m\u00ebrkur\u00ebn n\u00eb Bibliotek\u00ebn e Qytetit librin\u00a0e autorit Hajro Ulqinaku \u201cGlosar \u2013 fjalorth\u00a0i detaris\u00eb i t\u00eb folmes s\u00eb Ulqinit\u201d dhe librin e\u00a0dr. Maksut Haxhibrahimit \u201cFlota shekullore\u00a0detaro-tregtare e Ulqinit\u201d.\u00a0Kryetari i k\u00ebtij asociacioni, Gazmend \u00c7itaku,\u00a0tha se po fillojn\u00eb vitin 2011 me nj\u00eb\u00a0edicion t\u00eb ri. Ai tha se q\u00eb nga themelimi\u00a0i tij n\u00eb vitin 2006, Asociacioni \u201cUlqini\u201d ka\u00a0botuar rreth 30 publikime.\u00a0Libri \u201cGlosar \u2013 fjalorth i detaris\u00eb i t\u00eb folmes\u00a0s\u00eb Ulqinit\u201d \u00ebsht\u00eb ribotim i plot\u00ebsuar dhe\u00a0\u00ebsht\u00eb botuar n\u00eb bashk\u00ebpunim me Institutin\u00a0Albanologjik t\u00eb Prishtin\u00ebs.<br \/>\nAutori i tij, Hajro Ulqinaku, tha se p\u00ebr botimin\u00a0e k\u00ebtij fjalorthi ka qen\u00eb e nevojshme\u00a0nj\u00eb pun\u00eb shum\u00ebvje\u00e7are, e cila ka filluar\u00a0q\u00eb kur ai ishte student. \u201cGlosar\u201d-i \u00ebsht\u00eb\u00a0botuar p\u00ebr t\u00eb par\u00ebn her\u00eb n\u00eb vitin 2003, por\u00a0p\u00ebr shkak se \u201cn\u00ebp\u00ebr fletore, n\u00ebp\u00ebr libra,\u00a0kishin mbetur flet\u00eb t\u00eb fjal\u00ebve, shprehjeve\u00a0t\u00eb pabotuara\u201d, ai ka vendosur ta plot\u00ebsoj\u00eb\u00a0dhe ta ribotoj\u00eb at\u00eb.\u00a0Sipas Ulqinakut, \u201cGlosar\u201c-i nuk \u00ebsht\u00eb lib\u00ebr\u00a0leximi, por lib\u00ebr shkencor q\u00eb u intereson njer\u00ebzve q\u00eb merren me gjuh\u00eb.\u00a0\u201c\u00cbsht\u00eb po ashtu lib\u00ebr q\u00eb do t\u00eb duhej ta\u00a0kishin n\u00ebp\u00ebr sht\u00ebpit\u00eb e veta njer\u00ebzit e Ulqinit,\u00a0sidomos detar\u00ebt e mo\u00e7\u00ebm, kapidan\u00ebt\u00a0etj.\u201d, tha ai.\u00a0Dr. Maksut Haxhibrahimi duke folur p\u00ebr\u00a0r\u00ebnd\u00ebsin\u00eb e librit t\u00eb Hajro Ulqinakut, tha\u00a0se po ta kishte pasur n\u00eb dor\u00eb Eqrem \u00c7abej\u00a0k\u00ebt\u00eb lib\u00ebr, do ta kishte shum\u00eb m\u00eb leht\u00eb t\u2019i\u00a0p\u00ebrgjigjej Vajgandit.<br \/>\nSipas tij, edhe p\u00ebrkthyesi i \u201cIliad\u00ebs\u201d do t\u00eb\u00a0na jepte m\u00eb sakt\u00eb n\u00eb shqip k\u00ebt\u00eb vep\u00ebr t\u00eb\u00a0madhe t\u00eb antikitetit grek sikur t\u00eb kishte\u00a0pasur n\u00eb dor\u00eb fjalorin e Hajro Ulqinakut.\u00a0Nj\u00eb vler\u00eb tjet\u00ebr e k\u00ebtij libri, sipas Haxhibrahimit, q\u00ebndron n\u00eb faktin se ai p\u00ebrb\u00ebn \u201cnj\u00eb\u00a0ndihmes\u00eb t\u00eb vyer edhe p\u00ebr dialektologjin\u00eb\u00a0historike e ve\u00e7an\u00ebrisht p\u00ebr kuptimet e reja\u00a0t\u00eb fjal\u00ebve deri tani t\u00eb panjohura nd\u00ebr fjalor\u00ebt\u00a0e shqipes\u201d.<br \/>\n<a href=\"http:\/\/www.visit-ulcinj.com\/blog\/wp-content\/uploads\/2011\/03\/Perurimi-i-botimeve-te-Asociacionit-Ulqini_.jpg\"><img loading=\"lazy\" class=\"alignleft\" title=\"promovimi i librave detare_Ulqin\" src=\"http:\/\/www.visit-ulcinj.com\/blog\/wp-content\/uploads\/2011\/03\/Perurimi-i-botimeve-te-Asociacionit-Ulqini_.jpg\" alt=\"\" width=\"320\" height=\"300\" \/><\/a><br \/>\nP\u00ebr librin \u201cFlota shekullore detaro-tregtare\u00a0e Ulqinit\u201d t\u00eb dr. Maksut Haxhibrahimit foli\u00a0Hyrije Hoxha, profesoresh\u00eb e historis\u00eb.\u00a0\u201cKy lib\u00ebr \u00ebsht\u00eb hartuar me q\u00ebllim q\u00eb lexuesit\u00a0t\u00eb cil\u00ebt interesohen p\u00ebr detin, kusarin\u00eb,\u00a0piraterin\u00eb dhe flot\u00ebn tregtare ulqinake\u00a0t\u00eb njihen me historikun e lundrimeve\u00a0detare dhe rrug\u00ebn q\u00eb ka ndjekur zhvillimi\u00a0i anijeve detare si dhe veprimtarin\u00eb e\u00a0r\u00ebnd\u00ebsishme tregtare q\u00eb zhvilluan ulqin ak\u00ebt\u201d, tha ajo.\u00a0Hoxha tha m\u00eb tej se n\u00eb faqet e k\u00ebtij libri\u00a0\u201cduke u mb\u00ebshtetur n\u00eb materiale t\u00eb botuar\u00a0her\u00eb pas here, si dhe n\u00eb t\u00eb dh\u00ebnat e\u00a0arkivave t\u00eb ndryshme, jan\u00eb dh\u00ebn\u00eb edhe\u00a0disa nga ngjarjet kryesore t\u00eb historis\u00eb s\u00eb\u00a0zhvillimit t\u00eb flot\u00ebs detare ulqinake dhe t\u00eb\u00a0heroizmave t\u00eb detar\u00ebve ton\u00eb ulqinak\u00eb\u201d.\u00a0Librat \u201cGlosar \u2013 fjalorth i detaris\u00eb i t\u00eb\u00a0folmes s\u00eb Ulqinit\u201d dhe \u201cFlota shekullore\u00a0detaro-tregtare e Ulqinit\u201d jan\u00eb botuar\u00a0me mb\u00ebshtetjen Ministris\u00eb s\u00eb Financave,\u00a0n\u00ebp\u00ebrmjet konkursit t\u00eb loj\u00ebrave t\u00eb fatit.\u00a0P\u00ebrurimi i tyre u b\u00eb n\u00eb kuad\u00ebr t\u00eb veprimtarive\u00a0kushtuar Dit\u00ebs s\u00eb Ulqinit.<\/p>\n<p><strong>i.k. <\/strong><br \/>\n<strong> Koha javore<\/strong><\/p>\n","protected":false},"excerpt":{"rendered":"<p>Asociacioni \u201cUlqini\u201d promovoi librat \u201cGlosar \u2013 fjalorth i detaris\u00eb i t\u00eb folmes s\u00eb Ulqinit\u201d dhe \u201cFlota shekullore detaro-tregtare e Ulqinit\u201d Ulqin &#8211; Asociacioni \u201cUlqini\u201d promovoi t\u00eb\u00a0m\u00ebrkur\u00ebn n\u00eb Bibliotek\u00ebn e Qytetit librin\u00a0e autorit Hajro Ulqinaku \u201cGlosar \u2013 fjalorth\u00a0i detaris\u00eb i t\u00eb folmes s\u00eb Ulqinit\u201d dhe librin e\u00a0dr. Maksut Haxhibrahimit \u201cFlota shekullore\u00a0detaro-tregtare e Ulqinit\u201d.\u00a0Kryetari i k\u00ebtij asociacioni, [&hellip;]<\/p>\n","protected":false},"author":1,"featured_media":0,"comment_status":"open","ping_status":"closed","sticky":false,"template":"","format":"standard","meta":{"spay_email":"","jetpack_publicize_message":"","jetpack_is_tweetstorm":false,"jetpack_publicize_feature_enabled":true},"categories":[4],"tags":[18050,2735,18052,961,18051],"jetpack_publicize_connections":[],"yoast_head":"<!-- This site is optimized with the Yoast SEO plugin v19.1 - https:\/\/yoast.com\/wordpress\/plugins\/seo\/ -->\n<title>Asociacioni Ulqini: Libra me vler\u00eb shkencore - Lajme nga Ulqini<\/title>\n<meta name=\"description\" content=\"Asociacioni \u201cUlqini\u201d promovoi librat \u201cGlosar \u2013 fjalorth i detaris\u00eb i t\u00eb folmes s\u00eb Ulqinit\u201d dhe \u201cFlota shekullore detaro-tregtare e Ulqinit\u201d Ulqin -\" \/>\n<meta name=\"robots\" content=\"index, follow, max-snippet:-1, max-image-preview:large, max-video-preview:-1\" \/>\n<link rel=\"canonical\" href=\"https:\/\/www.visit-ulcinj.com\/blog\/2011\/04\/11\/asociacioni-ulqini-libra-me-vlere-shkencore\/\" \/>\n<meta property=\"og:locale\" content=\"en_US\" \/>\n<meta property=\"og:type\" content=\"article\" \/>\n<meta property=\"og:title\" content=\"Asociacioni Ulqini: Libra me vler\u00eb shkencore - Lajme nga Ulqini\" \/>\n<meta property=\"og:description\" content=\"Asociacioni \u201cUlqini\u201d promovoi librat \u201cGlosar \u2013 fjalorth i detaris\u00eb i t\u00eb folmes s\u00eb Ulqinit\u201d dhe \u201cFlota shekullore detaro-tregtare e Ulqinit\u201d Ulqin -\" \/>\n<meta property=\"og:url\" content=\"https:\/\/www.visit-ulcinj.com\/blog\/2011\/04\/11\/asociacioni-ulqini-libra-me-vlere-shkencore\/\" \/>\n<meta property=\"og:site_name\" content=\"Lajme nga Ulqini\" \/>\n<meta property=\"article:published_time\" content=\"2011-04-11T11:38:12+00:00\" \/>\n<meta property=\"article:modified_time\" content=\"2011-04-11T11:38:32+00:00\" \/>\n<meta property=\"og:image\" content=\"http:\/\/www.visit-ulcinj.com\/blog\/wp-content\/uploads\/2011\/04\/Asociacioni-Ulqini_Promovimi-i-librit.jpg\" \/>\n<meta name=\"twitter:label1\" content=\"Written by\" \/>\n\t<meta name=\"twitter:data1\" content=\"ulqini\" \/>\n\t<meta name=\"twitter:label2\" content=\"Est. reading time\" \/>\n\t<meta name=\"twitter:data2\" content=\"3 minutes\" \/>\n<script type=\"application\/ld+json\" class=\"yoast-schema-graph\">{\"@context\":\"https:\/\/schema.org\",\"@graph\":[{\"@type\":\"WebSite\",\"@id\":\"https:\/\/www.visit-ulcinj.com\/blog\/#website\",\"url\":\"https:\/\/www.visit-ulcinj.com\/blog\/\",\"name\":\"Lajme nga Ulqini\",\"description\":\"Lajme,Vijesti,Ulqini,Ulqin,Crna Gora,Mali i Zi\",\"potentialAction\":[{\"@type\":\"SearchAction\",\"target\":{\"@type\":\"EntryPoint\",\"urlTemplate\":\"https:\/\/www.visit-ulcinj.com\/blog\/?s={search_term_string}\"},\"query-input\":\"required name=search_term_string\"}],\"inLanguage\":\"en-US\"},{\"@type\":\"ImageObject\",\"inLanguage\":\"en-US\",\"@id\":\"https:\/\/www.visit-ulcinj.com\/blog\/2011\/04\/11\/asociacioni-ulqini-libra-me-vlere-shkencore\/#primaryimage\",\"url\":\"https:\/\/www.visit-ulcinj.com\/blog\/wp-content\/uploads\/2011\/04\/Asociacioni-Ulqini_Promovimi-i-librit.jpg\",\"contentUrl\":\"https:\/\/www.visit-ulcinj.com\/blog\/wp-content\/uploads\/2011\/04\/Asociacioni-Ulqini_Promovimi-i-librit.jpg\",\"width\":\"575\",\"height\":\"351\"},{\"@type\":\"WebPage\",\"@id\":\"https:\/\/www.visit-ulcinj.com\/blog\/2011\/04\/11\/asociacioni-ulqini-libra-me-vlere-shkencore\/#webpage\",\"url\":\"https:\/\/www.visit-ulcinj.com\/blog\/2011\/04\/11\/asociacioni-ulqini-libra-me-vlere-shkencore\/\",\"name\":\"Asociacioni Ulqini: Libra me vler\u00eb shkencore - Lajme nga Ulqini\",\"isPartOf\":{\"@id\":\"https:\/\/www.visit-ulcinj.com\/blog\/#website\"},\"primaryImageOfPage\":{\"@id\":\"https:\/\/www.visit-ulcinj.com\/blog\/2011\/04\/11\/asociacioni-ulqini-libra-me-vlere-shkencore\/#primaryimage\"},\"datePublished\":\"2011-04-11T11:38:12+00:00\",\"dateModified\":\"2011-04-11T11:38:32+00:00\",\"author\":{\"@id\":\"https:\/\/www.visit-ulcinj.com\/blog\/#\/schema\/person\/dcab619c614d3038751c63bc2aadc06d\"},\"description\":\"Asociacioni \u201cUlqini\u201d promovoi librat \u201cGlosar \u2013 fjalorth i detaris\u00eb i t\u00eb folmes s\u00eb Ulqinit\u201d dhe \u201cFlota shekullore detaro-tregtare e Ulqinit\u201d Ulqin -\",\"breadcrumb\":{\"@id\":\"https:\/\/www.visit-ulcinj.com\/blog\/2011\/04\/11\/asociacioni-ulqini-libra-me-vlere-shkencore\/#breadcrumb\"},\"inLanguage\":\"en-US\",\"potentialAction\":[{\"@type\":\"ReadAction\",\"target\":[\"https:\/\/www.visit-ulcinj.com\/blog\/2011\/04\/11\/asociacioni-ulqini-libra-me-vlere-shkencore\/\"]}]},{\"@type\":\"BreadcrumbList\",\"@id\":\"https:\/\/www.visit-ulcinj.com\/blog\/2011\/04\/11\/asociacioni-ulqini-libra-me-vlere-shkencore\/#breadcrumb\",\"itemListElement\":[{\"@type\":\"ListItem\",\"position\":1,\"name\":\"Asociacioni Ulqini: Libra me vler\u00eb shkencore\"}]},{\"@type\":\"Person\",\"@id\":\"https:\/\/www.visit-ulcinj.com\/blog\/#\/schema\/person\/dcab619c614d3038751c63bc2aadc06d\",\"name\":\"ulqini\",\"sameAs\":[\"http:\/\/www.visit-ulcinj.com\"],\"url\":\"https:\/\/www.visit-ulcinj.com\/blog\/author\/admin\/\"}]}<\/script>\n<!-- \/ Yoast SEO plugin. -->","yoast_head_json":{"title":"Asociacioni Ulqini: Libra me vler\u00eb shkencore - Lajme nga Ulqini","description":"Asociacioni \u201cUlqini\u201d promovoi librat \u201cGlosar \u2013 fjalorth i detaris\u00eb i t\u00eb folmes s\u00eb Ulqinit\u201d dhe \u201cFlota shekullore detaro-tregtare e Ulqinit\u201d Ulqin -","robots":{"index":"index","follow":"follow","max-snippet":"max-snippet:-1","max-image-preview":"max-image-preview:large","max-video-preview":"max-video-preview:-1"},"canonical":"https:\/\/www.visit-ulcinj.com\/blog\/2011\/04\/11\/asociacioni-ulqini-libra-me-vlere-shkencore\/","og_locale":"en_US","og_type":"article","og_title":"Asociacioni Ulqini: Libra me vler\u00eb shkencore - Lajme nga Ulqini","og_description":"Asociacioni \u201cUlqini\u201d promovoi librat \u201cGlosar \u2013 fjalorth i detaris\u00eb i t\u00eb folmes s\u00eb Ulqinit\u201d dhe \u201cFlota shekullore detaro-tregtare e Ulqinit\u201d Ulqin -","og_url":"https:\/\/www.visit-ulcinj.com\/blog\/2011\/04\/11\/asociacioni-ulqini-libra-me-vlere-shkencore\/","og_site_name":"Lajme nga Ulqini","article_published_time":"2011-04-11T11:38:12+00:00","article_modified_time":"2011-04-11T11:38:32+00:00","og_image":[{"url":"http:\/\/www.visit-ulcinj.com\/blog\/wp-content\/uploads\/2011\/04\/Asociacioni-Ulqini_Promovimi-i-librit.jpg"}],"twitter_misc":{"Written by":"ulqini","Est. reading time":"3 minutes"},"schema":{"@context":"https:\/\/schema.org","@graph":[{"@type":"WebSite","@id":"https:\/\/www.visit-ulcinj.com\/blog\/#website","url":"https:\/\/www.visit-ulcinj.com\/blog\/","name":"Lajme nga Ulqini","description":"Lajme,Vijesti,Ulqini,Ulqin,Crna Gora,Mali i Zi","potentialAction":[{"@type":"SearchAction","target":{"@type":"EntryPoint","urlTemplate":"https:\/\/www.visit-ulcinj.com\/blog\/?s={search_term_string}"},"query-input":"required name=search_term_string"}],"inLanguage":"en-US"},{"@type":"ImageObject","inLanguage":"en-US","@id":"https:\/\/www.visit-ulcinj.com\/blog\/2011\/04\/11\/asociacioni-ulqini-libra-me-vlere-shkencore\/#primaryimage","url":"https:\/\/www.visit-ulcinj.com\/blog\/wp-content\/uploads\/2011\/04\/Asociacioni-Ulqini_Promovimi-i-librit.jpg","contentUrl":"https:\/\/www.visit-ulcinj.com\/blog\/wp-content\/uploads\/2011\/04\/Asociacioni-Ulqini_Promovimi-i-librit.jpg","width":"575","height":"351"},{"@type":"WebPage","@id":"https:\/\/www.visit-ulcinj.com\/blog\/2011\/04\/11\/asociacioni-ulqini-libra-me-vlere-shkencore\/#webpage","url":"https:\/\/www.visit-ulcinj.com\/blog\/2011\/04\/11\/asociacioni-ulqini-libra-me-vlere-shkencore\/","name":"Asociacioni Ulqini: Libra me vler\u00eb shkencore - Lajme nga Ulqini","isPartOf":{"@id":"https:\/\/www.visit-ulcinj.com\/blog\/#website"},"primaryImageOfPage":{"@id":"https:\/\/www.visit-ulcinj.com\/blog\/2011\/04\/11\/asociacioni-ulqini-libra-me-vlere-shkencore\/#primaryimage"},"datePublished":"2011-04-11T11:38:12+00:00","dateModified":"2011-04-11T11:38:32+00:00","author":{"@id":"https:\/\/www.visit-ulcinj.com\/blog\/#\/schema\/person\/dcab619c614d3038751c63bc2aadc06d"},"description":"Asociacioni \u201cUlqini\u201d promovoi librat \u201cGlosar \u2013 fjalorth i detaris\u00eb i t\u00eb folmes s\u00eb Ulqinit\u201d dhe \u201cFlota shekullore detaro-tregtare e Ulqinit\u201d Ulqin -","breadcrumb":{"@id":"https:\/\/www.visit-ulcinj.com\/blog\/2011\/04\/11\/asociacioni-ulqini-libra-me-vlere-shkencore\/#breadcrumb"},"inLanguage":"en-US","potentialAction":[{"@type":"ReadAction","target":["https:\/\/www.visit-ulcinj.com\/blog\/2011\/04\/11\/asociacioni-ulqini-libra-me-vlere-shkencore\/"]}]},{"@type":"BreadcrumbList","@id":"https:\/\/www.visit-ulcinj.com\/blog\/2011\/04\/11\/asociacioni-ulqini-libra-me-vlere-shkencore\/#breadcrumb","itemListElement":[{"@type":"ListItem","position":1,"name":"Asociacioni Ulqini: Libra me vler\u00eb shkencore"}]},{"@type":"Person","@id":"https:\/\/www.visit-ulcinj.com\/blog\/#\/schema\/person\/dcab619c614d3038751c63bc2aadc06d","name":"ulqini","sameAs":["http:\/\/www.visit-ulcinj.com"],"url":"https:\/\/www.visit-ulcinj.com\/blog\/author\/admin\/"}]}},"jetpack_featured_media_url":"","jetpack_sharing_enabled":true,"jetpack_shortlink":"https:\/\/wp.me\/pe6lTn-bTV","_links":{"self":[{"href":"https:\/\/www.visit-ulcinj.com\/blog\/wp-json\/wp\/v2\/posts\/45751"}],"collection":[{"href":"https:\/\/www.visit-ulcinj.com\/blog\/wp-json\/wp\/v2\/posts"}],"about":[{"href":"https:\/\/www.visit-ulcinj.com\/blog\/wp-json\/wp\/v2\/types\/post"}],"author":[{"embeddable":true,"href":"https:\/\/www.visit-ulcinj.com\/blog\/wp-json\/wp\/v2\/users\/1"}],"replies":[{"embeddable":true,"href":"https:\/\/www.visit-ulcinj.com\/blog\/wp-json\/wp\/v2\/comments?post=45751"}],"version-history":[{"count":0,"href":"https:\/\/www.visit-ulcinj.com\/blog\/wp-json\/wp\/v2\/posts\/45751\/revisions"}],"wp:attachment":[{"href":"https:\/\/www.visit-ulcinj.com\/blog\/wp-json\/wp\/v2\/media?parent=45751"}],"wp:term":[{"taxonomy":"category","embeddable":true,"href":"https:\/\/www.visit-ulcinj.com\/blog\/wp-json\/wp\/v2\/categories?post=45751"},{"taxonomy":"post_tag","embeddable":true,"href":"https:\/\/www.visit-ulcinj.com\/blog\/wp-json\/wp\/v2\/tags?post=45751"}],"curies":[{"name":"wp","href":"https:\/\/api.w.org\/{rel}","templated":true}]}}