{"id":45779,"date":"2011-04-12T08:20:12","date_gmt":"2011-04-12T07:20:12","guid":{"rendered":"http:\/\/www.visit-ulcinj.com\/blog\/?p=45779"},"modified":"2011-04-13T18:06:15","modified_gmt":"2011-04-13T17:06:15","slug":"bardhi-liria-ishte-eshte-dhe-mbetet-mbi-te-gjitha","status":"publish","type":"post","link":"https:\/\/www.visit-ulcinj.com\/blog\/2011\/04\/12\/bardhi-liria-ishte-eshte-dhe-mbetet-mbi-te-gjitha\/","title":{"rendered":"Bardhi: LIRIA ishte, \u00ebsht\u00eb dhe mbetet mbi t\u00eb gjitha &#8211; Video"},"content":{"rendered":"<p><a href=\"http:\/\/www.visit-ulcinj.com\/blog\/wp-content\/uploads\/2011\/04\/Mehmet-BARDHI_100-vjetori_Kryengritja-e-Malesise.jpg\"><img loading=\"lazy\" class=\"alignleft size-large wp-image-45780\" title=\"Mehmet BARDHI_100 vjetori_Kryengritja e Malesise\" src=\"http:\/\/www.visit-ulcinj.com\/blog\/wp-content\/uploads\/2011\/04\/Mehmet-BARDHI_100-vjetori_Kryengritja-e-Malesise-1024x768.jpg\" alt=\"\" width=\"508\" height=\"380\" srcset=\"https:\/\/www.visit-ulcinj.com\/blog\/wp-content\/uploads\/2011\/04\/Mehmet-BARDHI_100-vjetori_Kryengritja-e-Malesise-1024x768.jpg 1024w, https:\/\/www.visit-ulcinj.com\/blog\/wp-content\/uploads\/2011\/04\/Mehmet-BARDHI_100-vjetori_Kryengritja-e-Malesise-300x224.jpg 300w, https:\/\/www.visit-ulcinj.com\/blog\/wp-content\/uploads\/2011\/04\/Mehmet-BARDHI_100-vjetori_Kryengritja-e-Malesise.jpg 1040w\" sizes=\"(max-width: 508px) 100vw, 508px\" \/><\/a>Fjala p\u00ebrsh\u00ebndet\u00ebse e <strong>Mehmet BARDHIT<\/strong>, kryetar i Lidhjes Demokratike n\u00eb Mal t\u00eb Zi, n\u00eb manifestimin e koktejin, q\u00eb e organizoi LD n\u00eb MZ, n\u00eb Tuz, m\u00eb 04.04.2011, me rastin e 100-vjetorit t\u00eb Kryengritjes s\u00eb Mal\u00ebsis\u00eb<\/p>\n<p>&nbsp;<\/p>\n<p>T\u00eb nderuar an\u00ebtar\u00eb t\u00eb Lidhjes Demokratike, an\u00ebtar\u00eb t\u00eb Kryesis\u00eb s\u00eb LD n\u00eb MZ-s\u00eb,kryetar\u00eb t\u00eb deg\u00ebve LD n\u00eb MZ-s\u00eb,<\/p>\n<p>T\u00eb nderuar mysafir\u00eb nga Shqip\u00ebria, Kosova e diaspora,<\/p>\n<p><strong>T\u00eb nderuar t\u00eb pranish\u00ebm,<\/strong><\/p>\n<p>&nbsp;<\/p>\n<p>Ju p\u00ebrsh\u00ebndes ngroht\u00ebsisht dhe ju uroj mir\u00ebseardhje n\u00eb k\u00ebt\u00eb pritje, koktej,\u00a0 me rastin\u00a0 e 100-vjetorit t\u00eb Kryengritjes s\u00eb Mal\u00ebsis\u00eb<\/p>\n<p>&nbsp;<\/p>\n<p>Ju, q\u00eb n\u00eb hapje, n\u00eb fillim, e d\u00ebgjuat fjal\u00ebn e kryetarit t\u00eb Deg\u00ebs s\u00eb Mal\u00ebsis\u00eb, t\u00eb LD n\u00eb MZ, zot\u00ebri Nikoll\u00eb Camaj, madje an\u00ebtar\u00ebt e Lidhjes Demokratike e din\u00eb, po edhe t\u00eb tjer\u00ebt q\u00eb kan\u00eb p\u00ebrcjell\u00eb aktivitetet e shumta politike, atdhetare, komb\u00ebtare, kulturore e arsimore t\u00eb LD n\u00eb MZ-s\u00eb, se LD-ja\u00a0 q\u00eb nga themelimi, n\u00eb programin e vet ka parapa, q\u00eb gjithher\u00eb, var\u00ebsisht prej mund\u00ebsive, kryesisht atyre financiare, t\u00eb sh\u00ebnoj\u00eb e p\u00ebrkujtoj\u00eb n\u00eb m\u00ebnyr\u00eb t\u00eb organizuar\u00a0 datat m\u00eb t\u00eb r\u00ebnd\u00ebsishme t\u00eb historis\u00eb son\u00eb komb\u00ebtare.<\/p>\n<p><a href=\"http:\/\/www.visit-ulcinj.com\/blog\/wp-content\/uploads\/2011\/04\/Mehmet-BARDHI_100-vjetori_Kryengritja-e-Malesise.1_.jpg\"><img loading=\"lazy\" class=\"alignleft size-large wp-image-45781\" title=\"Mehmet BARDHI_100 vjetori_Kryengritja e Malesise.1_\" src=\"http:\/\/www.visit-ulcinj.com\/blog\/wp-content\/uploads\/2011\/04\/Mehmet-BARDHI_100-vjetori_Kryengritja-e-Malesise.1_-1024x768.jpg\" alt=\"\" width=\"508\" height=\"360\" \/><\/a><\/p>\n<p>Nj\u00ebra nd\u00ebr k\u00ebto \u00ebsht\u00eb edhe p\u00ebrkujtimi i Kryengritjes s\u00eb Mal\u00ebsis\u00eb , respektivisht 6 Prilli.<\/p>\n<p>K\u00ebt\u00eb ngjarje t\u00eb r\u00ebnd\u00ebsishme\u00a0 komb\u00ebtare, kur shqiptar\u00ebt edhe n\u00eb fundin e sundimit\u00a0 t\u00eb Perandoris\u00eb Otomane, vazhduan me t\u00eb nj\u00ebjt\u00ebn energji e vendosm\u00ebri t\u00eb luftojn\u00eb p\u00ebr LIRI, P\u00cbR KOMB E P\u00cbR SHQYPNI, si kund\u00ebr sundimit pes\u00ebshekullor po edhe sulmeve zaptuese t\u00eb ushtrive malazeze t\u00eb knjazit e krajlit t\u00eb Cetinj\u00ebs.<\/p>\n<p>&nbsp;<\/p>\n<p>Shpallja e kushtrimit p\u00ebr luft\u00ebn \u00e7lirimtare jehoi fort n\u00eb Mal\u00ebsi, si edhe n\u00eb viset e tjera. Por n\u00eb Mal\u00ebsi gatishm\u00ebria ishte edhe m\u00eb e fort\u00eb, pasi duhej luftuar edhe p\u00ebr t\u00eb \u00e7liruar dhe p\u00ebr t\u00eb mbrojtur vendin\u00a0 nga zaptuesit e rinj, t\u00eb Cetinjes. <strong>Pra, njanin duhej me e d\u00ebbua, kurse tjetrin mbrenda mos me e l\u00ebshua.<\/strong> P\u00ebr k\u00ebt\u00eb arsye edhe Kryengritja e Mal\u00ebsis\u00eb, me gjith\u00eb p\u00ebrfundimin (e njohur), ajo sh\u00ebnon e d\u00ebshmon vendosm\u00ebrin\u00eb e luft\u00ebs s\u00eb drejt\u00eb t\u00eb shqiptar\u00ebve p\u00ebr liri.<\/p>\n<p>&nbsp;<\/p>\n<p>Burri i Maleve e trimi <strong>Ded\u00eb Gjon Luli<\/strong>, i cili u d\u00ebshmua q\u00eb n\u00eb luft\u00ebn bashk\u00eb me Oso Kuk\u00ebn (n\u00eb Vranin\u00eb), diti t\u00eb prij\u00eb pa u ndal\u00eb n\u00eb luftat p\u00ebr liri, deri n\u00eb fundin e jet\u00ebs s\u00eb tij, kur e vran\u00eb n\u00eb pabesi \u201c&#8230;ata q\u00eb e vrasin kombin shqiptar tash nj\u00eb mij\u00eb e treqind vjet&#8230;\u201d.\u00a0 Ngritja e Flamurit Komb\u00ebtar Shqiptar n\u00eb Bratil\u00eb. Pastaj Memorandumi i Gre\u00e7\u00ebs, (23 qershor 1911 af\u00ebr Trieshit) kur Ismail Qemali s\u00eb bashku me Luigj Gurakuqin p\u00ebrgatiten\u00a0 Memorandumin drejtuar Port\u00ebs &#8230;jan\u00eb data q\u00eb do t\u00eb p\u00ebrkujtohen me respekt e fal\u00ebnderim.<\/p>\n<p>&nbsp;<\/p>\n<p>Organizimi Kryengritjes s\u00eb Mal\u00ebsis\u00eb u ndihmua nga brenda dhe nga jasht\u00eb vendit nga atdhetar\u00ebt, si: Nikoll\u00eb Ivanaj, Hil Mosi, Ismail Qemali, Luigj Gurakuqi dhe t\u00eb tjer\u00eb bashk\u00ebkombas patriot\u00eb&#8230;<\/p>\n<p><a href=\"http:\/\/www.visit-ulcinj.com\/blog\/wp-content\/uploads\/2011\/04\/Mehmet-BARDHI_100-vjetori_Kryengritja-e-Malesise.2_.jpg\"><img loading=\"lazy\" class=\"alignleft size-large wp-image-45782\" title=\"Mehmet BARDHI_100 vjetori_Kryengritja e Malesise.2_\" src=\"http:\/\/www.visit-ulcinj.com\/blog\/wp-content\/uploads\/2011\/04\/Mehmet-BARDHI_100-vjetori_Kryengritja-e-Malesise.2_-1024x768.jpg\" alt=\"\" width=\"508\" height=\"360\" \/><\/a><\/p>\n<p><strong>T\u00eb nderuar t\u00eb pranish\u00ebm.<\/strong><\/p>\n<p>Un\u00eb k\u00ebtu nuk bana histori. Por besoj se historia na tregon qart\u00eb, drejt e pa gabime, nga e cila duhet me men\u00e7uri t\u00eb m\u00ebsojm\u00eb edhe ne sot.<\/p>\n<p>Tradhtia ishte at\u00ebher\u00eb, por fatkeq\u00ebsisht edhe sot. Shitja te i huaji\u00a0 p\u00ebr favore\u00a0 postesh e shp\u00ebrblime materiale edhe sot t\u00eb nj\u00eb num\u00ebr politikanesh shqiptar\u00eb, fatkeq\u00ebsisht me tep\u00ebr se kurr\u00eb\u00a0 ka z\u00ebn\u00eb vend dhe po ia z\u00eb frym\u00ebn\u00a0 angazhimeve p\u00ebr liri, demokraci, dinjitet komb\u00ebtar e mir\u00ebqenie p\u00ebr t\u00eb gjith\u00eb.<\/p>\n<p>Prandaj porosia e t\u00eb gjitha porosive\u00a0 dhe m\u00ebsimi nga historia \u00ebsht\u00eb se\u00a0 LIRIA ishte, \u00ebsht\u00eb dhe mbetet mbi t\u00eb gjitha.<\/p>\n<p>&nbsp;<\/p>\n<p>&nbsp;<\/p>\n<p>Lavdi trimave q\u00eb dhan\u00eb jet\u00ebn p\u00ebr \u00a0vendin, kombin e Shqip\u00ebrin\u00eb.<\/p>\n<!--YouTube Error: bad URL entered-->\n","protected":false},"excerpt":{"rendered":"<p>Fjala p\u00ebrsh\u00ebndet\u00ebse e Mehmet BARDHIT, kryetar i Lidhjes Demokratike n\u00eb Mal t\u00eb Zi, n\u00eb manifestimin e koktejin, q\u00eb e organizoi LD n\u00eb MZ, n\u00eb Tuz, m\u00eb 04.04.2011, me rastin e 100-vjetorit t\u00eb Kryengritjes s\u00eb Mal\u00ebsis\u00eb &nbsp; T\u00eb nderuar an\u00ebtar\u00eb t\u00eb Lidhjes Demokratike, an\u00ebtar\u00eb t\u00eb Kryesis\u00eb s\u00eb LD n\u00eb MZ-s\u00eb,kryetar\u00eb t\u00eb deg\u00ebve LD n\u00eb MZ-s\u00eb, T\u00eb [&hellip;]<\/p>\n","protected":false},"author":1,"featured_media":0,"comment_status":"open","ping_status":"closed","sticky":false,"template":"","format":"standard","meta":{"spay_email":"","jetpack_publicize_message":"","jetpack_is_tweetstorm":false,"jetpack_publicize_feature_enabled":true},"categories":[12],"tags":[18077,687,347],"jetpack_publicize_connections":[],"yoast_head":"<!-- This site is optimized with the Yoast SEO plugin v19.1 - https:\/\/yoast.com\/wordpress\/plugins\/seo\/ -->\n<title>Bardhi: LIRIA ishte, \u00ebsht\u00eb dhe mbetet mbi t\u00eb gjitha - Video - Lajme nga Ulqini<\/title>\n<meta name=\"description\" content=\"Fjala p\u00ebrsh\u00ebndet\u00ebse e Mehmet BARDHIT, kryetar i Lidhjes Demokratike n\u00eb Mal t\u00eb Zi, n\u00eb manifestimin e koktejin, q\u00eb e organizoi LD n\u00eb MZ, n\u00eb Tuz, m\u00eb\" \/>\n<meta name=\"robots\" content=\"index, follow, max-snippet:-1, max-image-preview:large, max-video-preview:-1\" \/>\n<link rel=\"canonical\" href=\"https:\/\/www.visit-ulcinj.com\/blog\/2011\/04\/12\/bardhi-liria-ishte-eshte-dhe-mbetet-mbi-te-gjitha\/\" \/>\n<meta property=\"og:locale\" content=\"en_US\" \/>\n<meta property=\"og:type\" content=\"article\" \/>\n<meta property=\"og:title\" content=\"Bardhi: LIRIA ishte, \u00ebsht\u00eb dhe mbetet mbi t\u00eb gjitha - Video - Lajme nga Ulqini\" \/>\n<meta property=\"og:description\" content=\"Fjala p\u00ebrsh\u00ebndet\u00ebse e Mehmet BARDHIT, kryetar i Lidhjes Demokratike n\u00eb Mal t\u00eb Zi, n\u00eb manifestimin e koktejin, q\u00eb e organizoi LD n\u00eb MZ, n\u00eb Tuz, m\u00eb\" \/>\n<meta property=\"og:url\" content=\"https:\/\/www.visit-ulcinj.com\/blog\/2011\/04\/12\/bardhi-liria-ishte-eshte-dhe-mbetet-mbi-te-gjitha\/\" \/>\n<meta property=\"og:site_name\" content=\"Lajme nga Ulqini\" \/>\n<meta property=\"article:published_time\" content=\"2011-04-12T07:20:12+00:00\" \/>\n<meta property=\"article:modified_time\" content=\"2011-04-13T17:06:15+00:00\" \/>\n<meta property=\"og:image\" content=\"http:\/\/www.visit-ulcinj.com\/blog\/wp-content\/uploads\/2011\/04\/Mehmet-BARDHI_100-vjetori_Kryengritja-e-Malesise-1024x768.jpg\" \/>\n<meta name=\"twitter:label1\" content=\"Written by\" \/>\n\t<meta name=\"twitter:data1\" content=\"ulqini\" \/>\n\t<meta name=\"twitter:label2\" content=\"Est. reading time\" \/>\n\t<meta name=\"twitter:data2\" content=\"3 minutes\" \/>\n<script type=\"application\/ld+json\" class=\"yoast-schema-graph\">{\"@context\":\"https:\/\/schema.org\",\"@graph\":[{\"@type\":\"WebSite\",\"@id\":\"https:\/\/www.visit-ulcinj.com\/blog\/#website\",\"url\":\"https:\/\/www.visit-ulcinj.com\/blog\/\",\"name\":\"Lajme nga Ulqini\",\"description\":\"Lajme,Vijesti,Ulqini,Ulqin,Crna Gora,Mali i Zi\",\"potentialAction\":[{\"@type\":\"SearchAction\",\"target\":{\"@type\":\"EntryPoint\",\"urlTemplate\":\"https:\/\/www.visit-ulcinj.com\/blog\/?s={search_term_string}\"},\"query-input\":\"required name=search_term_string\"}],\"inLanguage\":\"en-US\"},{\"@type\":\"ImageObject\",\"inLanguage\":\"en-US\",\"@id\":\"https:\/\/www.visit-ulcinj.com\/blog\/2011\/04\/12\/bardhi-liria-ishte-eshte-dhe-mbetet-mbi-te-gjitha\/#primaryimage\",\"url\":\"https:\/\/www.visit-ulcinj.com\/blog\/wp-content\/uploads\/2011\/04\/Mehmet-BARDHI_100-vjetori_Kryengritja-e-Malesise.jpg\",\"contentUrl\":\"https:\/\/www.visit-ulcinj.com\/blog\/wp-content\/uploads\/2011\/04\/Mehmet-BARDHI_100-vjetori_Kryengritja-e-Malesise.jpg\",\"width\":\"1040\",\"height\":\"780\"},{\"@type\":\"WebPage\",\"@id\":\"https:\/\/www.visit-ulcinj.com\/blog\/2011\/04\/12\/bardhi-liria-ishte-eshte-dhe-mbetet-mbi-te-gjitha\/#webpage\",\"url\":\"https:\/\/www.visit-ulcinj.com\/blog\/2011\/04\/12\/bardhi-liria-ishte-eshte-dhe-mbetet-mbi-te-gjitha\/\",\"name\":\"Bardhi: LIRIA ishte, \u00ebsht\u00eb dhe mbetet mbi t\u00eb gjitha - Video - Lajme nga Ulqini\",\"isPartOf\":{\"@id\":\"https:\/\/www.visit-ulcinj.com\/blog\/#website\"},\"primaryImageOfPage\":{\"@id\":\"https:\/\/www.visit-ulcinj.com\/blog\/2011\/04\/12\/bardhi-liria-ishte-eshte-dhe-mbetet-mbi-te-gjitha\/#primaryimage\"},\"datePublished\":\"2011-04-12T07:20:12+00:00\",\"dateModified\":\"2011-04-13T17:06:15+00:00\",\"author\":{\"@id\":\"https:\/\/www.visit-ulcinj.com\/blog\/#\/schema\/person\/dcab619c614d3038751c63bc2aadc06d\"},\"description\":\"Fjala p\u00ebrsh\u00ebndet\u00ebse e Mehmet BARDHIT, kryetar i Lidhjes Demokratike n\u00eb Mal t\u00eb Zi, n\u00eb manifestimin e koktejin, q\u00eb e organizoi LD n\u00eb MZ, n\u00eb Tuz, m\u00eb\",\"breadcrumb\":{\"@id\":\"https:\/\/www.visit-ulcinj.com\/blog\/2011\/04\/12\/bardhi-liria-ishte-eshte-dhe-mbetet-mbi-te-gjitha\/#breadcrumb\"},\"inLanguage\":\"en-US\",\"potentialAction\":[{\"@type\":\"ReadAction\",\"target\":[\"https:\/\/www.visit-ulcinj.com\/blog\/2011\/04\/12\/bardhi-liria-ishte-eshte-dhe-mbetet-mbi-te-gjitha\/\"]}]},{\"@type\":\"BreadcrumbList\",\"@id\":\"https:\/\/www.visit-ulcinj.com\/blog\/2011\/04\/12\/bardhi-liria-ishte-eshte-dhe-mbetet-mbi-te-gjitha\/#breadcrumb\",\"itemListElement\":[{\"@type\":\"ListItem\",\"position\":1,\"name\":\"Bardhi: LIRIA ishte, \u00ebsht\u00eb dhe mbetet mbi t\u00eb gjitha &#8211; Video\"}]},{\"@type\":\"Person\",\"@id\":\"https:\/\/www.visit-ulcinj.com\/blog\/#\/schema\/person\/dcab619c614d3038751c63bc2aadc06d\",\"name\":\"ulqini\",\"sameAs\":[\"http:\/\/www.visit-ulcinj.com\"],\"url\":\"https:\/\/www.visit-ulcinj.com\/blog\/author\/admin\/\"}]}<\/script>\n<!-- \/ Yoast SEO plugin. -->","yoast_head_json":{"title":"Bardhi: LIRIA ishte, \u00ebsht\u00eb dhe mbetet mbi t\u00eb gjitha - Video - Lajme nga Ulqini","description":"Fjala p\u00ebrsh\u00ebndet\u00ebse e Mehmet BARDHIT, kryetar i Lidhjes Demokratike n\u00eb Mal t\u00eb Zi, n\u00eb manifestimin e koktejin, q\u00eb e organizoi LD n\u00eb MZ, n\u00eb Tuz, m\u00eb","robots":{"index":"index","follow":"follow","max-snippet":"max-snippet:-1","max-image-preview":"max-image-preview:large","max-video-preview":"max-video-preview:-1"},"canonical":"https:\/\/www.visit-ulcinj.com\/blog\/2011\/04\/12\/bardhi-liria-ishte-eshte-dhe-mbetet-mbi-te-gjitha\/","og_locale":"en_US","og_type":"article","og_title":"Bardhi: LIRIA ishte, \u00ebsht\u00eb dhe mbetet mbi t\u00eb gjitha - Video - Lajme nga Ulqini","og_description":"Fjala p\u00ebrsh\u00ebndet\u00ebse e Mehmet BARDHIT, kryetar i Lidhjes Demokratike n\u00eb Mal t\u00eb Zi, n\u00eb manifestimin e koktejin, q\u00eb e organizoi LD n\u00eb MZ, n\u00eb Tuz, m\u00eb","og_url":"https:\/\/www.visit-ulcinj.com\/blog\/2011\/04\/12\/bardhi-liria-ishte-eshte-dhe-mbetet-mbi-te-gjitha\/","og_site_name":"Lajme nga Ulqini","article_published_time":"2011-04-12T07:20:12+00:00","article_modified_time":"2011-04-13T17:06:15+00:00","og_image":[{"url":"http:\/\/www.visit-ulcinj.com\/blog\/wp-content\/uploads\/2011\/04\/Mehmet-BARDHI_100-vjetori_Kryengritja-e-Malesise-1024x768.jpg"}],"twitter_misc":{"Written by":"ulqini","Est. reading time":"3 minutes"},"schema":{"@context":"https:\/\/schema.org","@graph":[{"@type":"WebSite","@id":"https:\/\/www.visit-ulcinj.com\/blog\/#website","url":"https:\/\/www.visit-ulcinj.com\/blog\/","name":"Lajme nga Ulqini","description":"Lajme,Vijesti,Ulqini,Ulqin,Crna Gora,Mali i Zi","potentialAction":[{"@type":"SearchAction","target":{"@type":"EntryPoint","urlTemplate":"https:\/\/www.visit-ulcinj.com\/blog\/?s={search_term_string}"},"query-input":"required name=search_term_string"}],"inLanguage":"en-US"},{"@type":"ImageObject","inLanguage":"en-US","@id":"https:\/\/www.visit-ulcinj.com\/blog\/2011\/04\/12\/bardhi-liria-ishte-eshte-dhe-mbetet-mbi-te-gjitha\/#primaryimage","url":"https:\/\/www.visit-ulcinj.com\/blog\/wp-content\/uploads\/2011\/04\/Mehmet-BARDHI_100-vjetori_Kryengritja-e-Malesise.jpg","contentUrl":"https:\/\/www.visit-ulcinj.com\/blog\/wp-content\/uploads\/2011\/04\/Mehmet-BARDHI_100-vjetori_Kryengritja-e-Malesise.jpg","width":"1040","height":"780"},{"@type":"WebPage","@id":"https:\/\/www.visit-ulcinj.com\/blog\/2011\/04\/12\/bardhi-liria-ishte-eshte-dhe-mbetet-mbi-te-gjitha\/#webpage","url":"https:\/\/www.visit-ulcinj.com\/blog\/2011\/04\/12\/bardhi-liria-ishte-eshte-dhe-mbetet-mbi-te-gjitha\/","name":"Bardhi: LIRIA ishte, \u00ebsht\u00eb dhe mbetet mbi t\u00eb gjitha - Video - Lajme nga Ulqini","isPartOf":{"@id":"https:\/\/www.visit-ulcinj.com\/blog\/#website"},"primaryImageOfPage":{"@id":"https:\/\/www.visit-ulcinj.com\/blog\/2011\/04\/12\/bardhi-liria-ishte-eshte-dhe-mbetet-mbi-te-gjitha\/#primaryimage"},"datePublished":"2011-04-12T07:20:12+00:00","dateModified":"2011-04-13T17:06:15+00:00","author":{"@id":"https:\/\/www.visit-ulcinj.com\/blog\/#\/schema\/person\/dcab619c614d3038751c63bc2aadc06d"},"description":"Fjala p\u00ebrsh\u00ebndet\u00ebse e Mehmet BARDHIT, kryetar i Lidhjes Demokratike n\u00eb Mal t\u00eb Zi, n\u00eb manifestimin e koktejin, q\u00eb e organizoi LD n\u00eb MZ, n\u00eb Tuz, m\u00eb","breadcrumb":{"@id":"https:\/\/www.visit-ulcinj.com\/blog\/2011\/04\/12\/bardhi-liria-ishte-eshte-dhe-mbetet-mbi-te-gjitha\/#breadcrumb"},"inLanguage":"en-US","potentialAction":[{"@type":"ReadAction","target":["https:\/\/www.visit-ulcinj.com\/blog\/2011\/04\/12\/bardhi-liria-ishte-eshte-dhe-mbetet-mbi-te-gjitha\/"]}]},{"@type":"BreadcrumbList","@id":"https:\/\/www.visit-ulcinj.com\/blog\/2011\/04\/12\/bardhi-liria-ishte-eshte-dhe-mbetet-mbi-te-gjitha\/#breadcrumb","itemListElement":[{"@type":"ListItem","position":1,"name":"Bardhi: LIRIA ishte, \u00ebsht\u00eb dhe mbetet mbi t\u00eb gjitha &#8211; Video"}]},{"@type":"Person","@id":"https:\/\/www.visit-ulcinj.com\/blog\/#\/schema\/person\/dcab619c614d3038751c63bc2aadc06d","name":"ulqini","sameAs":["http:\/\/www.visit-ulcinj.com"],"url":"https:\/\/www.visit-ulcinj.com\/blog\/author\/admin\/"}]}},"jetpack_featured_media_url":"","jetpack_sharing_enabled":true,"jetpack_shortlink":"https:\/\/wp.me\/pe6lTn-bUn","_links":{"self":[{"href":"https:\/\/www.visit-ulcinj.com\/blog\/wp-json\/wp\/v2\/posts\/45779"}],"collection":[{"href":"https:\/\/www.visit-ulcinj.com\/blog\/wp-json\/wp\/v2\/posts"}],"about":[{"href":"https:\/\/www.visit-ulcinj.com\/blog\/wp-json\/wp\/v2\/types\/post"}],"author":[{"embeddable":true,"href":"https:\/\/www.visit-ulcinj.com\/blog\/wp-json\/wp\/v2\/users\/1"}],"replies":[{"embeddable":true,"href":"https:\/\/www.visit-ulcinj.com\/blog\/wp-json\/wp\/v2\/comments?post=45779"}],"version-history":[{"count":0,"href":"https:\/\/www.visit-ulcinj.com\/blog\/wp-json\/wp\/v2\/posts\/45779\/revisions"}],"wp:attachment":[{"href":"https:\/\/www.visit-ulcinj.com\/blog\/wp-json\/wp\/v2\/media?parent=45779"}],"wp:term":[{"taxonomy":"category","embeddable":true,"href":"https:\/\/www.visit-ulcinj.com\/blog\/wp-json\/wp\/v2\/categories?post=45779"},{"taxonomy":"post_tag","embeddable":true,"href":"https:\/\/www.visit-ulcinj.com\/blog\/wp-json\/wp\/v2\/tags?post=45779"}],"curies":[{"name":"wp","href":"https:\/\/api.w.org\/{rel}","templated":true}]}}