{"id":45819,"date":"2011-04-12T18:06:46","date_gmt":"2011-04-12T17:06:46","guid":{"rendered":"http:\/\/www.visit-ulcinj.com\/blog\/?p=45819"},"modified":"2011-04-13T18:05:03","modified_gmt":"2011-04-13T17:05:03","slug":"apeli-i-ardian-bujupit-shans-per-jeten-e-leonit","status":"publish","type":"post","link":"https:\/\/www.visit-ulcinj.com\/blog\/2011\/04\/12\/apeli-i-ardian-bujupit-shans-per-jeten-e-leonit\/","title":{"rendered":"Apeli i Ardian Bujupit, shans p\u00ebr jet\u00ebn e Leonit"},"content":{"rendered":"<p><strong><a href=\"http:\/\/www.visit-ulcinj.com\/blog\/wp-content\/uploads\/2011\/04\/Apeli-i-Ardian-Bujupit-per-ndihm-Leonit.jpg\"><img loading=\"lazy\" class=\"alignleft size-full wp-image-45820\" title=\"Apeli i Ardian Bujupit per ndihm Leonit\" src=\"http:\/\/www.visit-ulcinj.com\/blog\/wp-content\/uploads\/2011\/04\/Apeli-i-Ardian-Bujupit-per-ndihm-Leonit.jpg\" alt=\"\" width=\"508\" height=\"340\" \/><\/a>Deri m\u00eb tash p\u00ebr trajtimin mjek\u00ebsor t\u00eb Leonit jan\u00eb grumbulluar 125 mij\u00eb euro por nevojiten edhe 50 mij\u00eb t\u00eb tjera<br \/>\n<\/strong>Nga e m\u00ebrkura e jav\u00ebs s\u00eb kaluar, vog\u00eblushi nga Kosova, Leon Bujupi i s\u00ebmur\u00eb r\u00ebnd\u00eb nga leukemia, ndodhet i shtrir\u00eb n\u00eb Klinik\u00ebn Universitare t\u00eb Mynsterit. Bashk\u00eb me t\u00eb, n\u00eb Gjermani ka ardhur edhe e \u00ebma, Halimja.<\/p>\n<p>&#8220;Kush\u00ebriri&#8221; i famsh\u00ebm, Ardian Bujupi, k\u00ebng\u00ebtari i ri, i zgjedhur n\u00eb mesin e pes\u00eb m\u00eb t\u00eb mir\u00ebve n\u00eb spektaklin e madh gjerman DSDS, i \u00ebsht\u00eb gjetur n\u00eb dit\u00ebt m\u00eb t\u00eb v\u00ebshtira familjes Bujupi. Ai ka shfryt\u00ebzuar sken\u00ebn e spektaklit t\u00eb p\u00ebrmendur p\u00ebr t\u00eb b\u00ebr\u00eb apel te shikuesit q\u00eb t\u00eb ndihmojn\u00eb sh\u00ebrimin e Leonit t\u00eb vog\u00ebl.<\/p>\n<p>Meq\u00eb Leoni dhe e \u00ebma, pas stresit t\u00eb udh\u00ebtimit dhe t\u00eb grumbullimit t\u00eb mjeteve kishin fillimisht nevoj\u00eb p\u00ebr qet\u00ebsi, lajmi p\u00ebr ardhjen e tyre n\u00eb Mynster \u00ebsht\u00eb b\u00ebr\u00eb publik vet\u00ebm dje. K\u00ebshtu shkruajn\u00eb gazetat e ndryshme t\u00eb regjionit t\u00eb Mynsterit e m\u00eb gjer\u00eb, duke cituar iniciatorin e aksionit p\u00ebr ndihm\u00eb Leonit t\u00eb vog\u00ebl, Reinhard L\u00fclff.<\/p>\n<p><a href=\"http:\/\/www.visit-ulcinj.com\/blog\/wp-content\/uploads\/2011\/04\/Ardian-Bujupi-DSDS.jpg\"><img loading=\"lazy\" class=\"alignleft size-full wp-image-45821\" title=\"Ardian-Bujupi-DSDS\" src=\"http:\/\/www.visit-ulcinj.com\/blog\/wp-content\/uploads\/2011\/04\/Ardian-Bujupi-DSDS.jpg\" alt=\"\" width=\"508\" height=\"299\" \/><\/a>&#8220;Pas pes\u00eb jav\u00eb p\u00ebrpjekjesh, ne jemi t\u00eb g\u00ebzuar se Leoni, m\u00eb n\u00eb fund aterroi n\u00eb Dyseldorf&#8221;, ka th\u00ebn\u00eb L\u00fclff. N\u00eb saje t\u00eb apelit t\u00eb b\u00ebr\u00eb nga Ardian Bujupi p\u00ebrmes DSDS dhe fal\u00eb shkrimeve t\u00eb gazet\u00ebs &#8220;Westf\u00e4lische Nachrichten&#8221; si dhe n\u00eb saje t\u00eb angazhimit t\u00eb dr. Kathrin Scheppers nga kjo klinik\u00eb, u b\u00eb e mundur ardhja n\u00eb Gjermani, para koh\u00ebs s\u00eb planifikuar, e vog\u00eblushit t\u00eb s\u00ebmur\u00eb nga nj\u00eb lloj i leukemis\u00eb agresive.<\/p>\n<p>Lidhur me sigurimin e sjelljes s\u00eb Leonit n\u00eb Gjermani, L\u00fclff thot\u00eb se kan\u00eb hasur n\u00eb v\u00ebshtir\u00ebsi t\u00eb nj\u00ebpasnj\u00ebshme. &#8220;Duhej siguruar viza e udh\u00ebtimit, bileta e fluturimit dhe duheshin rregulluar nj\u00eb s\u00ebr\u00eb pun\u00ebsh bashk\u00eb me Klinik\u00ebn Universitare t\u00eb Mynsterit.<\/p>\n<p>T\u00eb diel\u00ebn, L\u00fclff e ka vizituar p\u00ebr her\u00eb t\u00eb par\u00eb Leonin dhe n\u00ebn\u00ebn e tij. &#8220;P\u00ebrkund\u00ebr s\u00ebmundjes s\u00eb r\u00ebnd\u00eb, ai \u00ebsht\u00eb nj\u00eb f\u00ebmij\u00eb gazmor&#8221;, ka th\u00ebn\u00eb ai.<\/p>\n<p>Sipas tij, deri m\u00eb tash p\u00ebr trajtimin mjek\u00ebsor t\u00eb Leonit jan\u00eb grumbulluar 125 mij\u00eb euro por nevojiten edhe 50 mij\u00eb t\u00eb tjera. Klinika Universitare \u00ebsht\u00eb e detyruar q\u00eb n\u00eb rastin e Leonit t\u00eb respektoj\u00eb rregullat e nj\u00ebjta sikurse n\u00eb rastet e shtetasve gjerman\u00eb q\u00eb kan\u00eb sigurim t\u00eb rregullt sh\u00ebndet\u00ebsor.<\/p>\n<p>Jav\u00ebt e kaluara, n\u00eb konton e Leon Bujupit idhin derdhur mjete nga burimet m\u00eb t\u00eb ndryshme. Duke filluar nga kopshtet e f\u00ebmij\u00ebve, shkollat, partit\u00eb politike etj. i jan\u00eb bashkuar aksionit. Mir\u00ebpo, suksesin e siguroi k\u00ebng\u00ebtari Ardian Bujupi, me apelin e b\u00ebr\u00eb t\u00eb shtun\u00ebn e kaluar n\u00eb spektaklin e RTL DSDS p\u00ebr ndihm\u00eb emnakut dhe bashkatdhetarit t\u00eb tij t\u00eb vog\u00ebl (me t\u00eb cilin nuk ka af\u00ebrsi familjare).<\/p>\n<p>Kjo i ka shtuar besimin edhe Klinik\u00ebs Universitare q\u00eb t\u00eb filloj\u00eb trajtimin e Leonit, edhe pse akoma nuk \u00ebsht\u00eb siguruar shuma e plot\u00eb, e nevojshme p\u00ebr sh\u00ebrimin e Leonit.<\/p>\n<p>Mbase qysh gjat\u00eb k\u00ebsaj jave, Leon Bujupi do t\u00eb ket\u00eb nj\u00eb vizit\u00eb t\u00eb nivelit t\u00eb lart\u00eb, nga Ardian Bujupi. Ky, bashk\u00eb me prind\u00ebrit e tij jan\u00eb n\u00eb kontakt t\u00eb rregullt me iniciatorin e aksionit t\u00eb ndihm\u00ebs, Reinhard L\u00fclff.<\/p>\n<p>&nbsp;<\/p>\n<p><strong>Konto p\u00ebr ndihm\u00eb Leon Bujupit<\/strong><\/p>\n<p><strong><br \/>\n<\/strong><\/p>\n<p><strong>Kontoinhaber : BILD hilft e.V.<\/strong><br \/>\n<strong> Konto : 0676767 \u3000\u3000 BLZ \/ bank code: 200 700 00<\/strong><br \/>\n<strong> IBAN DE60 2007 0000 0067 6767 00 <\/strong><br \/>\n<strong> BIC DEUTDEHH<\/strong><br \/>\n<strong> Deutsche Bank Hamburg<\/strong><br \/>\n<strong> Stichwort: Leon<\/strong><\/p>\n<p><a title=\"Apeli i Ardian Bujupit, shans p\u00ebr jet\u00ebn e Leonit\" href=\"http:\/\/www.albinfo.ch\/jeta-n%C3%AB-zvic%C3%ABr\/aktualitet\/apeli-i-ardian-bujupit-shans-p%C3%ABr-jet%C3%ABn-e-leonit-20107\" target=\"_blank\"><strong>Burimi: albinfo.ch<\/strong><\/a><\/p>\n","protected":false},"excerpt":{"rendered":"<p>Deri m\u00eb tash p\u00ebr trajtimin mjek\u00ebsor t\u00eb Leonit jan\u00eb grumbulluar 125 mij\u00eb euro por nevojiten edhe 50 mij\u00eb t\u00eb tjera Nga e m\u00ebrkura e jav\u00ebs s\u00eb kaluar, vog\u00eblushi nga Kosova, Leon Bujupi i s\u00ebmur\u00eb r\u00ebnd\u00eb nga leukemia, ndodhet i shtrir\u00eb n\u00eb Klinik\u00ebn Universitare t\u00eb Mynsterit. Bashk\u00eb me t\u00eb, n\u00eb Gjermani ka ardhur edhe e \u00ebma, [&hellip;]<\/p>\n","protected":false},"author":1,"featured_media":0,"comment_status":"open","ping_status":"closed","sticky":false,"template":"","format":"standard","meta":{"spay_email":"","jetpack_publicize_message":"","jetpack_is_tweetstorm":false,"jetpack_publicize_feature_enabled":true},"categories":[14],"tags":[18113,18114,18116,16249,18118,16547,18119,18115,18117,5589],"jetpack_publicize_connections":[],"yoast_head":"<!-- This site is optimized with the Yoast SEO plugin v19.1 - https:\/\/yoast.com\/wordpress\/plugins\/seo\/ -->\n<title>Apeli i Ardian Bujupit, shans p\u00ebr jet\u00ebn e Leonit - Lajme nga Ulqini<\/title>\n<meta name=\"description\" content=\"Deri m\u00eb tash p\u00ebr trajtimin mjek\u00ebsor t\u00eb Leonit jan\u00eb grumbulluar 125 mij\u00eb euro por nevojiten edhe 50 mij\u00eb t\u00eb tjera Nga e m\u00ebrkura e jav\u00ebs s\u00eb kaluar,\" \/>\n<meta name=\"robots\" content=\"index, follow, max-snippet:-1, max-image-preview:large, max-video-preview:-1\" \/>\n<link rel=\"canonical\" href=\"https:\/\/www.visit-ulcinj.com\/blog\/2011\/04\/12\/apeli-i-ardian-bujupit-shans-per-jeten-e-leonit\/\" \/>\n<meta property=\"og:locale\" content=\"en_US\" \/>\n<meta property=\"og:type\" content=\"article\" \/>\n<meta property=\"og:title\" content=\"Apeli i Ardian Bujupit, shans p\u00ebr jet\u00ebn e Leonit - Lajme nga Ulqini\" \/>\n<meta property=\"og:description\" content=\"Deri m\u00eb tash p\u00ebr trajtimin mjek\u00ebsor t\u00eb Leonit jan\u00eb grumbulluar 125 mij\u00eb euro por nevojiten edhe 50 mij\u00eb t\u00eb tjera Nga e m\u00ebrkura e jav\u00ebs s\u00eb kaluar,\" \/>\n<meta property=\"og:url\" content=\"https:\/\/www.visit-ulcinj.com\/blog\/2011\/04\/12\/apeli-i-ardian-bujupit-shans-per-jeten-e-leonit\/\" \/>\n<meta property=\"og:site_name\" content=\"Lajme nga Ulqini\" \/>\n<meta property=\"article:published_time\" content=\"2011-04-12T17:06:46+00:00\" \/>\n<meta property=\"article:modified_time\" content=\"2011-04-13T17:05:03+00:00\" \/>\n<meta property=\"og:image\" content=\"http:\/\/www.visit-ulcinj.com\/blog\/wp-content\/uploads\/2011\/04\/Apeli-i-Ardian-Bujupit-per-ndihm-Leonit.jpg\" \/>\n<meta name=\"twitter:label1\" content=\"Written by\" \/>\n\t<meta name=\"twitter:data1\" content=\"ulqini\" \/>\n\t<meta name=\"twitter:label2\" content=\"Est. reading time\" \/>\n\t<meta name=\"twitter:data2\" content=\"3 minutes\" \/>\n<script type=\"application\/ld+json\" class=\"yoast-schema-graph\">{\"@context\":\"https:\/\/schema.org\",\"@graph\":[{\"@type\":\"WebSite\",\"@id\":\"https:\/\/www.visit-ulcinj.com\/blog\/#website\",\"url\":\"https:\/\/www.visit-ulcinj.com\/blog\/\",\"name\":\"Lajme nga Ulqini\",\"description\":\"Lajme,Vijesti,Ulqini,Ulqin,Crna Gora,Mali i Zi\",\"potentialAction\":[{\"@type\":\"SearchAction\",\"target\":{\"@type\":\"EntryPoint\",\"urlTemplate\":\"https:\/\/www.visit-ulcinj.com\/blog\/?s={search_term_string}\"},\"query-input\":\"required name=search_term_string\"}],\"inLanguage\":\"en-US\"},{\"@type\":\"ImageObject\",\"inLanguage\":\"en-US\",\"@id\":\"https:\/\/www.visit-ulcinj.com\/blog\/2011\/04\/12\/apeli-i-ardian-bujupit-shans-per-jeten-e-leonit\/#primaryimage\",\"url\":\"https:\/\/www.visit-ulcinj.com\/blog\/wp-content\/uploads\/2011\/04\/Apeli-i-Ardian-Bujupit-per-ndihm-Leonit.jpg\",\"contentUrl\":\"https:\/\/www.visit-ulcinj.com\/blog\/wp-content\/uploads\/2011\/04\/Apeli-i-Ardian-Bujupit-per-ndihm-Leonit.jpg\",\"width\":\"455\",\"height\":\"300\"},{\"@type\":\"WebPage\",\"@id\":\"https:\/\/www.visit-ulcinj.com\/blog\/2011\/04\/12\/apeli-i-ardian-bujupit-shans-per-jeten-e-leonit\/#webpage\",\"url\":\"https:\/\/www.visit-ulcinj.com\/blog\/2011\/04\/12\/apeli-i-ardian-bujupit-shans-per-jeten-e-leonit\/\",\"name\":\"Apeli i Ardian Bujupit, shans p\u00ebr jet\u00ebn e Leonit - Lajme nga Ulqini\",\"isPartOf\":{\"@id\":\"https:\/\/www.visit-ulcinj.com\/blog\/#website\"},\"primaryImageOfPage\":{\"@id\":\"https:\/\/www.visit-ulcinj.com\/blog\/2011\/04\/12\/apeli-i-ardian-bujupit-shans-per-jeten-e-leonit\/#primaryimage\"},\"datePublished\":\"2011-04-12T17:06:46+00:00\",\"dateModified\":\"2011-04-13T17:05:03+00:00\",\"author\":{\"@id\":\"https:\/\/www.visit-ulcinj.com\/blog\/#\/schema\/person\/dcab619c614d3038751c63bc2aadc06d\"},\"description\":\"Deri m\u00eb tash p\u00ebr trajtimin mjek\u00ebsor t\u00eb Leonit jan\u00eb grumbulluar 125 mij\u00eb euro por nevojiten edhe 50 mij\u00eb t\u00eb tjera Nga e m\u00ebrkura e jav\u00ebs s\u00eb kaluar,\",\"breadcrumb\":{\"@id\":\"https:\/\/www.visit-ulcinj.com\/blog\/2011\/04\/12\/apeli-i-ardian-bujupit-shans-per-jeten-e-leonit\/#breadcrumb\"},\"inLanguage\":\"en-US\",\"potentialAction\":[{\"@type\":\"ReadAction\",\"target\":[\"https:\/\/www.visit-ulcinj.com\/blog\/2011\/04\/12\/apeli-i-ardian-bujupit-shans-per-jeten-e-leonit\/\"]}]},{\"@type\":\"BreadcrumbList\",\"@id\":\"https:\/\/www.visit-ulcinj.com\/blog\/2011\/04\/12\/apeli-i-ardian-bujupit-shans-per-jeten-e-leonit\/#breadcrumb\",\"itemListElement\":[{\"@type\":\"ListItem\",\"position\":1,\"name\":\"Apeli i Ardian Bujupit, shans p\u00ebr jet\u00ebn e Leonit\"}]},{\"@type\":\"Person\",\"@id\":\"https:\/\/www.visit-ulcinj.com\/blog\/#\/schema\/person\/dcab619c614d3038751c63bc2aadc06d\",\"name\":\"ulqini\",\"sameAs\":[\"http:\/\/www.visit-ulcinj.com\"],\"url\":\"https:\/\/www.visit-ulcinj.com\/blog\/author\/admin\/\"}]}<\/script>\n<!-- \/ Yoast SEO plugin. -->","yoast_head_json":{"title":"Apeli i Ardian Bujupit, shans p\u00ebr jet\u00ebn e Leonit - Lajme nga Ulqini","description":"Deri m\u00eb tash p\u00ebr trajtimin mjek\u00ebsor t\u00eb Leonit jan\u00eb grumbulluar 125 mij\u00eb euro por nevojiten edhe 50 mij\u00eb t\u00eb tjera Nga e m\u00ebrkura e jav\u00ebs s\u00eb kaluar,","robots":{"index":"index","follow":"follow","max-snippet":"max-snippet:-1","max-image-preview":"max-image-preview:large","max-video-preview":"max-video-preview:-1"},"canonical":"https:\/\/www.visit-ulcinj.com\/blog\/2011\/04\/12\/apeli-i-ardian-bujupit-shans-per-jeten-e-leonit\/","og_locale":"en_US","og_type":"article","og_title":"Apeli i Ardian Bujupit, shans p\u00ebr jet\u00ebn e Leonit - Lajme nga Ulqini","og_description":"Deri m\u00eb tash p\u00ebr trajtimin mjek\u00ebsor t\u00eb Leonit jan\u00eb grumbulluar 125 mij\u00eb euro por nevojiten edhe 50 mij\u00eb t\u00eb tjera Nga e m\u00ebrkura e jav\u00ebs s\u00eb kaluar,","og_url":"https:\/\/www.visit-ulcinj.com\/blog\/2011\/04\/12\/apeli-i-ardian-bujupit-shans-per-jeten-e-leonit\/","og_site_name":"Lajme nga Ulqini","article_published_time":"2011-04-12T17:06:46+00:00","article_modified_time":"2011-04-13T17:05:03+00:00","og_image":[{"url":"http:\/\/www.visit-ulcinj.com\/blog\/wp-content\/uploads\/2011\/04\/Apeli-i-Ardian-Bujupit-per-ndihm-Leonit.jpg"}],"twitter_misc":{"Written by":"ulqini","Est. reading time":"3 minutes"},"schema":{"@context":"https:\/\/schema.org","@graph":[{"@type":"WebSite","@id":"https:\/\/www.visit-ulcinj.com\/blog\/#website","url":"https:\/\/www.visit-ulcinj.com\/blog\/","name":"Lajme nga Ulqini","description":"Lajme,Vijesti,Ulqini,Ulqin,Crna Gora,Mali i Zi","potentialAction":[{"@type":"SearchAction","target":{"@type":"EntryPoint","urlTemplate":"https:\/\/www.visit-ulcinj.com\/blog\/?s={search_term_string}"},"query-input":"required name=search_term_string"}],"inLanguage":"en-US"},{"@type":"ImageObject","inLanguage":"en-US","@id":"https:\/\/www.visit-ulcinj.com\/blog\/2011\/04\/12\/apeli-i-ardian-bujupit-shans-per-jeten-e-leonit\/#primaryimage","url":"https:\/\/www.visit-ulcinj.com\/blog\/wp-content\/uploads\/2011\/04\/Apeli-i-Ardian-Bujupit-per-ndihm-Leonit.jpg","contentUrl":"https:\/\/www.visit-ulcinj.com\/blog\/wp-content\/uploads\/2011\/04\/Apeli-i-Ardian-Bujupit-per-ndihm-Leonit.jpg","width":"455","height":"300"},{"@type":"WebPage","@id":"https:\/\/www.visit-ulcinj.com\/blog\/2011\/04\/12\/apeli-i-ardian-bujupit-shans-per-jeten-e-leonit\/#webpage","url":"https:\/\/www.visit-ulcinj.com\/blog\/2011\/04\/12\/apeli-i-ardian-bujupit-shans-per-jeten-e-leonit\/","name":"Apeli i Ardian Bujupit, shans p\u00ebr jet\u00ebn e Leonit - Lajme nga Ulqini","isPartOf":{"@id":"https:\/\/www.visit-ulcinj.com\/blog\/#website"},"primaryImageOfPage":{"@id":"https:\/\/www.visit-ulcinj.com\/blog\/2011\/04\/12\/apeli-i-ardian-bujupit-shans-per-jeten-e-leonit\/#primaryimage"},"datePublished":"2011-04-12T17:06:46+00:00","dateModified":"2011-04-13T17:05:03+00:00","author":{"@id":"https:\/\/www.visit-ulcinj.com\/blog\/#\/schema\/person\/dcab619c614d3038751c63bc2aadc06d"},"description":"Deri m\u00eb tash p\u00ebr trajtimin mjek\u00ebsor t\u00eb Leonit jan\u00eb grumbulluar 125 mij\u00eb euro por nevojiten edhe 50 mij\u00eb t\u00eb tjera Nga e m\u00ebrkura e jav\u00ebs s\u00eb kaluar,","breadcrumb":{"@id":"https:\/\/www.visit-ulcinj.com\/blog\/2011\/04\/12\/apeli-i-ardian-bujupit-shans-per-jeten-e-leonit\/#breadcrumb"},"inLanguage":"en-US","potentialAction":[{"@type":"ReadAction","target":["https:\/\/www.visit-ulcinj.com\/blog\/2011\/04\/12\/apeli-i-ardian-bujupit-shans-per-jeten-e-leonit\/"]}]},{"@type":"BreadcrumbList","@id":"https:\/\/www.visit-ulcinj.com\/blog\/2011\/04\/12\/apeli-i-ardian-bujupit-shans-per-jeten-e-leonit\/#breadcrumb","itemListElement":[{"@type":"ListItem","position":1,"name":"Apeli i Ardian Bujupit, shans p\u00ebr jet\u00ebn e Leonit"}]},{"@type":"Person","@id":"https:\/\/www.visit-ulcinj.com\/blog\/#\/schema\/person\/dcab619c614d3038751c63bc2aadc06d","name":"ulqini","sameAs":["http:\/\/www.visit-ulcinj.com"],"url":"https:\/\/www.visit-ulcinj.com\/blog\/author\/admin\/"}]}},"jetpack_featured_media_url":"","jetpack_sharing_enabled":true,"jetpack_shortlink":"https:\/\/wp.me\/pe6lTn-bV1","_links":{"self":[{"href":"https:\/\/www.visit-ulcinj.com\/blog\/wp-json\/wp\/v2\/posts\/45819"}],"collection":[{"href":"https:\/\/www.visit-ulcinj.com\/blog\/wp-json\/wp\/v2\/posts"}],"about":[{"href":"https:\/\/www.visit-ulcinj.com\/blog\/wp-json\/wp\/v2\/types\/post"}],"author":[{"embeddable":true,"href":"https:\/\/www.visit-ulcinj.com\/blog\/wp-json\/wp\/v2\/users\/1"}],"replies":[{"embeddable":true,"href":"https:\/\/www.visit-ulcinj.com\/blog\/wp-json\/wp\/v2\/comments?post=45819"}],"version-history":[{"count":0,"href":"https:\/\/www.visit-ulcinj.com\/blog\/wp-json\/wp\/v2\/posts\/45819\/revisions"}],"wp:attachment":[{"href":"https:\/\/www.visit-ulcinj.com\/blog\/wp-json\/wp\/v2\/media?parent=45819"}],"wp:term":[{"taxonomy":"category","embeddable":true,"href":"https:\/\/www.visit-ulcinj.com\/blog\/wp-json\/wp\/v2\/categories?post=45819"},{"taxonomy":"post_tag","embeddable":true,"href":"https:\/\/www.visit-ulcinj.com\/blog\/wp-json\/wp\/v2\/tags?post=45819"}],"curies":[{"name":"wp","href":"https:\/\/api.w.org\/{rel}","templated":true}]}}