{"id":45857,"date":"2011-04-20T21:36:11","date_gmt":"2011-04-20T20:36:11","guid":{"rendered":"http:\/\/www.visit-ulcinj.com\/blog\/?p=45857"},"modified":"2011-04-22T15:02:19","modified_gmt":"2011-04-22T14:02:19","slug":"gezim-hajdinaga-ulqini-pret-vere-te-begate-turistike","status":"publish","type":"post","link":"https:\/\/www.visit-ulcinj.com\/blog\/2011\/04\/20\/gezim-hajdinaga-ulqini-pret-vere-te-begate-turistike\/","title":{"rendered":"G\u00ebzim Hajdinaga: Ulqini pret ver\u00eb t\u00eb begat\u00eb turistike"},"content":{"rendered":"<p><a href=\"http:\/\/www.visit-ulcinj.com\/blog\/wp-content\/uploads\/2011\/04\/G\u00ebzim-Hajdinaga.jpg\"><img loading=\"lazy\" class=\"alignleft size-full wp-image-45858\" title=\"G\u00ebzim Hajdinaga\" src=\"http:\/\/www.visit-ulcinj.com\/blog\/wp-content\/uploads\/2011\/04\/G\u00ebzim-Hajdinaga.jpg\" alt=\"\" width=\"350\" height=\"300\" \/><\/a>Ulqin, 19 prill &#8211; Ulqinak\u00ebt jan\u00eb shum\u00eb optimist se sivjet do t\u00eb ken\u00eb nj\u00eb vizit\u00eb m\u00eb t\u00eb mir\u00eb turistike, ndon\u00ebse sezoni i vitit t\u00eb kaluar \u00ebsht\u00eb vler\u00ebsuar si viti rekord i sezoneve turistike n\u00eb 20 vjet\u00ebt e fundit. Tashm\u00eb qeverisje vendore, s\u00eb bashku me Organizat\u00ebn turistike lokale , ka arritur t\u00eb rikthej\u00eb mysafir\u00ebt e viteve 80- ta por t\u00eb dep\u00ebrtoj\u00eb edhe n\u00eb tregje t\u00eb reja, njofton KosovaLive.<\/p>\n<p>Kryetari i Komun\u00ebs s\u00eb Ulqinit, G\u00ebzim Hajdinaga thot\u00eb se oferta e sivjetme turistike e k\u00ebtij qyteti \u00ebsht\u00eb prezantuar n\u00eb panairet m\u00eb t\u00eb njohura t\u00eb rajonit dhe se disponimi i turist\u00ebve na premton se do t\u00eb kemi nj\u00eb ver\u00eb t\u00eb begatshme turistike.<\/p>\n<p>\u201cP\u00ebr ne ulqinak\u00ebt jan\u00eb me nj\u00eb r\u00ebnd\u00ebsi t\u00eb ve\u00e7ant\u00eb tregjet rajonale, prej nga tradicionalisht arrijn\u00eb mysafir\u00ebt n\u00eb Ulqini, si nga Kosova, Maqedonia, Serbia, Bosnja. Tashm\u00eb \u00ebsht\u00eb b\u00ebr\u00eb tradit\u00eb, q\u00eb Komuna e Ulqinit \u00ebsht\u00eb nikoqire e karvanit t\u00eb gazetar\u00ebve nga Kosova dhe Bosnj\u00eb e Hercegovina, edhe ky \u201chulumtim\u201d \u00ebsht\u00eb treguar shum\u00eb i dobish\u00ebm, sepse mediat e k\u00ebtyre dy shteteve transmetojn\u00eb drejtp\u00ebrdrejt\u00eb kushtet e pushimit n\u00eb Ulqin\u201d,- thekson Hajdinaga.<\/p>\n<p>Sipas tij, rezultatet e nj\u00eb vizite t\u00eb mir\u00eb do t\u00eb konfirmohen edhe tash n\u00eb periudh\u00ebn parasezonale, sepse q\u00eb nga fillimi i muajit maj nisin veprimtarit\u00eb turistike \u2013 kulturore, sidomos n\u00eb Plazhin e madh.<\/p>\n<p>\u201cN\u00eb k\u00ebt\u00eb nd\u00ebrlidhje duhet p\u00ebrmendur Panairin tradicional nd\u00ebrkomb\u00ebtar t\u00eb librit shqip, pastaj festivali kulturor ,\u201dSkena verore\u201d, ekspozita, koncerte t\u00eb muzik\u00ebs serioze n\u00eb Kala\u201d,- jan\u00eb vet\u00ebm disa nga veprimtarit\u00eb kulturore q\u00eb komunikojn\u00eb me ofert\u00ebn e p\u00ebrgjithshme turistike t\u00eb Ulqinit\u201d,- shprehet kryetari Hajdinaga.<\/p>\n<p>I pari i Ulqinit thot\u00eb se n\u00eb bashk\u00ebpunim me qeverin\u00eb n\u00eb nd\u00ebrtim e sip\u00ebr \u00ebsht\u00eb ura mbi Portmilen\u00eb, e cila do t\u00eb zgjidh problemin aq t\u00eb theksuar t\u00eb qarkullimit pa pritje mes qytetit dhe Shtojit, p\u00ebrkat\u00ebsisht Plazhit t\u00eb madh.<\/p>\n<p>&nbsp;<\/p>\n<p><strong>KOHA NET<\/strong><\/p>\n<p><strong><!--YouTube Error: bad URL entered--><br \/>\n<\/strong><\/p>\n","protected":false},"excerpt":{"rendered":"<p>Ulqin, 19 prill &#8211; Ulqinak\u00ebt jan\u00eb shum\u00eb optimist se sivjet do t\u00eb ken\u00eb nj\u00eb vizit\u00eb m\u00eb t\u00eb mir\u00eb turistike, ndon\u00ebse sezoni i vitit t\u00eb kaluar \u00ebsht\u00eb vler\u00ebsuar si viti rekord i sezoneve turistike n\u00eb 20 vjet\u00ebt e fundit. Tashm\u00eb qeverisje vendore, s\u00eb bashku me Organizat\u00ebn turistike lokale , ka arritur t\u00eb rikthej\u00eb mysafir\u00ebt e viteve [&hellip;]<\/p>\n","protected":false},"author":1,"featured_media":0,"comment_status":"open","ping_status":"closed","sticky":false,"template":"","format":"standard","meta":{"spay_email":"","jetpack_publicize_message":"","jetpack_is_tweetstorm":false,"jetpack_publicize_feature_enabled":true},"categories":[1,15],"tags":[222,200,18],"jetpack_publicize_connections":[],"yoast_head":"<!-- This site is optimized with the Yoast SEO plugin v19.1 - https:\/\/yoast.com\/wordpress\/plugins\/seo\/ -->\n<title>G\u00ebzim Hajdinaga: Ulqini pret ver\u00eb t\u00eb begat\u00eb turistike - Lajme nga Ulqini<\/title>\n<meta name=\"description\" content=\"Ulqin, 19 prill - Ulqinak\u00ebt jan\u00eb shum\u00eb optimist se sivjet do t\u00eb ken\u00eb nj\u00eb vizit\u00eb m\u00eb t\u00eb mir\u00eb turistike, ndon\u00ebse sezoni i vitit t\u00eb kaluar \u00ebsht\u00eb vler\u00ebsuar si\" \/>\n<meta name=\"robots\" content=\"index, follow, max-snippet:-1, max-image-preview:large, max-video-preview:-1\" \/>\n<link rel=\"canonical\" href=\"https:\/\/www.visit-ulcinj.com\/blog\/2011\/04\/20\/gezim-hajdinaga-ulqini-pret-vere-te-begate-turistike\/\" \/>\n<meta property=\"og:locale\" content=\"en_US\" \/>\n<meta property=\"og:type\" content=\"article\" \/>\n<meta property=\"og:title\" content=\"G\u00ebzim Hajdinaga: Ulqini pret ver\u00eb t\u00eb begat\u00eb turistike - Lajme nga Ulqini\" \/>\n<meta property=\"og:description\" content=\"Ulqin, 19 prill - Ulqinak\u00ebt jan\u00eb shum\u00eb optimist se sivjet do t\u00eb ken\u00eb nj\u00eb vizit\u00eb m\u00eb t\u00eb mir\u00eb turistike, ndon\u00ebse sezoni i vitit t\u00eb kaluar \u00ebsht\u00eb vler\u00ebsuar si\" \/>\n<meta property=\"og:url\" content=\"https:\/\/www.visit-ulcinj.com\/blog\/2011\/04\/20\/gezim-hajdinaga-ulqini-pret-vere-te-begate-turistike\/\" \/>\n<meta property=\"og:site_name\" content=\"Lajme nga Ulqini\" \/>\n<meta property=\"article:published_time\" content=\"2011-04-20T20:36:11+00:00\" \/>\n<meta property=\"article:modified_time\" content=\"2011-04-22T14:02:19+00:00\" \/>\n<meta name=\"twitter:label1\" content=\"Written by\" \/>\n\t<meta name=\"twitter:data1\" content=\"ulqini\" \/>\n\t<meta name=\"twitter:label2\" content=\"Est. reading time\" \/>\n\t<meta name=\"twitter:data2\" content=\"2 minutes\" \/>\n<script type=\"application\/ld+json\" class=\"yoast-schema-graph\">{\"@context\":\"https:\/\/schema.org\",\"@graph\":[{\"@type\":\"WebSite\",\"@id\":\"https:\/\/www.visit-ulcinj.com\/blog\/#website\",\"url\":\"https:\/\/www.visit-ulcinj.com\/blog\/\",\"name\":\"Lajme nga Ulqini\",\"description\":\"Lajme,Vijesti,Ulqini,Ulqin,Crna Gora,Mali i Zi\",\"potentialAction\":[{\"@type\":\"SearchAction\",\"target\":{\"@type\":\"EntryPoint\",\"urlTemplate\":\"https:\/\/www.visit-ulcinj.com\/blog\/?s={search_term_string}\"},\"query-input\":\"required name=search_term_string\"}],\"inLanguage\":\"en-US\"},{\"@type\":\"WebPage\",\"@id\":\"https:\/\/www.visit-ulcinj.com\/blog\/2011\/04\/20\/gezim-hajdinaga-ulqini-pret-vere-te-begate-turistike\/#webpage\",\"url\":\"https:\/\/www.visit-ulcinj.com\/blog\/2011\/04\/20\/gezim-hajdinaga-ulqini-pret-vere-te-begate-turistike\/\",\"name\":\"G\u00ebzim Hajdinaga: Ulqini pret ver\u00eb t\u00eb begat\u00eb turistike - Lajme nga Ulqini\",\"isPartOf\":{\"@id\":\"https:\/\/www.visit-ulcinj.com\/blog\/#website\"},\"datePublished\":\"2011-04-20T20:36:11+00:00\",\"dateModified\":\"2011-04-22T14:02:19+00:00\",\"author\":{\"@id\":\"https:\/\/www.visit-ulcinj.com\/blog\/#\/schema\/person\/dcab619c614d3038751c63bc2aadc06d\"},\"description\":\"Ulqin, 19 prill - Ulqinak\u00ebt jan\u00eb shum\u00eb optimist se sivjet do t\u00eb ken\u00eb nj\u00eb vizit\u00eb m\u00eb t\u00eb mir\u00eb turistike, ndon\u00ebse sezoni i vitit t\u00eb kaluar \u00ebsht\u00eb vler\u00ebsuar si\",\"breadcrumb\":{\"@id\":\"https:\/\/www.visit-ulcinj.com\/blog\/2011\/04\/20\/gezim-hajdinaga-ulqini-pret-vere-te-begate-turistike\/#breadcrumb\"},\"inLanguage\":\"en-US\",\"potentialAction\":[{\"@type\":\"ReadAction\",\"target\":[\"https:\/\/www.visit-ulcinj.com\/blog\/2011\/04\/20\/gezim-hajdinaga-ulqini-pret-vere-te-begate-turistike\/\"]}]},{\"@type\":\"BreadcrumbList\",\"@id\":\"https:\/\/www.visit-ulcinj.com\/blog\/2011\/04\/20\/gezim-hajdinaga-ulqini-pret-vere-te-begate-turistike\/#breadcrumb\",\"itemListElement\":[{\"@type\":\"ListItem\",\"position\":1,\"name\":\"G\u00ebzim Hajdinaga: Ulqini pret ver\u00eb t\u00eb begat\u00eb turistike\"}]},{\"@type\":\"Person\",\"@id\":\"https:\/\/www.visit-ulcinj.com\/blog\/#\/schema\/person\/dcab619c614d3038751c63bc2aadc06d\",\"name\":\"ulqini\",\"sameAs\":[\"http:\/\/www.visit-ulcinj.com\"],\"url\":\"https:\/\/www.visit-ulcinj.com\/blog\/author\/admin\/\"}]}<\/script>\n<!-- \/ Yoast SEO plugin. -->","yoast_head_json":{"title":"G\u00ebzim Hajdinaga: Ulqini pret ver\u00eb t\u00eb begat\u00eb turistike - Lajme nga Ulqini","description":"Ulqin, 19 prill - Ulqinak\u00ebt jan\u00eb shum\u00eb optimist se sivjet do t\u00eb ken\u00eb nj\u00eb vizit\u00eb m\u00eb t\u00eb mir\u00eb turistike, ndon\u00ebse sezoni i vitit t\u00eb kaluar \u00ebsht\u00eb vler\u00ebsuar si","robots":{"index":"index","follow":"follow","max-snippet":"max-snippet:-1","max-image-preview":"max-image-preview:large","max-video-preview":"max-video-preview:-1"},"canonical":"https:\/\/www.visit-ulcinj.com\/blog\/2011\/04\/20\/gezim-hajdinaga-ulqini-pret-vere-te-begate-turistike\/","og_locale":"en_US","og_type":"article","og_title":"G\u00ebzim Hajdinaga: Ulqini pret ver\u00eb t\u00eb begat\u00eb turistike - Lajme nga Ulqini","og_description":"Ulqin, 19 prill - Ulqinak\u00ebt jan\u00eb shum\u00eb optimist se sivjet do t\u00eb ken\u00eb nj\u00eb vizit\u00eb m\u00eb t\u00eb mir\u00eb turistike, ndon\u00ebse sezoni i vitit t\u00eb kaluar \u00ebsht\u00eb vler\u00ebsuar si","og_url":"https:\/\/www.visit-ulcinj.com\/blog\/2011\/04\/20\/gezim-hajdinaga-ulqini-pret-vere-te-begate-turistike\/","og_site_name":"Lajme nga Ulqini","article_published_time":"2011-04-20T20:36:11+00:00","article_modified_time":"2011-04-22T14:02:19+00:00","twitter_misc":{"Written by":"ulqini","Est. reading time":"2 minutes"},"schema":{"@context":"https:\/\/schema.org","@graph":[{"@type":"WebSite","@id":"https:\/\/www.visit-ulcinj.com\/blog\/#website","url":"https:\/\/www.visit-ulcinj.com\/blog\/","name":"Lajme nga Ulqini","description":"Lajme,Vijesti,Ulqini,Ulqin,Crna Gora,Mali i Zi","potentialAction":[{"@type":"SearchAction","target":{"@type":"EntryPoint","urlTemplate":"https:\/\/www.visit-ulcinj.com\/blog\/?s={search_term_string}"},"query-input":"required name=search_term_string"}],"inLanguage":"en-US"},{"@type":"WebPage","@id":"https:\/\/www.visit-ulcinj.com\/blog\/2011\/04\/20\/gezim-hajdinaga-ulqini-pret-vere-te-begate-turistike\/#webpage","url":"https:\/\/www.visit-ulcinj.com\/blog\/2011\/04\/20\/gezim-hajdinaga-ulqini-pret-vere-te-begate-turistike\/","name":"G\u00ebzim Hajdinaga: Ulqini pret ver\u00eb t\u00eb begat\u00eb turistike - Lajme nga Ulqini","isPartOf":{"@id":"https:\/\/www.visit-ulcinj.com\/blog\/#website"},"datePublished":"2011-04-20T20:36:11+00:00","dateModified":"2011-04-22T14:02:19+00:00","author":{"@id":"https:\/\/www.visit-ulcinj.com\/blog\/#\/schema\/person\/dcab619c614d3038751c63bc2aadc06d"},"description":"Ulqin, 19 prill - Ulqinak\u00ebt jan\u00eb shum\u00eb optimist se sivjet do t\u00eb ken\u00eb nj\u00eb vizit\u00eb m\u00eb t\u00eb mir\u00eb turistike, ndon\u00ebse sezoni i vitit t\u00eb kaluar \u00ebsht\u00eb vler\u00ebsuar si","breadcrumb":{"@id":"https:\/\/www.visit-ulcinj.com\/blog\/2011\/04\/20\/gezim-hajdinaga-ulqini-pret-vere-te-begate-turistike\/#breadcrumb"},"inLanguage":"en-US","potentialAction":[{"@type":"ReadAction","target":["https:\/\/www.visit-ulcinj.com\/blog\/2011\/04\/20\/gezim-hajdinaga-ulqini-pret-vere-te-begate-turistike\/"]}]},{"@type":"BreadcrumbList","@id":"https:\/\/www.visit-ulcinj.com\/blog\/2011\/04\/20\/gezim-hajdinaga-ulqini-pret-vere-te-begate-turistike\/#breadcrumb","itemListElement":[{"@type":"ListItem","position":1,"name":"G\u00ebzim Hajdinaga: Ulqini pret ver\u00eb t\u00eb begat\u00eb turistike"}]},{"@type":"Person","@id":"https:\/\/www.visit-ulcinj.com\/blog\/#\/schema\/person\/dcab619c614d3038751c63bc2aadc06d","name":"ulqini","sameAs":["http:\/\/www.visit-ulcinj.com"],"url":"https:\/\/www.visit-ulcinj.com\/blog\/author\/admin\/"}]}},"jetpack_featured_media_url":"","jetpack_sharing_enabled":true,"jetpack_shortlink":"https:\/\/wp.me\/pe6lTn-bVD","_links":{"self":[{"href":"https:\/\/www.visit-ulcinj.com\/blog\/wp-json\/wp\/v2\/posts\/45857"}],"collection":[{"href":"https:\/\/www.visit-ulcinj.com\/blog\/wp-json\/wp\/v2\/posts"}],"about":[{"href":"https:\/\/www.visit-ulcinj.com\/blog\/wp-json\/wp\/v2\/types\/post"}],"author":[{"embeddable":true,"href":"https:\/\/www.visit-ulcinj.com\/blog\/wp-json\/wp\/v2\/users\/1"}],"replies":[{"embeddable":true,"href":"https:\/\/www.visit-ulcinj.com\/blog\/wp-json\/wp\/v2\/comments?post=45857"}],"version-history":[{"count":0,"href":"https:\/\/www.visit-ulcinj.com\/blog\/wp-json\/wp\/v2\/posts\/45857\/revisions"}],"wp:attachment":[{"href":"https:\/\/www.visit-ulcinj.com\/blog\/wp-json\/wp\/v2\/media?parent=45857"}],"wp:term":[{"taxonomy":"category","embeddable":true,"href":"https:\/\/www.visit-ulcinj.com\/blog\/wp-json\/wp\/v2\/categories?post=45857"},{"taxonomy":"post_tag","embeddable":true,"href":"https:\/\/www.visit-ulcinj.com\/blog\/wp-json\/wp\/v2\/tags?post=45857"}],"curies":[{"name":"wp","href":"https:\/\/api.w.org\/{rel}","templated":true}]}}