{"id":45867,"date":"2011-04-20T22:16:26","date_gmt":"2011-04-20T21:16:26","guid":{"rendered":"http:\/\/www.visit-ulcinj.com\/blog\/?p=45867"},"modified":"2011-04-20T22:16:55","modified_gmt":"2011-04-20T21:16:55","slug":"hajdinaga-ulcinj-spreman-za-sezonu","status":"publish","type":"post","link":"https:\/\/www.visit-ulcinj.com\/blog\/2011\/04\/20\/hajdinaga-ulcinj-spreman-za-sezonu\/","title":{"rendered":"Hajdinaga: Ulcinj spreman za sezonu"},"content":{"rendered":"<p><strong><a href=\"http:\/\/www.visit-ulcinj.com\/blog\/wp-content\/uploads\/2011\/04\/Gzim-Hajdinaga_Ulcinj.jpg\"><img loading=\"lazy\" class=\"alignleft size-full wp-image-45868\" title=\"Gzim Hajdinaga_Ulcinj\" src=\"http:\/\/www.visit-ulcinj.com\/blog\/wp-content\/uploads\/2011\/04\/Gzim-Hajdinaga_Ulcinj.jpg\" alt=\"\" width=\"350\" height=\"302\" \/><\/a>Mini intervju: Gzim Hajdinaga, predsjednik op\u0161tine Ulcinj<\/strong><\/p>\n<p><strong>POBJEDA: Kakvu turisti\u010dku sezonu o\u010dekujete ove godine?<\/strong><\/p>\n<p><strong>HAJDINAGA:<\/strong> O\u010dekujemo ponavljanje pro\u0161logodi\u0161njeg uspjeha, jer je 2010. zabilje\u017eena jedna od najboljih sezona u posljednjih 20 godina. U saradnji sa Lokalnom turisti\u010dkom organizacijom, napravili smo strategiju koja ima za cilj ponovno privla\u010denje nekada\u0161njih turista koji su bili prisutni tokom osamdesetih godina, kao i osvajanje novih tr\u017ei\u0161ta.<\/p>\n<p>Ponuda ulcinjske op\u0161tine ove godine predstavljena je na velikom broju sajmova u regionu i Evropi, a raspolo\u017eenje turista nam govori da mo\u017eemo o\u010dekivati dobro ljeto.<\/p>\n<p>Ove godine tako\u0111e o\u010dekujemo porast broja stranih turistista zbog poznate \u010dinjenice da je do\u0161lo do redistribucije turista sa podru\u010dja sjeverne Afrike zbog nemilih doga\u0111aja ka drugim turisti\u010dkim destinacijama. Naravno da se mi se radujemo tom stanju, ali to samo navodim kao \u010dinjenicu.<\/p>\n<p>Za na\u0161e tr\u017ei\u0161te od posebne va\u017enosti su regionalna tr\u017ei\u0161ta Kosovo, Bosna, Srbija, Makedonija&#8230;<\/p>\n<p><strong>POBJEDA: \u0160ta je konkretno ura\u0111eno na pripremama sezone?<\/strong><\/p>\n<p><strong>HAJDINAGA: <\/strong>Uprkos krizi, uspijevamo da pripreme za turisti\u010dku sezonu privedemo kraju. Na sastancima sa nadle\u017enim komunalnim slu\u017ebama potvr\u0111eno je da ne\u0107e biti problema u snabdijevanju vodom i elektri\u010dnom energijom, radi se na ure\u0111enju zelenih povr\u0161ina, pla\u017ee se uveliko spremaju. Spremamo se da ugostimo novinare sa Kosova i BiH.<\/p>\n<p>Informacije koje dobijamo sa tr\u017ei\u0161ta tradicionalno naklonjenih Ulcinju ohrabruju\u0107e su. Mislim da \u0107emo, uz adekvatne pripreme, ve\u0107 u predsezoni govoriti o uspje\u0161noj turisti\u010dkoj godini.<\/p>\n<p>Pominjem, ina\u010de, bogatu ponudu grada koja je generator pozitivnog turisti\u010dkog trenda: Regionalni sajam knjiga, Ljetna scena, koncerti, izlo\u017ebe, kulturne ve\u010deri \u2013 svi oni \u010dine Ulcinj centrom zbivanja u vrelim ljetnjim mjesecima. Dugoro\u010dno gledano, procvat ulcinjske privrede se o\u010dekuje valorizacijom projekata Velike pla\u017ee, Valdanosa i Ade Bojane.<\/p>\n<p><strong>POBJEDA: Ulcinjski parlament usvojio je program ure\u0111enja prostora za ovu godinu, vrijedan 3,34 miliona eura. Na koji na\u010din \u0107ete obezbijediti novac, za \u0161ta su sredstva opredijeljena i da li to zna\u010di da \u0107e Ulcinj uskoro biti u novom ruhu?<\/strong><\/p>\n<p><strong>HAJDINAGA: <\/strong>Ta\u010dno je da je ulcinjski parlament usvojio program ure\u0111enja prostora koji ove godine iznosi 3,34 miliona eura. Iako naizgled ambiciozan, za program se mo\u017ee re\u0107i da je realan, jer o\u010dekujemo izla\u017eenje iz krize i oporavak privrede. Veliki procenat ovog iznosa planiran je za komunalno opremanje grada, \u0161to podrazumijeva asfaltiranje gradskih i prigradskih saobra\u0107ajnica i seoskih puteva, novu saobra\u0107ajnu signalizaciju, postavljanje nove i saniranje postoje\u0107e javne rasvjete, izdvajanja za hidro-tehni\u010dku infrastrukturu, kao i tretman \u010dvrstog otpada. Dio sredstava predvi\u0111en je za eksproprijaciju zemlji\u0161ta i najve\u0107im dijelom za produ\u017eetak bulevara Teuta prema Velikoj pla\u017ei. Tu su i izdvajanja za izradu nove planske dokumentacije kao i manji iznos za izradu tehni\u010dke dokumentacije. Pored redovnih lokalnih izvora, ovogodi\u0161njim bud\u017eetom je planirano i kreditno zadu\u017eenje, kao i priliv sredstava po osnovu prodaje op\u0161tinskog zemlji\u0161ta.<\/p>\n<p><strong>POBJEDA: \u0160ta biste izdvojili kao kapitalne projekte u Ulcinju?<\/strong><\/p>\n<p><strong>HAJDINAGA: <\/strong>U saradnji op\u0161tine Ulcinj sa Vladom u punom jeku je realizacija projekta izgradnje mosta na Port Mileni \u2013 projekat vrijedan 14 miliona eura. Most se danono\u0107no gradi, a zavr\u0161etak radova o\u010dekujemo u maju 2012. godine. U toku je ure\u0111enje lu\u010dice Kacema ispod ulcinjskog Starog grada, radi se na izradi tehni\u010dke dokumentacije za put Sukobin &#8211; Ulcinj (elaborat eksproprijacije), kao i tehni\u010dke dokumentacije za sportski centar, koji \u0107e po\u010deti da se gradi krajem ove, odnosno najkasnije po\u010detkom naredne godine.<br \/>\n<a href=\"http:\/\/www.pobjeda.me\/citanje.php?datum=2011-04-18&amp;id=206707\" target=\"_blank\"><strong>Ana \u017divanovi\u0107<br \/>\nPobjeda<\/strong><\/a><\/p>\n<p><strong><!--YouTube Error: bad URL entered--><\/strong><\/p>\n","protected":false},"excerpt":{"rendered":"<p>Mini intervju: Gzim Hajdinaga, predsjednik op\u0161tine Ulcinj POBJEDA: Kakvu turisti\u010dku sezonu o\u010dekujete ove godine? HAJDINAGA: O\u010dekujemo ponavljanje pro\u0161logodi\u0161njeg uspjeha, jer je 2010. zabilje\u017eena jedna od najboljih sezona u posljednjih 20 godina. U saradnji sa Lokalnom turisti\u010dkom organizacijom, napravili smo strategiju koja ima za cilj ponovno privla\u010denje nekada\u0161njih turista koji su bili prisutni tokom osamdesetih godina, [&hellip;]<\/p>\n","protected":false},"author":1,"featured_media":0,"comment_status":"open","ping_status":"closed","sticky":false,"template":"","format":"standard","meta":{"spay_email":"","jetpack_publicize_message":"","jetpack_is_tweetstorm":false,"jetpack_publicize_feature_enabled":true},"categories":[8337],"tags":[140,3168,19],"jetpack_publicize_connections":[],"yoast_head":"<!-- This site is optimized with the Yoast SEO plugin v19.1 - https:\/\/yoast.com\/wordpress\/plugins\/seo\/ -->\n<title>Hajdinaga: Ulcinj spreman za sezonu - Lajme nga Ulqini<\/title>\n<meta name=\"description\" content=\"Mini intervju: Gzim Hajdinaga, predsjednik op\u0161tine Ulcinj POBJEDA: Kakvu turisti\u010dku sezonu o\u010dekujete ove godine? HAJDINAGA: O\u010dekujemo ponavljanje\" \/>\n<meta name=\"robots\" content=\"index, follow, max-snippet:-1, max-image-preview:large, max-video-preview:-1\" \/>\n<link rel=\"canonical\" href=\"https:\/\/www.visit-ulcinj.com\/blog\/2011\/04\/20\/hajdinaga-ulcinj-spreman-za-sezonu\/\" \/>\n<meta property=\"og:locale\" content=\"en_US\" \/>\n<meta property=\"og:type\" content=\"article\" \/>\n<meta property=\"og:title\" content=\"Hajdinaga: Ulcinj spreman za sezonu - Lajme nga Ulqini\" \/>\n<meta property=\"og:description\" content=\"Mini intervju: Gzim Hajdinaga, predsjednik op\u0161tine Ulcinj POBJEDA: Kakvu turisti\u010dku sezonu o\u010dekujete ove godine? HAJDINAGA: O\u010dekujemo ponavljanje\" \/>\n<meta property=\"og:url\" content=\"https:\/\/www.visit-ulcinj.com\/blog\/2011\/04\/20\/hajdinaga-ulcinj-spreman-za-sezonu\/\" \/>\n<meta property=\"og:site_name\" content=\"Lajme nga Ulqini\" \/>\n<meta property=\"article:published_time\" content=\"2011-04-20T21:16:26+00:00\" \/>\n<meta property=\"article:modified_time\" content=\"2011-04-20T21:16:55+00:00\" \/>\n<meta property=\"og:image\" content=\"http:\/\/www.visit-ulcinj.com\/blog\/wp-content\/uploads\/2011\/04\/Gzim-Hajdinaga_Ulcinj.jpg\" \/>\n<meta name=\"twitter:label1\" content=\"Written by\" \/>\n\t<meta name=\"twitter:data1\" content=\"ulqini\" \/>\n\t<meta name=\"twitter:label2\" content=\"Est. reading time\" \/>\n\t<meta name=\"twitter:data2\" content=\"3 minutes\" \/>\n<script type=\"application\/ld+json\" class=\"yoast-schema-graph\">{\"@context\":\"https:\/\/schema.org\",\"@graph\":[{\"@type\":\"WebSite\",\"@id\":\"https:\/\/www.visit-ulcinj.com\/blog\/#website\",\"url\":\"https:\/\/www.visit-ulcinj.com\/blog\/\",\"name\":\"Lajme nga Ulqini\",\"description\":\"Lajme,Vijesti,Ulqini,Ulqin,Crna Gora,Mali i Zi\",\"potentialAction\":[{\"@type\":\"SearchAction\",\"target\":{\"@type\":\"EntryPoint\",\"urlTemplate\":\"https:\/\/www.visit-ulcinj.com\/blog\/?s={search_term_string}\"},\"query-input\":\"required name=search_term_string\"}],\"inLanguage\":\"en-US\"},{\"@type\":\"ImageObject\",\"inLanguage\":\"en-US\",\"@id\":\"https:\/\/www.visit-ulcinj.com\/blog\/2011\/04\/20\/hajdinaga-ulcinj-spreman-za-sezonu\/#primaryimage\",\"url\":\"https:\/\/www.visit-ulcinj.com\/blog\/wp-content\/uploads\/2011\/04\/Gzim-Hajdinaga_Ulcinj.jpg\",\"contentUrl\":\"https:\/\/www.visit-ulcinj.com\/blog\/wp-content\/uploads\/2011\/04\/Gzim-Hajdinaga_Ulcinj.jpg\",\"width\":\"407\",\"height\":\"302\"},{\"@type\":\"WebPage\",\"@id\":\"https:\/\/www.visit-ulcinj.com\/blog\/2011\/04\/20\/hajdinaga-ulcinj-spreman-za-sezonu\/#webpage\",\"url\":\"https:\/\/www.visit-ulcinj.com\/blog\/2011\/04\/20\/hajdinaga-ulcinj-spreman-za-sezonu\/\",\"name\":\"Hajdinaga: Ulcinj spreman za sezonu - Lajme nga Ulqini\",\"isPartOf\":{\"@id\":\"https:\/\/www.visit-ulcinj.com\/blog\/#website\"},\"primaryImageOfPage\":{\"@id\":\"https:\/\/www.visit-ulcinj.com\/blog\/2011\/04\/20\/hajdinaga-ulcinj-spreman-za-sezonu\/#primaryimage\"},\"datePublished\":\"2011-04-20T21:16:26+00:00\",\"dateModified\":\"2011-04-20T21:16:55+00:00\",\"author\":{\"@id\":\"https:\/\/www.visit-ulcinj.com\/blog\/#\/schema\/person\/dcab619c614d3038751c63bc2aadc06d\"},\"description\":\"Mini intervju: Gzim Hajdinaga, predsjednik op\u0161tine Ulcinj POBJEDA: Kakvu turisti\u010dku sezonu o\u010dekujete ove godine? HAJDINAGA: O\u010dekujemo ponavljanje\",\"breadcrumb\":{\"@id\":\"https:\/\/www.visit-ulcinj.com\/blog\/2011\/04\/20\/hajdinaga-ulcinj-spreman-za-sezonu\/#breadcrumb\"},\"inLanguage\":\"en-US\",\"potentialAction\":[{\"@type\":\"ReadAction\",\"target\":[\"https:\/\/www.visit-ulcinj.com\/blog\/2011\/04\/20\/hajdinaga-ulcinj-spreman-za-sezonu\/\"]}]},{\"@type\":\"BreadcrumbList\",\"@id\":\"https:\/\/www.visit-ulcinj.com\/blog\/2011\/04\/20\/hajdinaga-ulcinj-spreman-za-sezonu\/#breadcrumb\",\"itemListElement\":[{\"@type\":\"ListItem\",\"position\":1,\"name\":\"Hajdinaga: Ulcinj spreman za sezonu\"}]},{\"@type\":\"Person\",\"@id\":\"https:\/\/www.visit-ulcinj.com\/blog\/#\/schema\/person\/dcab619c614d3038751c63bc2aadc06d\",\"name\":\"ulqini\",\"sameAs\":[\"http:\/\/www.visit-ulcinj.com\"],\"url\":\"https:\/\/www.visit-ulcinj.com\/blog\/author\/admin\/\"}]}<\/script>\n<!-- \/ Yoast SEO plugin. -->","yoast_head_json":{"title":"Hajdinaga: Ulcinj spreman za sezonu - Lajme nga Ulqini","description":"Mini intervju: Gzim Hajdinaga, predsjednik op\u0161tine Ulcinj POBJEDA: Kakvu turisti\u010dku sezonu o\u010dekujete ove godine? HAJDINAGA: O\u010dekujemo ponavljanje","robots":{"index":"index","follow":"follow","max-snippet":"max-snippet:-1","max-image-preview":"max-image-preview:large","max-video-preview":"max-video-preview:-1"},"canonical":"https:\/\/www.visit-ulcinj.com\/blog\/2011\/04\/20\/hajdinaga-ulcinj-spreman-za-sezonu\/","og_locale":"en_US","og_type":"article","og_title":"Hajdinaga: Ulcinj spreman za sezonu - Lajme nga Ulqini","og_description":"Mini intervju: Gzim Hajdinaga, predsjednik op\u0161tine Ulcinj POBJEDA: Kakvu turisti\u010dku sezonu o\u010dekujete ove godine? HAJDINAGA: O\u010dekujemo ponavljanje","og_url":"https:\/\/www.visit-ulcinj.com\/blog\/2011\/04\/20\/hajdinaga-ulcinj-spreman-za-sezonu\/","og_site_name":"Lajme nga Ulqini","article_published_time":"2011-04-20T21:16:26+00:00","article_modified_time":"2011-04-20T21:16:55+00:00","og_image":[{"url":"http:\/\/www.visit-ulcinj.com\/blog\/wp-content\/uploads\/2011\/04\/Gzim-Hajdinaga_Ulcinj.jpg"}],"twitter_misc":{"Written by":"ulqini","Est. reading time":"3 minutes"},"schema":{"@context":"https:\/\/schema.org","@graph":[{"@type":"WebSite","@id":"https:\/\/www.visit-ulcinj.com\/blog\/#website","url":"https:\/\/www.visit-ulcinj.com\/blog\/","name":"Lajme nga Ulqini","description":"Lajme,Vijesti,Ulqini,Ulqin,Crna Gora,Mali i Zi","potentialAction":[{"@type":"SearchAction","target":{"@type":"EntryPoint","urlTemplate":"https:\/\/www.visit-ulcinj.com\/blog\/?s={search_term_string}"},"query-input":"required name=search_term_string"}],"inLanguage":"en-US"},{"@type":"ImageObject","inLanguage":"en-US","@id":"https:\/\/www.visit-ulcinj.com\/blog\/2011\/04\/20\/hajdinaga-ulcinj-spreman-za-sezonu\/#primaryimage","url":"https:\/\/www.visit-ulcinj.com\/blog\/wp-content\/uploads\/2011\/04\/Gzim-Hajdinaga_Ulcinj.jpg","contentUrl":"https:\/\/www.visit-ulcinj.com\/blog\/wp-content\/uploads\/2011\/04\/Gzim-Hajdinaga_Ulcinj.jpg","width":"407","height":"302"},{"@type":"WebPage","@id":"https:\/\/www.visit-ulcinj.com\/blog\/2011\/04\/20\/hajdinaga-ulcinj-spreman-za-sezonu\/#webpage","url":"https:\/\/www.visit-ulcinj.com\/blog\/2011\/04\/20\/hajdinaga-ulcinj-spreman-za-sezonu\/","name":"Hajdinaga: Ulcinj spreman za sezonu - Lajme nga Ulqini","isPartOf":{"@id":"https:\/\/www.visit-ulcinj.com\/blog\/#website"},"primaryImageOfPage":{"@id":"https:\/\/www.visit-ulcinj.com\/blog\/2011\/04\/20\/hajdinaga-ulcinj-spreman-za-sezonu\/#primaryimage"},"datePublished":"2011-04-20T21:16:26+00:00","dateModified":"2011-04-20T21:16:55+00:00","author":{"@id":"https:\/\/www.visit-ulcinj.com\/blog\/#\/schema\/person\/dcab619c614d3038751c63bc2aadc06d"},"description":"Mini intervju: Gzim Hajdinaga, predsjednik op\u0161tine Ulcinj POBJEDA: Kakvu turisti\u010dku sezonu o\u010dekujete ove godine? HAJDINAGA: O\u010dekujemo ponavljanje","breadcrumb":{"@id":"https:\/\/www.visit-ulcinj.com\/blog\/2011\/04\/20\/hajdinaga-ulcinj-spreman-za-sezonu\/#breadcrumb"},"inLanguage":"en-US","potentialAction":[{"@type":"ReadAction","target":["https:\/\/www.visit-ulcinj.com\/blog\/2011\/04\/20\/hajdinaga-ulcinj-spreman-za-sezonu\/"]}]},{"@type":"BreadcrumbList","@id":"https:\/\/www.visit-ulcinj.com\/blog\/2011\/04\/20\/hajdinaga-ulcinj-spreman-za-sezonu\/#breadcrumb","itemListElement":[{"@type":"ListItem","position":1,"name":"Hajdinaga: Ulcinj spreman za sezonu"}]},{"@type":"Person","@id":"https:\/\/www.visit-ulcinj.com\/blog\/#\/schema\/person\/dcab619c614d3038751c63bc2aadc06d","name":"ulqini","sameAs":["http:\/\/www.visit-ulcinj.com"],"url":"https:\/\/www.visit-ulcinj.com\/blog\/author\/admin\/"}]}},"jetpack_featured_media_url":"","jetpack_sharing_enabled":true,"jetpack_shortlink":"https:\/\/wp.me\/pe6lTn-bVN","_links":{"self":[{"href":"https:\/\/www.visit-ulcinj.com\/blog\/wp-json\/wp\/v2\/posts\/45867"}],"collection":[{"href":"https:\/\/www.visit-ulcinj.com\/blog\/wp-json\/wp\/v2\/posts"}],"about":[{"href":"https:\/\/www.visit-ulcinj.com\/blog\/wp-json\/wp\/v2\/types\/post"}],"author":[{"embeddable":true,"href":"https:\/\/www.visit-ulcinj.com\/blog\/wp-json\/wp\/v2\/users\/1"}],"replies":[{"embeddable":true,"href":"https:\/\/www.visit-ulcinj.com\/blog\/wp-json\/wp\/v2\/comments?post=45867"}],"version-history":[{"count":0,"href":"https:\/\/www.visit-ulcinj.com\/blog\/wp-json\/wp\/v2\/posts\/45867\/revisions"}],"wp:attachment":[{"href":"https:\/\/www.visit-ulcinj.com\/blog\/wp-json\/wp\/v2\/media?parent=45867"}],"wp:term":[{"taxonomy":"category","embeddable":true,"href":"https:\/\/www.visit-ulcinj.com\/blog\/wp-json\/wp\/v2\/categories?post=45867"},{"taxonomy":"post_tag","embeddable":true,"href":"https:\/\/www.visit-ulcinj.com\/blog\/wp-json\/wp\/v2\/tags?post=45867"}],"curies":[{"name":"wp","href":"https:\/\/api.w.org\/{rel}","templated":true}]}}