{"id":45897,"date":"2011-04-22T15:14:05","date_gmt":"2011-04-22T14:14:05","guid":{"rendered":"http:\/\/www.visit-ulcinj.com\/blog\/?p=45897"},"modified":"2011-04-22T19:03:16","modified_gmt":"2011-04-22T18:03:16","slug":"knsh-mz-uron-te-gjithe-besimtaret-e-krishtere-per-festen-e-pashkeve","status":"publish","type":"post","link":"https:\/\/www.visit-ulcinj.com\/blog\/2011\/04\/22\/knsh-mz-uron-te-gjithe-besimtaret-e-krishtere-per-festen-e-pashkeve\/","title":{"rendered":"KNSH-MZ uron  t\u00eb  gjith\u00eb  besimtar\u00ebt krishter\u00eb fest\u00ebn e Pashk\u00ebve"},"content":{"rendered":"<p style=\"text-align: left;\"><a href=\"http:\/\/www.visit-ulcinj.com\/blog\/wp-content\/uploads\/2011\/03\/KNSH_MZ_logo.jpg\"><img loading=\"lazy\" class=\"alignleft size-full wp-image-45189\" title=\"KNSH_MZ_logo\" src=\"http:\/\/www.visit-ulcinj.com\/blog\/wp-content\/uploads\/2011\/03\/KNSH_MZ_logo.jpg\" alt=\"\" width=\"318\" height=\"142\" srcset=\"https:\/\/www.visit-ulcinj.com\/blog\/wp-content\/uploads\/2011\/03\/KNSH_MZ_logo.jpg 318w, https:\/\/www.visit-ulcinj.com\/blog\/wp-content\/uploads\/2011\/03\/KNSH_MZ_logo-300x133.jpg 300w\" sizes=\"(max-width: 318px) 100vw, 318px\" \/><\/a>K\u00cbSHILLI NACIONAL I SHQIPTAR\u00cbVE N\u00cb MALIN E ZI<\/p>\n<p style=\"text-align: left;\">NACIONALNI SAVJET ALBANACA U CRNOJ GORI<\/p>\n<p style=\"text-align: left;\">ALBANIAN  NATIONAL COUNCIL IN MONTENEGRO<\/p>\n<p><strong> <\/strong><\/p>\n<p><strong> <\/strong><\/p>\n<p>Nr. 65\/11<\/p>\n<p>Ulqin m\u00eb,22.04. 2011<\/p>\n<p>&nbsp;<\/p>\n<p>&nbsp;<\/p>\n<p style=\"text-align: center;\"><strong>U R I M<\/strong><\/p>\n<p>&nbsp;<\/p>\n<p>&nbsp;<\/p>\n<p><strong><a href=\"http:\/\/www.visit-ulcinj.com\/blog\/wp-content\/uploads\/2011\/04\/gezuar-Pashk\u00ebT.jpg\"><img loading=\"lazy\" class=\"alignleft size-medium wp-image-45898\" title=\"gezuar  Pashk\u00ebT\" src=\"http:\/\/www.visit-ulcinj.com\/blog\/wp-content\/uploads\/2011\/04\/gezuar-Pashk\u00ebT-225x300.jpg\" alt=\"\" width=\"225\" height=\"300\" srcset=\"https:\/\/www.visit-ulcinj.com\/blog\/wp-content\/uploads\/2011\/04\/gezuar-Pashk\u00ebT-225x300.jpg 225w, https:\/\/www.visit-ulcinj.com\/blog\/wp-content\/uploads\/2011\/04\/gezuar-Pashk\u00ebT.jpg 375w\" sizes=\"(max-width: 225px) 100vw, 225px\" \/><\/a>K\u00ebshilli \u00a0Nacional i Shqiptar\u00ebve n\u00eb Malin e Zi \u00a0uron \u00a0t\u00eb \u00a0gjith\u00eb\u00a0 besimtar\u00ebt e\u00a0 krishter\u00eb \u00a0p\u00ebr\u00a0 fest\u00ebn e Pashk\u00ebve.<\/strong><\/p>\n<p>&nbsp;<\/p>\n<p>Festa e \u00a0Pashk\u00ebve \u00a0eshte fest\u00eb e cila na\u00a0 kujton\u00a0 ngadhnjimin e jet\u00ebs mbi vdekjen,\u00a0\u00a0prandaj si e till\u00eb le t\u00eb na sh\u00ebrbej\u00eb t\u00eb gjith\u00ebve , gjith\u00ebher \u00a0si\u00a0 ringjallje e shpres\u00ebs , p\u00ebr\u00a0 dit\u00eb\u00a0 m\u00eb\u00a0 t\u00eb mira dhe si nj\u00eb shembull\u00a0 sakrifice dhe p\u00ebrkushtimi q\u00eb ne si shqiptar\u00eb duhet t\u00eb tregojm\u00eb si ndaj nj\u00ebri-tjetrit ashtu dhe ndaj kombit qe i takojme.\u00a0 Kjo dit\u00eb \u00ebsht\u00eb dita e p\u00ebrjet\u00ebsis\u00eb\u00a0 \u00a0dit\u00eb e besimit tek Zoti, besimit te vetvetja dhe besimit p\u00ebr nj\u00eb mir\u00ebqenie dhe t\u00eb ardhme m\u00eb t\u00eb mir\u00eb p\u00ebr p\u00ebr t\u00eb gjith\u00eb ne.<\/p>\n<p>&nbsp;<\/p>\n<p>&nbsp;<\/p>\n<p><strong>G\u00ebzuar e p\u00ebrshumvjet\u00eb\u00a0 Pashk\u00ebt, mir\u00ebsi dhe lumturi n\u00eb familjet Tuaja!<\/strong><\/p>\n<p><a href=\"http:\/\/www.visit-ulcinj.com\/blog\/wp-content\/uploads\/2011\/03\/Keshilli-Nacional-Shqiptar-ne-Mal-te-Zi_KUMTES-MEDIA.jpg\"><img loading=\"lazy\" class=\"alignleft size-full wp-image-45190\" title=\"Keshilli Nacional Shqiptar ne Mal te Zi_KUMTES MEDIA\" src=\"http:\/\/www.visit-ulcinj.com\/blog\/wp-content\/uploads\/2011\/03\/Keshilli-Nacional-Shqiptar-ne-Mal-te-Zi_KUMTES-MEDIA.jpg\" alt=\"\" width=\"508\" height=\"158\" \/><\/a><span style=\"color: #000000;\"><br \/>\n<span style=\"color: #ffffff;\"> <\/span><\/span><br \/>\n<span style=\"color: #ffffff;\">Amull, ana malit, Aru\u00e7ij, Bardhij, Berjashij, Blaca, Bojk\u00eb, Bolejt, Brajshe, bratic\u00eb, Brisku nelt, Brisku pasht, \u00c7obaj, Cukaj, Curajt nelt, Curij pasht, Darz\u00eb, Demirijt, Dodaj, Dragaj, Dragoviq, Durakij, Fraskanjell, Gjecbritij, Gjenashej, Gjenciq, Gjyrjani, Hajdarijt, Hardajt, Hutij, Kacaj, Kaleci, Kalimani, Kanaqi, katerkoll\u00eb, Klezna, Kod\u00ebr, Kolonza, Kosiq, Kova\u00e7ej, Kraj\u00eb, Kravari, Kryth\u00eb, Lekperij, Leskovac, Liarja, Lihari, Likaj, Lisna Bore, Lubanijt, Madgueshi, Mali i Zi, Markashij, Maxhurej, Megjure\u00e7, Millajt, Mill\u00eb, Montenegro, Mozhur\u00eb, ostros, peraj, Perashij, Pistull, Priftij, Qurkaj, Ramushje, Rastish, Re\u00e7, Runji, Sal\u00e7, Shas, Sh\u00ebngjergj, Shtodh\u00ebr, Shtoji, Sjerci, Subashij, Sukobin\u00eb, Sutjell, Syrliq, Tafajt, ulqin, ulqini, Veliqi, Vu\u00e7kij, Zogaj<\/span><\/p>\n","protected":false},"excerpt":{"rendered":"<p>K\u00cbSHILLI NACIONAL I SHQIPTAR\u00cbVE N\u00cb MALIN E ZI NACIONALNI SAVJET ALBANACA U CRNOJ GORI ALBANIAN NATIONAL COUNCIL IN MONTENEGRO Nr. 65\/11 Ulqin m\u00eb,22.04. 2011 &nbsp; &nbsp; U R I M &nbsp; &nbsp; K\u00ebshilli \u00a0Nacional i Shqiptar\u00ebve n\u00eb Malin e Zi \u00a0uron \u00a0t\u00eb \u00a0gjith\u00eb\u00a0 besimtar\u00ebt e\u00a0 krishter\u00eb \u00a0p\u00ebr\u00a0 fest\u00ebn e Pashk\u00ebve. &nbsp; Festa e \u00a0Pashk\u00ebve \u00a0eshte [&hellip;]<\/p>\n","protected":false},"author":1,"featured_media":0,"comment_status":"open","ping_status":"closed","sticky":false,"template":"","format":"standard","meta":{"spay_email":"","jetpack_publicize_message":"","jetpack_is_tweetstorm":false,"jetpack_publicize_feature_enabled":true},"categories":[6],"tags":[13949],"jetpack_publicize_connections":[],"yoast_head":"<!-- This site is optimized with the Yoast SEO plugin v19.1 - https:\/\/yoast.com\/wordpress\/plugins\/seo\/ -->\n<title>KNSH-MZ uron t\u00eb gjith\u00eb besimtar\u00ebt krishter\u00eb fest\u00ebn e Pashk\u00ebve - Lajme nga Ulqini<\/title>\n<meta name=\"description\" content=\"K\u00cbSHILLI NACIONAL I SHQIPTAR\u00cbVE N\u00cb MALIN E ZI NACIONALNI SAVJET ALBANACA U CRNOJ GORI ALBANIAN NATIONAL COUNCIL IN MONTENEGRO Nr. 65\/11 Ulqin m\u00eb,22.04.\" \/>\n<meta name=\"robots\" content=\"index, follow, max-snippet:-1, max-image-preview:large, max-video-preview:-1\" \/>\n<link rel=\"canonical\" href=\"https:\/\/www.visit-ulcinj.com\/blog\/2011\/04\/22\/knsh-mz-uron-te-gjithe-besimtaret-e-krishtere-per-festen-e-pashkeve\/\" \/>\n<meta property=\"og:locale\" content=\"en_US\" \/>\n<meta property=\"og:type\" content=\"article\" \/>\n<meta property=\"og:title\" content=\"KNSH-MZ uron t\u00eb gjith\u00eb besimtar\u00ebt krishter\u00eb fest\u00ebn e Pashk\u00ebve - Lajme nga Ulqini\" \/>\n<meta property=\"og:description\" content=\"K\u00cbSHILLI NACIONAL I SHQIPTAR\u00cbVE N\u00cb MALIN E ZI NACIONALNI SAVJET ALBANACA U CRNOJ GORI ALBANIAN NATIONAL COUNCIL IN MONTENEGRO Nr. 65\/11 Ulqin m\u00eb,22.04.\" \/>\n<meta property=\"og:url\" content=\"https:\/\/www.visit-ulcinj.com\/blog\/2011\/04\/22\/knsh-mz-uron-te-gjithe-besimtaret-e-krishtere-per-festen-e-pashkeve\/\" \/>\n<meta property=\"og:site_name\" content=\"Lajme nga Ulqini\" \/>\n<meta property=\"article:published_time\" content=\"2011-04-22T14:14:05+00:00\" \/>\n<meta property=\"article:modified_time\" content=\"2011-04-22T18:03:16+00:00\" \/>\n<meta property=\"og:image\" content=\"http:\/\/www.visit-ulcinj.com\/blog\/wp-content\/uploads\/2011\/03\/KNSH_MZ_logo.jpg\" \/>\n<meta name=\"twitter:label1\" content=\"Written by\" \/>\n\t<meta name=\"twitter:data1\" content=\"ulqini\" \/>\n\t<meta name=\"twitter:label2\" content=\"Est. reading time\" \/>\n\t<meta name=\"twitter:data2\" content=\"1 minute\" \/>\n<script type=\"application\/ld+json\" class=\"yoast-schema-graph\">{\"@context\":\"https:\/\/schema.org\",\"@graph\":[{\"@type\":\"WebSite\",\"@id\":\"https:\/\/www.visit-ulcinj.com\/blog\/#website\",\"url\":\"https:\/\/www.visit-ulcinj.com\/blog\/\",\"name\":\"Lajme nga Ulqini\",\"description\":\"Lajme,Vijesti,Ulqini,Ulqin,Crna Gora,Mali i Zi\",\"potentialAction\":[{\"@type\":\"SearchAction\",\"target\":{\"@type\":\"EntryPoint\",\"urlTemplate\":\"https:\/\/www.visit-ulcinj.com\/blog\/?s={search_term_string}\"},\"query-input\":\"required name=search_term_string\"}],\"inLanguage\":\"en-US\"},{\"@type\":\"ImageObject\",\"inLanguage\":\"en-US\",\"@id\":\"https:\/\/www.visit-ulcinj.com\/blog\/2011\/04\/22\/knsh-mz-uron-te-gjithe-besimtaret-e-krishtere-per-festen-e-pashkeve\/#primaryimage\",\"url\":\"https:\/\/www.visit-ulcinj.com\/blog\/wp-content\/uploads\/2011\/03\/KNSH_MZ_logo.jpg\",\"contentUrl\":\"https:\/\/www.visit-ulcinj.com\/blog\/wp-content\/uploads\/2011\/03\/KNSH_MZ_logo.jpg\",\"width\":\"318\",\"height\":\"142\"},{\"@type\":\"WebPage\",\"@id\":\"https:\/\/www.visit-ulcinj.com\/blog\/2011\/04\/22\/knsh-mz-uron-te-gjithe-besimtaret-e-krishtere-per-festen-e-pashkeve\/#webpage\",\"url\":\"https:\/\/www.visit-ulcinj.com\/blog\/2011\/04\/22\/knsh-mz-uron-te-gjithe-besimtaret-e-krishtere-per-festen-e-pashkeve\/\",\"name\":\"KNSH-MZ uron t\u00eb gjith\u00eb besimtar\u00ebt krishter\u00eb fest\u00ebn e Pashk\u00ebve - Lajme nga Ulqini\",\"isPartOf\":{\"@id\":\"https:\/\/www.visit-ulcinj.com\/blog\/#website\"},\"primaryImageOfPage\":{\"@id\":\"https:\/\/www.visit-ulcinj.com\/blog\/2011\/04\/22\/knsh-mz-uron-te-gjithe-besimtaret-e-krishtere-per-festen-e-pashkeve\/#primaryimage\"},\"datePublished\":\"2011-04-22T14:14:05+00:00\",\"dateModified\":\"2011-04-22T18:03:16+00:00\",\"author\":{\"@id\":\"https:\/\/www.visit-ulcinj.com\/blog\/#\/schema\/person\/dcab619c614d3038751c63bc2aadc06d\"},\"description\":\"K\u00cbSHILLI NACIONAL I SHQIPTAR\u00cbVE N\u00cb MALIN E ZI NACIONALNI SAVJET ALBANACA U CRNOJ GORI ALBANIAN NATIONAL COUNCIL IN MONTENEGRO Nr. 65\/11 Ulqin m\u00eb,22.04.\",\"breadcrumb\":{\"@id\":\"https:\/\/www.visit-ulcinj.com\/blog\/2011\/04\/22\/knsh-mz-uron-te-gjithe-besimtaret-e-krishtere-per-festen-e-pashkeve\/#breadcrumb\"},\"inLanguage\":\"en-US\",\"potentialAction\":[{\"@type\":\"ReadAction\",\"target\":[\"https:\/\/www.visit-ulcinj.com\/blog\/2011\/04\/22\/knsh-mz-uron-te-gjithe-besimtaret-e-krishtere-per-festen-e-pashkeve\/\"]}]},{\"@type\":\"BreadcrumbList\",\"@id\":\"https:\/\/www.visit-ulcinj.com\/blog\/2011\/04\/22\/knsh-mz-uron-te-gjithe-besimtaret-e-krishtere-per-festen-e-pashkeve\/#breadcrumb\",\"itemListElement\":[{\"@type\":\"ListItem\",\"position\":1,\"name\":\"KNSH-MZ uron t\u00eb gjith\u00eb besimtar\u00ebt krishter\u00eb fest\u00ebn e Pashk\u00ebve\"}]},{\"@type\":\"Person\",\"@id\":\"https:\/\/www.visit-ulcinj.com\/blog\/#\/schema\/person\/dcab619c614d3038751c63bc2aadc06d\",\"name\":\"ulqini\",\"sameAs\":[\"http:\/\/www.visit-ulcinj.com\"],\"url\":\"https:\/\/www.visit-ulcinj.com\/blog\/author\/admin\/\"}]}<\/script>\n<!-- \/ Yoast SEO plugin. -->","yoast_head_json":{"title":"KNSH-MZ uron t\u00eb gjith\u00eb besimtar\u00ebt krishter\u00eb fest\u00ebn e Pashk\u00ebve - Lajme nga Ulqini","description":"K\u00cbSHILLI NACIONAL I SHQIPTAR\u00cbVE N\u00cb MALIN E ZI NACIONALNI SAVJET ALBANACA U CRNOJ GORI ALBANIAN NATIONAL COUNCIL IN MONTENEGRO Nr. 65\/11 Ulqin m\u00eb,22.04.","robots":{"index":"index","follow":"follow","max-snippet":"max-snippet:-1","max-image-preview":"max-image-preview:large","max-video-preview":"max-video-preview:-1"},"canonical":"https:\/\/www.visit-ulcinj.com\/blog\/2011\/04\/22\/knsh-mz-uron-te-gjithe-besimtaret-e-krishtere-per-festen-e-pashkeve\/","og_locale":"en_US","og_type":"article","og_title":"KNSH-MZ uron t\u00eb gjith\u00eb besimtar\u00ebt krishter\u00eb fest\u00ebn e Pashk\u00ebve - Lajme nga Ulqini","og_description":"K\u00cbSHILLI NACIONAL I SHQIPTAR\u00cbVE N\u00cb MALIN E ZI NACIONALNI SAVJET ALBANACA U CRNOJ GORI ALBANIAN NATIONAL COUNCIL IN MONTENEGRO Nr. 65\/11 Ulqin m\u00eb,22.04.","og_url":"https:\/\/www.visit-ulcinj.com\/blog\/2011\/04\/22\/knsh-mz-uron-te-gjithe-besimtaret-e-krishtere-per-festen-e-pashkeve\/","og_site_name":"Lajme nga Ulqini","article_published_time":"2011-04-22T14:14:05+00:00","article_modified_time":"2011-04-22T18:03:16+00:00","og_image":[{"url":"http:\/\/www.visit-ulcinj.com\/blog\/wp-content\/uploads\/2011\/03\/KNSH_MZ_logo.jpg"}],"twitter_misc":{"Written by":"ulqini","Est. reading time":"1 minute"},"schema":{"@context":"https:\/\/schema.org","@graph":[{"@type":"WebSite","@id":"https:\/\/www.visit-ulcinj.com\/blog\/#website","url":"https:\/\/www.visit-ulcinj.com\/blog\/","name":"Lajme nga Ulqini","description":"Lajme,Vijesti,Ulqini,Ulqin,Crna Gora,Mali i Zi","potentialAction":[{"@type":"SearchAction","target":{"@type":"EntryPoint","urlTemplate":"https:\/\/www.visit-ulcinj.com\/blog\/?s={search_term_string}"},"query-input":"required name=search_term_string"}],"inLanguage":"en-US"},{"@type":"ImageObject","inLanguage":"en-US","@id":"https:\/\/www.visit-ulcinj.com\/blog\/2011\/04\/22\/knsh-mz-uron-te-gjithe-besimtaret-e-krishtere-per-festen-e-pashkeve\/#primaryimage","url":"https:\/\/www.visit-ulcinj.com\/blog\/wp-content\/uploads\/2011\/03\/KNSH_MZ_logo.jpg","contentUrl":"https:\/\/www.visit-ulcinj.com\/blog\/wp-content\/uploads\/2011\/03\/KNSH_MZ_logo.jpg","width":"318","height":"142"},{"@type":"WebPage","@id":"https:\/\/www.visit-ulcinj.com\/blog\/2011\/04\/22\/knsh-mz-uron-te-gjithe-besimtaret-e-krishtere-per-festen-e-pashkeve\/#webpage","url":"https:\/\/www.visit-ulcinj.com\/blog\/2011\/04\/22\/knsh-mz-uron-te-gjithe-besimtaret-e-krishtere-per-festen-e-pashkeve\/","name":"KNSH-MZ uron t\u00eb gjith\u00eb besimtar\u00ebt krishter\u00eb fest\u00ebn e Pashk\u00ebve - Lajme nga Ulqini","isPartOf":{"@id":"https:\/\/www.visit-ulcinj.com\/blog\/#website"},"primaryImageOfPage":{"@id":"https:\/\/www.visit-ulcinj.com\/blog\/2011\/04\/22\/knsh-mz-uron-te-gjithe-besimtaret-e-krishtere-per-festen-e-pashkeve\/#primaryimage"},"datePublished":"2011-04-22T14:14:05+00:00","dateModified":"2011-04-22T18:03:16+00:00","author":{"@id":"https:\/\/www.visit-ulcinj.com\/blog\/#\/schema\/person\/dcab619c614d3038751c63bc2aadc06d"},"description":"K\u00cbSHILLI NACIONAL I SHQIPTAR\u00cbVE N\u00cb MALIN E ZI NACIONALNI SAVJET ALBANACA U CRNOJ GORI ALBANIAN NATIONAL COUNCIL IN MONTENEGRO Nr. 65\/11 Ulqin m\u00eb,22.04.","breadcrumb":{"@id":"https:\/\/www.visit-ulcinj.com\/blog\/2011\/04\/22\/knsh-mz-uron-te-gjithe-besimtaret-e-krishtere-per-festen-e-pashkeve\/#breadcrumb"},"inLanguage":"en-US","potentialAction":[{"@type":"ReadAction","target":["https:\/\/www.visit-ulcinj.com\/blog\/2011\/04\/22\/knsh-mz-uron-te-gjithe-besimtaret-e-krishtere-per-festen-e-pashkeve\/"]}]},{"@type":"BreadcrumbList","@id":"https:\/\/www.visit-ulcinj.com\/blog\/2011\/04\/22\/knsh-mz-uron-te-gjithe-besimtaret-e-krishtere-per-festen-e-pashkeve\/#breadcrumb","itemListElement":[{"@type":"ListItem","position":1,"name":"KNSH-MZ uron t\u00eb gjith\u00eb besimtar\u00ebt krishter\u00eb fest\u00ebn e Pashk\u00ebve"}]},{"@type":"Person","@id":"https:\/\/www.visit-ulcinj.com\/blog\/#\/schema\/person\/dcab619c614d3038751c63bc2aadc06d","name":"ulqini","sameAs":["http:\/\/www.visit-ulcinj.com"],"url":"https:\/\/www.visit-ulcinj.com\/blog\/author\/admin\/"}]}},"jetpack_featured_media_url":"","jetpack_sharing_enabled":true,"jetpack_shortlink":"https:\/\/wp.me\/pe6lTn-bWh","_links":{"self":[{"href":"https:\/\/www.visit-ulcinj.com\/blog\/wp-json\/wp\/v2\/posts\/45897"}],"collection":[{"href":"https:\/\/www.visit-ulcinj.com\/blog\/wp-json\/wp\/v2\/posts"}],"about":[{"href":"https:\/\/www.visit-ulcinj.com\/blog\/wp-json\/wp\/v2\/types\/post"}],"author":[{"embeddable":true,"href":"https:\/\/www.visit-ulcinj.com\/blog\/wp-json\/wp\/v2\/users\/1"}],"replies":[{"embeddable":true,"href":"https:\/\/www.visit-ulcinj.com\/blog\/wp-json\/wp\/v2\/comments?post=45897"}],"version-history":[{"count":1,"href":"https:\/\/www.visit-ulcinj.com\/blog\/wp-json\/wp\/v2\/posts\/45897\/revisions"}],"predecessor-version":[{"id":70196,"href":"https:\/\/www.visit-ulcinj.com\/blog\/wp-json\/wp\/v2\/posts\/45897\/revisions\/70196"}],"wp:attachment":[{"href":"https:\/\/www.visit-ulcinj.com\/blog\/wp-json\/wp\/v2\/media?parent=45897"}],"wp:term":[{"taxonomy":"category","embeddable":true,"href":"https:\/\/www.visit-ulcinj.com\/blog\/wp-json\/wp\/v2\/categories?post=45897"},{"taxonomy":"post_tag","embeddable":true,"href":"https:\/\/www.visit-ulcinj.com\/blog\/wp-json\/wp\/v2\/tags?post=45897"}],"curies":[{"name":"wp","href":"https:\/\/api.w.org\/{rel}","templated":true}]}}