{"id":45915,"date":"2011-04-23T22:18:03","date_gmt":"2011-04-23T21:18:03","guid":{"rendered":"http:\/\/www.visit-ulcinj.com\/blog\/?p=45915"},"modified":"2011-04-25T20:06:01","modified_gmt":"2011-04-25T19:06:01","slug":"unionit-demokratik-te-shqiptareve-gezuar-festen-e-pashkeve","status":"publish","type":"post","link":"https:\/\/www.visit-ulcinj.com\/blog\/2011\/04\/23\/unionit-demokratik-te-shqiptareve-gezuar-festen-e-pashkeve\/","title":{"rendered":"Unionit Demokratik t\u00eb Shqiptar\u00ebve: G\u00ebzuar fest\u00ebn e Pashk\u00ebve"},"content":{"rendered":"<h2><a href=\"http:\/\/www.visit-ulcinj.com\/blog\/wp-content\/uploads\/2010\/09\/UNIONI-DEMOKRATIK-I-SHQIPTAR\u00cbVE.jpg\"><\/a><img loading=\"lazy\" class=\"alignleft size-thumbnail wp-image-36988\" title=\"UNIONI  DEMOKRATIK I SHQIPTAR\u00cbVE\" src=\"http:\/\/www.visit-ulcinj.com\/blog\/wp-content\/uploads\/2010\/09\/UNIONI-DEMOKRATIK-I-SHQIPTAR\u00cbVE-150x150.jpg\" alt=\"\" width=\"150\" height=\"150\" \/>UNIONI  DEMOKRATIK I SHQIPTAR\u00cbVE<\/h2>\n<p><strong>DEMOKRATSKA UNIJA ALBANACA <\/strong><\/p>\n<p><strong> THE DEMOCRATIC UNION OF ALBANIANS <\/strong><\/p>\n<p><strong>ULQIN, m\u00eb 22.04.2011<\/strong><\/p>\n<p>&nbsp;<\/p>\n<p>&nbsp;<\/p>\n<p>&nbsp;<\/p>\n<p><strong> <\/strong><\/p>\n<p style=\"text-align: center;\"><strong> URIME P\u00cbR PASHK\u00cb<\/strong><\/p>\n<p><strong> <\/strong><\/p>\n<p><strong> <\/strong><\/p>\n<p>Me rastin e Pashk\u00ebve \u00a0kryetari i Unionit Demokratik t\u00eb Shqiptar\u00ebve,z.Ferhat Dinosha,n\u00eb em\u00ebr t\u00eb partis\u00eb dhe n\u00eb emrin e tij personal i p\u00ebrg\u00ebzon\u00a0 t\u00eb gjith\u00eb besimtar\u00ebt katolik\u00eb ,duke iu uruar sh\u00ebndet t\u00eb mir\u00eb,\u00a0 g\u00ebzime familjeve dhe lumturi n\u00eb jet\u00eb.<\/p>\n<p>Shqiptar\u00ebt i kan\u00eb festat t\u00eb p\u00ebrbashk\u00ebta pasi jan\u00eb komb me tri fe. Cilado fest\u00eb fetar\u00eb te shqiptar\u00ebt \u00ebsht\u00eb edhe fest\u00eb komb\u00ebtare sepse p\u00ebrparimi i kombit \u00ebsht\u00eb edhe obligim fetar.<\/p>\n<p>&nbsp;<\/p>\n<p>G\u00ebzuar fest\u00ebn e Pashk\u00ebve !<\/p>\n<p>&nbsp;<\/p>\n<p>Zoti i bekoft\u00eb t\u00eb gjith\u00eb Shqiptar\u00ebt !<\/p>\n<p>&nbsp;<\/p>\n<p>&nbsp;<\/p>\n<p>&nbsp;<\/p>\n<p><strong> <\/strong><\/p>\n<p><strong> <\/strong><\/p>\n<p><strong> <\/strong><\/p>\n<p><strong>Sh\u00ebrbimi informativ\u00a0 t\u00eb UDSH-s\u00eb<\/strong><\/p>\n<p>&nbsp;<\/p>\n<p>&nbsp;<\/p>\n<p>&nbsp;<\/p>\n","protected":false},"excerpt":{"rendered":"<p>UNIONI DEMOKRATIK I SHQIPTAR\u00cbVE DEMOKRATSKA UNIJA ALBANACA THE DEMOCRATIC UNION OF ALBANIANS ULQIN, m\u00eb 22.04.2011 &nbsp; &nbsp; &nbsp; URIME P\u00cbR PASHK\u00cb Me rastin e Pashk\u00ebve \u00a0kryetari i Unionit Demokratik t\u00eb Shqiptar\u00ebve,z.Ferhat Dinosha,n\u00eb em\u00ebr t\u00eb partis\u00eb dhe n\u00eb emrin e tij personal i p\u00ebrg\u00ebzon\u00a0 t\u00eb gjith\u00eb besimtar\u00ebt katolik\u00eb ,duke iu uruar sh\u00ebndet t\u00eb mir\u00eb,\u00a0 g\u00ebzime familjeve [&hellip;]<\/p>\n","protected":false},"author":1,"featured_media":0,"comment_status":"open","ping_status":"closed","sticky":false,"template":"","format":"standard","meta":{"spay_email":"","jetpack_publicize_message":"","jetpack_is_tweetstorm":false,"jetpack_publicize_feature_enabled":true},"categories":[6],"tags":[13949],"jetpack_publicize_connections":[],"yoast_head":"<!-- This site is optimized with the Yoast SEO plugin v19.1 - https:\/\/yoast.com\/wordpress\/plugins\/seo\/ -->\n<title>Unionit Demokratik t\u00eb Shqiptar\u00ebve: G\u00ebzuar fest\u00ebn e Pashk\u00ebve - Lajme nga Ulqini<\/title>\n<meta name=\"description\" content=\"UNIONI DEMOKRATIK I SHQIPTAR\u00cbVE DEMOKRATSKA UNIJA ALBANACA THE DEMOCRATIC UNION OF ALBANIANS ULQIN, m\u00eb 22.04.2011 &nbsp; &nbsp; &nbsp; URIME P\u00cbR PASHK\u00cb Me\" \/>\n<meta name=\"robots\" content=\"index, follow, max-snippet:-1, max-image-preview:large, max-video-preview:-1\" \/>\n<link rel=\"canonical\" href=\"https:\/\/www.visit-ulcinj.com\/blog\/2011\/04\/23\/unionit-demokratik-te-shqiptareve-gezuar-festen-e-pashkeve\/\" \/>\n<meta property=\"og:locale\" content=\"en_US\" \/>\n<meta property=\"og:type\" content=\"article\" \/>\n<meta property=\"og:title\" content=\"Unionit Demokratik t\u00eb Shqiptar\u00ebve: G\u00ebzuar fest\u00ebn e Pashk\u00ebve - Lajme nga Ulqini\" \/>\n<meta property=\"og:description\" content=\"UNIONI DEMOKRATIK I SHQIPTAR\u00cbVE DEMOKRATSKA UNIJA ALBANACA THE DEMOCRATIC UNION OF ALBANIANS ULQIN, m\u00eb 22.04.2011 &nbsp; &nbsp; &nbsp; URIME P\u00cbR PASHK\u00cb Me\" \/>\n<meta property=\"og:url\" content=\"https:\/\/www.visit-ulcinj.com\/blog\/2011\/04\/23\/unionit-demokratik-te-shqiptareve-gezuar-festen-e-pashkeve\/\" \/>\n<meta property=\"og:site_name\" content=\"Lajme nga Ulqini\" \/>\n<meta property=\"article:published_time\" content=\"2011-04-23T21:18:03+00:00\" \/>\n<meta property=\"article:modified_time\" content=\"2011-04-25T19:06:01+00:00\" \/>\n<meta name=\"twitter:label1\" content=\"Written by\" \/>\n\t<meta name=\"twitter:data1\" content=\"ulqini\" \/>\n\t<meta name=\"twitter:label2\" content=\"Est. reading time\" \/>\n\t<meta name=\"twitter:data2\" content=\"1 minute\" \/>\n<script type=\"application\/ld+json\" class=\"yoast-schema-graph\">{\"@context\":\"https:\/\/schema.org\",\"@graph\":[{\"@type\":\"WebSite\",\"@id\":\"https:\/\/www.visit-ulcinj.com\/blog\/#website\",\"url\":\"https:\/\/www.visit-ulcinj.com\/blog\/\",\"name\":\"Lajme nga Ulqini\",\"description\":\"Lajme,Vijesti,Ulqini,Ulqin,Crna Gora,Mali i Zi\",\"potentialAction\":[{\"@type\":\"SearchAction\",\"target\":{\"@type\":\"EntryPoint\",\"urlTemplate\":\"https:\/\/www.visit-ulcinj.com\/blog\/?s={search_term_string}\"},\"query-input\":\"required name=search_term_string\"}],\"inLanguage\":\"en-US\"},{\"@type\":\"WebPage\",\"@id\":\"https:\/\/www.visit-ulcinj.com\/blog\/2011\/04\/23\/unionit-demokratik-te-shqiptareve-gezuar-festen-e-pashkeve\/#webpage\",\"url\":\"https:\/\/www.visit-ulcinj.com\/blog\/2011\/04\/23\/unionit-demokratik-te-shqiptareve-gezuar-festen-e-pashkeve\/\",\"name\":\"Unionit Demokratik t\u00eb Shqiptar\u00ebve: G\u00ebzuar fest\u00ebn e Pashk\u00ebve - Lajme nga Ulqini\",\"isPartOf\":{\"@id\":\"https:\/\/www.visit-ulcinj.com\/blog\/#website\"},\"datePublished\":\"2011-04-23T21:18:03+00:00\",\"dateModified\":\"2011-04-25T19:06:01+00:00\",\"author\":{\"@id\":\"https:\/\/www.visit-ulcinj.com\/blog\/#\/schema\/person\/dcab619c614d3038751c63bc2aadc06d\"},\"description\":\"UNIONI DEMOKRATIK I SHQIPTAR\u00cbVE DEMOKRATSKA UNIJA ALBANACA THE DEMOCRATIC UNION OF ALBANIANS ULQIN, m\u00eb 22.04.2011 &nbsp; &nbsp; &nbsp; URIME P\u00cbR PASHK\u00cb Me\",\"breadcrumb\":{\"@id\":\"https:\/\/www.visit-ulcinj.com\/blog\/2011\/04\/23\/unionit-demokratik-te-shqiptareve-gezuar-festen-e-pashkeve\/#breadcrumb\"},\"inLanguage\":\"en-US\",\"potentialAction\":[{\"@type\":\"ReadAction\",\"target\":[\"https:\/\/www.visit-ulcinj.com\/blog\/2011\/04\/23\/unionit-demokratik-te-shqiptareve-gezuar-festen-e-pashkeve\/\"]}]},{\"@type\":\"BreadcrumbList\",\"@id\":\"https:\/\/www.visit-ulcinj.com\/blog\/2011\/04\/23\/unionit-demokratik-te-shqiptareve-gezuar-festen-e-pashkeve\/#breadcrumb\",\"itemListElement\":[{\"@type\":\"ListItem\",\"position\":1,\"name\":\"Unionit Demokratik t\u00eb Shqiptar\u00ebve: G\u00ebzuar fest\u00ebn e Pashk\u00ebve\"}]},{\"@type\":\"Person\",\"@id\":\"https:\/\/www.visit-ulcinj.com\/blog\/#\/schema\/person\/dcab619c614d3038751c63bc2aadc06d\",\"name\":\"ulqini\",\"sameAs\":[\"http:\/\/www.visit-ulcinj.com\"],\"url\":\"https:\/\/www.visit-ulcinj.com\/blog\/author\/admin\/\"}]}<\/script>\n<!-- \/ Yoast SEO plugin. -->","yoast_head_json":{"title":"Unionit Demokratik t\u00eb Shqiptar\u00ebve: G\u00ebzuar fest\u00ebn e Pashk\u00ebve - Lajme nga Ulqini","description":"UNIONI DEMOKRATIK I SHQIPTAR\u00cbVE DEMOKRATSKA UNIJA ALBANACA THE DEMOCRATIC UNION OF ALBANIANS ULQIN, m\u00eb 22.04.2011 &nbsp; &nbsp; &nbsp; URIME P\u00cbR PASHK\u00cb Me","robots":{"index":"index","follow":"follow","max-snippet":"max-snippet:-1","max-image-preview":"max-image-preview:large","max-video-preview":"max-video-preview:-1"},"canonical":"https:\/\/www.visit-ulcinj.com\/blog\/2011\/04\/23\/unionit-demokratik-te-shqiptareve-gezuar-festen-e-pashkeve\/","og_locale":"en_US","og_type":"article","og_title":"Unionit Demokratik t\u00eb Shqiptar\u00ebve: G\u00ebzuar fest\u00ebn e Pashk\u00ebve - Lajme nga Ulqini","og_description":"UNIONI DEMOKRATIK I SHQIPTAR\u00cbVE DEMOKRATSKA UNIJA ALBANACA THE DEMOCRATIC UNION OF ALBANIANS ULQIN, m\u00eb 22.04.2011 &nbsp; &nbsp; &nbsp; URIME P\u00cbR PASHK\u00cb Me","og_url":"https:\/\/www.visit-ulcinj.com\/blog\/2011\/04\/23\/unionit-demokratik-te-shqiptareve-gezuar-festen-e-pashkeve\/","og_site_name":"Lajme nga Ulqini","article_published_time":"2011-04-23T21:18:03+00:00","article_modified_time":"2011-04-25T19:06:01+00:00","twitter_misc":{"Written by":"ulqini","Est. reading time":"1 minute"},"schema":{"@context":"https:\/\/schema.org","@graph":[{"@type":"WebSite","@id":"https:\/\/www.visit-ulcinj.com\/blog\/#website","url":"https:\/\/www.visit-ulcinj.com\/blog\/","name":"Lajme nga Ulqini","description":"Lajme,Vijesti,Ulqini,Ulqin,Crna Gora,Mali i Zi","potentialAction":[{"@type":"SearchAction","target":{"@type":"EntryPoint","urlTemplate":"https:\/\/www.visit-ulcinj.com\/blog\/?s={search_term_string}"},"query-input":"required name=search_term_string"}],"inLanguage":"en-US"},{"@type":"WebPage","@id":"https:\/\/www.visit-ulcinj.com\/blog\/2011\/04\/23\/unionit-demokratik-te-shqiptareve-gezuar-festen-e-pashkeve\/#webpage","url":"https:\/\/www.visit-ulcinj.com\/blog\/2011\/04\/23\/unionit-demokratik-te-shqiptareve-gezuar-festen-e-pashkeve\/","name":"Unionit Demokratik t\u00eb Shqiptar\u00ebve: G\u00ebzuar fest\u00ebn e Pashk\u00ebve - Lajme nga Ulqini","isPartOf":{"@id":"https:\/\/www.visit-ulcinj.com\/blog\/#website"},"datePublished":"2011-04-23T21:18:03+00:00","dateModified":"2011-04-25T19:06:01+00:00","author":{"@id":"https:\/\/www.visit-ulcinj.com\/blog\/#\/schema\/person\/dcab619c614d3038751c63bc2aadc06d"},"description":"UNIONI DEMOKRATIK I SHQIPTAR\u00cbVE DEMOKRATSKA UNIJA ALBANACA THE DEMOCRATIC UNION OF ALBANIANS ULQIN, m\u00eb 22.04.2011 &nbsp; &nbsp; &nbsp; URIME P\u00cbR PASHK\u00cb Me","breadcrumb":{"@id":"https:\/\/www.visit-ulcinj.com\/blog\/2011\/04\/23\/unionit-demokratik-te-shqiptareve-gezuar-festen-e-pashkeve\/#breadcrumb"},"inLanguage":"en-US","potentialAction":[{"@type":"ReadAction","target":["https:\/\/www.visit-ulcinj.com\/blog\/2011\/04\/23\/unionit-demokratik-te-shqiptareve-gezuar-festen-e-pashkeve\/"]}]},{"@type":"BreadcrumbList","@id":"https:\/\/www.visit-ulcinj.com\/blog\/2011\/04\/23\/unionit-demokratik-te-shqiptareve-gezuar-festen-e-pashkeve\/#breadcrumb","itemListElement":[{"@type":"ListItem","position":1,"name":"Unionit Demokratik t\u00eb Shqiptar\u00ebve: G\u00ebzuar fest\u00ebn e Pashk\u00ebve"}]},{"@type":"Person","@id":"https:\/\/www.visit-ulcinj.com\/blog\/#\/schema\/person\/dcab619c614d3038751c63bc2aadc06d","name":"ulqini","sameAs":["http:\/\/www.visit-ulcinj.com"],"url":"https:\/\/www.visit-ulcinj.com\/blog\/author\/admin\/"}]}},"jetpack_featured_media_url":"","jetpack_sharing_enabled":true,"jetpack_shortlink":"https:\/\/wp.me\/pe6lTn-bWz","_links":{"self":[{"href":"https:\/\/www.visit-ulcinj.com\/blog\/wp-json\/wp\/v2\/posts\/45915"}],"collection":[{"href":"https:\/\/www.visit-ulcinj.com\/blog\/wp-json\/wp\/v2\/posts"}],"about":[{"href":"https:\/\/www.visit-ulcinj.com\/blog\/wp-json\/wp\/v2\/types\/post"}],"author":[{"embeddable":true,"href":"https:\/\/www.visit-ulcinj.com\/blog\/wp-json\/wp\/v2\/users\/1"}],"replies":[{"embeddable":true,"href":"https:\/\/www.visit-ulcinj.com\/blog\/wp-json\/wp\/v2\/comments?post=45915"}],"version-history":[{"count":0,"href":"https:\/\/www.visit-ulcinj.com\/blog\/wp-json\/wp\/v2\/posts\/45915\/revisions"}],"wp:attachment":[{"href":"https:\/\/www.visit-ulcinj.com\/blog\/wp-json\/wp\/v2\/media?parent=45915"}],"wp:term":[{"taxonomy":"category","embeddable":true,"href":"https:\/\/www.visit-ulcinj.com\/blog\/wp-json\/wp\/v2\/categories?post=45915"},{"taxonomy":"post_tag","embeddable":true,"href":"https:\/\/www.visit-ulcinj.com\/blog\/wp-json\/wp\/v2\/tags?post=45915"}],"curies":[{"name":"wp","href":"https:\/\/api.w.org\/{rel}","templated":true}]}}