{"id":45964,"date":"2011-04-27T20:13:53","date_gmt":"2011-04-27T19:13:53","guid":{"rendered":"http:\/\/www.visit-ulcinj.com\/blog\/?p=45964"},"modified":"2011-04-27T20:14:14","modified_gmt":"2011-04-27T19:14:14","slug":"amir-hollaj-paralajmeron-terheqjen-nga-kolegjiumi","status":"publish","type":"post","link":"https:\/\/www.visit-ulcinj.com\/blog\/2011\/04\/27\/amir-hollaj-paralajmeron-terheqjen-nga-kolegjiumi\/","title":{"rendered":"Amir Hollaj paralajm\u00ebron t\u00ebrheqjen nga kolegjiumi"},"content":{"rendered":"<p><a href=\"http:\/\/www.visit-ulcinj.com\/blog\/wp-content\/uploads\/2011\/04\/Amir-Hollaj1.jpg\"><img loading=\"lazy\" class=\"alignleft size-full wp-image-45965\" title=\"Amir Hollaj\" src=\"http:\/\/www.visit-ulcinj.com\/blog\/wp-content\/uploads\/2011\/04\/Amir-Hollaj1.jpg\" alt=\"\" width=\"350\" height=\"520\" \/><\/a>Shefi i klubit t\u00eb deputet\u00ebve shqiptar\u00eb Amir Hollajj paralajm\u00ebroi sot se do t\u00eb dal\u00eb nga kolegjiumi i kryetarit t\u00eb Kuvendit t\u00eb Malit t\u00eb Zi, n\u00ebse ky trup miraton versionin aktual t\u00eb projektit t\u00eb ligjit zgjedhor.<\/p>\n<p>Ai p\u00ebr agjencin\u00eb MINA theksoi se projekt ligji zgjedhor t\u00eb cilin e p\u00ebrgatit kolegiumi nuk \u00ebsht\u00eb i pranuesh\u00ebm p\u00ebr deputetet shqiptar\u00eb. Ai e theksoi se miratimi i nj\u00eb akti kaq t\u00eb r\u00ebnd\u00ebsish\u00ebm ligjor si\u00e7 \u00ebsht\u00eb ligji zgjedhor pa votat e p\u00ebrfaq\u00ebsuesve autentik t\u00eb popujve pakic\u00eb assesi nuk mund t\u00eb jet\u00eb i mir\u00eb dhe nuk i kontribuon rrug\u00ebs evropiane t\u00eb Malit t\u00eb Zi.<\/p>\n<p>&nbsp;<\/p>\n<p>Hollaj theksoi se n\u00ebse plenumi miraton versionin e kodit zgjedhor t\u00eb cilin e p\u00ebrgatit kolegjiumi do t\u00eb shqyrtoj\u00eb pjes\u00ebmarrjen e vet\u00eb t\u00eb m\u00ebtejme n\u00eb pun\u00ebn e parlamentit.<\/p>\n<h3>Kolegiumi p\u00ebrs\u00ebri nes\u00ebr p\u00ebr kodin zgjedhor<\/h3>\n<p>Kolegiumi i kryetarit t\u00eb kuvendit t\u00eb Malit t\u00eb Zi do t\u00eb vazhdoj\u00eb nes\u00ebr pun\u00ebn n\u00eb harmonizimin e projektit t\u00eb ligjit zgjedhor.<\/p>\n<p>Kryetari i parlamentit Ranko Krivokapiq shpreson se kolegjiumi do ta zgjidh \u00e7\u00ebshtjen e legjislatur\u00ebs zgjedhore sepse si\u00e7 theksoi, ekziston mund\u00ebsia q\u00eb gjat\u00eb k\u00ebsaj jave t\u00eb arrihet marr\u00ebveshja.<\/p>\n<p>Ai theksoi se sipas mendimit t\u00eb tij \u00e7\u00ebshtja \u00ebsht\u00eb p\u00ebr detaje dhe mendon se do t\u00eb arrihet marr\u00ebveshje, duke shtuar se \u00ebsht\u00eb arritur marr\u00ebveshja q\u00eb kolegiumi p\u00ebr ligjin zgjedhor t\u00eb vendos brenda k\u00ebsaj jave.<\/p>\n<p>Komisioni evropian\u00eb m\u00eb par\u00eb ka theksuar se miratimi i kodit zgjedhor \u00ebsht\u00eb nj\u00ebri prej kushteve p\u00ebr vazhdimin e integrimeve evropiane t\u00eb Malit t\u00eb Zi.<\/p>\n<p>&nbsp;<\/p>\n<p><strong>RTCG<\/strong><\/p>\n","protected":false},"excerpt":{"rendered":"<p>Shefi i klubit t\u00eb deputet\u00ebve shqiptar\u00eb Amir Hollajj paralajm\u00ebroi sot se do t\u00eb dal\u00eb nga kolegjiumi i kryetarit t\u00eb Kuvendit t\u00eb Malit t\u00eb Zi, n\u00ebse ky trup miraton versionin aktual t\u00eb projektit t\u00eb ligjit zgjedhor. Ai p\u00ebr agjencin\u00eb MINA theksoi se projekt ligji zgjedhor t\u00eb cilin e p\u00ebrgatit kolegiumi nuk \u00ebsht\u00eb i pranuesh\u00ebm p\u00ebr deputetet [&hellip;]<\/p>\n","protected":false},"author":1,"featured_media":0,"comment_status":"open","ping_status":"closed","sticky":false,"template":"","format":"standard","meta":{"spay_email":"","jetpack_publicize_message":"","jetpack_is_tweetstorm":false,"jetpack_publicize_feature_enabled":true},"categories":[1],"tags":[1303],"jetpack_publicize_connections":[],"yoast_head":"<!-- This site is optimized with the Yoast SEO plugin v19.1 - https:\/\/yoast.com\/wordpress\/plugins\/seo\/ -->\n<title>Amir Hollaj paralajm\u00ebron t\u00ebrheqjen nga kolegjiumi - Lajme nga Ulqini<\/title>\n<meta name=\"description\" content=\"Shefi i klubit t\u00eb deputet\u00ebve shqiptar\u00eb Amir Hollajj paralajm\u00ebroi sot se do t\u00eb dal\u00eb nga kolegjiumi i kryetarit t\u00eb Kuvendit t\u00eb Malit t\u00eb Zi, n\u00ebse ky trup\" \/>\n<meta name=\"robots\" content=\"index, follow, max-snippet:-1, max-image-preview:large, max-video-preview:-1\" \/>\n<link rel=\"canonical\" href=\"https:\/\/www.visit-ulcinj.com\/blog\/2011\/04\/27\/amir-hollaj-paralajmeron-terheqjen-nga-kolegjiumi\/\" \/>\n<meta property=\"og:locale\" content=\"en_US\" \/>\n<meta property=\"og:type\" content=\"article\" \/>\n<meta property=\"og:title\" content=\"Amir Hollaj paralajm\u00ebron t\u00ebrheqjen nga kolegjiumi - Lajme nga Ulqini\" \/>\n<meta property=\"og:description\" content=\"Shefi i klubit t\u00eb deputet\u00ebve shqiptar\u00eb Amir Hollajj paralajm\u00ebroi sot se do t\u00eb dal\u00eb nga kolegjiumi i kryetarit t\u00eb Kuvendit t\u00eb Malit t\u00eb Zi, n\u00ebse ky trup\" \/>\n<meta property=\"og:url\" content=\"https:\/\/www.visit-ulcinj.com\/blog\/2011\/04\/27\/amir-hollaj-paralajmeron-terheqjen-nga-kolegjiumi\/\" \/>\n<meta property=\"og:site_name\" content=\"Lajme nga Ulqini\" \/>\n<meta property=\"article:published_time\" content=\"2011-04-27T19:13:53+00:00\" \/>\n<meta property=\"article:modified_time\" content=\"2011-04-27T19:14:14+00:00\" \/>\n<meta property=\"og:image\" content=\"http:\/\/www.visit-ulcinj.com\/blog\/wp-content\/uploads\/2011\/04\/Amir-Hollaj1.jpg\" \/>\n<meta name=\"twitter:label1\" content=\"Written by\" \/>\n\t<meta name=\"twitter:data1\" content=\"ulqini\" \/>\n\t<meta name=\"twitter:label2\" content=\"Est. reading time\" \/>\n\t<meta name=\"twitter:data2\" content=\"1 minute\" \/>\n<script type=\"application\/ld+json\" class=\"yoast-schema-graph\">{\"@context\":\"https:\/\/schema.org\",\"@graph\":[{\"@type\":\"WebSite\",\"@id\":\"https:\/\/www.visit-ulcinj.com\/blog\/#website\",\"url\":\"https:\/\/www.visit-ulcinj.com\/blog\/\",\"name\":\"Lajme nga Ulqini\",\"description\":\"Lajme,Vijesti,Ulqini,Ulqin,Crna Gora,Mali i Zi\",\"potentialAction\":[{\"@type\":\"SearchAction\",\"target\":{\"@type\":\"EntryPoint\",\"urlTemplate\":\"https:\/\/www.visit-ulcinj.com\/blog\/?s={search_term_string}\"},\"query-input\":\"required name=search_term_string\"}],\"inLanguage\":\"en-US\"},{\"@type\":\"ImageObject\",\"inLanguage\":\"en-US\",\"@id\":\"https:\/\/www.visit-ulcinj.com\/blog\/2011\/04\/27\/amir-hollaj-paralajmeron-terheqjen-nga-kolegjiumi\/#primaryimage\",\"url\":\"https:\/\/www.visit-ulcinj.com\/blog\/wp-content\/uploads\/2011\/04\/Amir-Hollaj1.jpg\",\"contentUrl\":\"https:\/\/www.visit-ulcinj.com\/blog\/wp-content\/uploads\/2011\/04\/Amir-Hollaj1.jpg\",\"width\":\"441\",\"height\":\"720\"},{\"@type\":\"WebPage\",\"@id\":\"https:\/\/www.visit-ulcinj.com\/blog\/2011\/04\/27\/amir-hollaj-paralajmeron-terheqjen-nga-kolegjiumi\/#webpage\",\"url\":\"https:\/\/www.visit-ulcinj.com\/blog\/2011\/04\/27\/amir-hollaj-paralajmeron-terheqjen-nga-kolegjiumi\/\",\"name\":\"Amir Hollaj paralajm\u00ebron t\u00ebrheqjen nga kolegjiumi - Lajme nga Ulqini\",\"isPartOf\":{\"@id\":\"https:\/\/www.visit-ulcinj.com\/blog\/#website\"},\"primaryImageOfPage\":{\"@id\":\"https:\/\/www.visit-ulcinj.com\/blog\/2011\/04\/27\/amir-hollaj-paralajmeron-terheqjen-nga-kolegjiumi\/#primaryimage\"},\"datePublished\":\"2011-04-27T19:13:53+00:00\",\"dateModified\":\"2011-04-27T19:14:14+00:00\",\"author\":{\"@id\":\"https:\/\/www.visit-ulcinj.com\/blog\/#\/schema\/person\/dcab619c614d3038751c63bc2aadc06d\"},\"description\":\"Shefi i klubit t\u00eb deputet\u00ebve shqiptar\u00eb Amir Hollajj paralajm\u00ebroi sot se do t\u00eb dal\u00eb nga kolegjiumi i kryetarit t\u00eb Kuvendit t\u00eb Malit t\u00eb Zi, n\u00ebse ky trup\",\"breadcrumb\":{\"@id\":\"https:\/\/www.visit-ulcinj.com\/blog\/2011\/04\/27\/amir-hollaj-paralajmeron-terheqjen-nga-kolegjiumi\/#breadcrumb\"},\"inLanguage\":\"en-US\",\"potentialAction\":[{\"@type\":\"ReadAction\",\"target\":[\"https:\/\/www.visit-ulcinj.com\/blog\/2011\/04\/27\/amir-hollaj-paralajmeron-terheqjen-nga-kolegjiumi\/\"]}]},{\"@type\":\"BreadcrumbList\",\"@id\":\"https:\/\/www.visit-ulcinj.com\/blog\/2011\/04\/27\/amir-hollaj-paralajmeron-terheqjen-nga-kolegjiumi\/#breadcrumb\",\"itemListElement\":[{\"@type\":\"ListItem\",\"position\":1,\"name\":\"Amir Hollaj paralajm\u00ebron t\u00ebrheqjen nga kolegjiumi\"}]},{\"@type\":\"Person\",\"@id\":\"https:\/\/www.visit-ulcinj.com\/blog\/#\/schema\/person\/dcab619c614d3038751c63bc2aadc06d\",\"name\":\"ulqini\",\"sameAs\":[\"http:\/\/www.visit-ulcinj.com\"],\"url\":\"https:\/\/www.visit-ulcinj.com\/blog\/author\/admin\/\"}]}<\/script>\n<!-- \/ Yoast SEO plugin. -->","yoast_head_json":{"title":"Amir Hollaj paralajm\u00ebron t\u00ebrheqjen nga kolegjiumi - Lajme nga Ulqini","description":"Shefi i klubit t\u00eb deputet\u00ebve shqiptar\u00eb Amir Hollajj paralajm\u00ebroi sot se do t\u00eb dal\u00eb nga kolegjiumi i kryetarit t\u00eb Kuvendit t\u00eb Malit t\u00eb Zi, n\u00ebse ky trup","robots":{"index":"index","follow":"follow","max-snippet":"max-snippet:-1","max-image-preview":"max-image-preview:large","max-video-preview":"max-video-preview:-1"},"canonical":"https:\/\/www.visit-ulcinj.com\/blog\/2011\/04\/27\/amir-hollaj-paralajmeron-terheqjen-nga-kolegjiumi\/","og_locale":"en_US","og_type":"article","og_title":"Amir Hollaj paralajm\u00ebron t\u00ebrheqjen nga kolegjiumi - Lajme nga Ulqini","og_description":"Shefi i klubit t\u00eb deputet\u00ebve shqiptar\u00eb Amir Hollajj paralajm\u00ebroi sot se do t\u00eb dal\u00eb nga kolegjiumi i kryetarit t\u00eb Kuvendit t\u00eb Malit t\u00eb Zi, n\u00ebse ky trup","og_url":"https:\/\/www.visit-ulcinj.com\/blog\/2011\/04\/27\/amir-hollaj-paralajmeron-terheqjen-nga-kolegjiumi\/","og_site_name":"Lajme nga Ulqini","article_published_time":"2011-04-27T19:13:53+00:00","article_modified_time":"2011-04-27T19:14:14+00:00","og_image":[{"url":"http:\/\/www.visit-ulcinj.com\/blog\/wp-content\/uploads\/2011\/04\/Amir-Hollaj1.jpg"}],"twitter_misc":{"Written by":"ulqini","Est. reading time":"1 minute"},"schema":{"@context":"https:\/\/schema.org","@graph":[{"@type":"WebSite","@id":"https:\/\/www.visit-ulcinj.com\/blog\/#website","url":"https:\/\/www.visit-ulcinj.com\/blog\/","name":"Lajme nga Ulqini","description":"Lajme,Vijesti,Ulqini,Ulqin,Crna Gora,Mali i Zi","potentialAction":[{"@type":"SearchAction","target":{"@type":"EntryPoint","urlTemplate":"https:\/\/www.visit-ulcinj.com\/blog\/?s={search_term_string}"},"query-input":"required name=search_term_string"}],"inLanguage":"en-US"},{"@type":"ImageObject","inLanguage":"en-US","@id":"https:\/\/www.visit-ulcinj.com\/blog\/2011\/04\/27\/amir-hollaj-paralajmeron-terheqjen-nga-kolegjiumi\/#primaryimage","url":"https:\/\/www.visit-ulcinj.com\/blog\/wp-content\/uploads\/2011\/04\/Amir-Hollaj1.jpg","contentUrl":"https:\/\/www.visit-ulcinj.com\/blog\/wp-content\/uploads\/2011\/04\/Amir-Hollaj1.jpg","width":"441","height":"720"},{"@type":"WebPage","@id":"https:\/\/www.visit-ulcinj.com\/blog\/2011\/04\/27\/amir-hollaj-paralajmeron-terheqjen-nga-kolegjiumi\/#webpage","url":"https:\/\/www.visit-ulcinj.com\/blog\/2011\/04\/27\/amir-hollaj-paralajmeron-terheqjen-nga-kolegjiumi\/","name":"Amir Hollaj paralajm\u00ebron t\u00ebrheqjen nga kolegjiumi - Lajme nga Ulqini","isPartOf":{"@id":"https:\/\/www.visit-ulcinj.com\/blog\/#website"},"primaryImageOfPage":{"@id":"https:\/\/www.visit-ulcinj.com\/blog\/2011\/04\/27\/amir-hollaj-paralajmeron-terheqjen-nga-kolegjiumi\/#primaryimage"},"datePublished":"2011-04-27T19:13:53+00:00","dateModified":"2011-04-27T19:14:14+00:00","author":{"@id":"https:\/\/www.visit-ulcinj.com\/blog\/#\/schema\/person\/dcab619c614d3038751c63bc2aadc06d"},"description":"Shefi i klubit t\u00eb deputet\u00ebve shqiptar\u00eb Amir Hollajj paralajm\u00ebroi sot se do t\u00eb dal\u00eb nga kolegjiumi i kryetarit t\u00eb Kuvendit t\u00eb Malit t\u00eb Zi, n\u00ebse ky trup","breadcrumb":{"@id":"https:\/\/www.visit-ulcinj.com\/blog\/2011\/04\/27\/amir-hollaj-paralajmeron-terheqjen-nga-kolegjiumi\/#breadcrumb"},"inLanguage":"en-US","potentialAction":[{"@type":"ReadAction","target":["https:\/\/www.visit-ulcinj.com\/blog\/2011\/04\/27\/amir-hollaj-paralajmeron-terheqjen-nga-kolegjiumi\/"]}]},{"@type":"BreadcrumbList","@id":"https:\/\/www.visit-ulcinj.com\/blog\/2011\/04\/27\/amir-hollaj-paralajmeron-terheqjen-nga-kolegjiumi\/#breadcrumb","itemListElement":[{"@type":"ListItem","position":1,"name":"Amir Hollaj paralajm\u00ebron t\u00ebrheqjen nga kolegjiumi"}]},{"@type":"Person","@id":"https:\/\/www.visit-ulcinj.com\/blog\/#\/schema\/person\/dcab619c614d3038751c63bc2aadc06d","name":"ulqini","sameAs":["http:\/\/www.visit-ulcinj.com"],"url":"https:\/\/www.visit-ulcinj.com\/blog\/author\/admin\/"}]}},"jetpack_featured_media_url":"","jetpack_sharing_enabled":true,"jetpack_shortlink":"https:\/\/wp.me\/pe6lTn-bXm","_links":{"self":[{"href":"https:\/\/www.visit-ulcinj.com\/blog\/wp-json\/wp\/v2\/posts\/45964"}],"collection":[{"href":"https:\/\/www.visit-ulcinj.com\/blog\/wp-json\/wp\/v2\/posts"}],"about":[{"href":"https:\/\/www.visit-ulcinj.com\/blog\/wp-json\/wp\/v2\/types\/post"}],"author":[{"embeddable":true,"href":"https:\/\/www.visit-ulcinj.com\/blog\/wp-json\/wp\/v2\/users\/1"}],"replies":[{"embeddable":true,"href":"https:\/\/www.visit-ulcinj.com\/blog\/wp-json\/wp\/v2\/comments?post=45964"}],"version-history":[{"count":0,"href":"https:\/\/www.visit-ulcinj.com\/blog\/wp-json\/wp\/v2\/posts\/45964\/revisions"}],"wp:attachment":[{"href":"https:\/\/www.visit-ulcinj.com\/blog\/wp-json\/wp\/v2\/media?parent=45964"}],"wp:term":[{"taxonomy":"category","embeddable":true,"href":"https:\/\/www.visit-ulcinj.com\/blog\/wp-json\/wp\/v2\/categories?post=45964"},{"taxonomy":"post_tag","embeddable":true,"href":"https:\/\/www.visit-ulcinj.com\/blog\/wp-json\/wp\/v2\/tags?post=45964"}],"curies":[{"name":"wp","href":"https:\/\/api.w.org\/{rel}","templated":true}]}}