{"id":45978,"date":"2011-04-30T21:27:17","date_gmt":"2011-04-30T20:27:17","guid":{"rendered":"http:\/\/www.visit-ulcinj.com\/blog\/?p=45978"},"modified":"2011-05-14T14:31:56","modified_gmt":"2011-05-14T13:31:56","slug":"udhetim-ne-ulqin-nga-top-channel-video","status":"publish","type":"post","link":"https:\/\/www.visit-ulcinj.com\/blog\/2011\/04\/30\/udhetim-ne-ulqin-nga-top-channel-video\/","title":{"rendered":"Udh\u00ebtim n\u00eb Ulqin nga Top Channel &#8211; Video"},"content":{"rendered":"<p><strong><a href=\"http:\/\/www.visit-ulcinj.com\/blog\/wp-content\/uploads\/2011\/04\/aparthotel-ulcini-muntenegru.jpg\"><img loading=\"lazy\" class=\"alignleft size-large wp-image-45979\" title=\"aparthotel ulcini muntenegru\" src=\"http:\/\/www.visit-ulcinj.com\/blog\/wp-content\/uploads\/2011\/04\/aparthotel-ulcini-muntenegru-1024x670.jpg\" alt=\"\" width=\"508\" height=\"380\" \/><\/a>Me Ulqinin dashurohesh me shikim t\u00eb par\u00eb, natyra pothuajse e paprekur dhe deti i kthjell\u00ebt i Adratikut, l\u00eb gjurm\u00eb n\u00eb syt\u00eb e gjithsecilit. <\/strong><\/p>\n<p><strong><br \/>\n<\/strong><\/p>\n<p>Hyrja n\u00eb qytet, nga vendasit, quhet e jasht\u00ebzakonshme. Me k\u00ebt\u00eb ndjesi, Riviera, Ulqini i Vjet\u00ebr dhe plazhet e tij, b\u00ebjn\u00eb p\u00ebr vete turist\u00ebt q\u00eb befasohen nga ai n\u00eb dim\u00ebr dhe n\u00eb ver\u00eb.<\/p>\n<p>\u201cFatin e Ulqinit do ta ndaja me Shkodr\u00ebn, t\u00eb dy qytetet jan\u00eb l\u00ebn\u00eb n\u00eb harres\u00eb. N\u00eb vend q\u00eb t\u00eb ecin p\u00ebrpara, kan\u00eb b\u00ebr\u00eb hapa mbrapa\u201d, shprehet G\u00ebzim Hajdinaga, kryetari i komun\u00ebs.<\/p>\n<p>Qyteti mesjetar \u00ebsht\u00eb pushtuar nga shum\u00eb kultura, secila prej tyre ka l\u00ebn\u00eb gjurm\u00ebt e veta deri n\u00eb koh\u00ebt e sotme. Kjo vihet re nga arkitektura dhe jeta e rrugicave t\u00eb Ulqinit. Qyteti i sot\u00ebm \u00ebsht\u00eb g\u00ebrshetim i k\u00ebtyre kulturave, nd\u00ebrsa historian\u00ebt jan\u00eb ciceron\u00ebt e pashoq t\u00eb atyre periudhave q\u00eb p\u00ebrcjellin \u00e7far\u00eb ka ndodhur dhjetra e qindra vjet m\u00eb par\u00eb, q\u00eb pak e gjejm\u00eb t\u00eb shkruar n\u00eb arkivat tan\u00eb. Nj\u00ebra prej tyre lidhet me autorin e \u201cDon Kishotit\u201d, shkrimtarin e famsh\u00ebm spanjoll Migel Servantes.<\/p>\n<p>\u201cNj\u00eb nga legjendat e Ulqinit \u00ebsht\u00eb ajo e Servantesit. Ai e shkroi nj\u00eb pjes\u00eb t\u00eb Don Kishotit n\u00eb Ulqin. Gjithashtu u dashurua me nj\u00eb vendase dhe k\u00ebt\u00eb e p\u00ebrmend vet\u00eb ai\u201d, tregon historiani Bahri Brisku.<\/p>\n<p>Kjo \u00ebsht\u00eb ura mbi Bun\u00eb, q\u00eb lidh Ad\u00ebn me Plazhin e Madh. P\u00ebrgjat\u00eb lumit ngrihen \u201ckasolle druri\u201d me rrjeta peshkimi t\u00eb \u00e7uditshme. N\u00ebp\u00ebr guidat turistike i gjejm\u00eb me emrin \u201cKalimera\u201d. K\u00ebto objekte t\u00eb ngjashme me ato t\u00eb Lindjes s\u00eb Larg\u00ebt e shnd\u00ebrrojn\u00eb \u201cmbi-lumin\u201d n\u00eb nj\u00eb vend ekzotik.<\/p>\n<p>Disa kilomtera n\u00eb jug t\u00eb Ulqinit gjendet Plazhi i Madh, i tipit ranor. Shtrihet n\u00eb nj\u00eb gjat\u00ebsi prej 13 kilometrash, p\u00ebrgjat\u00eb lumit Buna. Kjo hap\u00ebsir\u00eb vazhdon deri tek plazhi i Ad\u00ebs. N\u00eb gjuh\u00ebn malazeze quhet \u201cVelika shesh\u201d, \u00ebsht\u00eb burimi m\u00eb i vlefsh\u00ebm i rivier\u00ebs s\u00eb Ulqinit dhe rripi m\u00eb i gjat\u00eb bregdetar n\u00eb Malin e Zi, p\u00ebr t\u00eb cilin krenohen ulqinak\u00ebt. Plazhin e vog\u00ebl, shum\u00eb popullor p\u00ebr vendasit, e gjejm\u00eb brenda n\u00eb qytet. Ai ka nisur t\u00eb frekuentohet n\u00eb k\u00ebto dit\u00eb prilli.<\/p>\n<p>Treva shquhet p\u00ebr pasurin\u00eb e drit\u00ebs dhe nxeht\u00ebsis\u00eb. Dimri i but\u00eb dhe pranvera e hershme, me restorantet romantike, dyqanet e vogla dhe objektet e kultit e b\u00ebjn\u00eb at\u00eb nj\u00eb qend\u00ebr t\u00eb ndryshueshme. Kapaciteti i p\u00ebrvitsh\u00ebm i Ulqinit, n\u00eb sektorin privat dhe at\u00eb shtet\u00ebror, arrin deri n\u00eb 30 mij\u00eb shtret\u00ebr.<\/p>\n<p>Ulqini p\u00ebrpiqet me \u201csforco\u201d t\u00eb ruaj\u00eb imazhin e dikursh\u00ebm. Nga viti n\u00eb vit autoritetet vendore thon\u00eb se synojn\u00eb zgjatjen e sezonit veror me diversitet n\u00eb p\u00ebrmbajtje, nga turizmi masovik tek eko-turizmi.<\/p>\n<p>\u201cKemi turist\u00eb m\u00eb shum\u00eb nga Kosova, Shqip\u00ebria dhe Maqedonia. Vitin e kaluar ka pasur edhe turist\u00eb q\u00eb kan\u00eb ardhur nga Bosnja dhe Serbia. Gjithashtu ka patur edhe m\u00eb shum\u00eb rus\u00eb, \u00e7ek\u00eb etj.\u201d, tregon Ali Rexha, Drejtor i Organizat\u00ebs Turistike.<\/p>\n<p>Edhe pse i pazbuluar nga shum\u00eb udh\u00ebtar\u00eb, vizitor\u00ebt e rregullt nuk arrijn\u00eb t\u00eb kuptojn\u00eb shnd\u00ebrrimin e Ulqinit. Mehmet Aloja, piktor i peizazhit, q\u00eb njihet n\u00eb qytet p\u00ebr riprodhimin e natyr\u00ebs n\u00eb m\u00ebnyr\u00eb artistike, fal\u00eb ngacmimit t\u00eb shqisave t\u00eb tij, tregon p\u00ebr transformimin e pjessh\u00ebm t\u00eb Ulqinit nga zhvillimet e pakontrolluara urbane.<\/p>\n<p>\u201cT\u00eb vjen keq q\u00eb nj\u00eb pjes\u00eb e qytetit \u00ebsht\u00eb shkat\u00ebrruar. Organet kompetente duhet t\u00eb b\u00ebnin m\u00eb shum\u00eb p\u00ebr ta ruajtur. \u00cbsht\u00eb ruajtur kalaja e vjet\u00ebr, por zhvillimet urbane kan\u00eb zhdukur krojet\u201d, shprehet Aloja.<\/p>\n<p>Ulqini, qyteti i 26.000 banor\u00ebve, me p\u00ebrkat\u00ebsi multietnike, n\u00eb ver\u00eb pes\u00ebfishohet. Ulqinak\u00ebt nuk jetojn\u00eb vet\u00ebm n\u00eb saj\u00eb t\u00eb turizmit. Kultura tipike e k\u00ebsaj treve \u00ebsht\u00eb ulliri. N\u00eb shkrimet e ndryshme cil\u00ebsohet \u201cdruri i dashuris\u00eb\u201d. N\u00eb periferi t\u00eb tij gjendet ullishtja m\u00eb e madhe n\u00eb vend, me drur\u00eb qindravje\u00e7ar\u00eb. Kurora e tij me 80 mij\u00eb rr\u00ebnj\u00eb i ndihmon ulqinak\u00ebt n\u00eb t\u00eb ardhurat dyt\u00ebsore.<\/p>\n<p>Qytet i historis\u00eb s\u00eb bujshme, \u00ebsht\u00eb pasuruar pas \u00e7do pushtimi pa humbur origjinalitetin e tij. N\u00eb dallim nga Shkodra, Ulqini e ruan tradit\u00ebn e zakonit dhe k\u00ebng\u00ebs.<\/p>\n<p>Specialitetet e\u00a0 kuzhin\u00ebs s\u00eb Ulqinit jan\u00eb t\u00eb pasura, peshku p\u00ebrgatitet n\u00eb shum\u00eb m\u00ebnyra, prodhimet e detit gjithashtu, njihet \u201cTava e Ulqinit\u201d q\u00eb ngjason shum\u00eb me at\u00eb t\u00eb Durr\u00ebsit, bamjet, ushqimi m\u00eb i vjet\u00ebr i k\u00ebsaj treve, tespixhat, nj\u00eb \u00ebmb\u00eblsir\u00eb e ngjashme me bakllavan\u00eb e Shqip\u00ebris\u00eb dhe \u201cLule Shege\u201d, nj\u00eb tjet\u00ebr specialitet autokton.<\/p>\n<p>Ulqini q\u00eb l\u00ebviz mes legjend\u00ebs dhe s\u00eb sotmes b\u00ebhet gati p\u00ebr sezonin e ri turistik. \u00cbsht\u00eb periudha kur qyteti dhe ulqinak\u00ebt jetojn\u00eb 24 or\u00eb n\u00eb 24. N\u00eb k\u00ebt\u00eb atmosfer\u00eb p\u00ebrgatitjesh, i zoti i sht\u00ebpis\u00eb G\u00ebzim Hajdinaga b\u00ebn ftes\u00ebn e rradh\u00ebs: \u201cThem q\u00eb turist\u00ebt 5 dit\u00eb duhet t\u00eb shkojn\u00eb n\u00eb Shqip\u00ebri dhe 10 dit\u00eb n\u00eb Ulqin.\u201d<\/p>\n<p>Nj\u00eb ver\u00eb tjet\u00ebr rraskapit\u00ebse e pret qytetin e bukur. Nga ky sezon i ri, qytetin e vjet\u00ebr e ndajn\u00eb vet\u00ebm dy dit\u00eb.<\/p>\n<p>&nbsp;<\/p>\n<p><strong>Top Channel<\/strong><\/p>\n<p><strong><!--YouTube Error: bad URL entered--><br \/>\n<\/strong><\/p>\n","protected":false},"excerpt":{"rendered":"<p>Me Ulqinin dashurohesh me shikim t\u00eb par\u00eb, natyra pothuajse e paprekur dhe deti i kthjell\u00ebt i Adratikut, l\u00eb gjurm\u00eb n\u00eb syt\u00eb e gjithsecilit. Hyrja n\u00eb qytet, nga vendasit, quhet e jasht\u00ebzakonshme. Me k\u00ebt\u00eb ndjesi, Riviera, Ulqini i Vjet\u00ebr dhe plazhet e tij, b\u00ebjn\u00eb p\u00ebr vete turist\u00ebt q\u00eb befasohen nga ai n\u00eb dim\u00ebr dhe n\u00eb ver\u00eb. [&hellip;]<\/p>\n","protected":false},"author":1,"featured_media":0,"comment_status":"open","ping_status":"closed","sticky":false,"template":"","format":"standard","meta":{"spay_email":"","jetpack_publicize_message":"","jetpack_is_tweetstorm":false,"jetpack_publicize_feature_enabled":true},"categories":[14,15],"tags":[200,18],"jetpack_publicize_connections":[],"yoast_head":"<!-- This site is optimized with the Yoast SEO plugin v19.1 - https:\/\/yoast.com\/wordpress\/plugins\/seo\/ -->\n<title>Udh\u00ebtim n\u00eb Ulqin nga Top Channel - Video - Lajme nga Ulqini<\/title>\n<meta name=\"description\" content=\"Me Ulqinin dashurohesh me shikim t\u00eb par\u00eb, natyra pothuajse e paprekur dhe deti i kthjell\u00ebt i Adratikut, l\u00eb gjurm\u00eb n\u00eb syt\u00eb e gjithsecilit. Hyrja n\u00eb qytet,\" \/>\n<meta name=\"robots\" content=\"index, follow, max-snippet:-1, max-image-preview:large, max-video-preview:-1\" \/>\n<link rel=\"canonical\" href=\"https:\/\/www.visit-ulcinj.com\/blog\/2011\/04\/30\/udhetim-ne-ulqin-nga-top-channel-video\/\" \/>\n<meta property=\"og:locale\" content=\"en_US\" \/>\n<meta property=\"og:type\" content=\"article\" \/>\n<meta property=\"og:title\" content=\"Udh\u00ebtim n\u00eb Ulqin nga Top Channel - Video - Lajme nga Ulqini\" \/>\n<meta property=\"og:description\" content=\"Me Ulqinin dashurohesh me shikim t\u00eb par\u00eb, natyra pothuajse e paprekur dhe deti i kthjell\u00ebt i Adratikut, l\u00eb gjurm\u00eb n\u00eb syt\u00eb e gjithsecilit. Hyrja n\u00eb qytet,\" \/>\n<meta property=\"og:url\" content=\"https:\/\/www.visit-ulcinj.com\/blog\/2011\/04\/30\/udhetim-ne-ulqin-nga-top-channel-video\/\" \/>\n<meta property=\"og:site_name\" content=\"Lajme nga Ulqini\" \/>\n<meta property=\"article:published_time\" content=\"2011-04-30T20:27:17+00:00\" \/>\n<meta property=\"article:modified_time\" content=\"2011-05-14T13:31:56+00:00\" \/>\n<meta property=\"og:image\" content=\"http:\/\/www.visit-ulcinj.com\/blog\/wp-content\/uploads\/2011\/04\/aparthotel-ulcini-muntenegru-1024x670.jpg\" \/>\n<meta name=\"twitter:label1\" content=\"Written by\" \/>\n\t<meta name=\"twitter:data1\" content=\"ulqini\" \/>\n\t<meta name=\"twitter:label2\" content=\"Est. reading time\" \/>\n\t<meta name=\"twitter:data2\" content=\"4 minutes\" \/>\n<script type=\"application\/ld+json\" class=\"yoast-schema-graph\">{\"@context\":\"https:\/\/schema.org\",\"@graph\":[{\"@type\":\"WebSite\",\"@id\":\"https:\/\/www.visit-ulcinj.com\/blog\/#website\",\"url\":\"https:\/\/www.visit-ulcinj.com\/blog\/\",\"name\":\"Lajme nga Ulqini\",\"description\":\"Lajme,Vijesti,Ulqini,Ulqin,Crna Gora,Mali i Zi\",\"potentialAction\":[{\"@type\":\"SearchAction\",\"target\":{\"@type\":\"EntryPoint\",\"urlTemplate\":\"https:\/\/www.visit-ulcinj.com\/blog\/?s={search_term_string}\"},\"query-input\":\"required name=search_term_string\"}],\"inLanguage\":\"en-US\"},{\"@type\":\"ImageObject\",\"inLanguage\":\"en-US\",\"@id\":\"https:\/\/www.visit-ulcinj.com\/blog\/2011\/04\/30\/udhetim-ne-ulqin-nga-top-channel-video\/#primaryimage\",\"url\":\"https:\/\/www.visit-ulcinj.com\/blog\/wp-content\/uploads\/2011\/04\/aparthotel-ulcini-muntenegru.jpg\",\"contentUrl\":\"https:\/\/www.visit-ulcinj.com\/blog\/wp-content\/uploads\/2011\/04\/aparthotel-ulcini-muntenegru.jpg\",\"width\":\"1260\",\"height\":\"825\"},{\"@type\":\"WebPage\",\"@id\":\"https:\/\/www.visit-ulcinj.com\/blog\/2011\/04\/30\/udhetim-ne-ulqin-nga-top-channel-video\/#webpage\",\"url\":\"https:\/\/www.visit-ulcinj.com\/blog\/2011\/04\/30\/udhetim-ne-ulqin-nga-top-channel-video\/\",\"name\":\"Udh\u00ebtim n\u00eb Ulqin nga Top Channel - Video - Lajme nga Ulqini\",\"isPartOf\":{\"@id\":\"https:\/\/www.visit-ulcinj.com\/blog\/#website\"},\"primaryImageOfPage\":{\"@id\":\"https:\/\/www.visit-ulcinj.com\/blog\/2011\/04\/30\/udhetim-ne-ulqin-nga-top-channel-video\/#primaryimage\"},\"datePublished\":\"2011-04-30T20:27:17+00:00\",\"dateModified\":\"2011-05-14T13:31:56+00:00\",\"author\":{\"@id\":\"https:\/\/www.visit-ulcinj.com\/blog\/#\/schema\/person\/dcab619c614d3038751c63bc2aadc06d\"},\"description\":\"Me Ulqinin dashurohesh me shikim t\u00eb par\u00eb, natyra pothuajse e paprekur dhe deti i kthjell\u00ebt i Adratikut, l\u00eb gjurm\u00eb n\u00eb syt\u00eb e gjithsecilit. Hyrja n\u00eb qytet,\",\"breadcrumb\":{\"@id\":\"https:\/\/www.visit-ulcinj.com\/blog\/2011\/04\/30\/udhetim-ne-ulqin-nga-top-channel-video\/#breadcrumb\"},\"inLanguage\":\"en-US\",\"potentialAction\":[{\"@type\":\"ReadAction\",\"target\":[\"https:\/\/www.visit-ulcinj.com\/blog\/2011\/04\/30\/udhetim-ne-ulqin-nga-top-channel-video\/\"]}]},{\"@type\":\"BreadcrumbList\",\"@id\":\"https:\/\/www.visit-ulcinj.com\/blog\/2011\/04\/30\/udhetim-ne-ulqin-nga-top-channel-video\/#breadcrumb\",\"itemListElement\":[{\"@type\":\"ListItem\",\"position\":1,\"name\":\"Udh\u00ebtim n\u00eb Ulqin nga Top Channel &#8211; Video\"}]},{\"@type\":\"Person\",\"@id\":\"https:\/\/www.visit-ulcinj.com\/blog\/#\/schema\/person\/dcab619c614d3038751c63bc2aadc06d\",\"name\":\"ulqini\",\"sameAs\":[\"http:\/\/www.visit-ulcinj.com\"],\"url\":\"https:\/\/www.visit-ulcinj.com\/blog\/author\/admin\/\"}]}<\/script>\n<!-- \/ Yoast SEO plugin. -->","yoast_head_json":{"title":"Udh\u00ebtim n\u00eb Ulqin nga Top Channel - Video - Lajme nga Ulqini","description":"Me Ulqinin dashurohesh me shikim t\u00eb par\u00eb, natyra pothuajse e paprekur dhe deti i kthjell\u00ebt i Adratikut, l\u00eb gjurm\u00eb n\u00eb syt\u00eb e gjithsecilit. Hyrja n\u00eb qytet,","robots":{"index":"index","follow":"follow","max-snippet":"max-snippet:-1","max-image-preview":"max-image-preview:large","max-video-preview":"max-video-preview:-1"},"canonical":"https:\/\/www.visit-ulcinj.com\/blog\/2011\/04\/30\/udhetim-ne-ulqin-nga-top-channel-video\/","og_locale":"en_US","og_type":"article","og_title":"Udh\u00ebtim n\u00eb Ulqin nga Top Channel - Video - Lajme nga Ulqini","og_description":"Me Ulqinin dashurohesh me shikim t\u00eb par\u00eb, natyra pothuajse e paprekur dhe deti i kthjell\u00ebt i Adratikut, l\u00eb gjurm\u00eb n\u00eb syt\u00eb e gjithsecilit. Hyrja n\u00eb qytet,","og_url":"https:\/\/www.visit-ulcinj.com\/blog\/2011\/04\/30\/udhetim-ne-ulqin-nga-top-channel-video\/","og_site_name":"Lajme nga Ulqini","article_published_time":"2011-04-30T20:27:17+00:00","article_modified_time":"2011-05-14T13:31:56+00:00","og_image":[{"url":"http:\/\/www.visit-ulcinj.com\/blog\/wp-content\/uploads\/2011\/04\/aparthotel-ulcini-muntenegru-1024x670.jpg"}],"twitter_misc":{"Written by":"ulqini","Est. reading time":"4 minutes"},"schema":{"@context":"https:\/\/schema.org","@graph":[{"@type":"WebSite","@id":"https:\/\/www.visit-ulcinj.com\/blog\/#website","url":"https:\/\/www.visit-ulcinj.com\/blog\/","name":"Lajme nga Ulqini","description":"Lajme,Vijesti,Ulqini,Ulqin,Crna Gora,Mali i Zi","potentialAction":[{"@type":"SearchAction","target":{"@type":"EntryPoint","urlTemplate":"https:\/\/www.visit-ulcinj.com\/blog\/?s={search_term_string}"},"query-input":"required name=search_term_string"}],"inLanguage":"en-US"},{"@type":"ImageObject","inLanguage":"en-US","@id":"https:\/\/www.visit-ulcinj.com\/blog\/2011\/04\/30\/udhetim-ne-ulqin-nga-top-channel-video\/#primaryimage","url":"https:\/\/www.visit-ulcinj.com\/blog\/wp-content\/uploads\/2011\/04\/aparthotel-ulcini-muntenegru.jpg","contentUrl":"https:\/\/www.visit-ulcinj.com\/blog\/wp-content\/uploads\/2011\/04\/aparthotel-ulcini-muntenegru.jpg","width":"1260","height":"825"},{"@type":"WebPage","@id":"https:\/\/www.visit-ulcinj.com\/blog\/2011\/04\/30\/udhetim-ne-ulqin-nga-top-channel-video\/#webpage","url":"https:\/\/www.visit-ulcinj.com\/blog\/2011\/04\/30\/udhetim-ne-ulqin-nga-top-channel-video\/","name":"Udh\u00ebtim n\u00eb Ulqin nga Top Channel - Video - Lajme nga Ulqini","isPartOf":{"@id":"https:\/\/www.visit-ulcinj.com\/blog\/#website"},"primaryImageOfPage":{"@id":"https:\/\/www.visit-ulcinj.com\/blog\/2011\/04\/30\/udhetim-ne-ulqin-nga-top-channel-video\/#primaryimage"},"datePublished":"2011-04-30T20:27:17+00:00","dateModified":"2011-05-14T13:31:56+00:00","author":{"@id":"https:\/\/www.visit-ulcinj.com\/blog\/#\/schema\/person\/dcab619c614d3038751c63bc2aadc06d"},"description":"Me Ulqinin dashurohesh me shikim t\u00eb par\u00eb, natyra pothuajse e paprekur dhe deti i kthjell\u00ebt i Adratikut, l\u00eb gjurm\u00eb n\u00eb syt\u00eb e gjithsecilit. Hyrja n\u00eb qytet,","breadcrumb":{"@id":"https:\/\/www.visit-ulcinj.com\/blog\/2011\/04\/30\/udhetim-ne-ulqin-nga-top-channel-video\/#breadcrumb"},"inLanguage":"en-US","potentialAction":[{"@type":"ReadAction","target":["https:\/\/www.visit-ulcinj.com\/blog\/2011\/04\/30\/udhetim-ne-ulqin-nga-top-channel-video\/"]}]},{"@type":"BreadcrumbList","@id":"https:\/\/www.visit-ulcinj.com\/blog\/2011\/04\/30\/udhetim-ne-ulqin-nga-top-channel-video\/#breadcrumb","itemListElement":[{"@type":"ListItem","position":1,"name":"Udh\u00ebtim n\u00eb Ulqin nga Top Channel &#8211; Video"}]},{"@type":"Person","@id":"https:\/\/www.visit-ulcinj.com\/blog\/#\/schema\/person\/dcab619c614d3038751c63bc2aadc06d","name":"ulqini","sameAs":["http:\/\/www.visit-ulcinj.com"],"url":"https:\/\/www.visit-ulcinj.com\/blog\/author\/admin\/"}]}},"jetpack_featured_media_url":"","jetpack_sharing_enabled":true,"jetpack_shortlink":"https:\/\/wp.me\/pe6lTn-bXA","_links":{"self":[{"href":"https:\/\/www.visit-ulcinj.com\/blog\/wp-json\/wp\/v2\/posts\/45978"}],"collection":[{"href":"https:\/\/www.visit-ulcinj.com\/blog\/wp-json\/wp\/v2\/posts"}],"about":[{"href":"https:\/\/www.visit-ulcinj.com\/blog\/wp-json\/wp\/v2\/types\/post"}],"author":[{"embeddable":true,"href":"https:\/\/www.visit-ulcinj.com\/blog\/wp-json\/wp\/v2\/users\/1"}],"replies":[{"embeddable":true,"href":"https:\/\/www.visit-ulcinj.com\/blog\/wp-json\/wp\/v2\/comments?post=45978"}],"version-history":[{"count":0,"href":"https:\/\/www.visit-ulcinj.com\/blog\/wp-json\/wp\/v2\/posts\/45978\/revisions"}],"wp:attachment":[{"href":"https:\/\/www.visit-ulcinj.com\/blog\/wp-json\/wp\/v2\/media?parent=45978"}],"wp:term":[{"taxonomy":"category","embeddable":true,"href":"https:\/\/www.visit-ulcinj.com\/blog\/wp-json\/wp\/v2\/categories?post=45978"},{"taxonomy":"post_tag","embeddable":true,"href":"https:\/\/www.visit-ulcinj.com\/blog\/wp-json\/wp\/v2\/tags?post=45978"}],"curies":[{"name":"wp","href":"https:\/\/api.w.org\/{rel}","templated":true}]}}