{"id":45991,"date":"2011-05-01T07:56:33","date_gmt":"2011-05-01T06:56:33","guid":{"rendered":"http:\/\/www.visit-ulcinj.com\/blog\/?p=45991"},"modified":"2011-05-01T07:57:15","modified_gmt":"2011-05-01T06:57:15","slug":"prishtine-podgorice-gati-per-shkembimin-e-ambasadoreve","status":"publish","type":"post","link":"https:\/\/www.visit-ulcinj.com\/blog\/2011\/05\/01\/prishtine-podgorice-gati-per-shkembimin-e-ambasadoreve\/","title":{"rendered":"Prishtin\u00eb-Podgoric\u00eb, gati p\u00ebr shk\u00ebmbimin e ambasador\u00ebve"},"content":{"rendered":"<p><strong><a href=\"http:\/\/www.visit-ulcinj.com\/blog\/wp-content\/uploads\/2011\/05\/Ferhat-Dinosha_Slobodan-Petrovic1.jpg\"><img loading=\"lazy\" class=\"alignleft size-full wp-image-45992\" title=\"Ferhat Dinosha_Slobodan Petrovic\" src=\"http:\/\/www.visit-ulcinj.com\/blog\/wp-content\/uploads\/2011\/05\/Ferhat-Dinosha_Slobodan-Petrovic1.jpg\" alt=\"\" width=\"508\" height=\"333\" srcset=\"https:\/\/www.visit-ulcinj.com\/blog\/wp-content\/uploads\/2011\/05\/Ferhat-Dinosha_Slobodan-Petrovic1.jpg 508w, https:\/\/www.visit-ulcinj.com\/blog\/wp-content\/uploads\/2011\/05\/Ferhat-Dinosha_Slobodan-Petrovic1-300x196.jpg 300w\" sizes=\"(max-width: 508px) 100vw, 508px\" \/><\/a>Z\u00ebvend\u00ebskryeministri i Kosov\u00ebs, nj\u00ebher\u00ebsh minist\u00ebr i MAPL-s\u00eb, Slobodan Petrovic, ka q\u00ebndruar p\u00ebr nj\u00eb vizit\u00eb zyrtare n\u00eb Malin e Zi. Bashk\u00ebpunimi mes Kosov\u00ebs dhe Malit t\u00eb Zi dhe shk\u00ebmbimi i informatave p\u00ebr \u00e7\u00ebshtjet q\u00eb lidhin fushat me interes p\u00ebr dy vendet u diskutuan mes ministrit Petrovic dhe ministrave t\u00eb Malit t\u00eb Zi, atij p\u00ebr t\u00eb Drejtat e Pakicave, Ferhat Dinosha, si dhe ministrit t\u00eb Pun\u00ebve t\u00eb Brendshme, Ivan Brajoviq.<\/strong><\/p>\n<p>Vizita e Petrovic-it realizohet vet\u00ebm pak dit\u00eb pasi q\u00eb Qeveria e Kosov\u00ebs ka b\u00ebr\u00eb t\u00eb qart\u00eb vendimin e saj p\u00ebr t\u00eb pranuar komunitetin pakic\u00eb malazez dhe at\u00eb kroat n\u00eb Kosov\u00eb, q\u00eb pritet t\u00eb p\u00ebrfshihet n\u00eb kuad\u00ebr t\u00eb procesit p\u00ebr ndryshimet kushtetuese, p\u00ebr t\u00eb cilat tashm\u00eb ekziston akordim i plot\u00eb.<\/p>\n<p>Ky vendim \u00ebsht\u00eb vler\u00ebsuar lart\u00eb n\u00eb t\u00eb gjitha takimet q\u00eb ministri kosovar ka zhvilluar n\u00eb Podogoric\u00eb. Me k\u00ebt\u00eb rast \u00ebsht\u00eb n\u00ebnvizuar gatishm\u00ebria e Malit t\u00eb Zi q\u00eb, n\u00eb nj\u00eb periudh\u00eb optimale, t\u00eb realizohet edhe shk\u00ebmbimi i ambasador\u00ebve midis dy vendeve, njofton Ministria e Administrimit dhe Pushtetit Lokal (MAPL).<\/p>\n<p>Nd\u00ebr temat e diskutimit kan\u00eb qen\u00eb edhe refugjat\u00ebt kosovar\u00eb, t\u00eb cil\u00ebt p\u00ebrkoh\u00ebsisht jetojn\u00eb n\u00eb Mal t\u00eb Zi. N\u00eb takime u diskutua edhe mund\u00ebsia e sensibilizimit t\u00eb m\u00ebtutjesh\u00ebm t\u00eb procesit t\u00eb binjak\u00ebzimit midis komunave t\u00eb dy vendeve.<\/p>\n<p><strong>Telegrafi<\/strong><\/p>\n","protected":false},"excerpt":{"rendered":"<p>Z\u00ebvend\u00ebskryeministri i Kosov\u00ebs, nj\u00ebher\u00ebsh minist\u00ebr i MAPL-s\u00eb, Slobodan Petrovic, ka q\u00ebndruar p\u00ebr nj\u00eb vizit\u00eb zyrtare n\u00eb Malin e Zi. Bashk\u00ebpunimi mes Kosov\u00ebs dhe Malit t\u00eb Zi dhe shk\u00ebmbimi i informatave p\u00ebr \u00e7\u00ebshtjet q\u00eb lidhin fushat me interes p\u00ebr dy vendet u diskutuan mes ministrit Petrovic dhe ministrave t\u00eb Malit t\u00eb Zi, atij p\u00ebr t\u00eb Drejtat [&hellip;]<\/p>\n","protected":false},"author":1,"featured_media":0,"comment_status":"open","ping_status":"closed","sticky":false,"template":"","format":"standard","meta":{"spay_email":"","jetpack_publicize_message":"","jetpack_is_tweetstorm":false,"jetpack_publicize_feature_enabled":true},"categories":[12],"tags":[97,18130],"jetpack_publicize_connections":[],"yoast_head":"<!-- This site is optimized with the Yoast SEO plugin v19.1 - https:\/\/yoast.com\/wordpress\/plugins\/seo\/ -->\n<title>Prishtin\u00eb-Podgoric\u00eb, gati p\u00ebr shk\u00ebmbimin e ambasador\u00ebve - Lajme nga Ulqini<\/title>\n<meta name=\"description\" content=\"Z\u00ebvend\u00ebskryeministri i Kosov\u00ebs, nj\u00ebher\u00ebsh minist\u00ebr i MAPL-s\u00eb, Slobodan Petrovic, ka q\u00ebndruar p\u00ebr nj\u00eb vizit\u00eb zyrtare n\u00eb Malin e Zi. Bashk\u00ebpunimi mes\" \/>\n<meta name=\"robots\" content=\"index, follow, max-snippet:-1, max-image-preview:large, max-video-preview:-1\" \/>\n<link rel=\"canonical\" href=\"https:\/\/www.visit-ulcinj.com\/blog\/2011\/05\/01\/prishtine-podgorice-gati-per-shkembimin-e-ambasadoreve\/\" \/>\n<meta property=\"og:locale\" content=\"en_US\" \/>\n<meta property=\"og:type\" content=\"article\" \/>\n<meta property=\"og:title\" content=\"Prishtin\u00eb-Podgoric\u00eb, gati p\u00ebr shk\u00ebmbimin e ambasador\u00ebve - Lajme nga Ulqini\" \/>\n<meta property=\"og:description\" content=\"Z\u00ebvend\u00ebskryeministri i Kosov\u00ebs, nj\u00ebher\u00ebsh minist\u00ebr i MAPL-s\u00eb, Slobodan Petrovic, ka q\u00ebndruar p\u00ebr nj\u00eb vizit\u00eb zyrtare n\u00eb Malin e Zi. Bashk\u00ebpunimi mes\" \/>\n<meta property=\"og:url\" content=\"https:\/\/www.visit-ulcinj.com\/blog\/2011\/05\/01\/prishtine-podgorice-gati-per-shkembimin-e-ambasadoreve\/\" \/>\n<meta property=\"og:site_name\" content=\"Lajme nga Ulqini\" \/>\n<meta property=\"article:published_time\" content=\"2011-05-01T06:56:33+00:00\" \/>\n<meta property=\"article:modified_time\" content=\"2011-05-01T06:57:15+00:00\" \/>\n<meta property=\"og:image\" content=\"http:\/\/www.visit-ulcinj.com\/blog\/wp-content\/uploads\/2011\/05\/Ferhat-Dinosha_Slobodan-Petrovic1.jpg\" \/>\n<meta name=\"twitter:label1\" content=\"Written by\" \/>\n\t<meta name=\"twitter:data1\" content=\"ulqini\" \/>\n\t<meta name=\"twitter:label2\" content=\"Est. reading time\" \/>\n\t<meta name=\"twitter:data2\" content=\"1 minute\" \/>\n<script type=\"application\/ld+json\" class=\"yoast-schema-graph\">{\"@context\":\"https:\/\/schema.org\",\"@graph\":[{\"@type\":\"WebSite\",\"@id\":\"https:\/\/www.visit-ulcinj.com\/blog\/#website\",\"url\":\"https:\/\/www.visit-ulcinj.com\/blog\/\",\"name\":\"Lajme nga Ulqini\",\"description\":\"Lajme,Vijesti,Ulqini,Ulqin,Crna Gora,Mali i Zi\",\"potentialAction\":[{\"@type\":\"SearchAction\",\"target\":{\"@type\":\"EntryPoint\",\"urlTemplate\":\"https:\/\/www.visit-ulcinj.com\/blog\/?s={search_term_string}\"},\"query-input\":\"required name=search_term_string\"}],\"inLanguage\":\"en-US\"},{\"@type\":\"ImageObject\",\"inLanguage\":\"en-US\",\"@id\":\"https:\/\/www.visit-ulcinj.com\/blog\/2011\/05\/01\/prishtine-podgorice-gati-per-shkembimin-e-ambasadoreve\/#primaryimage\",\"url\":\"https:\/\/www.visit-ulcinj.com\/blog\/wp-content\/uploads\/2011\/05\/Ferhat-Dinosha_Slobodan-Petrovic1.jpg\",\"contentUrl\":\"https:\/\/www.visit-ulcinj.com\/blog\/wp-content\/uploads\/2011\/05\/Ferhat-Dinosha_Slobodan-Petrovic1.jpg\",\"width\":\"508\",\"height\":\"333\"},{\"@type\":\"WebPage\",\"@id\":\"https:\/\/www.visit-ulcinj.com\/blog\/2011\/05\/01\/prishtine-podgorice-gati-per-shkembimin-e-ambasadoreve\/#webpage\",\"url\":\"https:\/\/www.visit-ulcinj.com\/blog\/2011\/05\/01\/prishtine-podgorice-gati-per-shkembimin-e-ambasadoreve\/\",\"name\":\"Prishtin\u00eb-Podgoric\u00eb, gati p\u00ebr shk\u00ebmbimin e ambasador\u00ebve - Lajme nga Ulqini\",\"isPartOf\":{\"@id\":\"https:\/\/www.visit-ulcinj.com\/blog\/#website\"},\"primaryImageOfPage\":{\"@id\":\"https:\/\/www.visit-ulcinj.com\/blog\/2011\/05\/01\/prishtine-podgorice-gati-per-shkembimin-e-ambasadoreve\/#primaryimage\"},\"datePublished\":\"2011-05-01T06:56:33+00:00\",\"dateModified\":\"2011-05-01T06:57:15+00:00\",\"author\":{\"@id\":\"https:\/\/www.visit-ulcinj.com\/blog\/#\/schema\/person\/dcab619c614d3038751c63bc2aadc06d\"},\"description\":\"Z\u00ebvend\u00ebskryeministri i Kosov\u00ebs, nj\u00ebher\u00ebsh minist\u00ebr i MAPL-s\u00eb, Slobodan Petrovic, ka q\u00ebndruar p\u00ebr nj\u00eb vizit\u00eb zyrtare n\u00eb Malin e Zi. Bashk\u00ebpunimi mes\",\"breadcrumb\":{\"@id\":\"https:\/\/www.visit-ulcinj.com\/blog\/2011\/05\/01\/prishtine-podgorice-gati-per-shkembimin-e-ambasadoreve\/#breadcrumb\"},\"inLanguage\":\"en-US\",\"potentialAction\":[{\"@type\":\"ReadAction\",\"target\":[\"https:\/\/www.visit-ulcinj.com\/blog\/2011\/05\/01\/prishtine-podgorice-gati-per-shkembimin-e-ambasadoreve\/\"]}]},{\"@type\":\"BreadcrumbList\",\"@id\":\"https:\/\/www.visit-ulcinj.com\/blog\/2011\/05\/01\/prishtine-podgorice-gati-per-shkembimin-e-ambasadoreve\/#breadcrumb\",\"itemListElement\":[{\"@type\":\"ListItem\",\"position\":1,\"name\":\"Prishtin\u00eb-Podgoric\u00eb, gati p\u00ebr shk\u00ebmbimin e ambasador\u00ebve\"}]},{\"@type\":\"Person\",\"@id\":\"https:\/\/www.visit-ulcinj.com\/blog\/#\/schema\/person\/dcab619c614d3038751c63bc2aadc06d\",\"name\":\"ulqini\",\"sameAs\":[\"http:\/\/www.visit-ulcinj.com\"],\"url\":\"https:\/\/www.visit-ulcinj.com\/blog\/author\/admin\/\"}]}<\/script>\n<!-- \/ Yoast SEO plugin. -->","yoast_head_json":{"title":"Prishtin\u00eb-Podgoric\u00eb, gati p\u00ebr shk\u00ebmbimin e ambasador\u00ebve - Lajme nga Ulqini","description":"Z\u00ebvend\u00ebskryeministri i Kosov\u00ebs, nj\u00ebher\u00ebsh minist\u00ebr i MAPL-s\u00eb, Slobodan Petrovic, ka q\u00ebndruar p\u00ebr nj\u00eb vizit\u00eb zyrtare n\u00eb Malin e Zi. Bashk\u00ebpunimi mes","robots":{"index":"index","follow":"follow","max-snippet":"max-snippet:-1","max-image-preview":"max-image-preview:large","max-video-preview":"max-video-preview:-1"},"canonical":"https:\/\/www.visit-ulcinj.com\/blog\/2011\/05\/01\/prishtine-podgorice-gati-per-shkembimin-e-ambasadoreve\/","og_locale":"en_US","og_type":"article","og_title":"Prishtin\u00eb-Podgoric\u00eb, gati p\u00ebr shk\u00ebmbimin e ambasador\u00ebve - Lajme nga Ulqini","og_description":"Z\u00ebvend\u00ebskryeministri i Kosov\u00ebs, nj\u00ebher\u00ebsh minist\u00ebr i MAPL-s\u00eb, Slobodan Petrovic, ka q\u00ebndruar p\u00ebr nj\u00eb vizit\u00eb zyrtare n\u00eb Malin e Zi. Bashk\u00ebpunimi mes","og_url":"https:\/\/www.visit-ulcinj.com\/blog\/2011\/05\/01\/prishtine-podgorice-gati-per-shkembimin-e-ambasadoreve\/","og_site_name":"Lajme nga Ulqini","article_published_time":"2011-05-01T06:56:33+00:00","article_modified_time":"2011-05-01T06:57:15+00:00","og_image":[{"url":"http:\/\/www.visit-ulcinj.com\/blog\/wp-content\/uploads\/2011\/05\/Ferhat-Dinosha_Slobodan-Petrovic1.jpg"}],"twitter_misc":{"Written by":"ulqini","Est. reading time":"1 minute"},"schema":{"@context":"https:\/\/schema.org","@graph":[{"@type":"WebSite","@id":"https:\/\/www.visit-ulcinj.com\/blog\/#website","url":"https:\/\/www.visit-ulcinj.com\/blog\/","name":"Lajme nga Ulqini","description":"Lajme,Vijesti,Ulqini,Ulqin,Crna Gora,Mali i Zi","potentialAction":[{"@type":"SearchAction","target":{"@type":"EntryPoint","urlTemplate":"https:\/\/www.visit-ulcinj.com\/blog\/?s={search_term_string}"},"query-input":"required name=search_term_string"}],"inLanguage":"en-US"},{"@type":"ImageObject","inLanguage":"en-US","@id":"https:\/\/www.visit-ulcinj.com\/blog\/2011\/05\/01\/prishtine-podgorice-gati-per-shkembimin-e-ambasadoreve\/#primaryimage","url":"https:\/\/www.visit-ulcinj.com\/blog\/wp-content\/uploads\/2011\/05\/Ferhat-Dinosha_Slobodan-Petrovic1.jpg","contentUrl":"https:\/\/www.visit-ulcinj.com\/blog\/wp-content\/uploads\/2011\/05\/Ferhat-Dinosha_Slobodan-Petrovic1.jpg","width":"508","height":"333"},{"@type":"WebPage","@id":"https:\/\/www.visit-ulcinj.com\/blog\/2011\/05\/01\/prishtine-podgorice-gati-per-shkembimin-e-ambasadoreve\/#webpage","url":"https:\/\/www.visit-ulcinj.com\/blog\/2011\/05\/01\/prishtine-podgorice-gati-per-shkembimin-e-ambasadoreve\/","name":"Prishtin\u00eb-Podgoric\u00eb, gati p\u00ebr shk\u00ebmbimin e ambasador\u00ebve - Lajme nga Ulqini","isPartOf":{"@id":"https:\/\/www.visit-ulcinj.com\/blog\/#website"},"primaryImageOfPage":{"@id":"https:\/\/www.visit-ulcinj.com\/blog\/2011\/05\/01\/prishtine-podgorice-gati-per-shkembimin-e-ambasadoreve\/#primaryimage"},"datePublished":"2011-05-01T06:56:33+00:00","dateModified":"2011-05-01T06:57:15+00:00","author":{"@id":"https:\/\/www.visit-ulcinj.com\/blog\/#\/schema\/person\/dcab619c614d3038751c63bc2aadc06d"},"description":"Z\u00ebvend\u00ebskryeministri i Kosov\u00ebs, nj\u00ebher\u00ebsh minist\u00ebr i MAPL-s\u00eb, Slobodan Petrovic, ka q\u00ebndruar p\u00ebr nj\u00eb vizit\u00eb zyrtare n\u00eb Malin e Zi. Bashk\u00ebpunimi mes","breadcrumb":{"@id":"https:\/\/www.visit-ulcinj.com\/blog\/2011\/05\/01\/prishtine-podgorice-gati-per-shkembimin-e-ambasadoreve\/#breadcrumb"},"inLanguage":"en-US","potentialAction":[{"@type":"ReadAction","target":["https:\/\/www.visit-ulcinj.com\/blog\/2011\/05\/01\/prishtine-podgorice-gati-per-shkembimin-e-ambasadoreve\/"]}]},{"@type":"BreadcrumbList","@id":"https:\/\/www.visit-ulcinj.com\/blog\/2011\/05\/01\/prishtine-podgorice-gati-per-shkembimin-e-ambasadoreve\/#breadcrumb","itemListElement":[{"@type":"ListItem","position":1,"name":"Prishtin\u00eb-Podgoric\u00eb, gati p\u00ebr shk\u00ebmbimin e ambasador\u00ebve"}]},{"@type":"Person","@id":"https:\/\/www.visit-ulcinj.com\/blog\/#\/schema\/person\/dcab619c614d3038751c63bc2aadc06d","name":"ulqini","sameAs":["http:\/\/www.visit-ulcinj.com"],"url":"https:\/\/www.visit-ulcinj.com\/blog\/author\/admin\/"}]}},"jetpack_featured_media_url":"","jetpack_sharing_enabled":true,"jetpack_shortlink":"https:\/\/wp.me\/pe6lTn-bXN","_links":{"self":[{"href":"https:\/\/www.visit-ulcinj.com\/blog\/wp-json\/wp\/v2\/posts\/45991"}],"collection":[{"href":"https:\/\/www.visit-ulcinj.com\/blog\/wp-json\/wp\/v2\/posts"}],"about":[{"href":"https:\/\/www.visit-ulcinj.com\/blog\/wp-json\/wp\/v2\/types\/post"}],"author":[{"embeddable":true,"href":"https:\/\/www.visit-ulcinj.com\/blog\/wp-json\/wp\/v2\/users\/1"}],"replies":[{"embeddable":true,"href":"https:\/\/www.visit-ulcinj.com\/blog\/wp-json\/wp\/v2\/comments?post=45991"}],"version-history":[{"count":0,"href":"https:\/\/www.visit-ulcinj.com\/blog\/wp-json\/wp\/v2\/posts\/45991\/revisions"}],"wp:attachment":[{"href":"https:\/\/www.visit-ulcinj.com\/blog\/wp-json\/wp\/v2\/media?parent=45991"}],"wp:term":[{"taxonomy":"category","embeddable":true,"href":"https:\/\/www.visit-ulcinj.com\/blog\/wp-json\/wp\/v2\/categories?post=45991"},{"taxonomy":"post_tag","embeddable":true,"href":"https:\/\/www.visit-ulcinj.com\/blog\/wp-json\/wp\/v2\/tags?post=45991"}],"curies":[{"name":"wp","href":"https:\/\/api.w.org\/{rel}","templated":true}]}}