{"id":45996,"date":"2011-05-01T08:18:03","date_gmt":"2011-05-01T07:18:03","guid":{"rendered":"http:\/\/www.visit-ulcinj.com\/blog\/?p=45996"},"modified":"2011-05-01T08:18:21","modified_gmt":"2011-05-01T07:18:21","slug":"crnogorci-kosova-dobice-status-manjine","status":"publish","type":"post","link":"https:\/\/www.visit-ulcinj.com\/blog\/2011\/05\/01\/crnogorci-kosova-dobice-status-manjine\/","title":{"rendered":"Crnogorci Kosova dobi\u0107e status manjine"},"content":{"rendered":"<p><a href=\"http:\/\/www.visit-ulcinj.com\/blog\/wp-content\/uploads\/2011\/05\/Ivan-Brajovic_Slobodan-Petkovic.jpg\"><img loading=\"lazy\" class=\"alignleft size-full wp-image-45997\" title=\"Ivan Brajovic_Slobodan Petkovic\" src=\"http:\/\/www.visit-ulcinj.com\/blog\/wp-content\/uploads\/2011\/05\/Ivan-Brajovic_Slobodan-Petkovic.jpg\" alt=\"\" width=\"490\" height=\"313\" srcset=\"https:\/\/www.visit-ulcinj.com\/blog\/wp-content\/uploads\/2011\/05\/Ivan-Brajovic_Slobodan-Petkovic.jpg 490w, https:\/\/www.visit-ulcinj.com\/blog\/wp-content\/uploads\/2011\/05\/Ivan-Brajovic_Slobodan-Petkovic-300x191.jpg 300w\" sizes=\"(max-width: 490px) 100vw, 490px\" \/><\/a>Potpredsjednik Vlade Kosova i ministar za lokalnu samoupravu Slobodan Petrovi\u0107 potvrdio je ju\u010de u Podgorici da \u0107e crnogorska nacionalna zajednica na Kosovu, izmjenama Ustava Kosova, dobiti status manjine i da \u0107e tako biti uklju\u010dena u kosovske dr\u017eavne institucije. Petrovi\u0107 je u Podgorici razgovarao sa crnogorskim ministrima unutra\u0161njih poslova i javne uprave, Ivanom Brajovi\u0107em i za ljudska i manjinska prava, Ferhatom Dino\u0161om.<\/p>\n<p>Kako je saop\u0161teno, Brajovi\u0107 je izrazio o\u010dekivanje da \u0107e Vlada Republike Kosovo, u narednom periodu, intenzivirati aktivnosti na olak\u0161avanju pristupa dokumentima interno raseljenim licima sa Kosova, koja su neophodna za sticanje statusa stranca sa stalnim nastanjenjem u Crnoj Gori, kao i u stvaranju uslova za ve\u0107i povratak tih lica koja \u017eele da se vrate na Kosovo.<\/p>\n<p>Sagovornici su se slo\u017eili da su zajedni\u010dki prioriteti obje Vlade ure\u0111ivanje grani\u010dnih prelaza i nastavak aktivnosti na potpisivanju sporazuma o readmisiji lica koja su bez dozvole boravka.<\/p>\n<p>Zajedni\u010dki je konstatovano da je ova godina veoma va\u017ena za dinamiku evropskih integracija u regionu, u skladu sa ostvarenim dostignu\u0107ima svake zemlje pojedina\u010dno.<\/p>\n<p>Udruzenje Crnogoraca Kosova, tako\u0161e ju\u010de, saop\u0161tilo je da je u proceduru Skup\u0161tine Kosova u\u0161ao Nacrt Zakona o izmjenama i dopunama Zakona o za\u0161titi i promovisanju prava manjinskih nacionalnih zajednica na Kosovu. Te zakonske izmjene, kako je saop\u0161teno, rije\u0161i\u0107e i status crnogorske nacionalne zajednice na Kosovu.<\/p>\n<p>&nbsp;<\/p>\n<p><strong>RTCG<\/strong><\/p>\n","protected":false},"excerpt":{"rendered":"<p>Potpredsjednik Vlade Kosova i ministar za lokalnu samoupravu Slobodan Petrovi\u0107 potvrdio je ju\u010de u Podgorici da \u0107e crnogorska nacionalna zajednica na Kosovu, izmjenama Ustava Kosova, dobiti status manjine i da \u0107e tako biti uklju\u010dena u kosovske dr\u017eavne institucije. Petrovi\u0107 je u Podgorici razgovarao sa crnogorskim ministrima unutra\u0161njih poslova i javne uprave, Ivanom Brajovi\u0107em i za [&hellip;]<\/p>\n","protected":false},"author":1,"featured_media":0,"comment_status":"open","ping_status":"closed","sticky":false,"template":"","format":"standard","meta":{"spay_email":"","jetpack_publicize_message":"","jetpack_is_tweetstorm":false,"jetpack_publicize_feature_enabled":true},"categories":[8337],"tags":[20,788],"jetpack_publicize_connections":[],"yoast_head":"<!-- This site is optimized with the Yoast SEO plugin v19.1 - https:\/\/yoast.com\/wordpress\/plugins\/seo\/ -->\n<title>Crnogorci Kosova dobi\u0107e status manjine - Lajme nga Ulqini<\/title>\n<meta name=\"description\" content=\"Potpredsjednik Vlade Kosova i ministar za lokalnu samoupravu Slobodan Petrovi\u0107 potvrdio je ju\u010de u Podgorici da \u0107e crnogorska nacionalna zajednica na\" \/>\n<meta name=\"robots\" content=\"index, follow, max-snippet:-1, max-image-preview:large, max-video-preview:-1\" \/>\n<link rel=\"canonical\" href=\"https:\/\/www.visit-ulcinj.com\/blog\/2011\/05\/01\/crnogorci-kosova-dobice-status-manjine\/\" \/>\n<meta property=\"og:locale\" content=\"en_US\" \/>\n<meta property=\"og:type\" content=\"article\" \/>\n<meta property=\"og:title\" content=\"Crnogorci Kosova dobi\u0107e status manjine - Lajme nga Ulqini\" \/>\n<meta property=\"og:description\" content=\"Potpredsjednik Vlade Kosova i ministar za lokalnu samoupravu Slobodan Petrovi\u0107 potvrdio je ju\u010de u Podgorici da \u0107e crnogorska nacionalna zajednica na\" \/>\n<meta property=\"og:url\" content=\"https:\/\/www.visit-ulcinj.com\/blog\/2011\/05\/01\/crnogorci-kosova-dobice-status-manjine\/\" \/>\n<meta property=\"og:site_name\" content=\"Lajme nga Ulqini\" \/>\n<meta property=\"article:published_time\" content=\"2011-05-01T07:18:03+00:00\" \/>\n<meta property=\"article:modified_time\" content=\"2011-05-01T07:18:21+00:00\" \/>\n<meta property=\"og:image\" content=\"http:\/\/www.visit-ulcinj.com\/blog\/wp-content\/uploads\/2011\/05\/Ivan-Brajovic_Slobodan-Petkovic.jpg\" \/>\n<meta name=\"twitter:label1\" content=\"Written by\" \/>\n\t<meta name=\"twitter:data1\" content=\"ulqini\" \/>\n\t<meta name=\"twitter:label2\" content=\"Est. reading time\" \/>\n\t<meta name=\"twitter:data2\" content=\"1 minute\" \/>\n<script type=\"application\/ld+json\" class=\"yoast-schema-graph\">{\"@context\":\"https:\/\/schema.org\",\"@graph\":[{\"@type\":\"WebSite\",\"@id\":\"https:\/\/www.visit-ulcinj.com\/blog\/#website\",\"url\":\"https:\/\/www.visit-ulcinj.com\/blog\/\",\"name\":\"Lajme nga Ulqini\",\"description\":\"Lajme,Vijesti,Ulqini,Ulqin,Crna Gora,Mali i Zi\",\"potentialAction\":[{\"@type\":\"SearchAction\",\"target\":{\"@type\":\"EntryPoint\",\"urlTemplate\":\"https:\/\/www.visit-ulcinj.com\/blog\/?s={search_term_string}\"},\"query-input\":\"required name=search_term_string\"}],\"inLanguage\":\"en-US\"},{\"@type\":\"ImageObject\",\"inLanguage\":\"en-US\",\"@id\":\"https:\/\/www.visit-ulcinj.com\/blog\/2011\/05\/01\/crnogorci-kosova-dobice-status-manjine\/#primaryimage\",\"url\":\"https:\/\/www.visit-ulcinj.com\/blog\/wp-content\/uploads\/2011\/05\/Ivan-Brajovic_Slobodan-Petkovic.jpg\",\"contentUrl\":\"https:\/\/www.visit-ulcinj.com\/blog\/wp-content\/uploads\/2011\/05\/Ivan-Brajovic_Slobodan-Petkovic.jpg\",\"width\":\"490\",\"height\":\"313\"},{\"@type\":\"WebPage\",\"@id\":\"https:\/\/www.visit-ulcinj.com\/blog\/2011\/05\/01\/crnogorci-kosova-dobice-status-manjine\/#webpage\",\"url\":\"https:\/\/www.visit-ulcinj.com\/blog\/2011\/05\/01\/crnogorci-kosova-dobice-status-manjine\/\",\"name\":\"Crnogorci Kosova dobi\u0107e status manjine - Lajme nga Ulqini\",\"isPartOf\":{\"@id\":\"https:\/\/www.visit-ulcinj.com\/blog\/#website\"},\"primaryImageOfPage\":{\"@id\":\"https:\/\/www.visit-ulcinj.com\/blog\/2011\/05\/01\/crnogorci-kosova-dobice-status-manjine\/#primaryimage\"},\"datePublished\":\"2011-05-01T07:18:03+00:00\",\"dateModified\":\"2011-05-01T07:18:21+00:00\",\"author\":{\"@id\":\"https:\/\/www.visit-ulcinj.com\/blog\/#\/schema\/person\/dcab619c614d3038751c63bc2aadc06d\"},\"description\":\"Potpredsjednik Vlade Kosova i ministar za lokalnu samoupravu Slobodan Petrovi\u0107 potvrdio je ju\u010de u Podgorici da \u0107e crnogorska nacionalna zajednica na\",\"breadcrumb\":{\"@id\":\"https:\/\/www.visit-ulcinj.com\/blog\/2011\/05\/01\/crnogorci-kosova-dobice-status-manjine\/#breadcrumb\"},\"inLanguage\":\"en-US\",\"potentialAction\":[{\"@type\":\"ReadAction\",\"target\":[\"https:\/\/www.visit-ulcinj.com\/blog\/2011\/05\/01\/crnogorci-kosova-dobice-status-manjine\/\"]}]},{\"@type\":\"BreadcrumbList\",\"@id\":\"https:\/\/www.visit-ulcinj.com\/blog\/2011\/05\/01\/crnogorci-kosova-dobice-status-manjine\/#breadcrumb\",\"itemListElement\":[{\"@type\":\"ListItem\",\"position\":1,\"name\":\"Crnogorci Kosova dobi\u0107e status manjine\"}]},{\"@type\":\"Person\",\"@id\":\"https:\/\/www.visit-ulcinj.com\/blog\/#\/schema\/person\/dcab619c614d3038751c63bc2aadc06d\",\"name\":\"ulqini\",\"sameAs\":[\"http:\/\/www.visit-ulcinj.com\"],\"url\":\"https:\/\/www.visit-ulcinj.com\/blog\/author\/admin\/\"}]}<\/script>\n<!-- \/ Yoast SEO plugin. -->","yoast_head_json":{"title":"Crnogorci Kosova dobi\u0107e status manjine - Lajme nga Ulqini","description":"Potpredsjednik Vlade Kosova i ministar za lokalnu samoupravu Slobodan Petrovi\u0107 potvrdio je ju\u010de u Podgorici da \u0107e crnogorska nacionalna zajednica na","robots":{"index":"index","follow":"follow","max-snippet":"max-snippet:-1","max-image-preview":"max-image-preview:large","max-video-preview":"max-video-preview:-1"},"canonical":"https:\/\/www.visit-ulcinj.com\/blog\/2011\/05\/01\/crnogorci-kosova-dobice-status-manjine\/","og_locale":"en_US","og_type":"article","og_title":"Crnogorci Kosova dobi\u0107e status manjine - Lajme nga Ulqini","og_description":"Potpredsjednik Vlade Kosova i ministar za lokalnu samoupravu Slobodan Petrovi\u0107 potvrdio je ju\u010de u Podgorici da \u0107e crnogorska nacionalna zajednica na","og_url":"https:\/\/www.visit-ulcinj.com\/blog\/2011\/05\/01\/crnogorci-kosova-dobice-status-manjine\/","og_site_name":"Lajme nga Ulqini","article_published_time":"2011-05-01T07:18:03+00:00","article_modified_time":"2011-05-01T07:18:21+00:00","og_image":[{"url":"http:\/\/www.visit-ulcinj.com\/blog\/wp-content\/uploads\/2011\/05\/Ivan-Brajovic_Slobodan-Petkovic.jpg"}],"twitter_misc":{"Written by":"ulqini","Est. reading time":"1 minute"},"schema":{"@context":"https:\/\/schema.org","@graph":[{"@type":"WebSite","@id":"https:\/\/www.visit-ulcinj.com\/blog\/#website","url":"https:\/\/www.visit-ulcinj.com\/blog\/","name":"Lajme nga Ulqini","description":"Lajme,Vijesti,Ulqini,Ulqin,Crna Gora,Mali i Zi","potentialAction":[{"@type":"SearchAction","target":{"@type":"EntryPoint","urlTemplate":"https:\/\/www.visit-ulcinj.com\/blog\/?s={search_term_string}"},"query-input":"required name=search_term_string"}],"inLanguage":"en-US"},{"@type":"ImageObject","inLanguage":"en-US","@id":"https:\/\/www.visit-ulcinj.com\/blog\/2011\/05\/01\/crnogorci-kosova-dobice-status-manjine\/#primaryimage","url":"https:\/\/www.visit-ulcinj.com\/blog\/wp-content\/uploads\/2011\/05\/Ivan-Brajovic_Slobodan-Petkovic.jpg","contentUrl":"https:\/\/www.visit-ulcinj.com\/blog\/wp-content\/uploads\/2011\/05\/Ivan-Brajovic_Slobodan-Petkovic.jpg","width":"490","height":"313"},{"@type":"WebPage","@id":"https:\/\/www.visit-ulcinj.com\/blog\/2011\/05\/01\/crnogorci-kosova-dobice-status-manjine\/#webpage","url":"https:\/\/www.visit-ulcinj.com\/blog\/2011\/05\/01\/crnogorci-kosova-dobice-status-manjine\/","name":"Crnogorci Kosova dobi\u0107e status manjine - Lajme nga Ulqini","isPartOf":{"@id":"https:\/\/www.visit-ulcinj.com\/blog\/#website"},"primaryImageOfPage":{"@id":"https:\/\/www.visit-ulcinj.com\/blog\/2011\/05\/01\/crnogorci-kosova-dobice-status-manjine\/#primaryimage"},"datePublished":"2011-05-01T07:18:03+00:00","dateModified":"2011-05-01T07:18:21+00:00","author":{"@id":"https:\/\/www.visit-ulcinj.com\/blog\/#\/schema\/person\/dcab619c614d3038751c63bc2aadc06d"},"description":"Potpredsjednik Vlade Kosova i ministar za lokalnu samoupravu Slobodan Petrovi\u0107 potvrdio je ju\u010de u Podgorici da \u0107e crnogorska nacionalna zajednica na","breadcrumb":{"@id":"https:\/\/www.visit-ulcinj.com\/blog\/2011\/05\/01\/crnogorci-kosova-dobice-status-manjine\/#breadcrumb"},"inLanguage":"en-US","potentialAction":[{"@type":"ReadAction","target":["https:\/\/www.visit-ulcinj.com\/blog\/2011\/05\/01\/crnogorci-kosova-dobice-status-manjine\/"]}]},{"@type":"BreadcrumbList","@id":"https:\/\/www.visit-ulcinj.com\/blog\/2011\/05\/01\/crnogorci-kosova-dobice-status-manjine\/#breadcrumb","itemListElement":[{"@type":"ListItem","position":1,"name":"Crnogorci Kosova dobi\u0107e status manjine"}]},{"@type":"Person","@id":"https:\/\/www.visit-ulcinj.com\/blog\/#\/schema\/person\/dcab619c614d3038751c63bc2aadc06d","name":"ulqini","sameAs":["http:\/\/www.visit-ulcinj.com"],"url":"https:\/\/www.visit-ulcinj.com\/blog\/author\/admin\/"}]}},"jetpack_featured_media_url":"","jetpack_sharing_enabled":true,"jetpack_shortlink":"https:\/\/wp.me\/pe6lTn-bXS","_links":{"self":[{"href":"https:\/\/www.visit-ulcinj.com\/blog\/wp-json\/wp\/v2\/posts\/45996"}],"collection":[{"href":"https:\/\/www.visit-ulcinj.com\/blog\/wp-json\/wp\/v2\/posts"}],"about":[{"href":"https:\/\/www.visit-ulcinj.com\/blog\/wp-json\/wp\/v2\/types\/post"}],"author":[{"embeddable":true,"href":"https:\/\/www.visit-ulcinj.com\/blog\/wp-json\/wp\/v2\/users\/1"}],"replies":[{"embeddable":true,"href":"https:\/\/www.visit-ulcinj.com\/blog\/wp-json\/wp\/v2\/comments?post=45996"}],"version-history":[{"count":0,"href":"https:\/\/www.visit-ulcinj.com\/blog\/wp-json\/wp\/v2\/posts\/45996\/revisions"}],"wp:attachment":[{"href":"https:\/\/www.visit-ulcinj.com\/blog\/wp-json\/wp\/v2\/media?parent=45996"}],"wp:term":[{"taxonomy":"category","embeddable":true,"href":"https:\/\/www.visit-ulcinj.com\/blog\/wp-json\/wp\/v2\/categories?post=45996"},{"taxonomy":"post_tag","embeddable":true,"href":"https:\/\/www.visit-ulcinj.com\/blog\/wp-json\/wp\/v2\/tags?post=45996"}],"curies":[{"name":"wp","href":"https:\/\/api.w.org\/{rel}","templated":true}]}}