{"id":46000,"date":"2011-05-01T08:28:46","date_gmt":"2011-05-01T07:28:46","guid":{"rendered":"http:\/\/www.visit-ulcinj.com\/blog\/?p=46000"},"modified":"2011-05-01T08:29:04","modified_gmt":"2011-05-01T07:29:04","slug":"makedonci-vole-ulcinj","status":"publish","type":"post","link":"https:\/\/www.visit-ulcinj.com\/blog\/2011\/05\/01\/makedonci-vole-ulcinj\/","title":{"rendered":"Makedonci vole Ulcinj"},"content":{"rendered":"<p><strong><a href=\"http:\/\/www.visit-ulcinj.com\/blog\/wp-content\/uploads\/2011\/03\/Turisticka-organizacija-Ulcinja_.jpg\"><img loading=\"lazy\" class=\"alignleft\" src=\"http:\/\/www.visit-ulcinj.com\/blog\/wp-content\/uploads\/2011\/03\/Turisticka-organizacija-Ulcinja_.jpg\" alt=\"\" width=\"508\" height=\"302\" \/><\/a>Lokalna turisti\u010dka organizacija predstavila ponudu na sajmu turizma u Skoplju<\/strong><br \/>\nVelika pla\u017ea, Mala pla\u017ea, Ada Bojana, Stari grad, aktivni odmor&#8230; glavni su programi koje je Turisti\u010dka organizacija Ulcinja predstavila na Me\u0111unarodnom sajmu turizma \u201eSkoplje Travel Market &#8211; 2011&#8243;. Na manifestaciji u Skoplju, koja se zavr\u0161ava sjutra TO Ulcinja nudi cjelokupnu turisti\u010dku ponudu, koja uklju\u010duje ljetovanje, vikend aran\u017emane, kulturne znamenitosti, prirodu&#8230;<br \/>\nTokom 2010. godine, Ulcinj je posjetio veliki broj turista iz Makedonije. Prema zvani\u010dnim podacima od 100.512 turista, koji su pro\u0161le ljetnje sezone ostvarili 684.412 no\u0107enja, najvi\u0161e posjetilaca bilo je sa Kosova, iz Makedonije i Albanije, \u010dak 71.4 odsto. Na \u0161tandu Nacionalne turisti\u010dke organizacije pored \u0161tanda TOU-a, ponudu su predstavile i turisti\u010dke organizacije Budve, Bara, Kotora, Herceg Novog kao i HG Budvanske rivijere. Ova sajamska manifestacija je na jednom mjestu okupila zna\u010dajan broj subjekata iz podru\u010dja turizma iz Makedonije i inostranstva.<\/p>\n<p><a href=\"http:\/\/www.dan.co.me\/?nivo=3&amp;rubrika=Regioni&amp;clanak=278226&amp;datum=2011-04-29\" target=\"_blank\"><strong>DAN<\/strong><\/a><\/p>\n<!--YouTube Error: bad URL entered-->\n","protected":false},"excerpt":{"rendered":"<p>Lokalna turisti\u010dka organizacija predstavila ponudu na sajmu turizma u Skoplju Velika pla\u017ea, Mala pla\u017ea, Ada Bojana, Stari grad, aktivni odmor&#8230; glavni su programi koje je Turisti\u010dka organizacija Ulcinja predstavila na Me\u0111unarodnom sajmu turizma \u201eSkoplje Travel Market &#8211; 2011&#8243;. Na manifestaciji u Skoplju, koja se zavr\u0161ava sjutra TO Ulcinja nudi cjelokupnu turisti\u010dku ponudu, koja uklju\u010duje ljetovanje, [&hellip;]<\/p>\n","protected":false},"author":1,"featured_media":0,"comment_status":"open","ping_status":"closed","sticky":false,"template":"","format":"standard","meta":{"spay_email":"","jetpack_publicize_message":"","jetpack_is_tweetstorm":false,"jetpack_publicize_feature_enabled":true},"categories":[8337],"tags":[2786,1503,19],"jetpack_publicize_connections":[],"yoast_head":"<!-- This site is optimized with the Yoast SEO plugin v19.1 - https:\/\/yoast.com\/wordpress\/plugins\/seo\/ -->\n<title>Makedonci vole Ulcinj - Lajme nga Ulqini<\/title>\n<meta name=\"description\" content=\"Lokalna turisti\u010dka organizacija predstavila ponudu na sajmu turizma u Skoplju Velika pla\u017ea, Mala pla\u017ea, Ada Bojana, Stari grad, aktivni odmor... glavni su\" \/>\n<meta name=\"robots\" content=\"index, follow, max-snippet:-1, max-image-preview:large, max-video-preview:-1\" \/>\n<link rel=\"canonical\" href=\"https:\/\/www.visit-ulcinj.com\/blog\/2011\/05\/01\/makedonci-vole-ulcinj\/\" \/>\n<meta property=\"og:locale\" content=\"en_US\" \/>\n<meta property=\"og:type\" content=\"article\" \/>\n<meta property=\"og:title\" content=\"Makedonci vole Ulcinj - Lajme nga Ulqini\" \/>\n<meta property=\"og:description\" content=\"Lokalna turisti\u010dka organizacija predstavila ponudu na sajmu turizma u Skoplju Velika pla\u017ea, Mala pla\u017ea, Ada Bojana, Stari grad, aktivni odmor... glavni su\" \/>\n<meta property=\"og:url\" content=\"https:\/\/www.visit-ulcinj.com\/blog\/2011\/05\/01\/makedonci-vole-ulcinj\/\" \/>\n<meta property=\"og:site_name\" content=\"Lajme nga Ulqini\" \/>\n<meta property=\"article:published_time\" content=\"2011-05-01T07:28:46+00:00\" \/>\n<meta property=\"article:modified_time\" content=\"2011-05-01T07:29:04+00:00\" \/>\n<meta property=\"og:image\" content=\"http:\/\/www.visit-ulcinj.com\/blog\/wp-content\/uploads\/2011\/03\/Turisticka-organizacija-Ulcinja_.jpg\" \/>\n<meta name=\"twitter:label1\" content=\"Written by\" \/>\n\t<meta name=\"twitter:data1\" content=\"ulqini\" \/>\n\t<meta name=\"twitter:label2\" content=\"Est. reading time\" \/>\n\t<meta name=\"twitter:data2\" content=\"1 minute\" \/>\n<script type=\"application\/ld+json\" class=\"yoast-schema-graph\">{\"@context\":\"https:\/\/schema.org\",\"@graph\":[{\"@type\":\"WebSite\",\"@id\":\"https:\/\/www.visit-ulcinj.com\/blog\/#website\",\"url\":\"https:\/\/www.visit-ulcinj.com\/blog\/\",\"name\":\"Lajme nga Ulqini\",\"description\":\"Lajme,Vijesti,Ulqini,Ulqin,Crna Gora,Mali i Zi\",\"potentialAction\":[{\"@type\":\"SearchAction\",\"target\":{\"@type\":\"EntryPoint\",\"urlTemplate\":\"https:\/\/www.visit-ulcinj.com\/blog\/?s={search_term_string}\"},\"query-input\":\"required name=search_term_string\"}],\"inLanguage\":\"en-US\"},{\"@type\":\"ImageObject\",\"inLanguage\":\"en-US\",\"@id\":\"https:\/\/www.visit-ulcinj.com\/blog\/2011\/05\/01\/makedonci-vole-ulcinj\/#primaryimage\",\"url\":\"https:\/\/www.visit-ulcinj.com\/blog\/wp-content\/uploads\/2011\/03\/Turisticka-organizacija-Ulcinja_.jpg\",\"contentUrl\":\"https:\/\/www.visit-ulcinj.com\/blog\/wp-content\/uploads\/2011\/03\/Turisticka-organizacija-Ulcinja_.jpg\",\"width\":\"508\",\"height\":\"302\"},{\"@type\":\"WebPage\",\"@id\":\"https:\/\/www.visit-ulcinj.com\/blog\/2011\/05\/01\/makedonci-vole-ulcinj\/#webpage\",\"url\":\"https:\/\/www.visit-ulcinj.com\/blog\/2011\/05\/01\/makedonci-vole-ulcinj\/\",\"name\":\"Makedonci vole Ulcinj - Lajme nga Ulqini\",\"isPartOf\":{\"@id\":\"https:\/\/www.visit-ulcinj.com\/blog\/#website\"},\"primaryImageOfPage\":{\"@id\":\"https:\/\/www.visit-ulcinj.com\/blog\/2011\/05\/01\/makedonci-vole-ulcinj\/#primaryimage\"},\"datePublished\":\"2011-05-01T07:28:46+00:00\",\"dateModified\":\"2011-05-01T07:29:04+00:00\",\"author\":{\"@id\":\"https:\/\/www.visit-ulcinj.com\/blog\/#\/schema\/person\/dcab619c614d3038751c63bc2aadc06d\"},\"description\":\"Lokalna turisti\u010dka organizacija predstavila ponudu na sajmu turizma u Skoplju Velika pla\u017ea, Mala pla\u017ea, Ada Bojana, Stari grad, aktivni odmor... glavni su\",\"breadcrumb\":{\"@id\":\"https:\/\/www.visit-ulcinj.com\/blog\/2011\/05\/01\/makedonci-vole-ulcinj\/#breadcrumb\"},\"inLanguage\":\"en-US\",\"potentialAction\":[{\"@type\":\"ReadAction\",\"target\":[\"https:\/\/www.visit-ulcinj.com\/blog\/2011\/05\/01\/makedonci-vole-ulcinj\/\"]}]},{\"@type\":\"BreadcrumbList\",\"@id\":\"https:\/\/www.visit-ulcinj.com\/blog\/2011\/05\/01\/makedonci-vole-ulcinj\/#breadcrumb\",\"itemListElement\":[{\"@type\":\"ListItem\",\"position\":1,\"name\":\"Makedonci vole Ulcinj\"}]},{\"@type\":\"Person\",\"@id\":\"https:\/\/www.visit-ulcinj.com\/blog\/#\/schema\/person\/dcab619c614d3038751c63bc2aadc06d\",\"name\":\"ulqini\",\"sameAs\":[\"http:\/\/www.visit-ulcinj.com\"],\"url\":\"https:\/\/www.visit-ulcinj.com\/blog\/author\/admin\/\"}]}<\/script>\n<!-- \/ Yoast SEO plugin. -->","yoast_head_json":{"title":"Makedonci vole Ulcinj - Lajme nga Ulqini","description":"Lokalna turisti\u010dka organizacija predstavila ponudu na sajmu turizma u Skoplju Velika pla\u017ea, Mala pla\u017ea, Ada Bojana, Stari grad, aktivni odmor... glavni su","robots":{"index":"index","follow":"follow","max-snippet":"max-snippet:-1","max-image-preview":"max-image-preview:large","max-video-preview":"max-video-preview:-1"},"canonical":"https:\/\/www.visit-ulcinj.com\/blog\/2011\/05\/01\/makedonci-vole-ulcinj\/","og_locale":"en_US","og_type":"article","og_title":"Makedonci vole Ulcinj - Lajme nga Ulqini","og_description":"Lokalna turisti\u010dka organizacija predstavila ponudu na sajmu turizma u Skoplju Velika pla\u017ea, Mala pla\u017ea, Ada Bojana, Stari grad, aktivni odmor... glavni su","og_url":"https:\/\/www.visit-ulcinj.com\/blog\/2011\/05\/01\/makedonci-vole-ulcinj\/","og_site_name":"Lajme nga Ulqini","article_published_time":"2011-05-01T07:28:46+00:00","article_modified_time":"2011-05-01T07:29:04+00:00","og_image":[{"url":"http:\/\/www.visit-ulcinj.com\/blog\/wp-content\/uploads\/2011\/03\/Turisticka-organizacija-Ulcinja_.jpg"}],"twitter_misc":{"Written by":"ulqini","Est. reading time":"1 minute"},"schema":{"@context":"https:\/\/schema.org","@graph":[{"@type":"WebSite","@id":"https:\/\/www.visit-ulcinj.com\/blog\/#website","url":"https:\/\/www.visit-ulcinj.com\/blog\/","name":"Lajme nga Ulqini","description":"Lajme,Vijesti,Ulqini,Ulqin,Crna Gora,Mali i Zi","potentialAction":[{"@type":"SearchAction","target":{"@type":"EntryPoint","urlTemplate":"https:\/\/www.visit-ulcinj.com\/blog\/?s={search_term_string}"},"query-input":"required name=search_term_string"}],"inLanguage":"en-US"},{"@type":"ImageObject","inLanguage":"en-US","@id":"https:\/\/www.visit-ulcinj.com\/blog\/2011\/05\/01\/makedonci-vole-ulcinj\/#primaryimage","url":"https:\/\/www.visit-ulcinj.com\/blog\/wp-content\/uploads\/2011\/03\/Turisticka-organizacija-Ulcinja_.jpg","contentUrl":"https:\/\/www.visit-ulcinj.com\/blog\/wp-content\/uploads\/2011\/03\/Turisticka-organizacija-Ulcinja_.jpg","width":"508","height":"302"},{"@type":"WebPage","@id":"https:\/\/www.visit-ulcinj.com\/blog\/2011\/05\/01\/makedonci-vole-ulcinj\/#webpage","url":"https:\/\/www.visit-ulcinj.com\/blog\/2011\/05\/01\/makedonci-vole-ulcinj\/","name":"Makedonci vole Ulcinj - Lajme nga Ulqini","isPartOf":{"@id":"https:\/\/www.visit-ulcinj.com\/blog\/#website"},"primaryImageOfPage":{"@id":"https:\/\/www.visit-ulcinj.com\/blog\/2011\/05\/01\/makedonci-vole-ulcinj\/#primaryimage"},"datePublished":"2011-05-01T07:28:46+00:00","dateModified":"2011-05-01T07:29:04+00:00","author":{"@id":"https:\/\/www.visit-ulcinj.com\/blog\/#\/schema\/person\/dcab619c614d3038751c63bc2aadc06d"},"description":"Lokalna turisti\u010dka organizacija predstavila ponudu na sajmu turizma u Skoplju Velika pla\u017ea, Mala pla\u017ea, Ada Bojana, Stari grad, aktivni odmor... glavni su","breadcrumb":{"@id":"https:\/\/www.visit-ulcinj.com\/blog\/2011\/05\/01\/makedonci-vole-ulcinj\/#breadcrumb"},"inLanguage":"en-US","potentialAction":[{"@type":"ReadAction","target":["https:\/\/www.visit-ulcinj.com\/blog\/2011\/05\/01\/makedonci-vole-ulcinj\/"]}]},{"@type":"BreadcrumbList","@id":"https:\/\/www.visit-ulcinj.com\/blog\/2011\/05\/01\/makedonci-vole-ulcinj\/#breadcrumb","itemListElement":[{"@type":"ListItem","position":1,"name":"Makedonci vole Ulcinj"}]},{"@type":"Person","@id":"https:\/\/www.visit-ulcinj.com\/blog\/#\/schema\/person\/dcab619c614d3038751c63bc2aadc06d","name":"ulqini","sameAs":["http:\/\/www.visit-ulcinj.com"],"url":"https:\/\/www.visit-ulcinj.com\/blog\/author\/admin\/"}]}},"jetpack_featured_media_url":"","jetpack_sharing_enabled":true,"jetpack_shortlink":"https:\/\/wp.me\/pe6lTn-bXW","_links":{"self":[{"href":"https:\/\/www.visit-ulcinj.com\/blog\/wp-json\/wp\/v2\/posts\/46000"}],"collection":[{"href":"https:\/\/www.visit-ulcinj.com\/blog\/wp-json\/wp\/v2\/posts"}],"about":[{"href":"https:\/\/www.visit-ulcinj.com\/blog\/wp-json\/wp\/v2\/types\/post"}],"author":[{"embeddable":true,"href":"https:\/\/www.visit-ulcinj.com\/blog\/wp-json\/wp\/v2\/users\/1"}],"replies":[{"embeddable":true,"href":"https:\/\/www.visit-ulcinj.com\/blog\/wp-json\/wp\/v2\/comments?post=46000"}],"version-history":[{"count":0,"href":"https:\/\/www.visit-ulcinj.com\/blog\/wp-json\/wp\/v2\/posts\/46000\/revisions"}],"wp:attachment":[{"href":"https:\/\/www.visit-ulcinj.com\/blog\/wp-json\/wp\/v2\/media?parent=46000"}],"wp:term":[{"taxonomy":"category","embeddable":true,"href":"https:\/\/www.visit-ulcinj.com\/blog\/wp-json\/wp\/v2\/categories?post=46000"},{"taxonomy":"post_tag","embeddable":true,"href":"https:\/\/www.visit-ulcinj.com\/blog\/wp-json\/wp\/v2\/tags?post=46000"}],"curies":[{"name":"wp","href":"https:\/\/api.w.org\/{rel}","templated":true}]}}