{"id":46018,"date":"2011-05-01T10:35:36","date_gmt":"2011-05-01T09:35:36","guid":{"rendered":"http:\/\/www.visit-ulcinj.com\/blog\/?p=46018"},"modified":"2011-05-01T10:35:57","modified_gmt":"2011-05-01T09:35:57","slug":"rezi-zhvesh-anxhelinen","status":"publish","type":"post","link":"https:\/\/www.visit-ulcinj.com\/blog\/2011\/05\/01\/rezi-zhvesh-anxhelinen\/","title":{"rendered":"Rezi zhvesh Anxhelin\u00ebn"},"content":{"rendered":"<p><strong><a href=\"http:\/\/www.visit-ulcinj.com\/blog\/wp-content\/uploads\/2011\/05\/Anxhelina-Had\u00ebrgjonaj.jpg\"><img loading=\"lazy\" class=\"alignleft size-full wp-image-46020\" title=\"Anxhelina Had\u00ebrgjonaj\" src=\"http:\/\/www.visit-ulcinj.com\/blog\/wp-content\/uploads\/2011\/05\/Anxhelina-Had\u00ebrgjonaj.jpg\" alt=\"\" width=\"508\" height=\"720\" \/><\/a>N\u00ebn blicin e aparatit t\u00eb k\u00ebng\u00ebtares Rezarta Shkurta, e cila zhvillon edhe pasionin e saj n\u00eb fush\u00ebn e mod\u00ebs dhe fotografis\u00eb, kemi par\u00eb fillimisht bukuroshen e re t\u00eb muzik\u00ebs pop, Beatrix Ramosaj.<\/strong><\/p>\n<p>Fotot e bukura t\u00eb saj, q\u00eb i dedikohen jo vet\u00ebm Rezart\u00ebs, por edhe hireve t\u00eb k\u00ebng\u00ebtares, q\u00eb studion n\u00eb liceun artistik, mesa duket kan\u00eb b\u00ebr\u00eb q\u00eb t\u00eb tundohet edhe kush\u00ebrira e saj, Anxhelina Had\u00ebrgjonaj, e cila s\u00eb fundmi ka realizuar disa foto sensuale nga dora e Rezit.<\/p>\n<p>E n\u00eb fakt, e cil\u00ebsuara \u201cShakira shqiptare\u201d, Anxhelina, nuk ka nguruar jo vet\u00ebm t\u00eb pozoj\u00eb para aparatit, por edhe t\u00eb zhvishet me bikini, pse jo, p\u00ebr t\u00eb na treguar format e lakuara t\u00eb trupit t\u00eb saj.<\/p>\n<p>K\u00ebng\u00ebtarja q\u00eb merr pjes\u00eb n\u00eb \u201cTop Fest 8\u201d me balad\u00ebn e ndjer\u00eb \u201cKjo jet\u00eb s\u2019mjaftoi\u201d; n\u00eb klipin e saj t\u00eb par\u00eb, \u201cKopje pa kuptim\u201d u shfaq si nj\u00eb fem\u00ebr shum\u00eb seksi, por k\u00ebsaj radhe ajo duket shum\u00eb m\u00eb tep\u00ebr josh\u00ebse, si\u00e7 e shihni edhe vet\u00eb n\u00eb fotot e m\u00ebposhtme q\u00eb servir \u201cStandard\u201d.<\/p>\n<p>Nd\u00ebrkaq, Rezarta Shkurta, e cila nj\u00ebherazi pikturon, k\u00ebndon, merret me modelim, dizajnon veshje, e ka ushtruar profesionin e fotografes edhe me shum\u00eb fytyra t\u00eb tjera publike t\u00eb vendit ton\u00eb, madje \u00ebsht\u00eb shfaqur shum\u00eb e suksesshme n\u00eb k\u00ebt\u00eb drejtim. N\u00eb pritje t\u00eb \u201czhveshjes\u201d s\u00eb personazheve t\u00eb tjer\u00eb, shijoni fotot e Anxhelin\u00ebs, e cila k\u00ebtu ngjan m\u00eb shum\u00eb se kurr\u00eb me Shakir\u00ebn kolumbiane\u2026<\/p>\n<p>&nbsp;<\/p>\n<p>&nbsp;<\/p>\n<p><strong>Standard<\/strong><\/p>\n<p><strong><br \/>\n<\/strong><!--YouTube Error: bad URL entered--><\/p>\n","protected":false},"excerpt":{"rendered":"<p>N\u00ebn blicin e aparatit t\u00eb k\u00ebng\u00ebtares Rezarta Shkurta, e cila zhvillon edhe pasionin e saj n\u00eb fush\u00ebn e mod\u00ebs dhe fotografis\u00eb, kemi par\u00eb fillimisht bukuroshen e re t\u00eb muzik\u00ebs pop, Beatrix Ramosaj. Fotot e bukura t\u00eb saj, q\u00eb i dedikohen jo vet\u00ebm Rezart\u00ebs, por edhe hireve t\u00eb k\u00ebng\u00ebtares, q\u00eb studion n\u00eb liceun artistik, mesa duket [&hellip;]<\/p>\n","protected":false},"author":1,"featured_media":0,"comment_status":"open","ping_status":"closed","sticky":false,"template":"","format":"standard","meta":{"spay_email":"","jetpack_publicize_message":"","jetpack_is_tweetstorm":false,"jetpack_publicize_feature_enabled":true},"categories":[1],"tags":[15086,4953],"jetpack_publicize_connections":[],"yoast_head":"<!-- This site is optimized with the Yoast SEO plugin v19.1 - https:\/\/yoast.com\/wordpress\/plugins\/seo\/ -->\n<title>Rezi zhvesh Anxhelin\u00ebn - Lajme nga Ulqini<\/title>\n<meta name=\"description\" content=\"N\u00ebn blicin e aparatit t\u00eb k\u00ebng\u00ebtares Rezarta Shkurta, e cila zhvillon edhe pasionin e saj n\u00eb fush\u00ebn e mod\u00ebs dhe fotografis\u00eb, kemi par\u00eb fillimisht\" \/>\n<meta name=\"robots\" content=\"index, follow, max-snippet:-1, max-image-preview:large, max-video-preview:-1\" \/>\n<link rel=\"canonical\" href=\"https:\/\/www.visit-ulcinj.com\/blog\/2011\/05\/01\/rezi-zhvesh-anxhelinen\/\" \/>\n<meta property=\"og:locale\" content=\"en_US\" \/>\n<meta property=\"og:type\" content=\"article\" \/>\n<meta property=\"og:title\" content=\"Rezi zhvesh Anxhelin\u00ebn - Lajme nga Ulqini\" \/>\n<meta property=\"og:description\" content=\"N\u00ebn blicin e aparatit t\u00eb k\u00ebng\u00ebtares Rezarta Shkurta, e cila zhvillon edhe pasionin e saj n\u00eb fush\u00ebn e mod\u00ebs dhe fotografis\u00eb, kemi par\u00eb fillimisht\" \/>\n<meta property=\"og:url\" content=\"https:\/\/www.visit-ulcinj.com\/blog\/2011\/05\/01\/rezi-zhvesh-anxhelinen\/\" \/>\n<meta property=\"og:site_name\" content=\"Lajme nga Ulqini\" \/>\n<meta property=\"article:published_time\" content=\"2011-05-01T09:35:36+00:00\" \/>\n<meta property=\"article:modified_time\" content=\"2011-05-01T09:35:57+00:00\" \/>\n<meta property=\"og:image\" content=\"https:\/\/www.visit-ulcinj.com\/blog\/wp-content\/uploads\/2011\/05\/Anxhelina-Had\u00ebrgjonaj.2-150x150.jpg\" \/>\n<meta name=\"twitter:label1\" content=\"Written by\" \/>\n\t<meta name=\"twitter:data1\" content=\"ulqini\" \/>\n\t<meta name=\"twitter:label2\" content=\"Est. reading time\" \/>\n\t<meta name=\"twitter:data2\" content=\"1 minute\" \/>\n<script type=\"application\/ld+json\" class=\"yoast-schema-graph\">{\"@context\":\"https:\/\/schema.org\",\"@graph\":[{\"@type\":\"WebSite\",\"@id\":\"https:\/\/www.visit-ulcinj.com\/blog\/#website\",\"url\":\"https:\/\/www.visit-ulcinj.com\/blog\/\",\"name\":\"Lajme nga Ulqini\",\"description\":\"Lajme,Vijesti,Ulqini,Ulqin,Crna Gora,Mali i Zi\",\"potentialAction\":[{\"@type\":\"SearchAction\",\"target\":{\"@type\":\"EntryPoint\",\"urlTemplate\":\"https:\/\/www.visit-ulcinj.com\/blog\/?s={search_term_string}\"},\"query-input\":\"required name=search_term_string\"}],\"inLanguage\":\"en-US\"},{\"@type\":\"WebPage\",\"@id\":\"https:\/\/www.visit-ulcinj.com\/blog\/2011\/05\/01\/rezi-zhvesh-anxhelinen\/#webpage\",\"url\":\"https:\/\/www.visit-ulcinj.com\/blog\/2011\/05\/01\/rezi-zhvesh-anxhelinen\/\",\"name\":\"Rezi zhvesh Anxhelin\u00ebn - Lajme nga Ulqini\",\"isPartOf\":{\"@id\":\"https:\/\/www.visit-ulcinj.com\/blog\/#website\"},\"datePublished\":\"2011-05-01T09:35:36+00:00\",\"dateModified\":\"2011-05-01T09:35:57+00:00\",\"author\":{\"@id\":\"https:\/\/www.visit-ulcinj.com\/blog\/#\/schema\/person\/dcab619c614d3038751c63bc2aadc06d\"},\"description\":\"N\u00ebn blicin e aparatit t\u00eb k\u00ebng\u00ebtares Rezarta Shkurta, e cila zhvillon edhe pasionin e saj n\u00eb fush\u00ebn e mod\u00ebs dhe fotografis\u00eb, kemi par\u00eb fillimisht\",\"breadcrumb\":{\"@id\":\"https:\/\/www.visit-ulcinj.com\/blog\/2011\/05\/01\/rezi-zhvesh-anxhelinen\/#breadcrumb\"},\"inLanguage\":\"en-US\",\"potentialAction\":[{\"@type\":\"ReadAction\",\"target\":[\"https:\/\/www.visit-ulcinj.com\/blog\/2011\/05\/01\/rezi-zhvesh-anxhelinen\/\"]}]},{\"@type\":\"BreadcrumbList\",\"@id\":\"https:\/\/www.visit-ulcinj.com\/blog\/2011\/05\/01\/rezi-zhvesh-anxhelinen\/#breadcrumb\",\"itemListElement\":[{\"@type\":\"ListItem\",\"position\":1,\"name\":\"Rezi zhvesh Anxhelin\u00ebn\"}]},{\"@type\":\"Person\",\"@id\":\"https:\/\/www.visit-ulcinj.com\/blog\/#\/schema\/person\/dcab619c614d3038751c63bc2aadc06d\",\"name\":\"ulqini\",\"sameAs\":[\"http:\/\/www.visit-ulcinj.com\"],\"url\":\"https:\/\/www.visit-ulcinj.com\/blog\/author\/admin\/\"}]}<\/script>\n<!-- \/ Yoast SEO plugin. -->","yoast_head_json":{"title":"Rezi zhvesh Anxhelin\u00ebn - Lajme nga Ulqini","description":"N\u00ebn blicin e aparatit t\u00eb k\u00ebng\u00ebtares Rezarta Shkurta, e cila zhvillon edhe pasionin e saj n\u00eb fush\u00ebn e mod\u00ebs dhe fotografis\u00eb, kemi par\u00eb fillimisht","robots":{"index":"index","follow":"follow","max-snippet":"max-snippet:-1","max-image-preview":"max-image-preview:large","max-video-preview":"max-video-preview:-1"},"canonical":"https:\/\/www.visit-ulcinj.com\/blog\/2011\/05\/01\/rezi-zhvesh-anxhelinen\/","og_locale":"en_US","og_type":"article","og_title":"Rezi zhvesh Anxhelin\u00ebn - Lajme nga Ulqini","og_description":"N\u00ebn blicin e aparatit t\u00eb k\u00ebng\u00ebtares Rezarta Shkurta, e cila zhvillon edhe pasionin e saj n\u00eb fush\u00ebn e mod\u00ebs dhe fotografis\u00eb, kemi par\u00eb fillimisht","og_url":"https:\/\/www.visit-ulcinj.com\/blog\/2011\/05\/01\/rezi-zhvesh-anxhelinen\/","og_site_name":"Lajme nga Ulqini","article_published_time":"2011-05-01T09:35:36+00:00","article_modified_time":"2011-05-01T09:35:57+00:00","og_image":[{"url":"https:\/\/www.visit-ulcinj.com\/blog\/wp-content\/uploads\/2011\/05\/Anxhelina-Had\u00ebrgjonaj.2-150x150.jpg"}],"twitter_misc":{"Written by":"ulqini","Est. reading time":"1 minute"},"schema":{"@context":"https:\/\/schema.org","@graph":[{"@type":"WebSite","@id":"https:\/\/www.visit-ulcinj.com\/blog\/#website","url":"https:\/\/www.visit-ulcinj.com\/blog\/","name":"Lajme nga Ulqini","description":"Lajme,Vijesti,Ulqini,Ulqin,Crna Gora,Mali i Zi","potentialAction":[{"@type":"SearchAction","target":{"@type":"EntryPoint","urlTemplate":"https:\/\/www.visit-ulcinj.com\/blog\/?s={search_term_string}"},"query-input":"required name=search_term_string"}],"inLanguage":"en-US"},{"@type":"WebPage","@id":"https:\/\/www.visit-ulcinj.com\/blog\/2011\/05\/01\/rezi-zhvesh-anxhelinen\/#webpage","url":"https:\/\/www.visit-ulcinj.com\/blog\/2011\/05\/01\/rezi-zhvesh-anxhelinen\/","name":"Rezi zhvesh Anxhelin\u00ebn - Lajme nga Ulqini","isPartOf":{"@id":"https:\/\/www.visit-ulcinj.com\/blog\/#website"},"datePublished":"2011-05-01T09:35:36+00:00","dateModified":"2011-05-01T09:35:57+00:00","author":{"@id":"https:\/\/www.visit-ulcinj.com\/blog\/#\/schema\/person\/dcab619c614d3038751c63bc2aadc06d"},"description":"N\u00ebn blicin e aparatit t\u00eb k\u00ebng\u00ebtares Rezarta Shkurta, e cila zhvillon edhe pasionin e saj n\u00eb fush\u00ebn e mod\u00ebs dhe fotografis\u00eb, kemi par\u00eb fillimisht","breadcrumb":{"@id":"https:\/\/www.visit-ulcinj.com\/blog\/2011\/05\/01\/rezi-zhvesh-anxhelinen\/#breadcrumb"},"inLanguage":"en-US","potentialAction":[{"@type":"ReadAction","target":["https:\/\/www.visit-ulcinj.com\/blog\/2011\/05\/01\/rezi-zhvesh-anxhelinen\/"]}]},{"@type":"BreadcrumbList","@id":"https:\/\/www.visit-ulcinj.com\/blog\/2011\/05\/01\/rezi-zhvesh-anxhelinen\/#breadcrumb","itemListElement":[{"@type":"ListItem","position":1,"name":"Rezi zhvesh Anxhelin\u00ebn"}]},{"@type":"Person","@id":"https:\/\/www.visit-ulcinj.com\/blog\/#\/schema\/person\/dcab619c614d3038751c63bc2aadc06d","name":"ulqini","sameAs":["http:\/\/www.visit-ulcinj.com"],"url":"https:\/\/www.visit-ulcinj.com\/blog\/author\/admin\/"}]}},"jetpack_featured_media_url":"","jetpack_sharing_enabled":true,"jetpack_shortlink":"https:\/\/wp.me\/pe6lTn-bYe","_links":{"self":[{"href":"https:\/\/www.visit-ulcinj.com\/blog\/wp-json\/wp\/v2\/posts\/46018"}],"collection":[{"href":"https:\/\/www.visit-ulcinj.com\/blog\/wp-json\/wp\/v2\/posts"}],"about":[{"href":"https:\/\/www.visit-ulcinj.com\/blog\/wp-json\/wp\/v2\/types\/post"}],"author":[{"embeddable":true,"href":"https:\/\/www.visit-ulcinj.com\/blog\/wp-json\/wp\/v2\/users\/1"}],"replies":[{"embeddable":true,"href":"https:\/\/www.visit-ulcinj.com\/blog\/wp-json\/wp\/v2\/comments?post=46018"}],"version-history":[{"count":0,"href":"https:\/\/www.visit-ulcinj.com\/blog\/wp-json\/wp\/v2\/posts\/46018\/revisions"}],"wp:attachment":[{"href":"https:\/\/www.visit-ulcinj.com\/blog\/wp-json\/wp\/v2\/media?parent=46018"}],"wp:term":[{"taxonomy":"category","embeddable":true,"href":"https:\/\/www.visit-ulcinj.com\/blog\/wp-json\/wp\/v2\/categories?post=46018"},{"taxonomy":"post_tag","embeddable":true,"href":"https:\/\/www.visit-ulcinj.com\/blog\/wp-json\/wp\/v2\/tags?post=46018"}],"curies":[{"name":"wp","href":"https:\/\/api.w.org\/{rel}","templated":true}]}}