{"id":46024,"date":"2011-05-01T10:47:23","date_gmt":"2011-05-01T09:47:23","guid":{"rendered":"http:\/\/www.visit-ulcinj.com\/blog\/?p=46024"},"modified":"2011-05-01T10:48:19","modified_gmt":"2011-05-01T09:48:19","slug":"flori-mumajesi-kengetaret-fitojne-me-shume-para-se-une","status":"publish","type":"post","link":"https:\/\/www.visit-ulcinj.com\/blog\/2011\/05\/01\/flori-mumajesi-kengetaret-fitojne-me-shume-para-se-une\/","title":{"rendered":"Flori Mumajesi: K\u00ebng\u00ebtar\u00ebt fitojn\u00eb m\u00eb shum\u00eb para se un\u00eb"},"content":{"rendered":"<p><strong><a href=\"http:\/\/www.visit-ulcinj.com\/blog\/wp-content\/uploads\/2011\/05\/Flori-Mumajesi-.2.jpg\"><img loading=\"lazy\" class=\"alignleft size-full wp-image-46026\" title=\"Flori Mumajesi .2\" src=\"http:\/\/www.visit-ulcinj.com\/blog\/wp-content\/uploads\/2011\/05\/Flori-Mumajesi-.2.jpg\" alt=\"\" width=\"508\" height=\"380\" \/><\/a>Prezantimi i tij i fundit n\u00eb sken\u00ebn e \u201cTop Fest 8\u201d, \u201cTallava\u201d ka rezultuar mjaft i p\u00eblqyer nga fansat, gj\u00eb q\u00eb ka nxitur edhe spekulimet, se Flori Mumajesi mund t\u00eb jet\u00eb fituesi i k\u00ebtij festivali. <\/strong><\/p>\n<p>Po t\u00eb gjykojm\u00eb nga t\u00eb gjitha sukseset e tij personale, fakti q\u00eb do marr\u00eb pjes\u00eb p\u00ebr her\u00eb t\u00eb dyt\u00eb n\u00eb ndarjen e \u00e7mimeve Balkanika, si dhe kompozimet e shumta q\u00eb b\u00ebn p\u00ebr disa nga k\u00ebng\u00ebtar\u00ebt m\u00eb n\u00eb z\u00eb t\u00eb sken\u00ebs muzikore shqiptare, si\u00e7 \u00ebsht\u00eb rasti i Elvana Gjat\u00ebs; at\u00ebher\u00eb me siguri do t\u00eb thoshim se Flori duhet t\u00eb fitoj\u00eb goxha para.<\/p>\n<p>Por, i cil\u00ebsuari si \u201cTimberlandi shqiptar\u201d ka shuar \u00e7do kuriozitet rreth t\u00eb ardhurave nga puna e tij. I pyetur p\u00ebr fitimet, ja si \u00ebsht\u00eb shprehur k\u00ebng\u00ebtari q\u00eb merr pjes\u00eb me \u201cTallava\u201d n\u00eb Top Fest 8: \u201cNj\u00eb gj\u00eb \u00ebsht\u00eb me r\u00ebnd\u00ebsi, q\u00eb duhet ta them, sepse nuk e kam th\u00ebn\u00eb asnj\u00ebher\u00eb.<\/p>\n<p>N\u00eb dit\u00ebt e sotme n\u00eb Shqip\u00ebri ark\u00ebton m\u00eb shum\u00eb t\u00eb ardhura nj\u00eb k\u00ebng\u00ebtar sesa nj\u00eb producent, i cili merr gjysmat e parave t\u00eb k\u00ebng\u00ebtar\u00ebve\u201d.<\/p>\n<p>K\u00ebshtu \u00ebsht\u00eb shprehur Flori, duke dh\u00ebn\u00eb nj\u00eb deklarat\u00eb goxha t\u00eb fort\u00eb, pasi shpesh \u00ebsht\u00eb spekuluar, se ai tanim\u00eb duhet t\u2019i ket\u00eb \u201cxhepat\u201d plot me gjith\u00eb at\u00eb pun\u00eb q\u00eb b\u00ebn\u2026<\/p>\n<p>&nbsp;<\/p>\n<p><strong>Standard<br \/>\n<br \/>\n<\/strong><!--YouTube Error: bad URL entered--><\/p>\n","protected":false},"excerpt":{"rendered":"<p>Prezantimi i tij i fundit n\u00eb sken\u00ebn e \u201cTop Fest 8\u201d, \u201cTallava\u201d ka rezultuar mjaft i p\u00eblqyer nga fansat, gj\u00eb q\u00eb ka nxitur edhe spekulimet, se Flori Mumajesi mund t\u00eb jet\u00eb fituesi i k\u00ebtij festivali. Po t\u00eb gjykojm\u00eb nga t\u00eb gjitha sukseset e tij personale, fakti q\u00eb do marr\u00eb pjes\u00eb p\u00ebr her\u00eb t\u00eb dyt\u00eb n\u00eb [&hellip;]<\/p>\n","protected":false},"author":1,"featured_media":0,"comment_status":"open","ping_status":"closed","sticky":false,"template":"","format":"standard","meta":{"spay_email":"","jetpack_publicize_message":"","jetpack_is_tweetstorm":false,"jetpack_publicize_feature_enabled":true},"categories":[1],"tags":[6624],"jetpack_publicize_connections":[],"yoast_head":"<!-- This site is optimized with the Yoast SEO plugin v19.1 - https:\/\/yoast.com\/wordpress\/plugins\/seo\/ -->\n<title>Flori Mumajesi: K\u00ebng\u00ebtar\u00ebt fitojn\u00eb m\u00eb shum\u00eb para se un\u00eb - Lajme nga Ulqini<\/title>\n<meta name=\"description\" content=\"Prezantimi i tij i fundit n\u00eb sken\u00ebn e \u201cTop Fest 8\u201d, \u201cTallava\u201d ka rezultuar mjaft i p\u00eblqyer nga fansat, gj\u00eb q\u00eb ka nxitur edhe spekulimet, se Flori Mumajesi\" \/>\n<meta name=\"robots\" content=\"index, follow, max-snippet:-1, max-image-preview:large, max-video-preview:-1\" \/>\n<link rel=\"canonical\" href=\"https:\/\/www.visit-ulcinj.com\/blog\/2011\/05\/01\/flori-mumajesi-kengetaret-fitojne-me-shume-para-se-une\/\" \/>\n<meta property=\"og:locale\" content=\"en_US\" \/>\n<meta property=\"og:type\" content=\"article\" \/>\n<meta property=\"og:title\" content=\"Flori Mumajesi: K\u00ebng\u00ebtar\u00ebt fitojn\u00eb m\u00eb shum\u00eb para se un\u00eb - Lajme nga Ulqini\" \/>\n<meta property=\"og:description\" content=\"Prezantimi i tij i fundit n\u00eb sken\u00ebn e \u201cTop Fest 8\u201d, \u201cTallava\u201d ka rezultuar mjaft i p\u00eblqyer nga fansat, gj\u00eb q\u00eb ka nxitur edhe spekulimet, se Flori Mumajesi\" \/>\n<meta property=\"og:url\" content=\"https:\/\/www.visit-ulcinj.com\/blog\/2011\/05\/01\/flori-mumajesi-kengetaret-fitojne-me-shume-para-se-une\/\" \/>\n<meta property=\"og:site_name\" content=\"Lajme nga Ulqini\" \/>\n<meta property=\"article:published_time\" content=\"2011-05-01T09:47:23+00:00\" \/>\n<meta property=\"article:modified_time\" content=\"2011-05-01T09:48:19+00:00\" \/>\n<meta property=\"og:image\" content=\"https:\/\/www.visit-ulcinj.com\/blog\/wp-content\/uploads\/2011\/05\/Flori-Mumajesi-.1-150x150.jpg\" \/>\n<meta name=\"twitter:label1\" content=\"Written by\" \/>\n\t<meta name=\"twitter:data1\" content=\"ulqini\" \/>\n\t<meta name=\"twitter:label2\" content=\"Est. reading time\" \/>\n\t<meta name=\"twitter:data2\" content=\"1 minute\" \/>\n<script type=\"application\/ld+json\" class=\"yoast-schema-graph\">{\"@context\":\"https:\/\/schema.org\",\"@graph\":[{\"@type\":\"WebSite\",\"@id\":\"https:\/\/www.visit-ulcinj.com\/blog\/#website\",\"url\":\"https:\/\/www.visit-ulcinj.com\/blog\/\",\"name\":\"Lajme nga Ulqini\",\"description\":\"Lajme,Vijesti,Ulqini,Ulqin,Crna Gora,Mali i Zi\",\"potentialAction\":[{\"@type\":\"SearchAction\",\"target\":{\"@type\":\"EntryPoint\",\"urlTemplate\":\"https:\/\/www.visit-ulcinj.com\/blog\/?s={search_term_string}\"},\"query-input\":\"required name=search_term_string\"}],\"inLanguage\":\"en-US\"},{\"@type\":\"ImageObject\",\"inLanguage\":\"en-US\",\"@id\":\"https:\/\/www.visit-ulcinj.com\/blog\/2011\/05\/01\/flori-mumajesi-kengetaret-fitojne-me-shume-para-se-une\/#primaryimage\",\"url\":\"http:\/\/www.visit-ulcinj.com\/blog\/wp-content\/uploads\/2011\/05\/Flori-Mumajesi-.2.jpg\",\"contentUrl\":\"http:\/\/www.visit-ulcinj.com\/blog\/wp-content\/uploads\/2011\/05\/Flori-Mumajesi-.2.jpg\"},{\"@type\":\"WebPage\",\"@id\":\"https:\/\/www.visit-ulcinj.com\/blog\/2011\/05\/01\/flori-mumajesi-kengetaret-fitojne-me-shume-para-se-une\/#webpage\",\"url\":\"https:\/\/www.visit-ulcinj.com\/blog\/2011\/05\/01\/flori-mumajesi-kengetaret-fitojne-me-shume-para-se-une\/\",\"name\":\"Flori Mumajesi: K\u00ebng\u00ebtar\u00ebt fitojn\u00eb m\u00eb shum\u00eb para se un\u00eb - Lajme nga Ulqini\",\"isPartOf\":{\"@id\":\"https:\/\/www.visit-ulcinj.com\/blog\/#website\"},\"primaryImageOfPage\":{\"@id\":\"https:\/\/www.visit-ulcinj.com\/blog\/2011\/05\/01\/flori-mumajesi-kengetaret-fitojne-me-shume-para-se-une\/#primaryimage\"},\"datePublished\":\"2011-05-01T09:47:23+00:00\",\"dateModified\":\"2011-05-01T09:48:19+00:00\",\"author\":{\"@id\":\"https:\/\/www.visit-ulcinj.com\/blog\/#\/schema\/person\/dcab619c614d3038751c63bc2aadc06d\"},\"description\":\"Prezantimi i tij i fundit n\u00eb sken\u00ebn e \u201cTop Fest 8\u201d, \u201cTallava\u201d ka rezultuar mjaft i p\u00eblqyer nga fansat, gj\u00eb q\u00eb ka nxitur edhe spekulimet, se Flori Mumajesi\",\"breadcrumb\":{\"@id\":\"https:\/\/www.visit-ulcinj.com\/blog\/2011\/05\/01\/flori-mumajesi-kengetaret-fitojne-me-shume-para-se-une\/#breadcrumb\"},\"inLanguage\":\"en-US\",\"potentialAction\":[{\"@type\":\"ReadAction\",\"target\":[\"https:\/\/www.visit-ulcinj.com\/blog\/2011\/05\/01\/flori-mumajesi-kengetaret-fitojne-me-shume-para-se-une\/\"]}]},{\"@type\":\"BreadcrumbList\",\"@id\":\"https:\/\/www.visit-ulcinj.com\/blog\/2011\/05\/01\/flori-mumajesi-kengetaret-fitojne-me-shume-para-se-une\/#breadcrumb\",\"itemListElement\":[{\"@type\":\"ListItem\",\"position\":1,\"name\":\"Flori Mumajesi: K\u00ebng\u00ebtar\u00ebt fitojn\u00eb m\u00eb shum\u00eb para se un\u00eb\"}]},{\"@type\":\"Person\",\"@id\":\"https:\/\/www.visit-ulcinj.com\/blog\/#\/schema\/person\/dcab619c614d3038751c63bc2aadc06d\",\"name\":\"ulqini\",\"sameAs\":[\"http:\/\/www.visit-ulcinj.com\"],\"url\":\"https:\/\/www.visit-ulcinj.com\/blog\/author\/admin\/\"}]}<\/script>\n<!-- \/ Yoast SEO plugin. -->","yoast_head_json":{"title":"Flori Mumajesi: K\u00ebng\u00ebtar\u00ebt fitojn\u00eb m\u00eb shum\u00eb para se un\u00eb - Lajme nga Ulqini","description":"Prezantimi i tij i fundit n\u00eb sken\u00ebn e \u201cTop Fest 8\u201d, \u201cTallava\u201d ka rezultuar mjaft i p\u00eblqyer nga fansat, gj\u00eb q\u00eb ka nxitur edhe spekulimet, se Flori Mumajesi","robots":{"index":"index","follow":"follow","max-snippet":"max-snippet:-1","max-image-preview":"max-image-preview:large","max-video-preview":"max-video-preview:-1"},"canonical":"https:\/\/www.visit-ulcinj.com\/blog\/2011\/05\/01\/flori-mumajesi-kengetaret-fitojne-me-shume-para-se-une\/","og_locale":"en_US","og_type":"article","og_title":"Flori Mumajesi: K\u00ebng\u00ebtar\u00ebt fitojn\u00eb m\u00eb shum\u00eb para se un\u00eb - Lajme nga Ulqini","og_description":"Prezantimi i tij i fundit n\u00eb sken\u00ebn e \u201cTop Fest 8\u201d, \u201cTallava\u201d ka rezultuar mjaft i p\u00eblqyer nga fansat, gj\u00eb q\u00eb ka nxitur edhe spekulimet, se Flori Mumajesi","og_url":"https:\/\/www.visit-ulcinj.com\/blog\/2011\/05\/01\/flori-mumajesi-kengetaret-fitojne-me-shume-para-se-une\/","og_site_name":"Lajme nga Ulqini","article_published_time":"2011-05-01T09:47:23+00:00","article_modified_time":"2011-05-01T09:48:19+00:00","og_image":[{"url":"https:\/\/www.visit-ulcinj.com\/blog\/wp-content\/uploads\/2011\/05\/Flori-Mumajesi-.1-150x150.jpg"}],"twitter_misc":{"Written by":"ulqini","Est. reading time":"1 minute"},"schema":{"@context":"https:\/\/schema.org","@graph":[{"@type":"WebSite","@id":"https:\/\/www.visit-ulcinj.com\/blog\/#website","url":"https:\/\/www.visit-ulcinj.com\/blog\/","name":"Lajme nga Ulqini","description":"Lajme,Vijesti,Ulqini,Ulqin,Crna Gora,Mali i Zi","potentialAction":[{"@type":"SearchAction","target":{"@type":"EntryPoint","urlTemplate":"https:\/\/www.visit-ulcinj.com\/blog\/?s={search_term_string}"},"query-input":"required name=search_term_string"}],"inLanguage":"en-US"},{"@type":"ImageObject","inLanguage":"en-US","@id":"https:\/\/www.visit-ulcinj.com\/blog\/2011\/05\/01\/flori-mumajesi-kengetaret-fitojne-me-shume-para-se-une\/#primaryimage","url":"http:\/\/www.visit-ulcinj.com\/blog\/wp-content\/uploads\/2011\/05\/Flori-Mumajesi-.2.jpg","contentUrl":"http:\/\/www.visit-ulcinj.com\/blog\/wp-content\/uploads\/2011\/05\/Flori-Mumajesi-.2.jpg"},{"@type":"WebPage","@id":"https:\/\/www.visit-ulcinj.com\/blog\/2011\/05\/01\/flori-mumajesi-kengetaret-fitojne-me-shume-para-se-une\/#webpage","url":"https:\/\/www.visit-ulcinj.com\/blog\/2011\/05\/01\/flori-mumajesi-kengetaret-fitojne-me-shume-para-se-une\/","name":"Flori Mumajesi: K\u00ebng\u00ebtar\u00ebt fitojn\u00eb m\u00eb shum\u00eb para se un\u00eb - Lajme nga Ulqini","isPartOf":{"@id":"https:\/\/www.visit-ulcinj.com\/blog\/#website"},"primaryImageOfPage":{"@id":"https:\/\/www.visit-ulcinj.com\/blog\/2011\/05\/01\/flori-mumajesi-kengetaret-fitojne-me-shume-para-se-une\/#primaryimage"},"datePublished":"2011-05-01T09:47:23+00:00","dateModified":"2011-05-01T09:48:19+00:00","author":{"@id":"https:\/\/www.visit-ulcinj.com\/blog\/#\/schema\/person\/dcab619c614d3038751c63bc2aadc06d"},"description":"Prezantimi i tij i fundit n\u00eb sken\u00ebn e \u201cTop Fest 8\u201d, \u201cTallava\u201d ka rezultuar mjaft i p\u00eblqyer nga fansat, gj\u00eb q\u00eb ka nxitur edhe spekulimet, se Flori Mumajesi","breadcrumb":{"@id":"https:\/\/www.visit-ulcinj.com\/blog\/2011\/05\/01\/flori-mumajesi-kengetaret-fitojne-me-shume-para-se-une\/#breadcrumb"},"inLanguage":"en-US","potentialAction":[{"@type":"ReadAction","target":["https:\/\/www.visit-ulcinj.com\/blog\/2011\/05\/01\/flori-mumajesi-kengetaret-fitojne-me-shume-para-se-une\/"]}]},{"@type":"BreadcrumbList","@id":"https:\/\/www.visit-ulcinj.com\/blog\/2011\/05\/01\/flori-mumajesi-kengetaret-fitojne-me-shume-para-se-une\/#breadcrumb","itemListElement":[{"@type":"ListItem","position":1,"name":"Flori Mumajesi: K\u00ebng\u00ebtar\u00ebt fitojn\u00eb m\u00eb shum\u00eb para se un\u00eb"}]},{"@type":"Person","@id":"https:\/\/www.visit-ulcinj.com\/blog\/#\/schema\/person\/dcab619c614d3038751c63bc2aadc06d","name":"ulqini","sameAs":["http:\/\/www.visit-ulcinj.com"],"url":"https:\/\/www.visit-ulcinj.com\/blog\/author\/admin\/"}]}},"jetpack_featured_media_url":"","jetpack_sharing_enabled":true,"jetpack_shortlink":"https:\/\/wp.me\/pe6lTn-bYk","_links":{"self":[{"href":"https:\/\/www.visit-ulcinj.com\/blog\/wp-json\/wp\/v2\/posts\/46024"}],"collection":[{"href":"https:\/\/www.visit-ulcinj.com\/blog\/wp-json\/wp\/v2\/posts"}],"about":[{"href":"https:\/\/www.visit-ulcinj.com\/blog\/wp-json\/wp\/v2\/types\/post"}],"author":[{"embeddable":true,"href":"https:\/\/www.visit-ulcinj.com\/blog\/wp-json\/wp\/v2\/users\/1"}],"replies":[{"embeddable":true,"href":"https:\/\/www.visit-ulcinj.com\/blog\/wp-json\/wp\/v2\/comments?post=46024"}],"version-history":[{"count":0,"href":"https:\/\/www.visit-ulcinj.com\/blog\/wp-json\/wp\/v2\/posts\/46024\/revisions"}],"wp:attachment":[{"href":"https:\/\/www.visit-ulcinj.com\/blog\/wp-json\/wp\/v2\/media?parent=46024"}],"wp:term":[{"taxonomy":"category","embeddable":true,"href":"https:\/\/www.visit-ulcinj.com\/blog\/wp-json\/wp\/v2\/categories?post=46024"},{"taxonomy":"post_tag","embeddable":true,"href":"https:\/\/www.visit-ulcinj.com\/blog\/wp-json\/wp\/v2\/tags?post=46024"}],"curies":[{"name":"wp","href":"https:\/\/api.w.org\/{rel}","templated":true}]}}