{"id":46031,"date":"2011-05-01T10:57:33","date_gmt":"2011-05-01T09:57:33","guid":{"rendered":"http:\/\/www.visit-ulcinj.com\/blog\/?p=46031"},"modified":"2011-05-01T10:58:30","modified_gmt":"2011-05-01T09:58:30","slug":"aurela-gace-e-dashuruar","status":"publish","type":"post","link":"https:\/\/www.visit-ulcinj.com\/blog\/2011\/05\/01\/aurela-gace-e-dashuruar\/","title":{"rendered":"Aurela Ga\u00e7e e dashuruar"},"content":{"rendered":"<p><strong><a href=\"http:\/\/www.visit-ulcinj.com\/blog\/wp-content\/uploads\/2011\/05\/Aurela-Ga\u00e7e-e-dashuruar.jpg\"><img loading=\"lazy\" class=\"alignleft size-large wp-image-46032\" title=\"Aurela Ga\u00e7e e dashuruar\" src=\"http:\/\/www.visit-ulcinj.com\/blog\/wp-content\/uploads\/2011\/05\/Aurela-Ga\u00e7e-e-dashuruar-954x1024.jpg\" alt=\"\" width=\"508\" height=\"620\" \/><\/a>K\u00ebng\u00ebtarja q\u00eb do t\u00eb p\u00ebrfaq\u00ebsoj\u00eb m\u00eb 10 maj Shqip\u00ebrin\u00eb n\u00eb Eurosong, me k\u00ebng\u00ebn e saj \u201cFeel the passion\u201d, ka pranuar se \u00ebsht\u00eb e dashuruar. <\/strong><\/p>\n<p>P\u00ebr k\u00ebng\u00ebtaren labe Aurela Ga\u00e7e, \u00ebsht\u00eb shkruar pak dit\u00eb m\u00eb par\u00eb, ku sipas mediave, ajo ka krijuar nj\u00eb lidhje romantike me nj\u00eb djal\u00eb t\u00eb quajtur Skerdi, q\u00eb shum\u00eb e kan\u00eb cil\u00ebsuar si menaxherin e saj, duke qen\u00eb se dyshja jan\u00eb par\u00eb ngado bashk\u00eb. Dje, vet\u00eb Aurela e ka pranuar m\u00eb n\u00eb fund, se \u00ebsht\u00eb e dashuruar.<\/p>\n<p>Po, m\u00eb n\u00eb fund mund t\u00eb ndaj me ju k\u00ebt\u00eb ndjenj\u00eb, jam e dashuruar, yes, I\u2019m in love\u201d. K\u00ebt\u00eb deklarat\u00eb, 36-vje\u00e7arja vlonjate e ka pranuar publikisht n\u00eb facebook p\u00ebr fansat e saj, t\u00eb cil\u00ebve ua ka pohuar me d\u00ebshir\u00ebn e saj. K\u00ebng\u00ebtarja e \u201cFeel the passion\u201d ka zgjedhur k\u00ebt\u00eb m\u00ebnyr\u00eb, p\u00ebr t\u00eb konfirmuar thashethemet q\u00eb ishin p\u00ebrhapur lart e posht\u00eb n\u00eb lidhje me t\u00eb.<\/p>\n<p>Nd\u00ebrkaq, i dashuri i saj q\u00eb quhet Skerdi, i cili ka mbaruar studimet e larta p\u00ebr muzik\u00eb, si dhe ka jetuar p\u00ebr shum\u00eb vite n\u00eb Lond\u00ebr t\u00eb Anglis\u00eb, e shoq\u00ebron Aurel\u00ebn ngado ku ajo po shkon p\u00ebr promovimin e k\u00ebng\u00ebs, me t\u00eb cil\u00ebn do t\u00eb ngjitet n\u00eb sken\u00ebn europiane m\u00eb 10 maj.<\/p>\n<p>Festivali Europian Eurosong 2011do t\u00eb zhvillohet n\u00eb Dusseldorf t\u00eb Gjermanis\u00eb, m\u00eb 10, 12 dhe 14 maj, nd\u00ebrsa Aurela do t\u00eb performoj\u00eb m\u00eb 10 maj, e treta n\u00eb radh\u00eb. Emocionet sakaq kan\u00eb nisur\u2026<\/p>\n<!--YouTube Error: bad URL entered-->\n","protected":false},"excerpt":{"rendered":"<p>K\u00ebng\u00ebtarja q\u00eb do t\u00eb p\u00ebrfaq\u00ebsoj\u00eb m\u00eb 10 maj Shqip\u00ebrin\u00eb n\u00eb Eurosong, me k\u00ebng\u00ebn e saj \u201cFeel the passion\u201d, ka pranuar se \u00ebsht\u00eb e dashuruar. P\u00ebr k\u00ebng\u00ebtaren labe Aurela Ga\u00e7e, \u00ebsht\u00eb shkruar pak dit\u00eb m\u00eb par\u00eb, ku sipas mediave, ajo ka krijuar nj\u00eb lidhje romantike me nj\u00eb djal\u00eb t\u00eb quajtur Skerdi, q\u00eb shum\u00eb e kan\u00eb cil\u00ebsuar [&hellip;]<\/p>\n","protected":false},"author":1,"featured_media":0,"comment_status":"open","ping_status":"closed","sticky":false,"template":"","format":"standard","meta":{"spay_email":"","jetpack_publicize_message":"","jetpack_is_tweetstorm":false,"jetpack_publicize_feature_enabled":true},"categories":[1],"tags":[5088],"jetpack_publicize_connections":[],"yoast_head":"<!-- This site is optimized with the Yoast SEO plugin v19.1 - https:\/\/yoast.com\/wordpress\/plugins\/seo\/ -->\n<title>Aurela Ga\u00e7e e dashuruar - Lajme nga Ulqini<\/title>\n<meta name=\"description\" content=\"K\u00ebng\u00ebtarja q\u00eb do t\u00eb p\u00ebrfaq\u00ebsoj\u00eb m\u00eb 10 maj Shqip\u00ebrin\u00eb n\u00eb Eurosong, me k\u00ebng\u00ebn e saj \u201cFeel the passion\u201d, ka pranuar se \u00ebsht\u00eb e dashuruar. P\u00ebr k\u00ebng\u00ebtaren labe\" \/>\n<meta name=\"robots\" content=\"index, follow, max-snippet:-1, max-image-preview:large, max-video-preview:-1\" \/>\n<link rel=\"canonical\" href=\"https:\/\/www.visit-ulcinj.com\/blog\/2011\/05\/01\/aurela-gace-e-dashuruar\/\" \/>\n<meta property=\"og:locale\" content=\"en_US\" \/>\n<meta property=\"og:type\" content=\"article\" \/>\n<meta property=\"og:title\" content=\"Aurela Ga\u00e7e e dashuruar - Lajme nga Ulqini\" \/>\n<meta property=\"og:description\" content=\"K\u00ebng\u00ebtarja q\u00eb do t\u00eb p\u00ebrfaq\u00ebsoj\u00eb m\u00eb 10 maj Shqip\u00ebrin\u00eb n\u00eb Eurosong, me k\u00ebng\u00ebn e saj \u201cFeel the passion\u201d, ka pranuar se \u00ebsht\u00eb e dashuruar. P\u00ebr k\u00ebng\u00ebtaren labe\" \/>\n<meta property=\"og:url\" content=\"https:\/\/www.visit-ulcinj.com\/blog\/2011\/05\/01\/aurela-gace-e-dashuruar\/\" \/>\n<meta property=\"og:site_name\" content=\"Lajme nga Ulqini\" \/>\n<meta property=\"article:published_time\" content=\"2011-05-01T09:57:33+00:00\" \/>\n<meta property=\"article:modified_time\" content=\"2011-05-01T09:58:30+00:00\" \/>\n<meta name=\"twitter:label1\" content=\"Written by\" \/>\n\t<meta name=\"twitter:data1\" content=\"ulqini\" \/>\n\t<meta name=\"twitter:label2\" content=\"Est. reading time\" \/>\n\t<meta name=\"twitter:data2\" content=\"1 minute\" \/>\n<script type=\"application\/ld+json\" class=\"yoast-schema-graph\">{\"@context\":\"https:\/\/schema.org\",\"@graph\":[{\"@type\":\"WebSite\",\"@id\":\"https:\/\/www.visit-ulcinj.com\/blog\/#website\",\"url\":\"https:\/\/www.visit-ulcinj.com\/blog\/\",\"name\":\"Lajme nga Ulqini\",\"description\":\"Lajme,Vijesti,Ulqini,Ulqin,Crna Gora,Mali i Zi\",\"potentialAction\":[{\"@type\":\"SearchAction\",\"target\":{\"@type\":\"EntryPoint\",\"urlTemplate\":\"https:\/\/www.visit-ulcinj.com\/blog\/?s={search_term_string}\"},\"query-input\":\"required name=search_term_string\"}],\"inLanguage\":\"en-US\"},{\"@type\":\"WebPage\",\"@id\":\"https:\/\/www.visit-ulcinj.com\/blog\/2011\/05\/01\/aurela-gace-e-dashuruar\/#webpage\",\"url\":\"https:\/\/www.visit-ulcinj.com\/blog\/2011\/05\/01\/aurela-gace-e-dashuruar\/\",\"name\":\"Aurela Ga\u00e7e e dashuruar - Lajme nga Ulqini\",\"isPartOf\":{\"@id\":\"https:\/\/www.visit-ulcinj.com\/blog\/#website\"},\"datePublished\":\"2011-05-01T09:57:33+00:00\",\"dateModified\":\"2011-05-01T09:58:30+00:00\",\"author\":{\"@id\":\"https:\/\/www.visit-ulcinj.com\/blog\/#\/schema\/person\/dcab619c614d3038751c63bc2aadc06d\"},\"description\":\"K\u00ebng\u00ebtarja q\u00eb do t\u00eb p\u00ebrfaq\u00ebsoj\u00eb m\u00eb 10 maj Shqip\u00ebrin\u00eb n\u00eb Eurosong, me k\u00ebng\u00ebn e saj \u201cFeel the passion\u201d, ka pranuar se \u00ebsht\u00eb e dashuruar. P\u00ebr k\u00ebng\u00ebtaren labe\",\"breadcrumb\":{\"@id\":\"https:\/\/www.visit-ulcinj.com\/blog\/2011\/05\/01\/aurela-gace-e-dashuruar\/#breadcrumb\"},\"inLanguage\":\"en-US\",\"potentialAction\":[{\"@type\":\"ReadAction\",\"target\":[\"https:\/\/www.visit-ulcinj.com\/blog\/2011\/05\/01\/aurela-gace-e-dashuruar\/\"]}]},{\"@type\":\"BreadcrumbList\",\"@id\":\"https:\/\/www.visit-ulcinj.com\/blog\/2011\/05\/01\/aurela-gace-e-dashuruar\/#breadcrumb\",\"itemListElement\":[{\"@type\":\"ListItem\",\"position\":1,\"name\":\"Aurela Ga\u00e7e e dashuruar\"}]},{\"@type\":\"Person\",\"@id\":\"https:\/\/www.visit-ulcinj.com\/blog\/#\/schema\/person\/dcab619c614d3038751c63bc2aadc06d\",\"name\":\"ulqini\",\"sameAs\":[\"http:\/\/www.visit-ulcinj.com\"],\"url\":\"https:\/\/www.visit-ulcinj.com\/blog\/author\/admin\/\"}]}<\/script>\n<!-- \/ Yoast SEO plugin. -->","yoast_head_json":{"title":"Aurela Ga\u00e7e e dashuruar - Lajme nga Ulqini","description":"K\u00ebng\u00ebtarja q\u00eb do t\u00eb p\u00ebrfaq\u00ebsoj\u00eb m\u00eb 10 maj Shqip\u00ebrin\u00eb n\u00eb Eurosong, me k\u00ebng\u00ebn e saj \u201cFeel the passion\u201d, ka pranuar se \u00ebsht\u00eb e dashuruar. P\u00ebr k\u00ebng\u00ebtaren labe","robots":{"index":"index","follow":"follow","max-snippet":"max-snippet:-1","max-image-preview":"max-image-preview:large","max-video-preview":"max-video-preview:-1"},"canonical":"https:\/\/www.visit-ulcinj.com\/blog\/2011\/05\/01\/aurela-gace-e-dashuruar\/","og_locale":"en_US","og_type":"article","og_title":"Aurela Ga\u00e7e e dashuruar - Lajme nga Ulqini","og_description":"K\u00ebng\u00ebtarja q\u00eb do t\u00eb p\u00ebrfaq\u00ebsoj\u00eb m\u00eb 10 maj Shqip\u00ebrin\u00eb n\u00eb Eurosong, me k\u00ebng\u00ebn e saj \u201cFeel the passion\u201d, ka pranuar se \u00ebsht\u00eb e dashuruar. P\u00ebr k\u00ebng\u00ebtaren labe","og_url":"https:\/\/www.visit-ulcinj.com\/blog\/2011\/05\/01\/aurela-gace-e-dashuruar\/","og_site_name":"Lajme nga Ulqini","article_published_time":"2011-05-01T09:57:33+00:00","article_modified_time":"2011-05-01T09:58:30+00:00","twitter_misc":{"Written by":"ulqini","Est. reading time":"1 minute"},"schema":{"@context":"https:\/\/schema.org","@graph":[{"@type":"WebSite","@id":"https:\/\/www.visit-ulcinj.com\/blog\/#website","url":"https:\/\/www.visit-ulcinj.com\/blog\/","name":"Lajme nga Ulqini","description":"Lajme,Vijesti,Ulqini,Ulqin,Crna Gora,Mali i Zi","potentialAction":[{"@type":"SearchAction","target":{"@type":"EntryPoint","urlTemplate":"https:\/\/www.visit-ulcinj.com\/blog\/?s={search_term_string}"},"query-input":"required name=search_term_string"}],"inLanguage":"en-US"},{"@type":"WebPage","@id":"https:\/\/www.visit-ulcinj.com\/blog\/2011\/05\/01\/aurela-gace-e-dashuruar\/#webpage","url":"https:\/\/www.visit-ulcinj.com\/blog\/2011\/05\/01\/aurela-gace-e-dashuruar\/","name":"Aurela Ga\u00e7e e dashuruar - Lajme nga Ulqini","isPartOf":{"@id":"https:\/\/www.visit-ulcinj.com\/blog\/#website"},"datePublished":"2011-05-01T09:57:33+00:00","dateModified":"2011-05-01T09:58:30+00:00","author":{"@id":"https:\/\/www.visit-ulcinj.com\/blog\/#\/schema\/person\/dcab619c614d3038751c63bc2aadc06d"},"description":"K\u00ebng\u00ebtarja q\u00eb do t\u00eb p\u00ebrfaq\u00ebsoj\u00eb m\u00eb 10 maj Shqip\u00ebrin\u00eb n\u00eb Eurosong, me k\u00ebng\u00ebn e saj \u201cFeel the passion\u201d, ka pranuar se \u00ebsht\u00eb e dashuruar. P\u00ebr k\u00ebng\u00ebtaren labe","breadcrumb":{"@id":"https:\/\/www.visit-ulcinj.com\/blog\/2011\/05\/01\/aurela-gace-e-dashuruar\/#breadcrumb"},"inLanguage":"en-US","potentialAction":[{"@type":"ReadAction","target":["https:\/\/www.visit-ulcinj.com\/blog\/2011\/05\/01\/aurela-gace-e-dashuruar\/"]}]},{"@type":"BreadcrumbList","@id":"https:\/\/www.visit-ulcinj.com\/blog\/2011\/05\/01\/aurela-gace-e-dashuruar\/#breadcrumb","itemListElement":[{"@type":"ListItem","position":1,"name":"Aurela Ga\u00e7e e dashuruar"}]},{"@type":"Person","@id":"https:\/\/www.visit-ulcinj.com\/blog\/#\/schema\/person\/dcab619c614d3038751c63bc2aadc06d","name":"ulqini","sameAs":["http:\/\/www.visit-ulcinj.com"],"url":"https:\/\/www.visit-ulcinj.com\/blog\/author\/admin\/"}]}},"jetpack_featured_media_url":"","jetpack_sharing_enabled":true,"jetpack_shortlink":"https:\/\/wp.me\/pe6lTn-bYr","_links":{"self":[{"href":"https:\/\/www.visit-ulcinj.com\/blog\/wp-json\/wp\/v2\/posts\/46031"}],"collection":[{"href":"https:\/\/www.visit-ulcinj.com\/blog\/wp-json\/wp\/v2\/posts"}],"about":[{"href":"https:\/\/www.visit-ulcinj.com\/blog\/wp-json\/wp\/v2\/types\/post"}],"author":[{"embeddable":true,"href":"https:\/\/www.visit-ulcinj.com\/blog\/wp-json\/wp\/v2\/users\/1"}],"replies":[{"embeddable":true,"href":"https:\/\/www.visit-ulcinj.com\/blog\/wp-json\/wp\/v2\/comments?post=46031"}],"version-history":[{"count":0,"href":"https:\/\/www.visit-ulcinj.com\/blog\/wp-json\/wp\/v2\/posts\/46031\/revisions"}],"wp:attachment":[{"href":"https:\/\/www.visit-ulcinj.com\/blog\/wp-json\/wp\/v2\/media?parent=46031"}],"wp:term":[{"taxonomy":"category","embeddable":true,"href":"https:\/\/www.visit-ulcinj.com\/blog\/wp-json\/wp\/v2\/categories?post=46031"},{"taxonomy":"post_tag","embeddable":true,"href":"https:\/\/www.visit-ulcinj.com\/blog\/wp-json\/wp\/v2\/tags?post=46031"}],"curies":[{"name":"wp","href":"https:\/\/api.w.org\/{rel}","templated":true}]}}