{"id":46035,"date":"2011-05-01T11:12:08","date_gmt":"2011-05-01T10:12:08","guid":{"rendered":"http:\/\/www.visit-ulcinj.com\/blog\/?p=46035"},"modified":"2011-05-01T11:12:31","modified_gmt":"2011-05-01T10:12:31","slug":"tuna-u-zhgenjeva-shume-nga-busta-rhymes","status":"publish","type":"post","link":"https:\/\/www.visit-ulcinj.com\/blog\/2011\/05\/01\/tuna-u-zhgenjeva-shume-nga-busta-rhymes\/","title":{"rendered":"Tuna: U zhg\u00ebnjeva shum\u00eb nga Busta Rhymes"},"content":{"rendered":"<p><a href=\"http:\/\/www.visit-ulcinj.com\/blog\/wp-content\/uploads\/2011\/05\/Altuna-Sejdiu-\u2013-Tuna.jpg\"><img loading=\"lazy\" class=\"alignleft size-full wp-image-46036\" title=\"Altuna Sejdiu \u2013 Tuna\" src=\"http:\/\/www.visit-ulcinj.com\/blog\/wp-content\/uploads\/2011\/05\/Altuna-Sejdiu-\u2013-Tuna.jpg\" alt=\"\" width=\"508\" height=\"380\" \/><\/a>K\u00ebng\u00ebtarja Altuna Sejdiu \u2013 Tuna, e cila k\u00ebndoi n\u00eb koncertin e shum\u00ebpritur t\u00eb reperit t\u00eb famsh\u00ebm Busta Rhymes n\u00eb Prishtin\u00eb, \u00ebsht\u00eb shprehur e pak\u00ebnaqur me sjelljen q\u00eb ai ka b\u00ebr\u00eb, derisa ka zbritur n\u00eb aeroportin e Kosov\u00ebs.<\/p>\n<p>Nuk mjaftoi q\u00eb shtyu dy her\u00eb brenda nj\u00eb kohe t\u00eb shkurt\u00ebr datat e koncerteve, por ai nuk ka p\u00ebrsh\u00ebndetur ask\u00ebnd nga personat e pranish\u00ebm q\u00eb e prisnin (mes s\u00eb cil\u00ebve shum\u00eb media dhe fansa), sapo zbriti nga avioni rreth or\u00ebs 15:00 t\u00eb dit\u00ebs s\u00eb Mart\u00eb. Ai zbriti shkall\u00ebt e avionit, duke folur n\u00eb celular dhe me t\u00eb hipur n\u00eb autobusin q\u00eb kishte ardhur enkas p\u00ebr ta marr\u00eb, vuri kufjet n\u00eb vesh dhe nisi t\u00eb d\u00ebgjonte muzik\u00eb, pa e vrar\u00eb mendjen fare p\u00ebr fansat e tij, q\u00eb nj\u00eb nat\u00eb m\u00eb par\u00eb e kishin pritur me or\u00eb n\u00eb koncertin, q\u00eb nuk u realizua, p\u00ebr shkak se Busta kishte \u201cngecur\u201d n\u00eb aeroportin e Rom\u00ebs.<\/p>\n<p>Ai ndoshta ka qen\u00eb shum\u00eb i lodhur, p\u00ebr shkak t\u00eb pritjes s\u00eb gjat\u00eb n\u00eb aeroportin e Rom\u00ebs, gj\u00eb q\u00eb b\u00ebri q\u00eb koncerti t\u00eb shtyhej me nj\u00eb dit\u00eb m\u00eb tep\u00ebr, por gjithsesi gjesti ishte i patoleruesh\u00ebm\u2026 Kjo sjellje e pahijshme nuk i ka shp\u00ebtuar as syrit t\u00eb mpreht\u00eb t\u00eb Tun\u00ebs, e cila ka shkruar k\u00ebshtu dje: \u201cEdhe pse jam shum\u00eb e zhg\u00ebnjyer nga sjellja joprofesionale e nj\u00eb ylli t\u00eb madh si\u00e7 \u00ebsht\u00eb Busta Rhymes, sonte un\u00eb do t\u00eb ndez sken\u00ebn e k\u00ebtij koncerti p\u00ebr fansat e muzik\u00ebs sime\u201d.<\/p>\n<p>Tuna ishte nj\u00eb nga k\u00ebng\u00ebtaret, q\u00eb ngroh\u00ebn atmosfer\u00ebn n\u00eb sall\u00ebn \u201c1 Tetori\u201d, ku m\u00eb n\u00eb fund u zhvillua koncerti i parashikuar p\u00ebr mbr\u00ebmjen e s\u00eb h\u00ebn\u00ebs, ku t\u00eb pakt\u00ebn 3 mij\u00eb fansa kan\u00eb pritur p\u00ebr m\u00eb tep\u00ebr se dy or\u00eb q\u00eb Busta t\u00eb shfaqej n\u00eb sken\u00eb, por kjo gj\u00eb nuk ndodhi. Publikun i irrituar filloi t\u00eb hedh\u00eb kana\u00e7e n\u00eb drejtim t\u00eb nj\u00ebrit prej organizator\u00ebve, teksa ai po u njoftonte t\u00eb pranishm\u00ebve lajmin, se Busta nuk kishte ardhur ende n\u00eb Prishtin\u00eb.<\/p>\n<p>Ve\u00e7 zhg\u00ebnjimit t\u00eb madh t\u00eb t\u00eb rinjve, gjat\u00eb k\u00ebtyre or\u00ebve pritje ka ndodhur edhe nj\u00eb zinxhir aksidentesh automobilistike, ku jan\u00eb p\u00ebrfshir\u00eb me dhjet\u00ebra makina, fatmir\u00ebsisht pa d\u00ebme n\u00eb njer\u00ebz. Koncerti i Busta Rhymes u krye tani, presim t\u00eb shohim se \u00e7do t\u00eb ndodh\u00eb me at\u00eb t\u00eb Shakir\u00ebs, e cila gjithashtu \u00ebsht\u00eb premtuar nga disa organizator\u00eb kosovar\u00eb!<\/p>\n<!--YouTube Error: bad URL entered-->\n","protected":false},"excerpt":{"rendered":"<p>K\u00ebng\u00ebtarja Altuna Sejdiu \u2013 Tuna, e cila k\u00ebndoi n\u00eb koncertin e shum\u00ebpritur t\u00eb reperit t\u00eb famsh\u00ebm Busta Rhymes n\u00eb Prishtin\u00eb, \u00ebsht\u00eb shprehur e pak\u00ebnaqur me sjelljen q\u00eb ai ka b\u00ebr\u00eb, derisa ka zbritur n\u00eb aeroportin e Kosov\u00ebs. Nuk mjaftoi q\u00eb shtyu dy her\u00eb brenda nj\u00eb kohe t\u00eb shkurt\u00ebr datat e koncerteve, por ai nuk ka [&hellip;]<\/p>\n","protected":false},"author":1,"featured_media":0,"comment_status":"open","ping_status":"closed","sticky":false,"template":"","format":"standard","meta":{"spay_email":"","jetpack_publicize_message":"","jetpack_is_tweetstorm":false,"jetpack_publicize_feature_enabled":true},"categories":[1],"tags":[18131],"jetpack_publicize_connections":[],"yoast_head":"<!-- This site is optimized with the Yoast SEO plugin v19.1 - https:\/\/yoast.com\/wordpress\/plugins\/seo\/ -->\n<title>Tuna: U zhg\u00ebnjeva shum\u00eb nga Busta Rhymes - Lajme nga Ulqini<\/title>\n<meta name=\"description\" content=\"K\u00ebng\u00ebtarja Altuna Sejdiu \u2013 Tuna, e cila k\u00ebndoi n\u00eb koncertin e shum\u00ebpritur t\u00eb reperit t\u00eb famsh\u00ebm Busta Rhymes n\u00eb Prishtin\u00eb, \u00ebsht\u00eb shprehur e pak\u00ebnaqur me\" \/>\n<meta name=\"robots\" content=\"index, follow, max-snippet:-1, max-image-preview:large, max-video-preview:-1\" \/>\n<link rel=\"canonical\" href=\"https:\/\/www.visit-ulcinj.com\/blog\/2011\/05\/01\/tuna-u-zhgenjeva-shume-nga-busta-rhymes\/\" \/>\n<meta property=\"og:locale\" content=\"en_US\" \/>\n<meta property=\"og:type\" content=\"article\" \/>\n<meta property=\"og:title\" content=\"Tuna: U zhg\u00ebnjeva shum\u00eb nga Busta Rhymes - Lajme nga Ulqini\" \/>\n<meta property=\"og:description\" content=\"K\u00ebng\u00ebtarja Altuna Sejdiu \u2013 Tuna, e cila k\u00ebndoi n\u00eb koncertin e shum\u00ebpritur t\u00eb reperit t\u00eb famsh\u00ebm Busta Rhymes n\u00eb Prishtin\u00eb, \u00ebsht\u00eb shprehur e pak\u00ebnaqur me\" \/>\n<meta property=\"og:url\" content=\"https:\/\/www.visit-ulcinj.com\/blog\/2011\/05\/01\/tuna-u-zhgenjeva-shume-nga-busta-rhymes\/\" \/>\n<meta property=\"og:site_name\" content=\"Lajme nga Ulqini\" \/>\n<meta property=\"article:published_time\" content=\"2011-05-01T10:12:08+00:00\" \/>\n<meta property=\"article:modified_time\" content=\"2011-05-01T10:12:31+00:00\" \/>\n<meta name=\"twitter:label1\" content=\"Written by\" \/>\n\t<meta name=\"twitter:data1\" content=\"ulqini\" \/>\n\t<meta name=\"twitter:label2\" content=\"Est. reading time\" \/>\n\t<meta name=\"twitter:data2\" content=\"2 minutes\" \/>\n<script type=\"application\/ld+json\" class=\"yoast-schema-graph\">{\"@context\":\"https:\/\/schema.org\",\"@graph\":[{\"@type\":\"WebSite\",\"@id\":\"https:\/\/www.visit-ulcinj.com\/blog\/#website\",\"url\":\"https:\/\/www.visit-ulcinj.com\/blog\/\",\"name\":\"Lajme nga Ulqini\",\"description\":\"Lajme,Vijesti,Ulqini,Ulqin,Crna Gora,Mali i Zi\",\"potentialAction\":[{\"@type\":\"SearchAction\",\"target\":{\"@type\":\"EntryPoint\",\"urlTemplate\":\"https:\/\/www.visit-ulcinj.com\/blog\/?s={search_term_string}\"},\"query-input\":\"required name=search_term_string\"}],\"inLanguage\":\"en-US\"},{\"@type\":\"WebPage\",\"@id\":\"https:\/\/www.visit-ulcinj.com\/blog\/2011\/05\/01\/tuna-u-zhgenjeva-shume-nga-busta-rhymes\/#webpage\",\"url\":\"https:\/\/www.visit-ulcinj.com\/blog\/2011\/05\/01\/tuna-u-zhgenjeva-shume-nga-busta-rhymes\/\",\"name\":\"Tuna: U zhg\u00ebnjeva shum\u00eb nga Busta Rhymes - Lajme nga Ulqini\",\"isPartOf\":{\"@id\":\"https:\/\/www.visit-ulcinj.com\/blog\/#website\"},\"datePublished\":\"2011-05-01T10:12:08+00:00\",\"dateModified\":\"2011-05-01T10:12:31+00:00\",\"author\":{\"@id\":\"https:\/\/www.visit-ulcinj.com\/blog\/#\/schema\/person\/dcab619c614d3038751c63bc2aadc06d\"},\"description\":\"K\u00ebng\u00ebtarja Altuna Sejdiu \u2013 Tuna, e cila k\u00ebndoi n\u00eb koncertin e shum\u00ebpritur t\u00eb reperit t\u00eb famsh\u00ebm Busta Rhymes n\u00eb Prishtin\u00eb, \u00ebsht\u00eb shprehur e pak\u00ebnaqur me\",\"breadcrumb\":{\"@id\":\"https:\/\/www.visit-ulcinj.com\/blog\/2011\/05\/01\/tuna-u-zhgenjeva-shume-nga-busta-rhymes\/#breadcrumb\"},\"inLanguage\":\"en-US\",\"potentialAction\":[{\"@type\":\"ReadAction\",\"target\":[\"https:\/\/www.visit-ulcinj.com\/blog\/2011\/05\/01\/tuna-u-zhgenjeva-shume-nga-busta-rhymes\/\"]}]},{\"@type\":\"BreadcrumbList\",\"@id\":\"https:\/\/www.visit-ulcinj.com\/blog\/2011\/05\/01\/tuna-u-zhgenjeva-shume-nga-busta-rhymes\/#breadcrumb\",\"itemListElement\":[{\"@type\":\"ListItem\",\"position\":1,\"name\":\"Tuna: U zhg\u00ebnjeva shum\u00eb nga Busta Rhymes\"}]},{\"@type\":\"Person\",\"@id\":\"https:\/\/www.visit-ulcinj.com\/blog\/#\/schema\/person\/dcab619c614d3038751c63bc2aadc06d\",\"name\":\"ulqini\",\"sameAs\":[\"http:\/\/www.visit-ulcinj.com\"],\"url\":\"https:\/\/www.visit-ulcinj.com\/blog\/author\/admin\/\"}]}<\/script>\n<!-- \/ Yoast SEO plugin. -->","yoast_head_json":{"title":"Tuna: U zhg\u00ebnjeva shum\u00eb nga Busta Rhymes - Lajme nga Ulqini","description":"K\u00ebng\u00ebtarja Altuna Sejdiu \u2013 Tuna, e cila k\u00ebndoi n\u00eb koncertin e shum\u00ebpritur t\u00eb reperit t\u00eb famsh\u00ebm Busta Rhymes n\u00eb Prishtin\u00eb, \u00ebsht\u00eb shprehur e pak\u00ebnaqur me","robots":{"index":"index","follow":"follow","max-snippet":"max-snippet:-1","max-image-preview":"max-image-preview:large","max-video-preview":"max-video-preview:-1"},"canonical":"https:\/\/www.visit-ulcinj.com\/blog\/2011\/05\/01\/tuna-u-zhgenjeva-shume-nga-busta-rhymes\/","og_locale":"en_US","og_type":"article","og_title":"Tuna: U zhg\u00ebnjeva shum\u00eb nga Busta Rhymes - Lajme nga Ulqini","og_description":"K\u00ebng\u00ebtarja Altuna Sejdiu \u2013 Tuna, e cila k\u00ebndoi n\u00eb koncertin e shum\u00ebpritur t\u00eb reperit t\u00eb famsh\u00ebm Busta Rhymes n\u00eb Prishtin\u00eb, \u00ebsht\u00eb shprehur e pak\u00ebnaqur me","og_url":"https:\/\/www.visit-ulcinj.com\/blog\/2011\/05\/01\/tuna-u-zhgenjeva-shume-nga-busta-rhymes\/","og_site_name":"Lajme nga Ulqini","article_published_time":"2011-05-01T10:12:08+00:00","article_modified_time":"2011-05-01T10:12:31+00:00","twitter_misc":{"Written by":"ulqini","Est. reading time":"2 minutes"},"schema":{"@context":"https:\/\/schema.org","@graph":[{"@type":"WebSite","@id":"https:\/\/www.visit-ulcinj.com\/blog\/#website","url":"https:\/\/www.visit-ulcinj.com\/blog\/","name":"Lajme nga Ulqini","description":"Lajme,Vijesti,Ulqini,Ulqin,Crna Gora,Mali i Zi","potentialAction":[{"@type":"SearchAction","target":{"@type":"EntryPoint","urlTemplate":"https:\/\/www.visit-ulcinj.com\/blog\/?s={search_term_string}"},"query-input":"required name=search_term_string"}],"inLanguage":"en-US"},{"@type":"WebPage","@id":"https:\/\/www.visit-ulcinj.com\/blog\/2011\/05\/01\/tuna-u-zhgenjeva-shume-nga-busta-rhymes\/#webpage","url":"https:\/\/www.visit-ulcinj.com\/blog\/2011\/05\/01\/tuna-u-zhgenjeva-shume-nga-busta-rhymes\/","name":"Tuna: U zhg\u00ebnjeva shum\u00eb nga Busta Rhymes - Lajme nga Ulqini","isPartOf":{"@id":"https:\/\/www.visit-ulcinj.com\/blog\/#website"},"datePublished":"2011-05-01T10:12:08+00:00","dateModified":"2011-05-01T10:12:31+00:00","author":{"@id":"https:\/\/www.visit-ulcinj.com\/blog\/#\/schema\/person\/dcab619c614d3038751c63bc2aadc06d"},"description":"K\u00ebng\u00ebtarja Altuna Sejdiu \u2013 Tuna, e cila k\u00ebndoi n\u00eb koncertin e shum\u00ebpritur t\u00eb reperit t\u00eb famsh\u00ebm Busta Rhymes n\u00eb Prishtin\u00eb, \u00ebsht\u00eb shprehur e pak\u00ebnaqur me","breadcrumb":{"@id":"https:\/\/www.visit-ulcinj.com\/blog\/2011\/05\/01\/tuna-u-zhgenjeva-shume-nga-busta-rhymes\/#breadcrumb"},"inLanguage":"en-US","potentialAction":[{"@type":"ReadAction","target":["https:\/\/www.visit-ulcinj.com\/blog\/2011\/05\/01\/tuna-u-zhgenjeva-shume-nga-busta-rhymes\/"]}]},{"@type":"BreadcrumbList","@id":"https:\/\/www.visit-ulcinj.com\/blog\/2011\/05\/01\/tuna-u-zhgenjeva-shume-nga-busta-rhymes\/#breadcrumb","itemListElement":[{"@type":"ListItem","position":1,"name":"Tuna: U zhg\u00ebnjeva shum\u00eb nga Busta Rhymes"}]},{"@type":"Person","@id":"https:\/\/www.visit-ulcinj.com\/blog\/#\/schema\/person\/dcab619c614d3038751c63bc2aadc06d","name":"ulqini","sameAs":["http:\/\/www.visit-ulcinj.com"],"url":"https:\/\/www.visit-ulcinj.com\/blog\/author\/admin\/"}]}},"jetpack_featured_media_url":"","jetpack_sharing_enabled":true,"jetpack_shortlink":"https:\/\/wp.me\/pe6lTn-bYv","_links":{"self":[{"href":"https:\/\/www.visit-ulcinj.com\/blog\/wp-json\/wp\/v2\/posts\/46035"}],"collection":[{"href":"https:\/\/www.visit-ulcinj.com\/blog\/wp-json\/wp\/v2\/posts"}],"about":[{"href":"https:\/\/www.visit-ulcinj.com\/blog\/wp-json\/wp\/v2\/types\/post"}],"author":[{"embeddable":true,"href":"https:\/\/www.visit-ulcinj.com\/blog\/wp-json\/wp\/v2\/users\/1"}],"replies":[{"embeddable":true,"href":"https:\/\/www.visit-ulcinj.com\/blog\/wp-json\/wp\/v2\/comments?post=46035"}],"version-history":[{"count":0,"href":"https:\/\/www.visit-ulcinj.com\/blog\/wp-json\/wp\/v2\/posts\/46035\/revisions"}],"wp:attachment":[{"href":"https:\/\/www.visit-ulcinj.com\/blog\/wp-json\/wp\/v2\/media?parent=46035"}],"wp:term":[{"taxonomy":"category","embeddable":true,"href":"https:\/\/www.visit-ulcinj.com\/blog\/wp-json\/wp\/v2\/categories?post=46035"},{"taxonomy":"post_tag","embeddable":true,"href":"https:\/\/www.visit-ulcinj.com\/blog\/wp-json\/wp\/v2\/tags?post=46035"}],"curies":[{"name":"wp","href":"https:\/\/api.w.org\/{rel}","templated":true}]}}