{"id":46068,"date":"2011-05-02T08:58:28","date_gmt":"2011-05-02T07:58:28","guid":{"rendered":"http:\/\/www.visit-ulcinj.com\/blog\/?p=46068"},"modified":"2011-05-04T14:50:49","modified_gmt":"2011-05-04T13:50:49","slug":"faqja-e-organizates-turistike-te-ulqinit-se-shpejti-ne-internet","status":"publish","type":"post","link":"https:\/\/www.visit-ulcinj.com\/blog\/2011\/05\/02\/faqja-e-organizates-turistike-te-ulqinit-se-shpejti-ne-internet\/","title":{"rendered":"Faqja e Organizates turistike t\u00eb Ulqinit s\u00eb shpejti n\u00eb internet"},"content":{"rendered":"<p><a href=\"http:\/\/www.visit-ulcinj.com\/blog\/wp-content\/uploads\/2011\/05\/Ali-Rexha-_-Drejtor_Organizata-turistike-e-Ulqinit.jpg\"><img loading=\"lazy\" class=\"alignleft size-full wp-image-46069\" title=\"Ali-Rexha-_-Drejtor_Organizata-turistike-e-Ulqinit\" src=\"http:\/\/www.visit-ulcinj.com\/blog\/wp-content\/uploads\/2011\/05\/Ali-Rexha-_-Drejtor_Organizata-turistike-e-Ulqinit.jpg\" alt=\"\" width=\"508\" height=\"380\" srcset=\"https:\/\/www.visit-ulcinj.com\/blog\/wp-content\/uploads\/2011\/05\/Ali-Rexha-_-Drejtor_Organizata-turistike-e-Ulqinit.jpg 1024w, https:\/\/www.visit-ulcinj.com\/blog\/wp-content\/uploads\/2011\/05\/Ali-Rexha-_-Drejtor_Organizata-turistike-e-Ulqinit-300x225.jpg 300w\" sizes=\"(max-width: 508px) 100vw, 508px\" \/><\/a>Nuk ka kaluar ne heshtje hedhja n\u00eb online e faqes turistike n\u00eb internet.Dit\u00ebn e h\u00ebn\u00eb u takova me Ali Rexh\u00ebn drejtor i organizat\u00ebs turistike t\u00eb ulqinit,ashtu si\u00e7 dhe me paralajm\u00ebroj,se \u00ebsht\u00eb sigluar startimi zyrtar i k\u00ebtij produkti t\u00eb ri mediatik n\u00eb online, e cila do krijon nj\u00eb impakt t\u00eb r\u00ebnd\u00ebsish\u00ebm n\u00eb njohjen e ve\u00e7orive turistike, kulturore, historike dhe natyrore t\u00eb komun\u00ebs s\u00eb Ulqinit.<\/p>\n<p>Ali Rexha theksoj impenjimin maksimal t\u00eb stafit dhe bashk\u00ebpun\u00ebtor\u00ebve p\u00ebr t\u00eb sjell\u00eb nj\u00eb produkt t\u00eb till mediatik t\u00eb sakt\u00eb, kualitativ dhe me vlera t\u00eb pallogaritshme p\u00ebr Ulqinin. Nuk \u00ebsht\u00eb e v\u00ebshtir\u00eb t\u00eb kuptosh se ky do t\u00eb jet\u00eb nj\u00eb web q\u00eb do t\u00eb ec\u00eb shum\u00eb mir\u00eb fal\u00eb angazhimit skrupuloz t\u00eb drejtuesit t\u00eb komun\u00ebs s\u00eb Ulqinit me p\u00ebrvoj\u00eb n\u00eb shtypin e median lokale dhe komb\u00ebtare dhe pasionant i fush\u00ebs s\u00eb turizmit e kultur\u00ebs.<\/p>\n<p>Disa detaje rreth dizajnimit t\u00eb faqes, ka dh\u00ebn\u00eb \u00a0Ali Rexha i cili theksoj se web sajti i OTU-s do krijohet me dizajnet moderne ku do\u00a0 p\u00ebrdoren zgjedhje optimale t\u00eb k\u00ebsaj fushe dhe q\u00eb s\u00eb shpejti pritet t\u00eb b\u00ebhet dhe intro e flash-it t\u00eb par\u00eb me faqen kryesore,duke sjell\u00eb nj\u00eb risi t\u00eb k\u00ebsaj fushe. Jan\u00eb nj\u00eb s\u00ebr\u00eb rubrikash interesante q\u00eb do paraqiten mjaft k\u00ebndsh\u00ebm,nd\u00ebrsa \u00ebsht\u00eb konceptuar si nj\u00eb web q\u00eb shpalos nj\u00eb Ulqin integral\u00eb n\u00eb fushat e ndryshme t\u00eb jet\u00ebs s\u00eb saj.<\/p>\n<p>Ai theksoi se webi i OTU-s \u00a0vjen natyrshem, si nje domosdoshmeri e zhillimeve qe po prek Ulqinin.<\/p>\n<p>Ali Rexha drejtor i organizat\u00ebs turistike t\u00eb ulqinit, ka b\u00ebr\u00eb nj\u00eb paraqitje t\u00eb rubrikave t\u00eb (Ulqini turistik\u00eb), duke theksuar se gjithcka vjen n\u00eb kohen e duhur dhe i ndihmon zhvillimit ekonomik t\u00eb zon\u00ebs, q\u00eb n\u00eb fund t\u00eb fundit, ekosistemi i saj i sjell nj\u00eb perspektiv\u00eb t\u00eb qart\u00eb drejt turizmit veror . Gjithcka do t\u00eb vij\u00eb n\u00eb k\u00ebt\u00eb faqe web-i sa i p\u00ebrket resursit turistik nga t\u00eb t\u00ebra zonat,duke eksplouar n\u00eb imt\u00ebsi gj\u00ebrat e vyera si nj\u00eb vler\u00eb e integruar me t\u00ebr\u00eb pasurit\u00eb kulturore,historike e natyrore t\u00eb Ulqinit. Ai theksoj se do t\u00eb ket\u00eb nj\u00eb ekulib\u00ebr t\u00eb pranuesh\u00ebm n\u00eb trajtimin e temave t\u00eb ndryshme dhe ku pariteti ka t\u00eb b\u00ebj\u00eb vet\u00ebm me t\u00eb v\u00ebrteten historike,dokumentacionin,arshiv\u00ebn e sakt\u00eb si dhe qart\u00ebsimin e pozicionit\u00a0 turistik q\u00eb ka komuna e Ulqinit krahasuar me trevat e tjera. Ai k\u00ebrkoj bashk\u00ebpunim t\u00eb nj\u00ebsive vendore dhe gjith\u00eb operator\u00ebve t\u00eb tjer\u00eb qoft\u00eb privat apo shtet\u00ebror,pasi k\u00ebtu n\u00eb k\u00ebt\u00eb faqe do t\u00eb mblidhet kualiteti m\u00eb i mir\u00eb intelektual dhe eksplorues q\u00eb do t\u00eb jap\u00eb asistenc\u00ebn e duhur p\u00ebr nj\u00eb turiz\u00ebm perspektiv t\u00eb q\u00ebndruesh\u00ebm.<\/p>\n<p>G\u00ebzim Hajdinaga, kryetar \u00a0i komun\u00ebs s\u00eb Ulqinit, ka theksuar\u00a0 se turizmi ka qen\u00eb besimi im q\u00ebkur jam v\u00ebn\u00eb n\u00eb drejtimin e k\u00ebsaj komune, duke u mb\u00ebshtetur ne integrimin rajonal e global q\u00eb koha paraqet dhe tashm\u00eb njer\u00ebzit po kuptojn\u00eb urat e reja t\u00eb komunikimit p\u00ebr t\u00eb qen\u00eb fleksib\u00ebl ndaj zhvillimeve t\u00eb shpejta q\u00eb po ndodhin ne Ulqin. Kemi idealizuar ato q\u00eb dukeshin utopike dikur,por q\u00eb tani po b\u00ebhen realitet,q\u00eb nga ura e Port milen\u00ebs q\u00eb \u00ebsht\u00eb kthyer n\u00eb nj\u00eb vep\u00ebr t\u00eb madhe turistike, gjith\u00eb vendet dhe pikat e bukura t\u00eb Ulqinit,duke e b\u00ebr\u00eb realitet Ulqinin n\u00eb mes trianglit zhvillimor q\u00eb ajo gjindet. Kjo faqe e web-i \u00ebsht\u00eb gjetja m\u00eb e duhur e q\u00eb u paraprin k\u00ebtyre projekteve madhore p\u00ebr Ulqinin ton\u00eb theksoi ai.<\/p>\n<p>M\u00eb tej \u00ebsht\u00eb kaluar n\u00eb diskutime t\u00eb lira,ku kam diskutuar me Ali Rexh\u00ebn i cili premtoj bashk\u00ebpunim n\u00eb mes\u00a0 gjith\u00eb faktor\u00ebve,pushteteve vendore dhe faktorit intelektuale krijues.Ali Rexha, k\u00ebrkoj q\u00eb kjo faqe interneti t\u00eb ket\u00eb sakt\u00ebsi, k\u00ebshillim e paanshm\u00ebri n\u00eb trajtesa dhe m\u00eb shum\u00eb eksplorime turistike dhe promocione turistike t\u00eb mir\u00ebfillta, p\u00ebr t\u00eb shkuar drejt nj\u00eb enciklopedie p\u00ebr Ulqinin.<\/p>\n<p>Ai theksoj nevoj\u00ebn e nj\u00eb bashk\u00ebpunim t\u00eb gjithansh\u00ebm,nd\u00ebrsa sygjeroj p\u00ebr nj\u00eb simbolik\u00eb m\u00eb t\u00eb gjetur p\u00ebr logon e k\u00ebti webi.<\/p>\n<p><strong><!--YouTube Error: bad URL entered--><br \/>\n<\/strong><\/p>\n","protected":false},"excerpt":{"rendered":"<p>Nuk ka kaluar ne heshtje hedhja n\u00eb online e faqes turistike n\u00eb internet.Dit\u00ebn e h\u00ebn\u00eb u takova me Ali Rexh\u00ebn drejtor i organizat\u00ebs turistike t\u00eb ulqinit,ashtu si\u00e7 dhe me paralajm\u00ebroj,se \u00ebsht\u00eb sigluar startimi zyrtar i k\u00ebtij produkti t\u00eb ri mediatik n\u00eb online, e cila do krijon nj\u00eb impakt t\u00eb r\u00ebnd\u00ebsish\u00ebm n\u00eb njohjen e ve\u00e7orive turistike, [&hellip;]<\/p>\n","protected":false},"author":1,"featured_media":0,"comment_status":"open","ping_status":"closed","sticky":false,"template":"","format":"standard","meta":{"spay_email":"","jetpack_publicize_message":"","jetpack_is_tweetstorm":false,"jetpack_publicize_feature_enabled":true},"categories":[10,1],"tags":[8027,671,18136,200,18],"jetpack_publicize_connections":[],"yoast_head":"<!-- This site is optimized with the Yoast SEO plugin v19.1 - https:\/\/yoast.com\/wordpress\/plugins\/seo\/ -->\n<title>Faqja e Organizates turistike t\u00eb Ulqinit s\u00eb shpejti n\u00eb internet - Lajme nga Ulqini<\/title>\n<meta name=\"description\" content=\"Nuk ka kaluar ne heshtje hedhja n\u00eb online e faqes turistike n\u00eb internet.Dit\u00ebn e h\u00ebn\u00eb u takova me Ali Rexh\u00ebn drejtor i organizat\u00ebs turistike t\u00eb\" \/>\n<meta name=\"robots\" content=\"index, follow, max-snippet:-1, max-image-preview:large, max-video-preview:-1\" \/>\n<link rel=\"canonical\" href=\"https:\/\/www.visit-ulcinj.com\/blog\/2011\/05\/02\/faqja-e-organizates-turistike-te-ulqinit-se-shpejti-ne-internet\/\" \/>\n<meta property=\"og:locale\" content=\"en_US\" \/>\n<meta property=\"og:type\" content=\"article\" \/>\n<meta property=\"og:title\" content=\"Faqja e Organizates turistike t\u00eb Ulqinit s\u00eb shpejti n\u00eb internet - Lajme nga Ulqini\" \/>\n<meta property=\"og:description\" content=\"Nuk ka kaluar ne heshtje hedhja n\u00eb online e faqes turistike n\u00eb internet.Dit\u00ebn e h\u00ebn\u00eb u takova me Ali Rexh\u00ebn drejtor i organizat\u00ebs turistike t\u00eb\" \/>\n<meta property=\"og:url\" content=\"https:\/\/www.visit-ulcinj.com\/blog\/2011\/05\/02\/faqja-e-organizates-turistike-te-ulqinit-se-shpejti-ne-internet\/\" \/>\n<meta property=\"og:site_name\" content=\"Lajme nga Ulqini\" \/>\n<meta property=\"article:published_time\" content=\"2011-05-02T07:58:28+00:00\" \/>\n<meta property=\"article:modified_time\" content=\"2011-05-04T13:50:49+00:00\" \/>\n<meta property=\"og:image\" content=\"http:\/\/www.visit-ulcinj.com\/blog\/wp-content\/uploads\/2011\/05\/Ali-Rexha-_-Drejtor_Organizata-turistike-e-Ulqinit.jpg\" \/>\n<meta name=\"twitter:label1\" content=\"Written by\" \/>\n\t<meta name=\"twitter:data1\" content=\"ulqini\" \/>\n\t<meta name=\"twitter:label2\" content=\"Est. reading time\" \/>\n\t<meta name=\"twitter:data2\" content=\"4 minutes\" \/>\n<script type=\"application\/ld+json\" class=\"yoast-schema-graph\">{\"@context\":\"https:\/\/schema.org\",\"@graph\":[{\"@type\":\"WebSite\",\"@id\":\"https:\/\/www.visit-ulcinj.com\/blog\/#website\",\"url\":\"https:\/\/www.visit-ulcinj.com\/blog\/\",\"name\":\"Lajme nga Ulqini\",\"description\":\"Lajme,Vijesti,Ulqini,Ulqin,Crna Gora,Mali i Zi\",\"potentialAction\":[{\"@type\":\"SearchAction\",\"target\":{\"@type\":\"EntryPoint\",\"urlTemplate\":\"https:\/\/www.visit-ulcinj.com\/blog\/?s={search_term_string}\"},\"query-input\":\"required name=search_term_string\"}],\"inLanguage\":\"en-US\"},{\"@type\":\"ImageObject\",\"inLanguage\":\"en-US\",\"@id\":\"https:\/\/www.visit-ulcinj.com\/blog\/2011\/05\/02\/faqja-e-organizates-turistike-te-ulqinit-se-shpejti-ne-internet\/#primaryimage\",\"url\":\"https:\/\/www.visit-ulcinj.com\/blog\/wp-content\/uploads\/2011\/05\/Ali-Rexha-_-Drejtor_Organizata-turistike-e-Ulqinit.jpg\",\"contentUrl\":\"https:\/\/www.visit-ulcinj.com\/blog\/wp-content\/uploads\/2011\/05\/Ali-Rexha-_-Drejtor_Organizata-turistike-e-Ulqinit.jpg\",\"width\":\"1024\",\"height\":\"768\"},{\"@type\":\"WebPage\",\"@id\":\"https:\/\/www.visit-ulcinj.com\/blog\/2011\/05\/02\/faqja-e-organizates-turistike-te-ulqinit-se-shpejti-ne-internet\/#webpage\",\"url\":\"https:\/\/www.visit-ulcinj.com\/blog\/2011\/05\/02\/faqja-e-organizates-turistike-te-ulqinit-se-shpejti-ne-internet\/\",\"name\":\"Faqja e Organizates turistike t\u00eb Ulqinit s\u00eb shpejti n\u00eb internet - Lajme nga Ulqini\",\"isPartOf\":{\"@id\":\"https:\/\/www.visit-ulcinj.com\/blog\/#website\"},\"primaryImageOfPage\":{\"@id\":\"https:\/\/www.visit-ulcinj.com\/blog\/2011\/05\/02\/faqja-e-organizates-turistike-te-ulqinit-se-shpejti-ne-internet\/#primaryimage\"},\"datePublished\":\"2011-05-02T07:58:28+00:00\",\"dateModified\":\"2011-05-04T13:50:49+00:00\",\"author\":{\"@id\":\"https:\/\/www.visit-ulcinj.com\/blog\/#\/schema\/person\/dcab619c614d3038751c63bc2aadc06d\"},\"description\":\"Nuk ka kaluar ne heshtje hedhja n\u00eb online e faqes turistike n\u00eb internet.Dit\u00ebn e h\u00ebn\u00eb u takova me Ali Rexh\u00ebn drejtor i organizat\u00ebs turistike t\u00eb\",\"breadcrumb\":{\"@id\":\"https:\/\/www.visit-ulcinj.com\/blog\/2011\/05\/02\/faqja-e-organizates-turistike-te-ulqinit-se-shpejti-ne-internet\/#breadcrumb\"},\"inLanguage\":\"en-US\",\"potentialAction\":[{\"@type\":\"ReadAction\",\"target\":[\"https:\/\/www.visit-ulcinj.com\/blog\/2011\/05\/02\/faqja-e-organizates-turistike-te-ulqinit-se-shpejti-ne-internet\/\"]}]},{\"@type\":\"BreadcrumbList\",\"@id\":\"https:\/\/www.visit-ulcinj.com\/blog\/2011\/05\/02\/faqja-e-organizates-turistike-te-ulqinit-se-shpejti-ne-internet\/#breadcrumb\",\"itemListElement\":[{\"@type\":\"ListItem\",\"position\":1,\"name\":\"Faqja e Organizates turistike t\u00eb Ulqinit s\u00eb shpejti n\u00eb internet\"}]},{\"@type\":\"Person\",\"@id\":\"https:\/\/www.visit-ulcinj.com\/blog\/#\/schema\/person\/dcab619c614d3038751c63bc2aadc06d\",\"name\":\"ulqini\",\"sameAs\":[\"http:\/\/www.visit-ulcinj.com\"],\"url\":\"https:\/\/www.visit-ulcinj.com\/blog\/author\/admin\/\"}]}<\/script>\n<!-- \/ Yoast SEO plugin. -->","yoast_head_json":{"title":"Faqja e Organizates turistike t\u00eb Ulqinit s\u00eb shpejti n\u00eb internet - Lajme nga Ulqini","description":"Nuk ka kaluar ne heshtje hedhja n\u00eb online e faqes turistike n\u00eb internet.Dit\u00ebn e h\u00ebn\u00eb u takova me Ali Rexh\u00ebn drejtor i organizat\u00ebs turistike t\u00eb","robots":{"index":"index","follow":"follow","max-snippet":"max-snippet:-1","max-image-preview":"max-image-preview:large","max-video-preview":"max-video-preview:-1"},"canonical":"https:\/\/www.visit-ulcinj.com\/blog\/2011\/05\/02\/faqja-e-organizates-turistike-te-ulqinit-se-shpejti-ne-internet\/","og_locale":"en_US","og_type":"article","og_title":"Faqja e Organizates turistike t\u00eb Ulqinit s\u00eb shpejti n\u00eb internet - Lajme nga Ulqini","og_description":"Nuk ka kaluar ne heshtje hedhja n\u00eb online e faqes turistike n\u00eb internet.Dit\u00ebn e h\u00ebn\u00eb u takova me Ali Rexh\u00ebn drejtor i organizat\u00ebs turistike t\u00eb","og_url":"https:\/\/www.visit-ulcinj.com\/blog\/2011\/05\/02\/faqja-e-organizates-turistike-te-ulqinit-se-shpejti-ne-internet\/","og_site_name":"Lajme nga Ulqini","article_published_time":"2011-05-02T07:58:28+00:00","article_modified_time":"2011-05-04T13:50:49+00:00","og_image":[{"url":"http:\/\/www.visit-ulcinj.com\/blog\/wp-content\/uploads\/2011\/05\/Ali-Rexha-_-Drejtor_Organizata-turistike-e-Ulqinit.jpg"}],"twitter_misc":{"Written by":"ulqini","Est. reading time":"4 minutes"},"schema":{"@context":"https:\/\/schema.org","@graph":[{"@type":"WebSite","@id":"https:\/\/www.visit-ulcinj.com\/blog\/#website","url":"https:\/\/www.visit-ulcinj.com\/blog\/","name":"Lajme nga Ulqini","description":"Lajme,Vijesti,Ulqini,Ulqin,Crna Gora,Mali i Zi","potentialAction":[{"@type":"SearchAction","target":{"@type":"EntryPoint","urlTemplate":"https:\/\/www.visit-ulcinj.com\/blog\/?s={search_term_string}"},"query-input":"required name=search_term_string"}],"inLanguage":"en-US"},{"@type":"ImageObject","inLanguage":"en-US","@id":"https:\/\/www.visit-ulcinj.com\/blog\/2011\/05\/02\/faqja-e-organizates-turistike-te-ulqinit-se-shpejti-ne-internet\/#primaryimage","url":"https:\/\/www.visit-ulcinj.com\/blog\/wp-content\/uploads\/2011\/05\/Ali-Rexha-_-Drejtor_Organizata-turistike-e-Ulqinit.jpg","contentUrl":"https:\/\/www.visit-ulcinj.com\/blog\/wp-content\/uploads\/2011\/05\/Ali-Rexha-_-Drejtor_Organizata-turistike-e-Ulqinit.jpg","width":"1024","height":"768"},{"@type":"WebPage","@id":"https:\/\/www.visit-ulcinj.com\/blog\/2011\/05\/02\/faqja-e-organizates-turistike-te-ulqinit-se-shpejti-ne-internet\/#webpage","url":"https:\/\/www.visit-ulcinj.com\/blog\/2011\/05\/02\/faqja-e-organizates-turistike-te-ulqinit-se-shpejti-ne-internet\/","name":"Faqja e Organizates turistike t\u00eb Ulqinit s\u00eb shpejti n\u00eb internet - Lajme nga Ulqini","isPartOf":{"@id":"https:\/\/www.visit-ulcinj.com\/blog\/#website"},"primaryImageOfPage":{"@id":"https:\/\/www.visit-ulcinj.com\/blog\/2011\/05\/02\/faqja-e-organizates-turistike-te-ulqinit-se-shpejti-ne-internet\/#primaryimage"},"datePublished":"2011-05-02T07:58:28+00:00","dateModified":"2011-05-04T13:50:49+00:00","author":{"@id":"https:\/\/www.visit-ulcinj.com\/blog\/#\/schema\/person\/dcab619c614d3038751c63bc2aadc06d"},"description":"Nuk ka kaluar ne heshtje hedhja n\u00eb online e faqes turistike n\u00eb internet.Dit\u00ebn e h\u00ebn\u00eb u takova me Ali Rexh\u00ebn drejtor i organizat\u00ebs turistike t\u00eb","breadcrumb":{"@id":"https:\/\/www.visit-ulcinj.com\/blog\/2011\/05\/02\/faqja-e-organizates-turistike-te-ulqinit-se-shpejti-ne-internet\/#breadcrumb"},"inLanguage":"en-US","potentialAction":[{"@type":"ReadAction","target":["https:\/\/www.visit-ulcinj.com\/blog\/2011\/05\/02\/faqja-e-organizates-turistike-te-ulqinit-se-shpejti-ne-internet\/"]}]},{"@type":"BreadcrumbList","@id":"https:\/\/www.visit-ulcinj.com\/blog\/2011\/05\/02\/faqja-e-organizates-turistike-te-ulqinit-se-shpejti-ne-internet\/#breadcrumb","itemListElement":[{"@type":"ListItem","position":1,"name":"Faqja e Organizates turistike t\u00eb Ulqinit s\u00eb shpejti n\u00eb internet"}]},{"@type":"Person","@id":"https:\/\/www.visit-ulcinj.com\/blog\/#\/schema\/person\/dcab619c614d3038751c63bc2aadc06d","name":"ulqini","sameAs":["http:\/\/www.visit-ulcinj.com"],"url":"https:\/\/www.visit-ulcinj.com\/blog\/author\/admin\/"}]}},"jetpack_featured_media_url":"","jetpack_sharing_enabled":true,"jetpack_shortlink":"https:\/\/wp.me\/pe6lTn-bZ2","_links":{"self":[{"href":"https:\/\/www.visit-ulcinj.com\/blog\/wp-json\/wp\/v2\/posts\/46068"}],"collection":[{"href":"https:\/\/www.visit-ulcinj.com\/blog\/wp-json\/wp\/v2\/posts"}],"about":[{"href":"https:\/\/www.visit-ulcinj.com\/blog\/wp-json\/wp\/v2\/types\/post"}],"author":[{"embeddable":true,"href":"https:\/\/www.visit-ulcinj.com\/blog\/wp-json\/wp\/v2\/users\/1"}],"replies":[{"embeddable":true,"href":"https:\/\/www.visit-ulcinj.com\/blog\/wp-json\/wp\/v2\/comments?post=46068"}],"version-history":[{"count":0,"href":"https:\/\/www.visit-ulcinj.com\/blog\/wp-json\/wp\/v2\/posts\/46068\/revisions"}],"wp:attachment":[{"href":"https:\/\/www.visit-ulcinj.com\/blog\/wp-json\/wp\/v2\/media?parent=46068"}],"wp:term":[{"taxonomy":"category","embeddable":true,"href":"https:\/\/www.visit-ulcinj.com\/blog\/wp-json\/wp\/v2\/categories?post=46068"},{"taxonomy":"post_tag","embeddable":true,"href":"https:\/\/www.visit-ulcinj.com\/blog\/wp-json\/wp\/v2\/tags?post=46068"}],"curies":[{"name":"wp","href":"https:\/\/api.w.org\/{rel}","templated":true}]}}