{"id":46086,"date":"2011-05-03T09:27:31","date_gmt":"2011-05-03T08:27:31","guid":{"rendered":"http:\/\/www.visit-ulcinj.com\/blog\/?p=46086"},"modified":"2011-05-03T12:53:21","modified_gmt":"2011-05-03T11:53:21","slug":"forca-rinore-paraqet-ekspoziten-e-fotografise-2011","status":"publish","type":"post","link":"https:\/\/www.visit-ulcinj.com\/blog\/2011\/05\/03\/forca-rinore-paraqet-ekspoziten-e-fotografise-2011\/","title":{"rendered":"Forca Rinore paraqet ekspozit\u00ebn e fotografis\u00eb 2011"},"content":{"rendered":"<p><a href=\"http:\/\/www.visit-ulcinj.com\/blog\/wp-content\/uploads\/2011\/05\/Ekspozita-e-Fotografise-2011_Forca-Rinore.15.jpg\"><img loading=\"lazy\" class=\"alignleft size-full wp-image-46101\" title=\"Ekspozita e Fotografise 2011_Forca Rinore.15\" src=\"http:\/\/www.visit-ulcinj.com\/blog\/wp-content\/uploads\/2011\/05\/Ekspozita-e-Fotografise-2011_Forca-Rinore.15.jpg\" alt=\"\" width=\"508\" height=\"380\" \/><\/a>N\u00eb organizimin e &#8220;Forc\u00ebs Rinore&#8221; ekspozita e par\u00eb ka filluar para 3 viteve t\u00eb cil\u00eb e kan\u00eb organizua n\u00eb Ulqin dhe tani \u00ebsht\u00eb b\u00ebr\u00eb tradicionale.<br \/>\nN\u00eb k\u00ebt\u00eb vit me 25 janar 2011 u b\u00eb konkursi i fotografis dhe zgjati deri m\u00eb 15 prill, ku m\u00eb tep\u00ebr se 700 fotografi jan\u00eb paraqit konkursit t\u00eb fotografis\u00eb, ku nga juria profesionale \u00ebsht\u00eb b\u00eb zgjedhja e fotografive\u00a0m\u00eb t\u00eb bukura.<\/p>\n<p>Cmimi i pare &#8211; Sead Lika &#8211; 300 euro- Ulqin<\/p>\n<p>Cmimi i dyte &#8211; Andjela Rajkovic &#8211; Kolashin &#8211; 200 euro<\/p>\n<p>Cmimi i trete &#8211; Adriana Hoxha &#8211; 100 euro &#8211; Ulqin<\/p>\n<p>&nbsp;<\/p>\n<p>Cmimi MMS &#8211; Arben Vukoviq 100 eura &#8211; Ulqin<\/p>\n<p>Cmimi Montazhe &#8211; Andrija Cetkoviq 100 euro &#8211; Ulqin<\/p>\n<p>&nbsp;<\/p>\n<p><strong>Juria:<\/strong> Ante Bakovic- Kryetare i jurise<\/p>\n<p>Lek Hoti- Tirana<\/p>\n<p>Renata Masanovic<\/p>\n<p>Vaida Hasanaga Nimanbegu<\/p>\n<p>Bilal Nikeziq<\/p>\n<p>Edin Kapllani<\/p>\n<p>&nbsp;<\/p>\n<p><a href=\"http:\/\/www.forcarinore.com\/\" target=\"_blank\"><strong>www.forcarinore.com<\/strong><\/a><\/p>\n<p>Ju ftojm t\u00eb shikoni fotografit\u00eb.<\/p>\n\n\t\t<style type=\"text\/css\">\n\t\t\t#gallery-1 {\n\t\t\t\tmargin: auto;\n\t\t\t}\n\t\t\t#gallery-1 .gallery-item {\n\t\t\t\tfloat: left;\n\t\t\t\tmargin-top: 10px;\n\t\t\t\ttext-align: center;\n\t\t\t\twidth: 33%;\n\t\t\t}\n\t\t\t#gallery-1 img {\n\t\t\t\tborder: 2px solid #cfcfcf;\n\t\t\t}\n\t\t\t#gallery-1 .gallery-caption {\n\t\t\t\tmargin-left: 0;\n\t\t\t}\n\t\t\t\/* see gallery_shortcode() in wp-includes\/media.php *\/\n\t\t<\/style>\n\t\t<div id='gallery-1' class='gallery galleryid-46086 gallery-columns-3 gallery-size-thumbnail'><dl class='gallery-item'>\n\t\t\t<dt class='gallery-icon landscape'>\n\t\t\t\t<a href='https:\/\/www.visit-ulcinj.com\/blog\/wp-content\/uploads\/2011\/05\/Ekspozita-e-Fotografise-2011_Forca-Rinore.1.jpg'><img width=\"150\" height=\"150\" src=\"https:\/\/www.visit-ulcinj.com\/blog\/wp-content\/uploads\/2011\/05\/Ekspozita-e-Fotografise-2011_Forca-Rinore.1-150x150.jpg\" class=\"attachment-thumbnail size-thumbnail\" alt=\"\" loading=\"lazy\" \/><\/a>\n\t\t\t<\/dt><\/dl><dl class='gallery-item'>\n\t\t\t<dt class='gallery-icon landscape'>\n\t\t\t\t<a href='https:\/\/www.visit-ulcinj.com\/blog\/wp-content\/uploads\/2011\/05\/Ekspozita-e-Fotografise-2011_Forca-Rinore.2.jpg'><img width=\"150\" height=\"150\" src=\"https:\/\/www.visit-ulcinj.com\/blog\/wp-content\/uploads\/2011\/05\/Ekspozita-e-Fotografise-2011_Forca-Rinore.2-150x150.jpg\" class=\"attachment-thumbnail size-thumbnail\" alt=\"\" loading=\"lazy\" \/><\/a>\n\t\t\t<\/dt><\/dl><dl class='gallery-item'>\n\t\t\t<dt class='gallery-icon landscape'>\n\t\t\t\t<a href='https:\/\/www.visit-ulcinj.com\/blog\/wp-content\/uploads\/2011\/05\/Ekspozita-e-Fotografise-2011_Forca-Rinore.3.jpg'><img width=\"150\" height=\"150\" src=\"https:\/\/www.visit-ulcinj.com\/blog\/wp-content\/uploads\/2011\/05\/Ekspozita-e-Fotografise-2011_Forca-Rinore.3-150x150.jpg\" class=\"attachment-thumbnail size-thumbnail\" alt=\"\" loading=\"lazy\" \/><\/a>\n\t\t\t<\/dt><\/dl><br style=\"clear: both\" \/><dl class='gallery-item'>\n\t\t\t<dt class='gallery-icon landscape'>\n\t\t\t\t<a href='https:\/\/www.visit-ulcinj.com\/blog\/wp-content\/uploads\/2011\/05\/Ekspozita-e-Fotografise-2011_Forca-Rinore.4.jpg'><img width=\"150\" height=\"150\" src=\"https:\/\/www.visit-ulcinj.com\/blog\/wp-content\/uploads\/2011\/05\/Ekspozita-e-Fotografise-2011_Forca-Rinore.4-150x150.jpg\" class=\"attachment-thumbnail size-thumbnail\" alt=\"\" loading=\"lazy\" \/><\/a>\n\t\t\t<\/dt><\/dl><dl class='gallery-item'>\n\t\t\t<dt class='gallery-icon landscape'>\n\t\t\t\t<a href='https:\/\/www.visit-ulcinj.com\/blog\/wp-content\/uploads\/2011\/05\/Ekspozita-e-Fotografise-2011_Forca-Rinore.5.jpg'><img width=\"150\" height=\"150\" src=\"https:\/\/www.visit-ulcinj.com\/blog\/wp-content\/uploads\/2011\/05\/Ekspozita-e-Fotografise-2011_Forca-Rinore.5-150x150.jpg\" class=\"attachment-thumbnail size-thumbnail\" alt=\"\" loading=\"lazy\" \/><\/a>\n\t\t\t<\/dt><\/dl><dl class='gallery-item'>\n\t\t\t<dt class='gallery-icon landscape'>\n\t\t\t\t<a href='https:\/\/www.visit-ulcinj.com\/blog\/wp-content\/uploads\/2011\/05\/Ekspozita-e-Fotografise-2011_Forca-Rinore.6.jpg'><img width=\"150\" height=\"150\" src=\"https:\/\/www.visit-ulcinj.com\/blog\/wp-content\/uploads\/2011\/05\/Ekspozita-e-Fotografise-2011_Forca-Rinore.6-150x150.jpg\" class=\"attachment-thumbnail size-thumbnail\" alt=\"\" loading=\"lazy\" \/><\/a>\n\t\t\t<\/dt><\/dl><br style=\"clear: both\" \/><dl class='gallery-item'>\n\t\t\t<dt class='gallery-icon landscape'>\n\t\t\t\t<a href='https:\/\/www.visit-ulcinj.com\/blog\/wp-content\/uploads\/2011\/05\/Ekspozita-e-Fotografise-2011_Forca-Rinore.8.jpg'><img width=\"150\" height=\"150\" src=\"https:\/\/www.visit-ulcinj.com\/blog\/wp-content\/uploads\/2011\/05\/Ekspozita-e-Fotografise-2011_Forca-Rinore.8-150x150.jpg\" class=\"attachment-thumbnail size-thumbnail\" alt=\"\" loading=\"lazy\" \/><\/a>\n\t\t\t<\/dt><\/dl><dl class='gallery-item'>\n\t\t\t<dt class='gallery-icon landscape'>\n\t\t\t\t<a href='https:\/\/www.visit-ulcinj.com\/blog\/wp-content\/uploads\/2011\/05\/Ekspozita-e-Fotografise-2011_Forca-Rinore.9.jpg'><img width=\"150\" height=\"150\" src=\"https:\/\/www.visit-ulcinj.com\/blog\/wp-content\/uploads\/2011\/05\/Ekspozita-e-Fotografise-2011_Forca-Rinore.9-150x150.jpg\" class=\"attachment-thumbnail size-thumbnail\" alt=\"\" loading=\"lazy\" \/><\/a>\n\t\t\t<\/dt><\/dl><dl class='gallery-item'>\n\t\t\t<dt class='gallery-icon landscape'>\n\t\t\t\t<a href='https:\/\/www.visit-ulcinj.com\/blog\/wp-content\/uploads\/2011\/05\/Ekspozita-e-Fotografise-2011_Forca-Rinore.10.jpg'><img width=\"150\" height=\"150\" src=\"https:\/\/www.visit-ulcinj.com\/blog\/wp-content\/uploads\/2011\/05\/Ekspozita-e-Fotografise-2011_Forca-Rinore.10-150x150.jpg\" class=\"attachment-thumbnail size-thumbnail\" alt=\"\" loading=\"lazy\" \/><\/a>\n\t\t\t<\/dt><\/dl><br style=\"clear: both\" \/><dl class='gallery-item'>\n\t\t\t<dt class='gallery-icon landscape'>\n\t\t\t\t<a href='https:\/\/www.visit-ulcinj.com\/blog\/wp-content\/uploads\/2011\/05\/Ekspozita-e-Fotografise-2011_Forca-Rinore.11.jpg'><img width=\"150\" height=\"150\" src=\"https:\/\/www.visit-ulcinj.com\/blog\/wp-content\/uploads\/2011\/05\/Ekspozita-e-Fotografise-2011_Forca-Rinore.11-150x150.jpg\" class=\"attachment-thumbnail size-thumbnail\" alt=\"\" loading=\"lazy\" \/><\/a>\n\t\t\t<\/dt><\/dl><dl class='gallery-item'>\n\t\t\t<dt class='gallery-icon landscape'>\n\t\t\t\t<a href='https:\/\/www.visit-ulcinj.com\/blog\/wp-content\/uploads\/2011\/05\/Ekspozita-e-Fotografise-2011_Forca-Rinore.12.jpg'><img width=\"150\" height=\"150\" src=\"https:\/\/www.visit-ulcinj.com\/blog\/wp-content\/uploads\/2011\/05\/Ekspozita-e-Fotografise-2011_Forca-Rinore.12-150x150.jpg\" class=\"attachment-thumbnail size-thumbnail\" alt=\"\" loading=\"lazy\" \/><\/a>\n\t\t\t<\/dt><\/dl><dl class='gallery-item'>\n\t\t\t<dt class='gallery-icon landscape'>\n\t\t\t\t<a href='https:\/\/www.visit-ulcinj.com\/blog\/wp-content\/uploads\/2011\/05\/Ekspozita-e-Fotografise-2011_Forca-Rinore.13.jpg'><img width=\"150\" height=\"150\" src=\"https:\/\/www.visit-ulcinj.com\/blog\/wp-content\/uploads\/2011\/05\/Ekspozita-e-Fotografise-2011_Forca-Rinore.13-150x150.jpg\" class=\"attachment-thumbnail size-thumbnail\" alt=\"\" loading=\"lazy\" \/><\/a>\n\t\t\t<\/dt><\/dl><br style=\"clear: both\" \/><dl class='gallery-item'>\n\t\t\t<dt class='gallery-icon landscape'>\n\t\t\t\t<a href='https:\/\/www.visit-ulcinj.com\/blog\/wp-content\/uploads\/2011\/05\/Ekspozita-e-Fotografise-2011_Forca-Rinore.14.jpg'><img width=\"150\" height=\"150\" src=\"https:\/\/www.visit-ulcinj.com\/blog\/wp-content\/uploads\/2011\/05\/Ekspozita-e-Fotografise-2011_Forca-Rinore.14-150x150.jpg\" class=\"attachment-thumbnail size-thumbnail\" alt=\"\" loading=\"lazy\" \/><\/a>\n\t\t\t<\/dt><\/dl><dl class='gallery-item'>\n\t\t\t<dt class='gallery-icon landscape'>\n\t\t\t\t<a href='https:\/\/www.visit-ulcinj.com\/blog\/wp-content\/uploads\/2011\/05\/Ekspozita-e-Fotografise-2011_Forca-Rinore.15.jpg'><img width=\"150\" height=\"150\" src=\"https:\/\/www.visit-ulcinj.com\/blog\/wp-content\/uploads\/2011\/05\/Ekspozita-e-Fotografise-2011_Forca-Rinore.15-150x150.jpg\" class=\"attachment-thumbnail size-thumbnail\" alt=\"\" loading=\"lazy\" \/><\/a>\n\t\t\t<\/dt><\/dl><dl class='gallery-item'>\n\t\t\t<dt class='gallery-icon landscape'>\n\t\t\t\t<a href='https:\/\/www.visit-ulcinj.com\/blog\/wp-content\/uploads\/2011\/05\/Ekspozita-e-Fotografise-2011_Forca-Rinore.jpg'><img width=\"150\" height=\"150\" src=\"https:\/\/www.visit-ulcinj.com\/blog\/wp-content\/uploads\/2011\/05\/Ekspozita-e-Fotografise-2011_Forca-Rinore-150x150.jpg\" class=\"attachment-thumbnail size-thumbnail\" alt=\"\" loading=\"lazy\" \/><\/a>\n\t\t\t<\/dt><\/dl><br style=\"clear: both\" \/><dl class='gallery-item'>\n\t\t\t<dt class='gallery-icon landscape'>\n\t\t\t\t<a href='https:\/\/www.visit-ulcinj.com\/blog\/wp-content\/uploads\/2011\/05\/MMS-Arben-Vukovic-Fotografijat-fituese.jpg'><img width=\"150\" height=\"150\" src=\"https:\/\/www.visit-ulcinj.com\/blog\/wp-content\/uploads\/2011\/05\/MMS-Arben-Vukovic-Fotografijat-fituese-150x150.jpg\" class=\"attachment-thumbnail size-thumbnail\" alt=\"\" loading=\"lazy\" \/><\/a>\n\t\t\t<\/dt><\/dl><dl class='gallery-item'>\n\t\t\t<dt class='gallery-icon portrait'>\n\t\t\t\t<a href='https:\/\/www.visit-ulcinj.com\/blog\/wp-content\/uploads\/2011\/05\/2-Andjela-Rajkovic-fotot-fituese_picnik.jpg'><img width=\"150\" height=\"150\" src=\"https:\/\/www.visit-ulcinj.com\/blog\/wp-content\/uploads\/2011\/05\/2-Andjela-Rajkovic-fotot-fituese_picnik-150x150.jpg\" class=\"attachment-thumbnail size-thumbnail\" alt=\"\" loading=\"lazy\" \/><\/a>\n\t\t\t<\/dt><\/dl><dl class='gallery-item'>\n\t\t\t<dt class='gallery-icon landscape'>\n\t\t\t\t<a href='https:\/\/www.visit-ulcinj.com\/blog\/wp-content\/uploads\/2011\/05\/3-Adriana-Hoxha-fotot-fituese.jpg'><img width=\"150\" height=\"150\" src=\"https:\/\/www.visit-ulcinj.com\/blog\/wp-content\/uploads\/2011\/05\/3-Adriana-Hoxha-fotot-fituese-150x150.jpg\" class=\"attachment-thumbnail size-thumbnail\" alt=\"\" loading=\"lazy\" \/><\/a>\n\t\t\t<\/dt><\/dl><br style=\"clear: both\" \/>\n\t\t<\/div>\n\n","protected":false},"excerpt":{"rendered":"<p>N\u00eb organizimin e &#8220;Forc\u00ebs Rinore&#8221; ekspozita e par\u00eb ka filluar para 3 viteve t\u00eb cil\u00eb e kan\u00eb organizua n\u00eb Ulqin dhe tani \u00ebsht\u00eb b\u00ebr\u00eb tradicionale. N\u00eb k\u00ebt\u00eb vit me 25 janar 2011 u b\u00eb konkursi i fotografis dhe zgjati deri m\u00eb 15 prill, ku m\u00eb tep\u00ebr se 700 fotografi jan\u00eb paraqit konkursit t\u00eb fotografis\u00eb, ku [&hellip;]<\/p>\n","protected":false},"author":1,"featured_media":0,"comment_status":"open","ping_status":"closed","sticky":false,"template":"","format":"standard","meta":{"spay_email":"","jetpack_publicize_message":"","jetpack_is_tweetstorm":false,"jetpack_publicize_feature_enabled":true},"categories":[4],"tags":[18163,14189,18162,200,18],"jetpack_publicize_connections":[],"yoast_head":"<!-- This site is optimized with the Yoast SEO plugin v19.1 - https:\/\/yoast.com\/wordpress\/plugins\/seo\/ -->\n<title>Forca Rinore paraqet ekspozit\u00ebn e fotografis\u00eb 2011 - Lajme nga Ulqini<\/title>\n<meta name=\"description\" content=\"N\u00eb organizimin e &quot;Forc\u00ebs Rinore&quot; ekspozita e par\u00eb ka filluar para 3 viteve t\u00eb cil\u00eb e kan\u00eb organizua n\u00eb Ulqin dhe tani \u00ebsht\u00eb b\u00ebr\u00eb tradicionale. N\u00eb k\u00ebt\u00eb vit\" \/>\n<meta name=\"robots\" content=\"index, follow, max-snippet:-1, max-image-preview:large, max-video-preview:-1\" \/>\n<link rel=\"canonical\" href=\"https:\/\/www.visit-ulcinj.com\/blog\/2011\/05\/03\/forca-rinore-paraqet-ekspoziten-e-fotografise-2011\/\" \/>\n<meta property=\"og:locale\" content=\"en_US\" \/>\n<meta property=\"og:type\" content=\"article\" \/>\n<meta property=\"og:title\" content=\"Forca Rinore paraqet ekspozit\u00ebn e fotografis\u00eb 2011 - Lajme nga Ulqini\" \/>\n<meta property=\"og:description\" content=\"N\u00eb organizimin e &quot;Forc\u00ebs Rinore&quot; ekspozita e par\u00eb ka filluar para 3 viteve t\u00eb cil\u00eb e kan\u00eb organizua n\u00eb Ulqin dhe tani \u00ebsht\u00eb b\u00ebr\u00eb tradicionale. N\u00eb k\u00ebt\u00eb vit\" \/>\n<meta property=\"og:url\" content=\"https:\/\/www.visit-ulcinj.com\/blog\/2011\/05\/03\/forca-rinore-paraqet-ekspoziten-e-fotografise-2011\/\" \/>\n<meta property=\"og:site_name\" content=\"Lajme nga Ulqini\" \/>\n<meta property=\"article:published_time\" content=\"2011-05-03T08:27:31+00:00\" \/>\n<meta property=\"article:modified_time\" content=\"2011-05-03T11:53:21+00:00\" \/>\n<meta property=\"og:image\" content=\"https:\/\/www.visit-ulcinj.com\/blog\/wp-content\/uploads\/2011\/05\/Ekspozita-e-Fotografise-2011_Forca-Rinore.1-150x150.jpg\" \/>\n<meta name=\"twitter:label1\" content=\"Written by\" \/>\n\t<meta name=\"twitter:data1\" content=\"ulqini\" \/>\n\t<meta name=\"twitter:label2\" content=\"Est. reading time\" \/>\n\t<meta name=\"twitter:data2\" content=\"1 minute\" \/>\n<script type=\"application\/ld+json\" class=\"yoast-schema-graph\">{\"@context\":\"https:\/\/schema.org\",\"@graph\":[{\"@type\":\"WebSite\",\"@id\":\"https:\/\/www.visit-ulcinj.com\/blog\/#website\",\"url\":\"https:\/\/www.visit-ulcinj.com\/blog\/\",\"name\":\"Lajme nga Ulqini\",\"description\":\"Lajme,Vijesti,Ulqini,Ulqin,Crna Gora,Mali i Zi\",\"potentialAction\":[{\"@type\":\"SearchAction\",\"target\":{\"@type\":\"EntryPoint\",\"urlTemplate\":\"https:\/\/www.visit-ulcinj.com\/blog\/?s={search_term_string}\"},\"query-input\":\"required name=search_term_string\"}],\"inLanguage\":\"en-US\"},{\"@type\":\"ImageObject\",\"inLanguage\":\"en-US\",\"@id\":\"https:\/\/www.visit-ulcinj.com\/blog\/2011\/05\/03\/forca-rinore-paraqet-ekspoziten-e-fotografise-2011\/#primaryimage\",\"url\":\"https:\/\/www.visit-ulcinj.com\/blog\/wp-content\/uploads\/2011\/05\/Ekspozita-e-Fotografise-2011_Forca-Rinore.15.jpg\",\"contentUrl\":\"https:\/\/www.visit-ulcinj.com\/blog\/wp-content\/uploads\/2011\/05\/Ekspozita-e-Fotografise-2011_Forca-Rinore.15.jpg\",\"width\":\"720\",\"height\":\"480\"},{\"@type\":\"WebPage\",\"@id\":\"https:\/\/www.visit-ulcinj.com\/blog\/2011\/05\/03\/forca-rinore-paraqet-ekspoziten-e-fotografise-2011\/#webpage\",\"url\":\"https:\/\/www.visit-ulcinj.com\/blog\/2011\/05\/03\/forca-rinore-paraqet-ekspoziten-e-fotografise-2011\/\",\"name\":\"Forca Rinore paraqet ekspozit\u00ebn e fotografis\u00eb 2011 - Lajme nga Ulqini\",\"isPartOf\":{\"@id\":\"https:\/\/www.visit-ulcinj.com\/blog\/#website\"},\"primaryImageOfPage\":{\"@id\":\"https:\/\/www.visit-ulcinj.com\/blog\/2011\/05\/03\/forca-rinore-paraqet-ekspoziten-e-fotografise-2011\/#primaryimage\"},\"datePublished\":\"2011-05-03T08:27:31+00:00\",\"dateModified\":\"2011-05-03T11:53:21+00:00\",\"author\":{\"@id\":\"https:\/\/www.visit-ulcinj.com\/blog\/#\/schema\/person\/dcab619c614d3038751c63bc2aadc06d\"},\"description\":\"N\u00eb organizimin e \\\"Forc\u00ebs Rinore\\\" ekspozita e par\u00eb ka filluar para 3 viteve t\u00eb cil\u00eb e kan\u00eb organizua n\u00eb Ulqin dhe tani \u00ebsht\u00eb b\u00ebr\u00eb tradicionale. N\u00eb k\u00ebt\u00eb vit\",\"breadcrumb\":{\"@id\":\"https:\/\/www.visit-ulcinj.com\/blog\/2011\/05\/03\/forca-rinore-paraqet-ekspoziten-e-fotografise-2011\/#breadcrumb\"},\"inLanguage\":\"en-US\",\"potentialAction\":[{\"@type\":\"ReadAction\",\"target\":[\"https:\/\/www.visit-ulcinj.com\/blog\/2011\/05\/03\/forca-rinore-paraqet-ekspoziten-e-fotografise-2011\/\"]}]},{\"@type\":\"BreadcrumbList\",\"@id\":\"https:\/\/www.visit-ulcinj.com\/blog\/2011\/05\/03\/forca-rinore-paraqet-ekspoziten-e-fotografise-2011\/#breadcrumb\",\"itemListElement\":[{\"@type\":\"ListItem\",\"position\":1,\"name\":\"Forca Rinore paraqet ekspozit\u00ebn e fotografis\u00eb 2011\"}]},{\"@type\":\"Person\",\"@id\":\"https:\/\/www.visit-ulcinj.com\/blog\/#\/schema\/person\/dcab619c614d3038751c63bc2aadc06d\",\"name\":\"ulqini\",\"sameAs\":[\"http:\/\/www.visit-ulcinj.com\"],\"url\":\"https:\/\/www.visit-ulcinj.com\/blog\/author\/admin\/\"}]}<\/script>\n<!-- \/ Yoast SEO plugin. -->","yoast_head_json":{"title":"Forca Rinore paraqet ekspozit\u00ebn e fotografis\u00eb 2011 - Lajme nga Ulqini","description":"N\u00eb organizimin e \"Forc\u00ebs Rinore\" ekspozita e par\u00eb ka filluar para 3 viteve t\u00eb cil\u00eb e kan\u00eb organizua n\u00eb Ulqin dhe tani \u00ebsht\u00eb b\u00ebr\u00eb tradicionale. N\u00eb k\u00ebt\u00eb vit","robots":{"index":"index","follow":"follow","max-snippet":"max-snippet:-1","max-image-preview":"max-image-preview:large","max-video-preview":"max-video-preview:-1"},"canonical":"https:\/\/www.visit-ulcinj.com\/blog\/2011\/05\/03\/forca-rinore-paraqet-ekspoziten-e-fotografise-2011\/","og_locale":"en_US","og_type":"article","og_title":"Forca Rinore paraqet ekspozit\u00ebn e fotografis\u00eb 2011 - Lajme nga Ulqini","og_description":"N\u00eb organizimin e \"Forc\u00ebs Rinore\" ekspozita e par\u00eb ka filluar para 3 viteve t\u00eb cil\u00eb e kan\u00eb organizua n\u00eb Ulqin dhe tani \u00ebsht\u00eb b\u00ebr\u00eb tradicionale. N\u00eb k\u00ebt\u00eb vit","og_url":"https:\/\/www.visit-ulcinj.com\/blog\/2011\/05\/03\/forca-rinore-paraqet-ekspoziten-e-fotografise-2011\/","og_site_name":"Lajme nga Ulqini","article_published_time":"2011-05-03T08:27:31+00:00","article_modified_time":"2011-05-03T11:53:21+00:00","og_image":[{"url":"https:\/\/www.visit-ulcinj.com\/blog\/wp-content\/uploads\/2011\/05\/Ekspozita-e-Fotografise-2011_Forca-Rinore.1-150x150.jpg"}],"twitter_misc":{"Written by":"ulqini","Est. reading time":"1 minute"},"schema":{"@context":"https:\/\/schema.org","@graph":[{"@type":"WebSite","@id":"https:\/\/www.visit-ulcinj.com\/blog\/#website","url":"https:\/\/www.visit-ulcinj.com\/blog\/","name":"Lajme nga Ulqini","description":"Lajme,Vijesti,Ulqini,Ulqin,Crna Gora,Mali i Zi","potentialAction":[{"@type":"SearchAction","target":{"@type":"EntryPoint","urlTemplate":"https:\/\/www.visit-ulcinj.com\/blog\/?s={search_term_string}"},"query-input":"required name=search_term_string"}],"inLanguage":"en-US"},{"@type":"ImageObject","inLanguage":"en-US","@id":"https:\/\/www.visit-ulcinj.com\/blog\/2011\/05\/03\/forca-rinore-paraqet-ekspoziten-e-fotografise-2011\/#primaryimage","url":"https:\/\/www.visit-ulcinj.com\/blog\/wp-content\/uploads\/2011\/05\/Ekspozita-e-Fotografise-2011_Forca-Rinore.15.jpg","contentUrl":"https:\/\/www.visit-ulcinj.com\/blog\/wp-content\/uploads\/2011\/05\/Ekspozita-e-Fotografise-2011_Forca-Rinore.15.jpg","width":"720","height":"480"},{"@type":"WebPage","@id":"https:\/\/www.visit-ulcinj.com\/blog\/2011\/05\/03\/forca-rinore-paraqet-ekspoziten-e-fotografise-2011\/#webpage","url":"https:\/\/www.visit-ulcinj.com\/blog\/2011\/05\/03\/forca-rinore-paraqet-ekspoziten-e-fotografise-2011\/","name":"Forca Rinore paraqet ekspozit\u00ebn e fotografis\u00eb 2011 - Lajme nga Ulqini","isPartOf":{"@id":"https:\/\/www.visit-ulcinj.com\/blog\/#website"},"primaryImageOfPage":{"@id":"https:\/\/www.visit-ulcinj.com\/blog\/2011\/05\/03\/forca-rinore-paraqet-ekspoziten-e-fotografise-2011\/#primaryimage"},"datePublished":"2011-05-03T08:27:31+00:00","dateModified":"2011-05-03T11:53:21+00:00","author":{"@id":"https:\/\/www.visit-ulcinj.com\/blog\/#\/schema\/person\/dcab619c614d3038751c63bc2aadc06d"},"description":"N\u00eb organizimin e \"Forc\u00ebs Rinore\" ekspozita e par\u00eb ka filluar para 3 viteve t\u00eb cil\u00eb e kan\u00eb organizua n\u00eb Ulqin dhe tani \u00ebsht\u00eb b\u00ebr\u00eb tradicionale. N\u00eb k\u00ebt\u00eb vit","breadcrumb":{"@id":"https:\/\/www.visit-ulcinj.com\/blog\/2011\/05\/03\/forca-rinore-paraqet-ekspoziten-e-fotografise-2011\/#breadcrumb"},"inLanguage":"en-US","potentialAction":[{"@type":"ReadAction","target":["https:\/\/www.visit-ulcinj.com\/blog\/2011\/05\/03\/forca-rinore-paraqet-ekspoziten-e-fotografise-2011\/"]}]},{"@type":"BreadcrumbList","@id":"https:\/\/www.visit-ulcinj.com\/blog\/2011\/05\/03\/forca-rinore-paraqet-ekspoziten-e-fotografise-2011\/#breadcrumb","itemListElement":[{"@type":"ListItem","position":1,"name":"Forca Rinore paraqet ekspozit\u00ebn e fotografis\u00eb 2011"}]},{"@type":"Person","@id":"https:\/\/www.visit-ulcinj.com\/blog\/#\/schema\/person\/dcab619c614d3038751c63bc2aadc06d","name":"ulqini","sameAs":["http:\/\/www.visit-ulcinj.com"],"url":"https:\/\/www.visit-ulcinj.com\/blog\/author\/admin\/"}]}},"jetpack_featured_media_url":"","jetpack_sharing_enabled":true,"jetpack_shortlink":"https:\/\/wp.me\/pe6lTn-bZk","_links":{"self":[{"href":"https:\/\/www.visit-ulcinj.com\/blog\/wp-json\/wp\/v2\/posts\/46086"}],"collection":[{"href":"https:\/\/www.visit-ulcinj.com\/blog\/wp-json\/wp\/v2\/posts"}],"about":[{"href":"https:\/\/www.visit-ulcinj.com\/blog\/wp-json\/wp\/v2\/types\/post"}],"author":[{"embeddable":true,"href":"https:\/\/www.visit-ulcinj.com\/blog\/wp-json\/wp\/v2\/users\/1"}],"replies":[{"embeddable":true,"href":"https:\/\/www.visit-ulcinj.com\/blog\/wp-json\/wp\/v2\/comments?post=46086"}],"version-history":[{"count":0,"href":"https:\/\/www.visit-ulcinj.com\/blog\/wp-json\/wp\/v2\/posts\/46086\/revisions"}],"wp:attachment":[{"href":"https:\/\/www.visit-ulcinj.com\/blog\/wp-json\/wp\/v2\/media?parent=46086"}],"wp:term":[{"taxonomy":"category","embeddable":true,"href":"https:\/\/www.visit-ulcinj.com\/blog\/wp-json\/wp\/v2\/categories?post=46086"},{"taxonomy":"post_tag","embeddable":true,"href":"https:\/\/www.visit-ulcinj.com\/blog\/wp-json\/wp\/v2\/tags?post=46086"}],"curies":[{"name":"wp","href":"https:\/\/api.w.org\/{rel}","templated":true}]}}