{"id":46121,"date":"2011-05-03T10:21:38","date_gmt":"2011-05-03T09:21:38","guid":{"rendered":"http:\/\/www.visit-ulcinj.com\/blog\/?p=46121"},"modified":"2011-05-03T10:22:01","modified_gmt":"2011-05-03T09:22:01","slug":"genta-ismajli-po-behem-gati-te-pushtoj-europen","status":"publish","type":"post","link":"https:\/\/www.visit-ulcinj.com\/blog\/2011\/05\/03\/genta-ismajli-po-behem-gati-te-pushtoj-europen\/","title":{"rendered":"Genta Ismajli: Po b\u00ebhem gati t\u00eb pushtoj Europ\u00ebn"},"content":{"rendered":"<p><strong><a href=\"http:\/\/www.visit-ulcinj.com\/blog\/wp-content\/uploads\/2011\/05\/Genta-Ismajli.jpg\"><img loading=\"lazy\" class=\"alignleft size-full wp-image-46122\" title=\"Genta Ismajli\" src=\"http:\/\/www.visit-ulcinj.com\/blog\/wp-content\/uploads\/2011\/05\/Genta-Ismajli.jpg\" alt=\"\" width=\"508\" height=\"380\" \/><\/a>Nuk u mjaftua me \u00e7eljen e nj\u00eb kanali zyrtar t\u00eb saj n\u00eb youtube.com, por tanim\u00eb po p\u00ebrgatitet t\u00eb \u201cpushtoj\u00eb\u201d tregun evropian me k\u00ebng\u00ebn e saj m\u00eb t\u00eb re t\u00eb zhanrit rock-balade, \u201cPoison\u201d. <\/strong><\/p>\n<p>Sapo d\u00ebgjova k\u00ebng\u00ebn time \u201cPoison\u201d, e cila do t\u00eb jet\u00eb nj\u00eb hit n\u00eb gjith\u00eb Europ\u00ebn.<\/p>\n<p>K\u00ebnga \u00ebsht\u00eb shkruar dhe prodhuar nga v\u00ebllez\u00ebrit Berman, fitues t\u00eb \u00e7mimit Grammy\u201d, \u2013 ka th\u00ebn\u00eb Genta, e cila prej disa koh\u00ebsh po i mungon tregut muzikor. Berman Brothers kan\u00eb fituar dy \u00e7mime Awards dhe jan\u00eb producent\u00ebt e k\u00ebng\u00ebs hit \u201cWho let the dogs out\u201d, nga Baha Man.<\/p>\n<p>Un\u00eb do t\u00eb punoj n\u00eb t\u00eb ardhmen me Berman Brothers, t\u00eb cil\u00ebt kan\u00eb fituar dy \u00e7mime Awards\u201d, \u2013 ka th\u00ebn\u00eb Genta p\u00ebr mediat, nd\u00ebrkoh\u00eb q\u00eb edhe pse m\u00eb her\u00ebt ka tentuar t\u00eb futet n\u00eb tregun global t\u00eb muzik\u00ebs, vet\u00ebm tani mund t\u00eb jet\u00eb \u00e7asti i saj.<\/p>\n<p>K\u00ebng\u00ebtarja seksi ka th\u00ebn\u00eb gjithashtu, se n\u00eb SHBA ka kryer takime me nj\u00eb em\u00ebr t\u00eb njohur si Richard Perry- bashk\u00ebshorti i aktores s\u00eb famshme Jane Fonda, nd\u00ebrsa neve nuk na mbetet ve\u00e7se t\u00eb presim p\u00ebr gjith\u00eb k\u00ebto risi t\u00eb njoftuara prej k\u00ebng\u00ebtares seksi.<\/p>\n<p>Sa i takon tregut shqiptar, shum\u00eb shpejt Genta do t\u2019u dhuroj\u00eb fansave nj\u00eb CD me k\u00ebng\u00ebt e saj m\u00eb t\u00eb mira nd\u00ebr vite, ku nuk do t\u00eb mungojn\u00eb edhe 5 krijime t\u00eb reja.<\/p>\n<p><strong>Standard<br \/>\n<!--YouTube Error: bad URL entered--><\/strong><\/p>\n","protected":false},"excerpt":{"rendered":"<p>Nuk u mjaftua me \u00e7eljen e nj\u00eb kanali zyrtar t\u00eb saj n\u00eb youtube.com, por tanim\u00eb po p\u00ebrgatitet t\u00eb \u201cpushtoj\u00eb\u201d tregun evropian me k\u00ebng\u00ebn e saj m\u00eb t\u00eb re t\u00eb zhanrit rock-balade, \u201cPoison\u201d. Sapo d\u00ebgjova k\u00ebng\u00ebn time \u201cPoison\u201d, e cila do t\u00eb jet\u00eb nj\u00eb hit n\u00eb gjith\u00eb Europ\u00ebn. K\u00ebnga \u00ebsht\u00eb shkruar dhe prodhuar nga v\u00ebllez\u00ebrit Berman, [&hellip;]<\/p>\n","protected":false},"author":1,"featured_media":0,"comment_status":"open","ping_status":"closed","sticky":false,"template":"","format":"standard","meta":{"spay_email":"","jetpack_publicize_message":"","jetpack_is_tweetstorm":false,"jetpack_publicize_feature_enabled":true},"categories":[1],"tags":[323,18166,18167],"jetpack_publicize_connections":[],"yoast_head":"<!-- This site is optimized with the Yoast SEO plugin v19.1 - https:\/\/yoast.com\/wordpress\/plugins\/seo\/ -->\n<title>Genta Ismajli: Po b\u00ebhem gati t\u00eb pushtoj Europ\u00ebn - Lajme nga Ulqini<\/title>\n<meta name=\"description\" content=\"Nuk u mjaftua me \u00e7eljen e nj\u00eb kanali zyrtar t\u00eb saj n\u00eb youtube.com, por tanim\u00eb po p\u00ebrgatitet t\u00eb \u201cpushtoj\u00eb\u201d tregun evropian me k\u00ebng\u00ebn e saj m\u00eb t\u00eb re t\u00eb\" \/>\n<meta name=\"robots\" content=\"index, follow, max-snippet:-1, max-image-preview:large, max-video-preview:-1\" \/>\n<link rel=\"canonical\" href=\"https:\/\/www.visit-ulcinj.com\/blog\/2011\/05\/03\/genta-ismajli-po-behem-gati-te-pushtoj-europen\/\" \/>\n<meta property=\"og:locale\" content=\"en_US\" \/>\n<meta property=\"og:type\" content=\"article\" \/>\n<meta property=\"og:title\" content=\"Genta Ismajli: Po b\u00ebhem gati t\u00eb pushtoj Europ\u00ebn - Lajme nga Ulqini\" \/>\n<meta property=\"og:description\" content=\"Nuk u mjaftua me \u00e7eljen e nj\u00eb kanali zyrtar t\u00eb saj n\u00eb youtube.com, por tanim\u00eb po p\u00ebrgatitet t\u00eb \u201cpushtoj\u00eb\u201d tregun evropian me k\u00ebng\u00ebn e saj m\u00eb t\u00eb re t\u00eb\" \/>\n<meta property=\"og:url\" content=\"https:\/\/www.visit-ulcinj.com\/blog\/2011\/05\/03\/genta-ismajli-po-behem-gati-te-pushtoj-europen\/\" \/>\n<meta property=\"og:site_name\" content=\"Lajme nga Ulqini\" \/>\n<meta property=\"article:published_time\" content=\"2011-05-03T09:21:38+00:00\" \/>\n<meta property=\"article:modified_time\" content=\"2011-05-03T09:22:01+00:00\" \/>\n<meta property=\"og:image\" content=\"http:\/\/www.visit-ulcinj.com\/blog\/wp-content\/uploads\/2011\/05\/Genta-Ismajli.jpg\" \/>\n<meta name=\"twitter:label1\" content=\"Written by\" \/>\n\t<meta name=\"twitter:data1\" content=\"ulqini\" \/>\n\t<meta name=\"twitter:label2\" content=\"Est. reading time\" \/>\n\t<meta name=\"twitter:data2\" content=\"1 minute\" \/>\n<script type=\"application\/ld+json\" class=\"yoast-schema-graph\">{\"@context\":\"https:\/\/schema.org\",\"@graph\":[{\"@type\":\"WebSite\",\"@id\":\"https:\/\/www.visit-ulcinj.com\/blog\/#website\",\"url\":\"https:\/\/www.visit-ulcinj.com\/blog\/\",\"name\":\"Lajme nga Ulqini\",\"description\":\"Lajme,Vijesti,Ulqini,Ulqin,Crna Gora,Mali i Zi\",\"potentialAction\":[{\"@type\":\"SearchAction\",\"target\":{\"@type\":\"EntryPoint\",\"urlTemplate\":\"https:\/\/www.visit-ulcinj.com\/blog\/?s={search_term_string}\"},\"query-input\":\"required name=search_term_string\"}],\"inLanguage\":\"en-US\"},{\"@type\":\"ImageObject\",\"inLanguage\":\"en-US\",\"@id\":\"https:\/\/www.visit-ulcinj.com\/blog\/2011\/05\/03\/genta-ismajli-po-behem-gati-te-pushtoj-europen\/#primaryimage\",\"url\":\"http:\/\/www.visit-ulcinj.com\/blog\/wp-content\/uploads\/2011\/05\/Genta-Ismajli.jpg\",\"contentUrl\":\"http:\/\/www.visit-ulcinj.com\/blog\/wp-content\/uploads\/2011\/05\/Genta-Ismajli.jpg\"},{\"@type\":\"WebPage\",\"@id\":\"https:\/\/www.visit-ulcinj.com\/blog\/2011\/05\/03\/genta-ismajli-po-behem-gati-te-pushtoj-europen\/#webpage\",\"url\":\"https:\/\/www.visit-ulcinj.com\/blog\/2011\/05\/03\/genta-ismajli-po-behem-gati-te-pushtoj-europen\/\",\"name\":\"Genta Ismajli: Po b\u00ebhem gati t\u00eb pushtoj Europ\u00ebn - Lajme nga Ulqini\",\"isPartOf\":{\"@id\":\"https:\/\/www.visit-ulcinj.com\/blog\/#website\"},\"primaryImageOfPage\":{\"@id\":\"https:\/\/www.visit-ulcinj.com\/blog\/2011\/05\/03\/genta-ismajli-po-behem-gati-te-pushtoj-europen\/#primaryimage\"},\"datePublished\":\"2011-05-03T09:21:38+00:00\",\"dateModified\":\"2011-05-03T09:22:01+00:00\",\"author\":{\"@id\":\"https:\/\/www.visit-ulcinj.com\/blog\/#\/schema\/person\/dcab619c614d3038751c63bc2aadc06d\"},\"description\":\"Nuk u mjaftua me \u00e7eljen e nj\u00eb kanali zyrtar t\u00eb saj n\u00eb youtube.com, por tanim\u00eb po p\u00ebrgatitet t\u00eb \u201cpushtoj\u00eb\u201d tregun evropian me k\u00ebng\u00ebn e saj m\u00eb t\u00eb re t\u00eb\",\"breadcrumb\":{\"@id\":\"https:\/\/www.visit-ulcinj.com\/blog\/2011\/05\/03\/genta-ismajli-po-behem-gati-te-pushtoj-europen\/#breadcrumb\"},\"inLanguage\":\"en-US\",\"potentialAction\":[{\"@type\":\"ReadAction\",\"target\":[\"https:\/\/www.visit-ulcinj.com\/blog\/2011\/05\/03\/genta-ismajli-po-behem-gati-te-pushtoj-europen\/\"]}]},{\"@type\":\"BreadcrumbList\",\"@id\":\"https:\/\/www.visit-ulcinj.com\/blog\/2011\/05\/03\/genta-ismajli-po-behem-gati-te-pushtoj-europen\/#breadcrumb\",\"itemListElement\":[{\"@type\":\"ListItem\",\"position\":1,\"name\":\"Genta Ismajli: Po b\u00ebhem gati t\u00eb pushtoj Europ\u00ebn\"}]},{\"@type\":\"Person\",\"@id\":\"https:\/\/www.visit-ulcinj.com\/blog\/#\/schema\/person\/dcab619c614d3038751c63bc2aadc06d\",\"name\":\"ulqini\",\"sameAs\":[\"http:\/\/www.visit-ulcinj.com\"],\"url\":\"https:\/\/www.visit-ulcinj.com\/blog\/author\/admin\/\"}]}<\/script>\n<!-- \/ Yoast SEO plugin. -->","yoast_head_json":{"title":"Genta Ismajli: Po b\u00ebhem gati t\u00eb pushtoj Europ\u00ebn - Lajme nga Ulqini","description":"Nuk u mjaftua me \u00e7eljen e nj\u00eb kanali zyrtar t\u00eb saj n\u00eb youtube.com, por tanim\u00eb po p\u00ebrgatitet t\u00eb \u201cpushtoj\u00eb\u201d tregun evropian me k\u00ebng\u00ebn e saj m\u00eb t\u00eb re t\u00eb","robots":{"index":"index","follow":"follow","max-snippet":"max-snippet:-1","max-image-preview":"max-image-preview:large","max-video-preview":"max-video-preview:-1"},"canonical":"https:\/\/www.visit-ulcinj.com\/blog\/2011\/05\/03\/genta-ismajli-po-behem-gati-te-pushtoj-europen\/","og_locale":"en_US","og_type":"article","og_title":"Genta Ismajli: Po b\u00ebhem gati t\u00eb pushtoj Europ\u00ebn - Lajme nga Ulqini","og_description":"Nuk u mjaftua me \u00e7eljen e nj\u00eb kanali zyrtar t\u00eb saj n\u00eb youtube.com, por tanim\u00eb po p\u00ebrgatitet t\u00eb \u201cpushtoj\u00eb\u201d tregun evropian me k\u00ebng\u00ebn e saj m\u00eb t\u00eb re t\u00eb","og_url":"https:\/\/www.visit-ulcinj.com\/blog\/2011\/05\/03\/genta-ismajli-po-behem-gati-te-pushtoj-europen\/","og_site_name":"Lajme nga Ulqini","article_published_time":"2011-05-03T09:21:38+00:00","article_modified_time":"2011-05-03T09:22:01+00:00","og_image":[{"url":"http:\/\/www.visit-ulcinj.com\/blog\/wp-content\/uploads\/2011\/05\/Genta-Ismajli.jpg"}],"twitter_misc":{"Written by":"ulqini","Est. reading time":"1 minute"},"schema":{"@context":"https:\/\/schema.org","@graph":[{"@type":"WebSite","@id":"https:\/\/www.visit-ulcinj.com\/blog\/#website","url":"https:\/\/www.visit-ulcinj.com\/blog\/","name":"Lajme nga Ulqini","description":"Lajme,Vijesti,Ulqini,Ulqin,Crna Gora,Mali i Zi","potentialAction":[{"@type":"SearchAction","target":{"@type":"EntryPoint","urlTemplate":"https:\/\/www.visit-ulcinj.com\/blog\/?s={search_term_string}"},"query-input":"required name=search_term_string"}],"inLanguage":"en-US"},{"@type":"ImageObject","inLanguage":"en-US","@id":"https:\/\/www.visit-ulcinj.com\/blog\/2011\/05\/03\/genta-ismajli-po-behem-gati-te-pushtoj-europen\/#primaryimage","url":"http:\/\/www.visit-ulcinj.com\/blog\/wp-content\/uploads\/2011\/05\/Genta-Ismajli.jpg","contentUrl":"http:\/\/www.visit-ulcinj.com\/blog\/wp-content\/uploads\/2011\/05\/Genta-Ismajli.jpg"},{"@type":"WebPage","@id":"https:\/\/www.visit-ulcinj.com\/blog\/2011\/05\/03\/genta-ismajli-po-behem-gati-te-pushtoj-europen\/#webpage","url":"https:\/\/www.visit-ulcinj.com\/blog\/2011\/05\/03\/genta-ismajli-po-behem-gati-te-pushtoj-europen\/","name":"Genta Ismajli: Po b\u00ebhem gati t\u00eb pushtoj Europ\u00ebn - Lajme nga Ulqini","isPartOf":{"@id":"https:\/\/www.visit-ulcinj.com\/blog\/#website"},"primaryImageOfPage":{"@id":"https:\/\/www.visit-ulcinj.com\/blog\/2011\/05\/03\/genta-ismajli-po-behem-gati-te-pushtoj-europen\/#primaryimage"},"datePublished":"2011-05-03T09:21:38+00:00","dateModified":"2011-05-03T09:22:01+00:00","author":{"@id":"https:\/\/www.visit-ulcinj.com\/blog\/#\/schema\/person\/dcab619c614d3038751c63bc2aadc06d"},"description":"Nuk u mjaftua me \u00e7eljen e nj\u00eb kanali zyrtar t\u00eb saj n\u00eb youtube.com, por tanim\u00eb po p\u00ebrgatitet t\u00eb \u201cpushtoj\u00eb\u201d tregun evropian me k\u00ebng\u00ebn e saj m\u00eb t\u00eb re t\u00eb","breadcrumb":{"@id":"https:\/\/www.visit-ulcinj.com\/blog\/2011\/05\/03\/genta-ismajli-po-behem-gati-te-pushtoj-europen\/#breadcrumb"},"inLanguage":"en-US","potentialAction":[{"@type":"ReadAction","target":["https:\/\/www.visit-ulcinj.com\/blog\/2011\/05\/03\/genta-ismajli-po-behem-gati-te-pushtoj-europen\/"]}]},{"@type":"BreadcrumbList","@id":"https:\/\/www.visit-ulcinj.com\/blog\/2011\/05\/03\/genta-ismajli-po-behem-gati-te-pushtoj-europen\/#breadcrumb","itemListElement":[{"@type":"ListItem","position":1,"name":"Genta Ismajli: Po b\u00ebhem gati t\u00eb pushtoj Europ\u00ebn"}]},{"@type":"Person","@id":"https:\/\/www.visit-ulcinj.com\/blog\/#\/schema\/person\/dcab619c614d3038751c63bc2aadc06d","name":"ulqini","sameAs":["http:\/\/www.visit-ulcinj.com"],"url":"https:\/\/www.visit-ulcinj.com\/blog\/author\/admin\/"}]}},"jetpack_featured_media_url":"","jetpack_sharing_enabled":true,"jetpack_shortlink":"https:\/\/wp.me\/pe6lTn-bZT","_links":{"self":[{"href":"https:\/\/www.visit-ulcinj.com\/blog\/wp-json\/wp\/v2\/posts\/46121"}],"collection":[{"href":"https:\/\/www.visit-ulcinj.com\/blog\/wp-json\/wp\/v2\/posts"}],"about":[{"href":"https:\/\/www.visit-ulcinj.com\/blog\/wp-json\/wp\/v2\/types\/post"}],"author":[{"embeddable":true,"href":"https:\/\/www.visit-ulcinj.com\/blog\/wp-json\/wp\/v2\/users\/1"}],"replies":[{"embeddable":true,"href":"https:\/\/www.visit-ulcinj.com\/blog\/wp-json\/wp\/v2\/comments?post=46121"}],"version-history":[{"count":0,"href":"https:\/\/www.visit-ulcinj.com\/blog\/wp-json\/wp\/v2\/posts\/46121\/revisions"}],"wp:attachment":[{"href":"https:\/\/www.visit-ulcinj.com\/blog\/wp-json\/wp\/v2\/media?parent=46121"}],"wp:term":[{"taxonomy":"category","embeddable":true,"href":"https:\/\/www.visit-ulcinj.com\/blog\/wp-json\/wp\/v2\/categories?post=46121"},{"taxonomy":"post_tag","embeddable":true,"href":"https:\/\/www.visit-ulcinj.com\/blog\/wp-json\/wp\/v2\/tags?post=46121"}],"curies":[{"name":"wp","href":"https:\/\/api.w.org\/{rel}","templated":true}]}}