{"id":46125,"date":"2011-05-03T10:41:32","date_gmt":"2011-05-03T09:41:32","guid":{"rendered":"http:\/\/www.visit-ulcinj.com\/blog\/?p=46125"},"modified":"2011-05-03T10:46:34","modified_gmt":"2011-05-03T09:46:34","slug":"nora-istrefi-dashuria-ime-ne-ditet-me-te-mira","status":"publish","type":"post","link":"https:\/\/www.visit-ulcinj.com\/blog\/2011\/05\/03\/nora-istrefi-dashuria-ime-ne-ditet-me-te-mira\/","title":{"rendered":"Nora Istrefi: Dashuria ime n\u00eb dit\u00ebt m\u00eb t\u00eb mira"},"content":{"rendered":"<p><strong><a href=\"http:\/\/www.visit-ulcinj.com\/blog\/wp-content\/uploads\/2011\/05\/Nora-Istrefi.jpg\"><img loading=\"lazy\" class=\"alignleft size-full wp-image-46131\" title=\"Nora Istrefi\" src=\"http:\/\/www.visit-ulcinj.com\/blog\/wp-content\/uploads\/2011\/05\/Nora-Istrefi.jpg\" alt=\"\" width=\"508\" height=\"620\" \/><\/a>E bukur, me nj\u00eb fizik provokues dhe jasht\u00ebzakonisht e talentuar k\u00ebng\u00ebtarja Nora Istrefi ka provuar vet\u00ebm suksese. Pothuajse t\u00eb gjitha k\u00ebng\u00ebt e saj jan\u00eb hite.<\/strong><\/p>\n<p><strong> <\/strong><\/p>\n<p><strong>Ka ditur gjithmon\u00eb t\u00eb t\u00ebrheq v\u00ebmendjen e publikut me performancat dhe klipet e saj. Kush po e xhelozon, si q\u00ebndron lidhja e saj me Robertin dhe planet p\u00ebr t\u00eb ardhmen jan\u00eb detaje q\u00eb do t\u00eb lexoni n\u00eb k\u00ebt\u00eb intervist\u00eb<\/strong><\/p>\n<p>Ajo ka vite tashm\u00eb q\u00eb \u00ebsht\u00eb prezente n\u00eb sken\u00ebn e muzik\u00ebs. Nora Istrefi, k\u00ebng\u00ebtarja me z\u00ebrin karakteristik dhe pamjen skenike, ka b\u00ebr\u00eb p\u00ebr vete shum\u00eb fansa. Vjen nga Kosova, por klipet e saj jan\u00eb popullarizuar gjer\u00eb edhe n\u00eb Shqip\u00ebri.<\/p>\n<p>Karriera e saj ka filluar n\u00eb mosh\u00ebn 18 vje\u00e7. K\u00ebnga e par\u00eb q\u00eb e b\u00ebri t\u00eb famshme \u00ebsht\u00eb \u201cShko tash\u201d t\u00eb cilat vijohen nga suksese t\u00eb tjera si \u201cHey hey hey\u201d n\u00eb bashk\u00ebpunim me Tingullin 3nt, si dhe \u201cNegativ\u201d, \u201cTaxi\u201d, me t\u00eb cilat \u00ebsht\u00eb prezantuar n\u00eb audicione t\u00eb njohura muzikore e q\u00eb \u00ebsht\u00eb vler\u00ebsuar p\u00ebr muzik\u00ebn dhe interpretimin.<\/p>\n<p>Nora \u00ebsht\u00eb nj\u00eb k\u00ebng\u00ebtare e talentuar ku pasioni q\u00eb ndjen p\u00ebr muzik\u00ebn i ka dh\u00ebn\u00eb asaj sukses t\u00eb vazhduesh\u00ebm. Me muzik\u00ebn ajo \u00ebsht\u00eb rritur q\u00eb e vog\u00ebl teksa k\u00ebndonte n\u00eb festivale p\u00ebr f\u00ebmij\u00eb. M\u00eb von\u00eb ajo paraqitet si soliste dhe sjell kryesisht k\u00ebng\u00eb r&amp;b, dhe pop te t\u00eb cilat e ndjen veten m\u00eb mir\u00eb.<\/p>\n<p>Nga ana tjet\u00ebr, profesioni i saj lidhet me fashion dizajnin, dhe kjo \u00ebsht\u00eb arsyeja q\u00eb klipet e saj jan\u00eb gjithmon\u00eb kaq profesionale, t\u00eb kuruara me stil, shije dhe origjinalitet. Klipet e guximshme, ku Nora vjen tejet provokuese dhe seksi \u00ebsht\u00eb ai me titullin \u201cSekret\u201d.<\/p>\n<p>Nd\u00ebrsa \u201cDy shok\u00ebt\u201d \u00ebsht\u00eb nj\u00eb tjet\u00ebr q\u00eb i kushtohet nj\u00eb dashurie t\u00eb \u00e7ilt\u00ebr q\u00eb ekziston mes nj\u00eb djali dhe vajze t\u00eb cil\u00ebt kan\u00eb qen\u00eb shok, por q\u00eb djali asnj\u00ebher\u00eb nuk e zbuloi t\u00eb v\u00ebrtet\u00ebn, dashurin\u00eb q\u00eb vajza ndjen p\u00ebr t\u00eb.<\/p>\n<p>P\u00ebrsa i p\u00ebrket dashuris\u00eb, Nora vazhdon lidhjen e saj me Robert Berish\u00ebn, djalin simpatik q\u00eb kompozon tinguj. T\u00eb dy jan\u00eb rritur n\u00eb mjedise ku mbret\u00ebron fryma muzikore. Por cilat jan\u00eb planet e tyre dhe gjith\u00e7ka n\u00eb lidhje me k\u00ebng\u00ebtaren seksi, Nora na i zbulon n\u00eb k\u00ebt\u00eb intervist\u00eb.<br \/>\n<a href=\"http:\/\/www.visit-ulcinj.com\/blog\/wp-content\/uploads\/2011\/05\/Nora-Istrefi.1.jpg\"><img loading=\"lazy\" class=\"alignleft size-full wp-image-46126\" title=\"Nora Istrefi.1\" src=\"http:\/\/www.visit-ulcinj.com\/blog\/wp-content\/uploads\/2011\/05\/Nora-Istrefi.1.jpg\" alt=\"\" width=\"508\" height=\"380\" \/><\/a><\/p>\n<p><strong>Intervista<\/strong><\/p>\n<p><strong>Ka pasur disa spekulime se jeni ndar\u00eb me Robertin, si q\u00ebndron e v\u00ebrteta?<\/strong><\/p>\n<p>Jo ne nuk jemi ndar\u00eb e as q\u00eb kemi qen\u00eb t\u00eb ndar\u00eb ndonj\u00ebher\u00eb. P\u00ebrkundrazi lidhja ime me Robertin po p\u00ebrjeton dit\u00ebt m\u00eb t\u00eb mira.<\/p>\n<p><strong>Shum\u00eb \u00e7ifte k\u00ebng\u00ebtar\u00ebsh e artist\u00ebsh jan\u00eb kuror\u00ebzuar k\u00ebt\u00eb vit. <\/strong><strong>Ju e keni menduar nj\u00eb gj\u00eb t\u00eb till\u00eb?<\/strong><\/p>\n<p>Nj\u00eb her\u00eb p\u00ebr nj\u00eb her\u00eb nuk kemi plane p\u00ebr martes\u00eb. Po e shijojm\u00eb fejes\u00ebn, por gjithsesi kjo fejesa jon\u00eb do t\u00eb kuror\u00ebzohet n\u00eb t\u00eb ardhmen.<\/p>\n<p><strong>Kur je e dashuruar me nj\u00eb koleg, \u00ebsht\u00eb m\u00eb mir\u00eb apo m\u00eb keq?<\/strong><\/p>\n<p>Mendoj se fakti q\u00eb merremi t\u00eb dy me muzik\u00eb na ka ndihmuar dhe favorizuar n\u00eb lidhjen ton\u00eb, se k\u00ebshtu ia dim\u00eb problemet dhe ritmin pun\u00ebs, ndaj tolerojm\u00eb dhe mir\u00ebkuptojm\u00eb nj\u00ebri-tjetrin.<\/p>\n<p><strong>Si u njoh\u00ebt ju t\u00eb dy?<\/strong><\/p>\n<p>Ne punojm\u00eb n\u00eb t\u00eb nj\u00ebjtin ambient. Ka q\u00eblluar q\u00eb jemi takuar n\u00eb koncerte, n\u00eb pabe etj. K\u00ebshtu lindi nj\u00eb miq\u00ebsi dhe p\u00ebr disa koh\u00eb dol\u00ebm si miq. Pastaj u p\u00eblqyem dhe k\u00ebshtu filluam t\u00eb shiheshim me tep\u00ebr sesa si miq.<\/p>\n<p><strong>\u00c7far\u00eb vler\u00ebson m\u00eb tep\u00ebr te Roberti? \u00c7far\u00eb ju b\u00ebri t\u00eb binit n\u00eb dashuri me t\u00eb?<\/strong><\/p>\n<p>Robertin e njoh prej shum\u00eb koh\u00ebsh dhe \u00ebsht\u00eb njeri i mrekulluesh\u00ebm. Kur nuk e njihja mir\u00eb nuk mund t\u00eb them se e mendoja k\u00ebte, por me kalimin e koh\u00ebs e kuptova cili \u00ebsht\u00eb n\u00eb t\u00eb v\u00ebrtet\u00eb.<\/p>\n<p><strong>T\u00eb b\u00ebn dhurata?<\/strong><\/p>\n<p>Po, po. Sa her\u00eb kthehet nga diku, gjithmon\u00eb me ble di\u00e7ka.<br \/>\n<a href=\"http:\/\/www.visit-ulcinj.com\/blog\/wp-content\/uploads\/2011\/05\/Nora-Istrefi.5.jpg\"><img loading=\"lazy\" class=\"alignleft size-full wp-image-46130\" title=\"Nora Istrefi.5\" src=\"http:\/\/www.visit-ulcinj.com\/blog\/wp-content\/uploads\/2011\/05\/Nora-Istrefi.5.jpg\" alt=\"\" width=\"508\" height=\"380\" \/><\/a><\/p>\n<p><strong>Nora ka koh\u00eb q\u00eb disa foto t\u00eb publikuara n\u00eb nj\u00eb grup n\u00eb facebook dhe n\u00eb gazeta e revista t\u00eb ndryshme ju akuzojn\u00eb p\u00ebr kopje t\u00eb imazhit t\u00eb disa k\u00ebng\u00ebtareve me fam\u00eb bot\u00ebrore, cili \u00ebsht\u00eb komenti juaj?<\/strong><\/p>\n<p>Po e kam par\u00eb grupin, por n\u00eb qoft\u00eb se ngjyrat kan\u00eb q\u00eblluar t\u00eb jen\u00eb t\u00eb nj\u00ebjta un\u00eb nuk do ta quaja kopje, sepse nuk mund t\u00eb dalim jasht\u00eb atyre ngjyrave q\u00eb p\u00eblqehen m\u00eb tep\u00ebr. Un\u00eb sigurisht q\u00eb nuk mund t\u00eb shpik di\u00e7ka t\u00eb re, kurse sa i p\u00ebrket modeleve po t\u2019i shikoni me kujdes kuptohet q\u00eb nuk kan\u00eb ngjashm\u00ebri me nj\u00ebra tjetr\u00ebn.<\/p>\n<p><strong>Ju jeni inspiruar nga veshjet e tyre, apo thjesht \u00ebsht\u00eb nj\u00eb koincidenc\u00eb?<\/strong><\/p>\n<p>T\u00eb them t\u00eb drejt\u00ebn asnj\u00ebra nga k\u00ebto. Un\u00eb veshjet e mia ose i kam t\u00eb dizenjuara nga kreatore me emra n\u00eb fush\u00ebn e mod\u00ebs ose t\u00eb blera, dhe nuk do ta quaja koincidenc\u00eb p\u00ebrderisa nuk kam veshur t\u00eb nj\u00ebjtat rroba me ato.<br \/>\n<a href=\"http:\/\/www.visit-ulcinj.com\/blog\/wp-content\/uploads\/2011\/05\/Nora-Istrefi.4.jpg\"><img loading=\"lazy\" class=\"alignleft size-full wp-image-46129\" title=\"Nora Istrefi.4\" src=\"http:\/\/www.visit-ulcinj.com\/blog\/wp-content\/uploads\/2011\/05\/Nora-Istrefi.4.jpg\" alt=\"\" width=\"508\" height=\"380\" \/><\/a><\/p>\n<p><strong>Ku i blini veshjet zakonisht?<\/strong><\/p>\n<p>Profesioni im si k\u00ebng\u00ebtare m\u00eb mund\u00ebson edhe t\u00eb udh\u00ebtoj shpesh p\u00ebr n\u00eb Europ\u00eb. Dhe sigurisht q\u00eb e shfryt\u00ebzoj rastin p\u00ebr blerje. N\u00eb Kosov\u00eb nuk ka shum\u00eb mund\u00ebsi zgjedhjeje n\u00eb veshje, kurse un\u00eb jam nj\u00eb tip q\u00eb i kushtoj nj\u00eb kujdes jasht\u00ebzakonisht t\u00eb madh veshjes dhe paraqitjeve t\u00eb mia skenike prandaj synoj t\u00eb dukem e ve\u00e7ant\u00eb n\u00eb paraqitjet e mia.<\/p>\n<p><strong>A mendoni se kjo propagand\u00eb e d\u00ebmton imazhin tuaj, dhe a e dini kush q\u00ebndron pas saj?<\/strong><\/p>\n<p>Absolutisht jo. Ato nuk e din\u00eb q\u00eb vet\u00ebm i kontribuojn\u00eb ngritjes s\u00eb imazhit tim k\u00ebshtu q\u00eb le t\u00eb vazhdojn\u00eb\u2026 Mendoj se k\u00ebt\u00eb gj\u00eb e ka b\u00ebr\u00eb dikush q\u00eb ka xhelozi ndaj meje dhe ka shum\u00eb koh\u00eb t\u00eb merret me mua. Sigurisht q\u00eb gj\u00ebrat e tilla nuk m\u00eb m\u00ebrzisin, por ka njer\u00ebz t\u00eb till\u00eb q\u00eb tentojn\u00eb t\u00eb prishin imazhin e dikujt..inati dhe xhelozia n\u00eb profesionin tim jan\u00eb t\u00eb pashmangsh\u00ebm.<\/p>\n<p><strong>Ju jeni diplomuar p\u00ebr stiliste, keni menduar t\u2019i p\u00ebrkushtoheni profesionit?<\/strong><\/p>\n<p>T\u00eb them t\u00eb drejten po, por angazhimet rreth muzik\u00ebs nuk m\u00eb l\u00ebn\u00eb koh\u00eb t\u00eb mjaftueshme p\u00ebr t\u2019u marr\u00eb me t\u00eb, por patjet\u00ebr q\u00eb n\u00eb nj\u00eb t\u00eb ardhme t\u00eb af\u00ebrt do t\u2019i stiloj vet\u00eb veshjet e mia.<\/p>\n<p><strong>Nora si e kaloni koh\u00ebn e lir\u00eb?<\/strong><\/p>\n<p>N\u00eb koh\u00ebn e lir\u00eb dal me shoq\u00ebrin\u00eb ose q\u00ebndroj n\u00eb sht\u00ebpi duke par\u00eb ndonj\u00eb film ose duke d\u00ebgjuar muzik\u00eb.<br \/>\n<a href=\"http:\/\/www.visit-ulcinj.com\/blog\/wp-content\/uploads\/2011\/05\/Nora-Istrefi.3.jpg\"><img loading=\"lazy\" class=\"alignleft size-full wp-image-46128\" title=\"Nora Istrefi.3\" src=\"http:\/\/www.visit-ulcinj.com\/blog\/wp-content\/uploads\/2011\/05\/Nora-Istrefi.3.jpg\" alt=\"\" width=\"508\" height=\"380\" \/><\/a><\/p>\n<p><strong>Planet tuaja p\u00ebr sa i p\u00ebrket muzik\u00ebs?<\/strong><\/p>\n<p>Kam n\u00eb plan t\u00eb realizoj nj\u00eb k\u00ebng\u00eb s\u00eb bashku me videoklip e cila shpresoj t\u00eb jet\u00eb gati p\u00ebr rreth nj\u00eb muaj.<\/p>\n<p><strong>Nj\u00eb koment drejtuar fansave tuaj.<\/strong><\/p>\n<p>I p\u00ebrsh\u00ebndes shum\u00eb dhe i fal\u00ebnderoj p\u00ebr mb\u00ebshtetjen e vazhdueshme q\u00eb e g\u00ebzoj prej tyre\u2026padyshim q\u00eb suksesi im i dedikohet fansave t\u00eb mi.<\/p>\n<p><strong>Revista Shqip<br \/>\n<!--YouTube Error: bad URL entered--><\/strong><\/p>\n","protected":false},"excerpt":{"rendered":"<p>E bukur, me nj\u00eb fizik provokues dhe jasht\u00ebzakonisht e talentuar k\u00ebng\u00ebtarja Nora Istrefi ka provuar vet\u00ebm suksese. Pothuajse t\u00eb gjitha k\u00ebng\u00ebt e saj jan\u00eb hite. Ka ditur gjithmon\u00eb t\u00eb t\u00ebrheq v\u00ebmendjen e publikut me performancat dhe klipet e saj. Kush po e xhelozon, si q\u00ebndron lidhja e saj me Robertin dhe planet p\u00ebr t\u00eb ardhmen [&hellip;]<\/p>\n","protected":false},"author":1,"featured_media":0,"comment_status":"open","ping_status":"closed","sticky":false,"template":"","format":"standard","meta":{"spay_email":"","jetpack_publicize_message":"","jetpack_is_tweetstorm":false,"jetpack_publicize_feature_enabled":true},"categories":[1],"tags":[4939],"jetpack_publicize_connections":[],"yoast_head":"<!-- This site is optimized with the Yoast SEO plugin v19.1 - https:\/\/yoast.com\/wordpress\/plugins\/seo\/ -->\n<title>Nora Istrefi: Dashuria ime n\u00eb dit\u00ebt m\u00eb t\u00eb mira - Lajme nga Ulqini<\/title>\n<meta name=\"description\" content=\"E bukur, me nj\u00eb fizik provokues dhe jasht\u00ebzakonisht e talentuar k\u00ebng\u00ebtarja Nora Istrefi ka provuar vet\u00ebm suksese. Pothuajse t\u00eb gjitha k\u00ebng\u00ebt e saj jan\u00eb\" \/>\n<meta name=\"robots\" content=\"index, follow, max-snippet:-1, max-image-preview:large, max-video-preview:-1\" \/>\n<link rel=\"canonical\" href=\"https:\/\/www.visit-ulcinj.com\/blog\/2011\/05\/03\/nora-istrefi-dashuria-ime-ne-ditet-me-te-mira\/\" \/>\n<meta property=\"og:locale\" content=\"en_US\" \/>\n<meta property=\"og:type\" content=\"article\" \/>\n<meta property=\"og:title\" content=\"Nora Istrefi: Dashuria ime n\u00eb dit\u00ebt m\u00eb t\u00eb mira - Lajme nga Ulqini\" \/>\n<meta property=\"og:description\" content=\"E bukur, me nj\u00eb fizik provokues dhe jasht\u00ebzakonisht e talentuar k\u00ebng\u00ebtarja Nora Istrefi ka provuar vet\u00ebm suksese. Pothuajse t\u00eb gjitha k\u00ebng\u00ebt e saj jan\u00eb\" \/>\n<meta property=\"og:url\" content=\"https:\/\/www.visit-ulcinj.com\/blog\/2011\/05\/03\/nora-istrefi-dashuria-ime-ne-ditet-me-te-mira\/\" \/>\n<meta property=\"og:site_name\" content=\"Lajme nga Ulqini\" \/>\n<meta property=\"article:published_time\" content=\"2011-05-03T09:41:32+00:00\" \/>\n<meta property=\"article:modified_time\" content=\"2011-05-03T09:46:34+00:00\" \/>\n<meta property=\"og:image\" content=\"http:\/\/www.visit-ulcinj.com\/blog\/wp-content\/uploads\/2011\/05\/Nora-Istrefi.jpg\" \/>\n<meta name=\"twitter:label1\" content=\"Written by\" \/>\n\t<meta name=\"twitter:data1\" content=\"ulqini\" \/>\n\t<meta name=\"twitter:label2\" content=\"Est. reading time\" \/>\n\t<meta name=\"twitter:data2\" content=\"6 minutes\" \/>\n<script type=\"application\/ld+json\" class=\"yoast-schema-graph\">{\"@context\":\"https:\/\/schema.org\",\"@graph\":[{\"@type\":\"WebSite\",\"@id\":\"https:\/\/www.visit-ulcinj.com\/blog\/#website\",\"url\":\"https:\/\/www.visit-ulcinj.com\/blog\/\",\"name\":\"Lajme nga Ulqini\",\"description\":\"Lajme,Vijesti,Ulqini,Ulqin,Crna Gora,Mali i Zi\",\"potentialAction\":[{\"@type\":\"SearchAction\",\"target\":{\"@type\":\"EntryPoint\",\"urlTemplate\":\"https:\/\/www.visit-ulcinj.com\/blog\/?s={search_term_string}\"},\"query-input\":\"required name=search_term_string\"}],\"inLanguage\":\"en-US\"},{\"@type\":\"ImageObject\",\"inLanguage\":\"en-US\",\"@id\":\"https:\/\/www.visit-ulcinj.com\/blog\/2011\/05\/03\/nora-istrefi-dashuria-ime-ne-ditet-me-te-mira\/#primaryimage\",\"url\":\"http:\/\/www.visit-ulcinj.com\/blog\/wp-content\/uploads\/2011\/05\/Nora-Istrefi.jpg\",\"contentUrl\":\"http:\/\/www.visit-ulcinj.com\/blog\/wp-content\/uploads\/2011\/05\/Nora-Istrefi.jpg\"},{\"@type\":\"WebPage\",\"@id\":\"https:\/\/www.visit-ulcinj.com\/blog\/2011\/05\/03\/nora-istrefi-dashuria-ime-ne-ditet-me-te-mira\/#webpage\",\"url\":\"https:\/\/www.visit-ulcinj.com\/blog\/2011\/05\/03\/nora-istrefi-dashuria-ime-ne-ditet-me-te-mira\/\",\"name\":\"Nora Istrefi: Dashuria ime n\u00eb dit\u00ebt m\u00eb t\u00eb mira - Lajme nga Ulqini\",\"isPartOf\":{\"@id\":\"https:\/\/www.visit-ulcinj.com\/blog\/#website\"},\"primaryImageOfPage\":{\"@id\":\"https:\/\/www.visit-ulcinj.com\/blog\/2011\/05\/03\/nora-istrefi-dashuria-ime-ne-ditet-me-te-mira\/#primaryimage\"},\"datePublished\":\"2011-05-03T09:41:32+00:00\",\"dateModified\":\"2011-05-03T09:46:34+00:00\",\"author\":{\"@id\":\"https:\/\/www.visit-ulcinj.com\/blog\/#\/schema\/person\/dcab619c614d3038751c63bc2aadc06d\"},\"description\":\"E bukur, me nj\u00eb fizik provokues dhe jasht\u00ebzakonisht e talentuar k\u00ebng\u00ebtarja Nora Istrefi ka provuar vet\u00ebm suksese. Pothuajse t\u00eb gjitha k\u00ebng\u00ebt e saj jan\u00eb\",\"breadcrumb\":{\"@id\":\"https:\/\/www.visit-ulcinj.com\/blog\/2011\/05\/03\/nora-istrefi-dashuria-ime-ne-ditet-me-te-mira\/#breadcrumb\"},\"inLanguage\":\"en-US\",\"potentialAction\":[{\"@type\":\"ReadAction\",\"target\":[\"https:\/\/www.visit-ulcinj.com\/blog\/2011\/05\/03\/nora-istrefi-dashuria-ime-ne-ditet-me-te-mira\/\"]}]},{\"@type\":\"BreadcrumbList\",\"@id\":\"https:\/\/www.visit-ulcinj.com\/blog\/2011\/05\/03\/nora-istrefi-dashuria-ime-ne-ditet-me-te-mira\/#breadcrumb\",\"itemListElement\":[{\"@type\":\"ListItem\",\"position\":1,\"name\":\"Nora Istrefi: Dashuria ime n\u00eb dit\u00ebt m\u00eb t\u00eb mira\"}]},{\"@type\":\"Person\",\"@id\":\"https:\/\/www.visit-ulcinj.com\/blog\/#\/schema\/person\/dcab619c614d3038751c63bc2aadc06d\",\"name\":\"ulqini\",\"sameAs\":[\"http:\/\/www.visit-ulcinj.com\"],\"url\":\"https:\/\/www.visit-ulcinj.com\/blog\/author\/admin\/\"}]}<\/script>\n<!-- \/ Yoast SEO plugin. -->","yoast_head_json":{"title":"Nora Istrefi: Dashuria ime n\u00eb dit\u00ebt m\u00eb t\u00eb mira - Lajme nga Ulqini","description":"E bukur, me nj\u00eb fizik provokues dhe jasht\u00ebzakonisht e talentuar k\u00ebng\u00ebtarja Nora Istrefi ka provuar vet\u00ebm suksese. Pothuajse t\u00eb gjitha k\u00ebng\u00ebt e saj jan\u00eb","robots":{"index":"index","follow":"follow","max-snippet":"max-snippet:-1","max-image-preview":"max-image-preview:large","max-video-preview":"max-video-preview:-1"},"canonical":"https:\/\/www.visit-ulcinj.com\/blog\/2011\/05\/03\/nora-istrefi-dashuria-ime-ne-ditet-me-te-mira\/","og_locale":"en_US","og_type":"article","og_title":"Nora Istrefi: Dashuria ime n\u00eb dit\u00ebt m\u00eb t\u00eb mira - Lajme nga Ulqini","og_description":"E bukur, me nj\u00eb fizik provokues dhe jasht\u00ebzakonisht e talentuar k\u00ebng\u00ebtarja Nora Istrefi ka provuar vet\u00ebm suksese. Pothuajse t\u00eb gjitha k\u00ebng\u00ebt e saj jan\u00eb","og_url":"https:\/\/www.visit-ulcinj.com\/blog\/2011\/05\/03\/nora-istrefi-dashuria-ime-ne-ditet-me-te-mira\/","og_site_name":"Lajme nga Ulqini","article_published_time":"2011-05-03T09:41:32+00:00","article_modified_time":"2011-05-03T09:46:34+00:00","og_image":[{"url":"http:\/\/www.visit-ulcinj.com\/blog\/wp-content\/uploads\/2011\/05\/Nora-Istrefi.jpg"}],"twitter_misc":{"Written by":"ulqini","Est. reading time":"6 minutes"},"schema":{"@context":"https:\/\/schema.org","@graph":[{"@type":"WebSite","@id":"https:\/\/www.visit-ulcinj.com\/blog\/#website","url":"https:\/\/www.visit-ulcinj.com\/blog\/","name":"Lajme nga Ulqini","description":"Lajme,Vijesti,Ulqini,Ulqin,Crna Gora,Mali i Zi","potentialAction":[{"@type":"SearchAction","target":{"@type":"EntryPoint","urlTemplate":"https:\/\/www.visit-ulcinj.com\/blog\/?s={search_term_string}"},"query-input":"required name=search_term_string"}],"inLanguage":"en-US"},{"@type":"ImageObject","inLanguage":"en-US","@id":"https:\/\/www.visit-ulcinj.com\/blog\/2011\/05\/03\/nora-istrefi-dashuria-ime-ne-ditet-me-te-mira\/#primaryimage","url":"http:\/\/www.visit-ulcinj.com\/blog\/wp-content\/uploads\/2011\/05\/Nora-Istrefi.jpg","contentUrl":"http:\/\/www.visit-ulcinj.com\/blog\/wp-content\/uploads\/2011\/05\/Nora-Istrefi.jpg"},{"@type":"WebPage","@id":"https:\/\/www.visit-ulcinj.com\/blog\/2011\/05\/03\/nora-istrefi-dashuria-ime-ne-ditet-me-te-mira\/#webpage","url":"https:\/\/www.visit-ulcinj.com\/blog\/2011\/05\/03\/nora-istrefi-dashuria-ime-ne-ditet-me-te-mira\/","name":"Nora Istrefi: Dashuria ime n\u00eb dit\u00ebt m\u00eb t\u00eb mira - Lajme nga Ulqini","isPartOf":{"@id":"https:\/\/www.visit-ulcinj.com\/blog\/#website"},"primaryImageOfPage":{"@id":"https:\/\/www.visit-ulcinj.com\/blog\/2011\/05\/03\/nora-istrefi-dashuria-ime-ne-ditet-me-te-mira\/#primaryimage"},"datePublished":"2011-05-03T09:41:32+00:00","dateModified":"2011-05-03T09:46:34+00:00","author":{"@id":"https:\/\/www.visit-ulcinj.com\/blog\/#\/schema\/person\/dcab619c614d3038751c63bc2aadc06d"},"description":"E bukur, me nj\u00eb fizik provokues dhe jasht\u00ebzakonisht e talentuar k\u00ebng\u00ebtarja Nora Istrefi ka provuar vet\u00ebm suksese. Pothuajse t\u00eb gjitha k\u00ebng\u00ebt e saj jan\u00eb","breadcrumb":{"@id":"https:\/\/www.visit-ulcinj.com\/blog\/2011\/05\/03\/nora-istrefi-dashuria-ime-ne-ditet-me-te-mira\/#breadcrumb"},"inLanguage":"en-US","potentialAction":[{"@type":"ReadAction","target":["https:\/\/www.visit-ulcinj.com\/blog\/2011\/05\/03\/nora-istrefi-dashuria-ime-ne-ditet-me-te-mira\/"]}]},{"@type":"BreadcrumbList","@id":"https:\/\/www.visit-ulcinj.com\/blog\/2011\/05\/03\/nora-istrefi-dashuria-ime-ne-ditet-me-te-mira\/#breadcrumb","itemListElement":[{"@type":"ListItem","position":1,"name":"Nora Istrefi: Dashuria ime n\u00eb dit\u00ebt m\u00eb t\u00eb mira"}]},{"@type":"Person","@id":"https:\/\/www.visit-ulcinj.com\/blog\/#\/schema\/person\/dcab619c614d3038751c63bc2aadc06d","name":"ulqini","sameAs":["http:\/\/www.visit-ulcinj.com"],"url":"https:\/\/www.visit-ulcinj.com\/blog\/author\/admin\/"}]}},"jetpack_featured_media_url":"","jetpack_sharing_enabled":true,"jetpack_shortlink":"https:\/\/wp.me\/pe6lTn-bZX","_links":{"self":[{"href":"https:\/\/www.visit-ulcinj.com\/blog\/wp-json\/wp\/v2\/posts\/46125"}],"collection":[{"href":"https:\/\/www.visit-ulcinj.com\/blog\/wp-json\/wp\/v2\/posts"}],"about":[{"href":"https:\/\/www.visit-ulcinj.com\/blog\/wp-json\/wp\/v2\/types\/post"}],"author":[{"embeddable":true,"href":"https:\/\/www.visit-ulcinj.com\/blog\/wp-json\/wp\/v2\/users\/1"}],"replies":[{"embeddable":true,"href":"https:\/\/www.visit-ulcinj.com\/blog\/wp-json\/wp\/v2\/comments?post=46125"}],"version-history":[{"count":0,"href":"https:\/\/www.visit-ulcinj.com\/blog\/wp-json\/wp\/v2\/posts\/46125\/revisions"}],"wp:attachment":[{"href":"https:\/\/www.visit-ulcinj.com\/blog\/wp-json\/wp\/v2\/media?parent=46125"}],"wp:term":[{"taxonomy":"category","embeddable":true,"href":"https:\/\/www.visit-ulcinj.com\/blog\/wp-json\/wp\/v2\/categories?post=46125"},{"taxonomy":"post_tag","embeddable":true,"href":"https:\/\/www.visit-ulcinj.com\/blog\/wp-json\/wp\/v2\/tags?post=46125"}],"curies":[{"name":"wp","href":"https:\/\/api.w.org\/{rel}","templated":true}]}}