{"id":46135,"date":"2011-05-03T12:32:20","date_gmt":"2011-05-03T11:32:20","guid":{"rendered":"http:\/\/www.visit-ulcinj.com\/blog\/?p=46135"},"modified":"2011-05-03T12:32:53","modified_gmt":"2011-05-03T11:32:53","slug":"ciljeta-xhilaga-askush-nuk-e-priste-qe-une-do-arrija-te-kerceja","status":"publish","type":"post","link":"https:\/\/www.visit-ulcinj.com\/blog\/2011\/05\/03\/ciljeta-xhilaga-askush-nuk-e-priste-qe-une-do-arrija-te-kerceja\/","title":{"rendered":"Ciljeta Xhilaga: Askush nuk e priste q\u00eb un\u00eb do arrija t\u00eb k\u00ebrceja"},"content":{"rendered":"<p><a href=\"http:\/\/www.visit-ulcinj.com\/blog\/wp-content\/uploads\/2011\/05\/Ciljeta-Xhilaga-Ne-Dancing-With-The-Stars.jpg\"><img loading=\"lazy\" class=\"alignleft size-full wp-image-46139\" title=\"Ciljeta Xhilaga Ne Dancing With The Stars\" src=\"http:\/\/www.visit-ulcinj.com\/blog\/wp-content\/uploads\/2011\/05\/Ciljeta-Xhilaga-Ne-Dancing-With-The-Stars.jpg\" alt=\"\" width=\"508\" height=\"367\" \/><\/a>Ajo \u00ebsht\u00eb b\u00ebr\u00eb pjes\u00eb e \u201cDancing with the stars\u201d, duke shtuar k\u00ebshtu list\u00ebn e gjat\u00eb t\u00eb eksperiencave n\u00eb jet\u00ebn e saj t\u00eb re. Por, n\u00ebse t\u00eb k\u00ebndoj\u00eb, t\u00eb prezantoj\u00eb, t\u00eb jet\u00eb imazh promocional apo edhe t\u00eb merret me politik\u00eb \u00ebsht\u00eb par\u00eb nga njer\u00ebzit q\u00eb e p\u00eblqejn\u00eb k\u00ebto aktivitete q\u00eb i p\u00ebshtaten talentit apo grint\u00ebs s\u00eb saj, pak mund t\u00eb besonin se \u00c7iljeta do arrinte t\u00eb k\u00ebrcente mir\u00eb n\u00eb nj\u00eb kompeticion k\u00ebrcimi, madje as ajo vet\u00eb. Ja \u00e7far\u00eb na tregon k\u00ebng\u00ebtarja p\u00ebr k\u00ebt\u00eb sip\u00ebrmarrje q\u00eb i p\u00eblqen aq shum\u00eb dhe q\u00eb e ka b\u00ebr\u00eb t\u00eb mendoj\u00eb se ka dhunti edhe si balerin\u00eb, pavar\u00ebsisht se duhet shum\u00eb pun\u00eb p\u00ebr t\u2019ia dal\u00eb.<\/p>\n<p><strong>Pas disa jav\u00ebsh n\u00eb \u201cDancing with the stars\u201d a mund t\u00eb themi se e ke fituar bastin me veten, por edhe me ata q\u00eb pak besonin se mund t\u2019ia dilje?<\/strong><\/p>\n<p>Mendoj se po. N\u00eb fakt, p\u00ebr nj\u00eb k\u00ebng\u00ebtare t\u00eb k\u00ebrcej\u00eb \u00ebsht\u00eb gj\u00eb normale, pasi vet\u00eb muzika t\u00eb inspiron t\u00eb b\u00ebsh l\u00ebvizje trupi, por k\u00ebtu nuk flitet p\u00ebr at\u00eb lloj k\u00ebrcimi. K\u00ebtu flitet p\u00ebr gjini tejet t\u00eb v\u00ebshtira si \u2018\u00e7arleston\u2019, \u2018\u00e7a \u00e7a \u00e7a\u2019 apo \u2018paso doble\u2019. Dhe jo vet\u00ebm un\u00eb, por edhe dashamir\u00ebsit e mi\u00a0 m\u00eb kan\u00eb b\u00ebr\u00eb komplimente p\u00ebr m\u00ebnyr\u00ebn se si jam paraqitur deri tani.<br \/>\n<strong><a href=\"http:\/\/www.visit-ulcinj.com\/blog\/wp-content\/uploads\/2011\/05\/Ciljeta-Xhilaga-Ne-Dancing-With-The-Stars.1_.jpg\"><img loading=\"lazy\" class=\"alignleft size-full wp-image-46137\" title=\"Ciljeta Xhilaga Ne Dancing With The Stars.1_\" src=\"http:\/\/www.visit-ulcinj.com\/blog\/wp-content\/uploads\/2011\/05\/Ciljeta-Xhilaga-Ne-Dancing-With-The-Stars.1_.jpg\" alt=\"\" width=\"508\" height=\"380\" \/><\/a>Si i ke pasur m\u00eb par\u00eb marr\u00ebdh\u00ebniet me k\u00ebrcimin?<\/strong><br \/>\nJu e dini, un\u00eb jam paksa natyr\u00eb p\u00ebrtace, filloj palestr\u00ebn pastaj e l\u00eb, mir\u00ebpo k\u00ebrcimi do nj\u00eb disiplin\u00eb t\u00eb madhe dhe un\u00eb thjesht iu futa me vullnet, q\u00eb t\u00eb jepja m\u00eb t\u00eb mir\u00ebn. Kam pasur shum\u00eb fat me balerinin q\u00eb m\u00eb shoq\u00ebron,\u00a0 Dionin. Me at\u00eb dhe familjen e tij njihem prej shum\u00eb vitesh dhe kjo \u00ebsht\u00eb shum\u00eb e r\u00ebnd\u00ebsishme n\u00eb k\u00ebrcim, pasi duhet nj\u00eb marr\u00ebdh\u00ebnie miq\u00ebsore p\u00ebr ta mir\u00ebkuptuar nj\u00ebri- tjetrin. N\u00eb fillim i thoshin t\u00eb gjith\u00eb se do e kishte pak\u00a0 t\u00eb v\u00ebshtir\u00eb me nj\u00eb partnere si un\u00eb, por fal\u00eb pun\u00ebs s\u00eb tij dhe k\u00ebmb\u00ebnguljes sime them se po ia dalim shum\u00eb mir\u00eb.<br \/>\n<strong>A ka pasur ndonj\u00eb moment t\u00eb v\u00ebshtir\u00eb gjat\u00eb k\u00ebtyre net\u00ebve, q\u00eb nuk \u00ebsht\u00eb kapur nga syri i shikuesve?<\/strong><br \/>\nPo, ka qen\u00eb nj\u00eb padieshk\u00eb, kur Dioni duhej t\u00eb m\u00eb ngrinte lart me nj\u00eb krah, ishte shum\u00eb e v\u00ebshtir\u00eb dhe ne nuk e dinim n\u00ebse do e arrinim, por n\u00eb fund gjith\u00e7ka shkoi shum\u00eb mir\u00eb.<br \/>\n<strong>Cil\u00ebt jan\u00eb konkurent\u00ebt m\u00eb t\u00eb fort\u00eb sipas teje, deri tani?<\/strong><br \/>\nMendoj se jan\u00eb Vesa, Olta, Shpati, Enveri.<br \/>\n<a href=\"http:\/\/www.visit-ulcinj.com\/blog\/wp-content\/uploads\/2011\/05\/Ciljeta-Xhilaga-Ne-Dancing-With-The-Stars.2.jpg\"><img loading=\"lazy\" class=\"alignleft size-full wp-image-46138\" title=\"Ciljeta Xhilaga Ne Dancing With The Stars.2\" src=\"http:\/\/www.visit-ulcinj.com\/blog\/wp-content\/uploads\/2011\/05\/Ciljeta-Xhilaga-Ne-Dancing-With-The-Stars.2.jpg\" alt=\"\" width=\"350\" height=\"520\" \/><\/a><\/p>\n<p><strong>Sa e vendosur je p\u00ebr t\u00eb fitar \u00e7mimin e par\u00eb dhe shum\u00ebn\u00a0 q\u00eb \u00ebsht\u00eb vendosur si trofe?<\/strong><br \/>\nSa p\u00ebr shum\u00ebn, t\u00eb jem e sinqert\u00eb ende nuk e di sa \u00ebsht\u00eb, k\u00ebt\u00eb nuk na e ka th\u00ebn\u00eb njeri. \u00cbsht\u00eb normale q\u00eb kam ambicie, por un\u00eb nuk futem me ethe t\u00eb forta n\u00eb gar\u00eb, pasi nuk besoj shum\u00eb tek kompeticionet. Thjesht p\u00ebrpiqem t\u00eb jap maksimumin dhe t\u00eb p\u00eblqehem nga publiku.<br \/>\n<strong>Arjan \u00c7ani shpesh t\u00eb ngacmon, duke b\u00ebr\u00eb disa komente pikante, si ndihesh, m\u00ebrzitesh?<\/strong><br \/>\nAspak, si mund t\u2019ia marr p\u00ebr keq Arjanit, e kam mik t\u00eb vjet\u00ebr dhe kam bindjen se ai asgj\u00eb nuk ma thot\u00eb me t\u00eb keq.<br \/>\n<strong>Aleksandri, i dashuri yt, \u00e7far\u00eb mendon p\u00ebr k\u00ebt\u00eb eksperienc\u00eb t\u00ebnden, ka ardhur ndonj\u00ebher\u00eb t\u00eb t\u00eb ndjek\u00eb live?<\/strong><br \/>\nNuk ka ardhur, sepse \u00ebsht\u00eb jasht\u00eb, por i ka ndjekur t\u00eb gjitha performancat e mia n\u00eb Youtube dhe m\u00eb ka b\u00ebr\u00eb komplimente, nuk arriti ta besonte q\u00eb ia dola. M\u00eb vjen mir\u00eb q\u00eb nuk \u00ebsht\u00eb xheloz, kjo gj\u00eb m\u00eb p\u00eblqen, sepse t\u00eb k\u00ebrcesh me nj\u00eb partner duket si nj\u00eb marr\u00ebdh\u00ebnie shum\u00eb e af\u00ebrt, por ai e kupton k\u00ebt\u00eb lloj marr\u00ebdh\u00ebnieje artistike.<br \/>\n<strong>A mendon se kjo eksperienc\u00eb do t\u00eb sh\u00ebrbej\u00eb m\u00eb von\u00eb n\u00eb karrier\u00ebn t\u00ebnde si k\u00ebng\u00ebtare?<\/strong><br \/>\nPo patjet\u00ebr, do t\u2019i p\u00ebrdor k\u00ebto k\u00ebrcime n\u00eb klipet e mia, n\u00eb koncerte, dhe pse jo do t\u00eb k\u00ebrcej edhe m\u00eb mir\u00eb n\u00eb lokale t\u00eb ndryshme, kur t\u00eb dal p\u00ebr qejf. Nganj\u00ebher\u00eb e imagjinoj veten n\u00eb lokalet e nat\u00ebs n\u00eb Spanj\u00eb, duke k\u00ebrcyer ashtu si\u00e7 m\u00eb ka m\u00ebsuar Dioni. \u00cbsht\u00eb bukur t\u00eb dish t\u00eb k\u00ebrcesh.<\/p>\n<p>&nbsp;<\/p>\n<p><strong> <\/strong><\/p>\n<p><strong>Panorama Plus<br \/>\n<!--YouTube Error: bad URL entered--><\/strong><\/p>\n","protected":false},"excerpt":{"rendered":"<p>Ajo \u00ebsht\u00eb b\u00ebr\u00eb pjes\u00eb e \u201cDancing with the stars\u201d, duke shtuar k\u00ebshtu list\u00ebn e gjat\u00eb t\u00eb eksperiencave n\u00eb jet\u00ebn e saj t\u00eb re. Por, n\u00ebse t\u00eb k\u00ebndoj\u00eb, t\u00eb prezantoj\u00eb, t\u00eb jet\u00eb imazh promocional apo edhe t\u00eb merret me politik\u00eb \u00ebsht\u00eb par\u00eb nga njer\u00ebzit q\u00eb e p\u00eblqejn\u00eb k\u00ebto aktivitete q\u00eb i p\u00ebshtaten talentit apo grint\u00ebs s\u00eb [&hellip;]<\/p>\n","protected":false},"author":1,"featured_media":0,"comment_status":"open","ping_status":"closed","sticky":false,"template":"","format":"standard","meta":{"spay_email":"","jetpack_publicize_message":"","jetpack_is_tweetstorm":false,"jetpack_publicize_feature_enabled":true},"categories":[1],"tags":[5456],"jetpack_publicize_connections":[],"yoast_head":"<!-- This site is optimized with the Yoast SEO plugin v19.1 - https:\/\/yoast.com\/wordpress\/plugins\/seo\/ -->\n<title>Ciljeta Xhilaga: Askush nuk e priste q\u00eb un\u00eb do arrija t\u00eb k\u00ebrceja - Lajme nga Ulqini<\/title>\n<meta name=\"description\" content=\"Ajo \u00ebsht\u00eb b\u00ebr\u00eb pjes\u00eb e \u201cDancing with the stars\u201d, duke shtuar k\u00ebshtu list\u00ebn e gjat\u00eb t\u00eb eksperiencave n\u00eb jet\u00ebn e saj t\u00eb re. Por, n\u00ebse t\u00eb k\u00ebndoj\u00eb, t\u00eb\" \/>\n<meta name=\"robots\" content=\"index, follow, max-snippet:-1, max-image-preview:large, max-video-preview:-1\" \/>\n<link rel=\"canonical\" href=\"https:\/\/www.visit-ulcinj.com\/blog\/2011\/05\/03\/ciljeta-xhilaga-askush-nuk-e-priste-qe-une-do-arrija-te-kerceja\/\" \/>\n<meta property=\"og:locale\" content=\"en_US\" \/>\n<meta property=\"og:type\" content=\"article\" \/>\n<meta property=\"og:title\" content=\"Ciljeta Xhilaga: Askush nuk e priste q\u00eb un\u00eb do arrija t\u00eb k\u00ebrceja - Lajme nga Ulqini\" \/>\n<meta property=\"og:description\" content=\"Ajo \u00ebsht\u00eb b\u00ebr\u00eb pjes\u00eb e \u201cDancing with the stars\u201d, duke shtuar k\u00ebshtu list\u00ebn e gjat\u00eb t\u00eb eksperiencave n\u00eb jet\u00ebn e saj t\u00eb re. Por, n\u00ebse t\u00eb k\u00ebndoj\u00eb, t\u00eb\" \/>\n<meta property=\"og:url\" content=\"https:\/\/www.visit-ulcinj.com\/blog\/2011\/05\/03\/ciljeta-xhilaga-askush-nuk-e-priste-qe-une-do-arrija-te-kerceja\/\" \/>\n<meta property=\"og:site_name\" content=\"Lajme nga Ulqini\" \/>\n<meta property=\"article:published_time\" content=\"2011-05-03T11:32:20+00:00\" \/>\n<meta property=\"article:modified_time\" content=\"2011-05-03T11:32:53+00:00\" \/>\n<meta property=\"og:image\" content=\"http:\/\/www.visit-ulcinj.com\/blog\/wp-content\/uploads\/2011\/05\/Ciljeta-Xhilaga-Ne-Dancing-With-The-Stars.jpg\" \/>\n<meta name=\"twitter:label1\" content=\"Written by\" \/>\n\t<meta name=\"twitter:data1\" content=\"ulqini\" \/>\n\t<meta name=\"twitter:label2\" content=\"Est. reading time\" \/>\n\t<meta name=\"twitter:data2\" content=\"4 minutes\" \/>\n<script type=\"application\/ld+json\" class=\"yoast-schema-graph\">{\"@context\":\"https:\/\/schema.org\",\"@graph\":[{\"@type\":\"WebSite\",\"@id\":\"https:\/\/www.visit-ulcinj.com\/blog\/#website\",\"url\":\"https:\/\/www.visit-ulcinj.com\/blog\/\",\"name\":\"Lajme nga Ulqini\",\"description\":\"Lajme,Vijesti,Ulqini,Ulqin,Crna Gora,Mali i Zi\",\"potentialAction\":[{\"@type\":\"SearchAction\",\"target\":{\"@type\":\"EntryPoint\",\"urlTemplate\":\"https:\/\/www.visit-ulcinj.com\/blog\/?s={search_term_string}\"},\"query-input\":\"required name=search_term_string\"}],\"inLanguage\":\"en-US\"},{\"@type\":\"ImageObject\",\"inLanguage\":\"en-US\",\"@id\":\"https:\/\/www.visit-ulcinj.com\/blog\/2011\/05\/03\/ciljeta-xhilaga-askush-nuk-e-priste-qe-une-do-arrija-te-kerceja\/#primaryimage\",\"url\":\"http:\/\/www.visit-ulcinj.com\/blog\/wp-content\/uploads\/2011\/05\/Ciljeta-Xhilaga-Ne-Dancing-With-The-Stars.jpg\",\"contentUrl\":\"http:\/\/www.visit-ulcinj.com\/blog\/wp-content\/uploads\/2011\/05\/Ciljeta-Xhilaga-Ne-Dancing-With-The-Stars.jpg\"},{\"@type\":\"WebPage\",\"@id\":\"https:\/\/www.visit-ulcinj.com\/blog\/2011\/05\/03\/ciljeta-xhilaga-askush-nuk-e-priste-qe-une-do-arrija-te-kerceja\/#webpage\",\"url\":\"https:\/\/www.visit-ulcinj.com\/blog\/2011\/05\/03\/ciljeta-xhilaga-askush-nuk-e-priste-qe-une-do-arrija-te-kerceja\/\",\"name\":\"Ciljeta Xhilaga: Askush nuk e priste q\u00eb un\u00eb do arrija t\u00eb k\u00ebrceja - Lajme nga Ulqini\",\"isPartOf\":{\"@id\":\"https:\/\/www.visit-ulcinj.com\/blog\/#website\"},\"primaryImageOfPage\":{\"@id\":\"https:\/\/www.visit-ulcinj.com\/blog\/2011\/05\/03\/ciljeta-xhilaga-askush-nuk-e-priste-qe-une-do-arrija-te-kerceja\/#primaryimage\"},\"datePublished\":\"2011-05-03T11:32:20+00:00\",\"dateModified\":\"2011-05-03T11:32:53+00:00\",\"author\":{\"@id\":\"https:\/\/www.visit-ulcinj.com\/blog\/#\/schema\/person\/dcab619c614d3038751c63bc2aadc06d\"},\"description\":\"Ajo \u00ebsht\u00eb b\u00ebr\u00eb pjes\u00eb e \u201cDancing with the stars\u201d, duke shtuar k\u00ebshtu list\u00ebn e gjat\u00eb t\u00eb eksperiencave n\u00eb jet\u00ebn e saj t\u00eb re. Por, n\u00ebse t\u00eb k\u00ebndoj\u00eb, t\u00eb\",\"breadcrumb\":{\"@id\":\"https:\/\/www.visit-ulcinj.com\/blog\/2011\/05\/03\/ciljeta-xhilaga-askush-nuk-e-priste-qe-une-do-arrija-te-kerceja\/#breadcrumb\"},\"inLanguage\":\"en-US\",\"potentialAction\":[{\"@type\":\"ReadAction\",\"target\":[\"https:\/\/www.visit-ulcinj.com\/blog\/2011\/05\/03\/ciljeta-xhilaga-askush-nuk-e-priste-qe-une-do-arrija-te-kerceja\/\"]}]},{\"@type\":\"BreadcrumbList\",\"@id\":\"https:\/\/www.visit-ulcinj.com\/blog\/2011\/05\/03\/ciljeta-xhilaga-askush-nuk-e-priste-qe-une-do-arrija-te-kerceja\/#breadcrumb\",\"itemListElement\":[{\"@type\":\"ListItem\",\"position\":1,\"name\":\"Ciljeta Xhilaga: Askush nuk e priste q\u00eb un\u00eb do arrija t\u00eb k\u00ebrceja\"}]},{\"@type\":\"Person\",\"@id\":\"https:\/\/www.visit-ulcinj.com\/blog\/#\/schema\/person\/dcab619c614d3038751c63bc2aadc06d\",\"name\":\"ulqini\",\"sameAs\":[\"http:\/\/www.visit-ulcinj.com\"],\"url\":\"https:\/\/www.visit-ulcinj.com\/blog\/author\/admin\/\"}]}<\/script>\n<!-- \/ Yoast SEO plugin. -->","yoast_head_json":{"title":"Ciljeta Xhilaga: Askush nuk e priste q\u00eb un\u00eb do arrija t\u00eb k\u00ebrceja - Lajme nga Ulqini","description":"Ajo \u00ebsht\u00eb b\u00ebr\u00eb pjes\u00eb e \u201cDancing with the stars\u201d, duke shtuar k\u00ebshtu list\u00ebn e gjat\u00eb t\u00eb eksperiencave n\u00eb jet\u00ebn e saj t\u00eb re. Por, n\u00ebse t\u00eb k\u00ebndoj\u00eb, t\u00eb","robots":{"index":"index","follow":"follow","max-snippet":"max-snippet:-1","max-image-preview":"max-image-preview:large","max-video-preview":"max-video-preview:-1"},"canonical":"https:\/\/www.visit-ulcinj.com\/blog\/2011\/05\/03\/ciljeta-xhilaga-askush-nuk-e-priste-qe-une-do-arrija-te-kerceja\/","og_locale":"en_US","og_type":"article","og_title":"Ciljeta Xhilaga: Askush nuk e priste q\u00eb un\u00eb do arrija t\u00eb k\u00ebrceja - Lajme nga Ulqini","og_description":"Ajo \u00ebsht\u00eb b\u00ebr\u00eb pjes\u00eb e \u201cDancing with the stars\u201d, duke shtuar k\u00ebshtu list\u00ebn e gjat\u00eb t\u00eb eksperiencave n\u00eb jet\u00ebn e saj t\u00eb re. Por, n\u00ebse t\u00eb k\u00ebndoj\u00eb, t\u00eb","og_url":"https:\/\/www.visit-ulcinj.com\/blog\/2011\/05\/03\/ciljeta-xhilaga-askush-nuk-e-priste-qe-une-do-arrija-te-kerceja\/","og_site_name":"Lajme nga Ulqini","article_published_time":"2011-05-03T11:32:20+00:00","article_modified_time":"2011-05-03T11:32:53+00:00","og_image":[{"url":"http:\/\/www.visit-ulcinj.com\/blog\/wp-content\/uploads\/2011\/05\/Ciljeta-Xhilaga-Ne-Dancing-With-The-Stars.jpg"}],"twitter_misc":{"Written by":"ulqini","Est. reading time":"4 minutes"},"schema":{"@context":"https:\/\/schema.org","@graph":[{"@type":"WebSite","@id":"https:\/\/www.visit-ulcinj.com\/blog\/#website","url":"https:\/\/www.visit-ulcinj.com\/blog\/","name":"Lajme nga Ulqini","description":"Lajme,Vijesti,Ulqini,Ulqin,Crna Gora,Mali i Zi","potentialAction":[{"@type":"SearchAction","target":{"@type":"EntryPoint","urlTemplate":"https:\/\/www.visit-ulcinj.com\/blog\/?s={search_term_string}"},"query-input":"required name=search_term_string"}],"inLanguage":"en-US"},{"@type":"ImageObject","inLanguage":"en-US","@id":"https:\/\/www.visit-ulcinj.com\/blog\/2011\/05\/03\/ciljeta-xhilaga-askush-nuk-e-priste-qe-une-do-arrija-te-kerceja\/#primaryimage","url":"http:\/\/www.visit-ulcinj.com\/blog\/wp-content\/uploads\/2011\/05\/Ciljeta-Xhilaga-Ne-Dancing-With-The-Stars.jpg","contentUrl":"http:\/\/www.visit-ulcinj.com\/blog\/wp-content\/uploads\/2011\/05\/Ciljeta-Xhilaga-Ne-Dancing-With-The-Stars.jpg"},{"@type":"WebPage","@id":"https:\/\/www.visit-ulcinj.com\/blog\/2011\/05\/03\/ciljeta-xhilaga-askush-nuk-e-priste-qe-une-do-arrija-te-kerceja\/#webpage","url":"https:\/\/www.visit-ulcinj.com\/blog\/2011\/05\/03\/ciljeta-xhilaga-askush-nuk-e-priste-qe-une-do-arrija-te-kerceja\/","name":"Ciljeta Xhilaga: Askush nuk e priste q\u00eb un\u00eb do arrija t\u00eb k\u00ebrceja - Lajme nga Ulqini","isPartOf":{"@id":"https:\/\/www.visit-ulcinj.com\/blog\/#website"},"primaryImageOfPage":{"@id":"https:\/\/www.visit-ulcinj.com\/blog\/2011\/05\/03\/ciljeta-xhilaga-askush-nuk-e-priste-qe-une-do-arrija-te-kerceja\/#primaryimage"},"datePublished":"2011-05-03T11:32:20+00:00","dateModified":"2011-05-03T11:32:53+00:00","author":{"@id":"https:\/\/www.visit-ulcinj.com\/blog\/#\/schema\/person\/dcab619c614d3038751c63bc2aadc06d"},"description":"Ajo \u00ebsht\u00eb b\u00ebr\u00eb pjes\u00eb e \u201cDancing with the stars\u201d, duke shtuar k\u00ebshtu list\u00ebn e gjat\u00eb t\u00eb eksperiencave n\u00eb jet\u00ebn e saj t\u00eb re. Por, n\u00ebse t\u00eb k\u00ebndoj\u00eb, t\u00eb","breadcrumb":{"@id":"https:\/\/www.visit-ulcinj.com\/blog\/2011\/05\/03\/ciljeta-xhilaga-askush-nuk-e-priste-qe-une-do-arrija-te-kerceja\/#breadcrumb"},"inLanguage":"en-US","potentialAction":[{"@type":"ReadAction","target":["https:\/\/www.visit-ulcinj.com\/blog\/2011\/05\/03\/ciljeta-xhilaga-askush-nuk-e-priste-qe-une-do-arrija-te-kerceja\/"]}]},{"@type":"BreadcrumbList","@id":"https:\/\/www.visit-ulcinj.com\/blog\/2011\/05\/03\/ciljeta-xhilaga-askush-nuk-e-priste-qe-une-do-arrija-te-kerceja\/#breadcrumb","itemListElement":[{"@type":"ListItem","position":1,"name":"Ciljeta Xhilaga: Askush nuk e priste q\u00eb un\u00eb do arrija t\u00eb k\u00ebrceja"}]},{"@type":"Person","@id":"https:\/\/www.visit-ulcinj.com\/blog\/#\/schema\/person\/dcab619c614d3038751c63bc2aadc06d","name":"ulqini","sameAs":["http:\/\/www.visit-ulcinj.com"],"url":"https:\/\/www.visit-ulcinj.com\/blog\/author\/admin\/"}]}},"jetpack_featured_media_url":"","jetpack_sharing_enabled":true,"jetpack_shortlink":"https:\/\/wp.me\/pe6lTn-c07","_links":{"self":[{"href":"https:\/\/www.visit-ulcinj.com\/blog\/wp-json\/wp\/v2\/posts\/46135"}],"collection":[{"href":"https:\/\/www.visit-ulcinj.com\/blog\/wp-json\/wp\/v2\/posts"}],"about":[{"href":"https:\/\/www.visit-ulcinj.com\/blog\/wp-json\/wp\/v2\/types\/post"}],"author":[{"embeddable":true,"href":"https:\/\/www.visit-ulcinj.com\/blog\/wp-json\/wp\/v2\/users\/1"}],"replies":[{"embeddable":true,"href":"https:\/\/www.visit-ulcinj.com\/blog\/wp-json\/wp\/v2\/comments?post=46135"}],"version-history":[{"count":0,"href":"https:\/\/www.visit-ulcinj.com\/blog\/wp-json\/wp\/v2\/posts\/46135\/revisions"}],"wp:attachment":[{"href":"https:\/\/www.visit-ulcinj.com\/blog\/wp-json\/wp\/v2\/media?parent=46135"}],"wp:term":[{"taxonomy":"category","embeddable":true,"href":"https:\/\/www.visit-ulcinj.com\/blog\/wp-json\/wp\/v2\/categories?post=46135"},{"taxonomy":"post_tag","embeddable":true,"href":"https:\/\/www.visit-ulcinj.com\/blog\/wp-json\/wp\/v2\/tags?post=46135"}],"curies":[{"name":"wp","href":"https:\/\/api.w.org\/{rel}","templated":true}]}}